{"id":102,"date":"2011-09-12T03:02:00","date_gmt":"2011-09-12T03:02:00","guid":{"rendered":"https:\/\/tremdavale.org\/?p=102"},"modified":"2025-10-10T11:57:00","modified_gmt":"2025-10-10T11:57:00","slug":"confira-as-atividades-da-semana-da-consciencia-negra-nas-estacoes","status":"publish","type":"post","link":"https:\/\/tremdavale.org\/pt\/confira-as-atividades-da-semana-da-consciencia-negra-nas-estacoes\/","title":{"rendered":"Confira as atividades da Semana da Consci\u00eancia Negra nas esta\u00e7\u00f5es"},"content":{"rendered":"<p>Como parte da Programa\u00e7\u00e3o da Semana da Consci\u00eancia Negra, o Fotoclube Inconfidentes exp\u00f5e suas fotos na plataforma da esta\u00e7\u00e3o de Mariana, no s\u00e1bado, dia 21 de novembro.<\/p>\n<p>\u00c0 tarde, a partir de 13h30,&nbsp; o grupo de <em>Capoeira das Gerais<\/em> se apresenta tamb\u00e9m em Mariana, e no domingo, \u00e0s 14h, \u00e9 a vez do Grupo de Capoeira&nbsp;<em>Sinh\u00e1 Bahia<\/em> se apresentar na esta\u00e7\u00e3o. <em><\/em><\/p>\n<p><em><\/em><\/p>\n<p>J\u00e1 em Ouro Preto acontece o Encontro de Capoeira com os grupos do <em>C<\/em><em>ircuito Zumbi dos Palmares,<\/em> que oferecer\u00e3o um \u201caul\u00e3o\u201d seguido de roda de capoeira. O encontro integra o circuito de atividades promovido pelo F\u00f3rum de Igualdade Racial de Ouro Preto, e ser\u00e1 realizado no s\u00e1bado, \u00e0s 14h30, na Tenda Cultural de Ouro Preto.<\/p>\n<p>Todas as atividades s\u00e3o gratuitas e abertas ao p\u00fablico em geral.<\/p>\n<p>&nbsp;<\/p>\n","protected":false},"excerpt":{"rendered":"<p>Como parte da Programa\u00e7\u00e3o da Semana da Consci\u00eancia Negra, o Fotoclube Inconfidentes exp\u00f5e suas fotos na plataforma da esta\u00e7\u00e3o de Mariana, no s\u00e1bado, dia 21 de novembro. \u00c0 tarde, a partir de 13h30,&nbsp; o grupo de Capoeira das Gerais se apresenta tamb\u00e9m em Mariana, e no domingo, \u00e0s 14h, \u00e9 &hellip;<\/p>\n","protected":false},"author":1,"featured_media":0,"comment_status":"open","ping_status":"closed","sticky":false,"template":"","format":"standard","meta":{"footnotes":""},"categories":[3],"tags":[],"class_list":["post-102","post","type-post","status-publish","format-standard","hentry","category-noticias"],"yoast_head":"<!-- This site is optimized with the Yoast SEO plugin v26.1.1 - https:\/\/yoast.com\/wordpress\/plugins\/seo\/ -->\n<title>Confira as atividades da Semana da Consci\u00eancia Negra nas esta\u00e7\u00f5es &#8212; Trem da Vale<\/title>\n<meta name=\"robots\" content=\"index, follow, max-snippet:-1, max-image-preview:large, max-video-preview:-1\" \/>\n<link rel=\"canonical\" href=\"https:\/\/tremdavale.org\/pt\/confira-as-atividades-da-semana-da-consciencia-negra-nas-estacoes\/\" \/>\n<meta property=\"og:locale\" content=\"pt_PT\" \/>\n<meta property=\"og:type\" content=\"article\" \/>\n<meta property=\"og:title\" content=\"Confira as atividades da Semana da Consci\u00eancia Negra nas esta\u00e7\u00f5es &#8212; Trem da Vale\" \/>\n<meta property=\"og:description\" content=\"Como parte da Programa\u00e7\u00e3o da Semana da Consci\u00eancia Negra, o Fotoclube Inconfidentes exp\u00f5e suas fotos na plataforma da esta\u00e7\u00e3o de Mariana, no s\u00e1bado, dia 21 de novembro. \u00c0 tarde, a partir de 13h30,&nbsp; o grupo de Capoeira das Gerais se apresenta tamb\u00e9m em Mariana, e no domingo, \u00e0s 14h, \u00e9 &hellip;\" \/>\n<meta property=\"og:url\" content=\"https:\/\/tremdavale.org\/pt\/confira-as-atividades-da-semana-da-consciencia-negra-nas-estacoes\/\" \/>\n<meta property=\"og:site_name\" content=\"Trem da Vale\" \/>\n<meta property=\"article:published_time\" content=\"2011-09-12T03:02:00+00:00\" \/>\n<meta property=\"article:modified_time\" content=\"2025-10-10T11:57:00+00:00\" \/>\n<meta name=\"author\" content=\"admin\" \/>\n<meta name=\"twitter:card\" content=\"summary_large_image\" \/>\n<meta name=\"twitter:label1\" content=\"Escrito por\" \/>\n\t<meta name=\"twitter:data1\" content=\"admin\" \/>\n\t<meta name=\"twitter:label2\" content=\"Tempo estimado de leitura\" \/>\n\t<meta name=\"twitter:data2\" content=\"1 minuto\" \/>\n<script type=\"application\/ld+json\" class=\"yoast-schema-graph\">{\"@context\":\"https:\/\/schema.org\",\"@graph\":[{\"@type\":\"WebPage\",\"@id\":\"https:\/\/tremdavale.org\/pt\/confira-as-atividades-da-semana-da-consciencia-negra-nas-estacoes\/\",\"url\":\"https:\/\/tremdavale.org\/pt\/confira-as-atividades-da-semana-da-consciencia-negra-nas-estacoes\/\",\"name\":\"Confira as atividades da Semana da Consci\u00eancia Negra nas esta\u00e7\u00f5es &#8212; Trem da Vale\",\"isPartOf\":{\"@id\":\"https:\/\/tremdavale.org\/pt\/#website\"},\"datePublished\":\"2011-09-12T03:02:00+00:00\",\"dateModified\":\"2025-10-10T11:57:00+00:00\",\"author\":{\"@id\":\"https:\/\/tremdavale.org\/pt\/#\/schema\/person\/50912137d47426d31329f246d02eaeca\"},\"breadcrumb\":{\"@id\":\"https:\/\/tremdavale.org\/pt\/confira-as-atividades-da-semana-da-consciencia-negra-nas-estacoes\/#breadcrumb\"},\"inLanguage\":\"pt-PT\",\"potentialAction\":[{\"@type\":\"ReadAction\",\"target\":[\"https:\/\/tremdavale.org\/pt\/confira-as-atividades-da-semana-da-consciencia-negra-nas-estacoes\/\"]}]},{\"@type\":\"BreadcrumbList\",\"@id\":\"https:\/\/tremdavale.org\/pt\/confira-as-atividades-da-semana-da-consciencia-negra-nas-estacoes\/#breadcrumb\",\"itemListElement\":[{\"@type\":\"ListItem\",\"position\":1,\"name\":\"In\u00edcio\",\"item\":\"https:\/\/tremdavale.org\/pt\/\"},{\"@type\":\"ListItem\",\"position\":2,\"name\":\"Confira as atividades da Semana da Consci\u00eancia Negra nas esta\u00e7\u00f5es\"}]},{\"@type\":\"WebSite\",\"@id\":\"https:\/\/tremdavale.org\/pt\/#website\",\"url\":\"https:\/\/tremdavale.org\/pt\/\",\"name\":\"Trem da Vale\",\"description\":\"Programa de Educa\u00e7\u00e3o Patrimonial\",\"potentialAction\":[{\"@type\":\"SearchAction\",\"target\":{\"@type\":\"EntryPoint\",\"urlTemplate\":\"https:\/\/tremdavale.org\/pt\/?s={search_term_string}\"},\"query-input\":{\"@type\":\"PropertyValueSpecification\",\"valueRequired\":true,\"valueName\":\"search_term_string\"}}],\"inLanguage\":\"pt-PT\"},{\"@type\":\"Person\",\"@id\":\"https:\/\/tremdavale.org\/pt\/#\/schema\/person\/50912137d47426d31329f246d02eaeca\",\"name\":\"admin\",\"image\":{\"@type\":\"ImageObject\",\"inLanguage\":\"pt-PT\",\"@id\":\"https:\/\/tremdavale.org\/pt\/#\/schema\/person\/image\/\",\"url\":\"https:\/\/secure.gravatar.com\/avatar\/b3564f0fda6ea47959fe96a4217203e79a167568a37409758659bc3ba443b452?s=96&d=mm&r=g\",\"contentUrl\":\"https:\/\/secure.gravatar.com\/avatar\/b3564f0fda6ea47959fe96a4217203e79a167568a37409758659bc3ba443b452?s=96&d=mm&r=g\",\"caption\":\"admin\"},\"sameAs\":[\"https:\/\/tremdavale.org\"],\"url\":\"https:\/\/tremdavale.org\/pt\/author\/admin\/\"}]}<\/script>\n<!-- \/ Yoast SEO plugin. -->","yoast_head_json":{"title":"Confira as atividades da Semana da Consci\u00eancia Negra nas esta\u00e7\u00f5es &#8212; Trem da Vale","robots":{"index":"index","follow":"follow","max-snippet":"max-snippet:-1","max-image-preview":"max-image-preview:large","max-video-preview":"max-video-preview:-1"},"canonical":"https:\/\/tremdavale.org\/pt\/confira-as-atividades-da-semana-da-consciencia-negra-nas-estacoes\/","og_locale":"pt_PT","og_type":"article","og_title":"Confira as atividades da Semana da Consci\u00eancia Negra nas esta\u00e7\u00f5es &#8212; Trem da Vale","og_description":"Como parte da Programa\u00e7\u00e3o da Semana da Consci\u00eancia Negra, o Fotoclube Inconfidentes exp\u00f5e suas fotos na plataforma da esta\u00e7\u00e3o de Mariana, no s\u00e1bado, dia 21 de novembro. \u00c0 tarde, a partir de 13h30,&nbsp; o grupo de Capoeira das Gerais se apresenta tamb\u00e9m em Mariana, e no domingo, \u00e0s 14h, \u00e9 &hellip;","og_url":"https:\/\/tremdavale.org\/pt\/confira-as-atividades-da-semana-da-consciencia-negra-nas-estacoes\/","og_site_name":"Trem da Vale","article_published_time":"2011-09-12T03:02:00+00:00","article_modified_time":"2025-10-10T11:57:00+00:00","author":"admin","twitter_card":"summary_large_image","twitter_misc":{"Escrito por":"admin","Tempo estimado de leitura":"1 minuto"},"schema":{"@context":"https:\/\/schema.org","@graph":[{"@type":"WebPage","@id":"https:\/\/tremdavale.org\/pt\/confira-as-atividades-da-semana-da-consciencia-negra-nas-estacoes\/","url":"https:\/\/tremdavale.org\/pt\/confira-as-atividades-da-semana-da-consciencia-negra-nas-estacoes\/","name":"Confira as atividades da Semana da Consci\u00eancia Negra nas esta\u00e7\u00f5es &#8212; Trem da Vale","isPartOf":{"@id":"https:\/\/tremdavale.org\/pt\/#website"},"datePublished":"2011-09-12T03:02:00+00:00","dateModified":"2025-10-10T11:57:00+00:00","author":{"@id":"https:\/\/tremdavale.org\/pt\/#\/schema\/person\/50912137d47426d31329f246d02eaeca"},"breadcrumb":{"@id":"https:\/\/tremdavale.org\/pt\/confira-as-atividades-da-semana-da-consciencia-negra-nas-estacoes\/#breadcrumb"},"inLanguage":"pt-PT","potentialAction":[{"@type":"ReadAction","target":["https:\/\/tremdavale.org\/pt\/confira-as-atividades-da-semana-da-consciencia-negra-nas-estacoes\/"]}]},{"@type":"BreadcrumbList","@id":"https:\/\/tremdavale.org\/pt\/confira-as-atividades-da-semana-da-consciencia-negra-nas-estacoes\/#breadcrumb","itemListElement":[{"@type":"ListItem","position":1,"name":"In\u00edcio","item":"https:\/\/tremdavale.org\/pt\/"},{"@type":"ListItem","position":2,"name":"Confira as atividades da Semana da Consci\u00eancia Negra nas esta\u00e7\u00f5es"}]},{"@type":"WebSite","@id":"https:\/\/tremdavale.org\/pt\/#website","url":"https:\/\/tremdavale.org\/pt\/","name":"Trem da Vale","description":"Programa de Educa\u00e7\u00e3o Patrimonial","potentialAction":[{"@type":"SearchAction","target":{"@type":"EntryPoint","urlTemplate":"https:\/\/tremdavale.org\/pt\/?s={search_term_string}"},"query-input":{"@type":"PropertyValueSpecification","valueRequired":true,"valueName":"search_term_string"}}],"inLanguage":"pt-PT"},{"@type":"Person","@id":"https:\/\/tremdavale.org\/pt\/#\/schema\/person\/50912137d47426d31329f246d02eaeca","name":"admin","image":{"@type":"ImageObject","inLanguage":"pt-PT","@id":"https:\/\/tremdavale.org\/pt\/#\/schema\/person\/image\/","url":"https:\/\/secure.gravatar.com\/avatar\/b3564f0fda6ea47959fe96a4217203e79a167568a37409758659bc3ba443b452?s=96&d=mm&r=g","contentUrl":"https:\/\/secure.gravatar.com\/avatar\/b3564f0fda6ea47959fe96a4217203e79a167568a37409758659bc3ba443b452?s=96&d=mm&r=g","caption":"admin"},"sameAs":["https:\/\/tremdavale.org"],"url":"https:\/\/tremdavale.org\/pt\/author\/admin\/"}]}},"_links":{"self":[{"href":"https:\/\/tremdavale.org\/pt\/wp-json\/wp\/v2\/posts\/102","targetHints":{"allow":["GET"]}}],"collection":[{"href":"https:\/\/tremdavale.org\/pt\/wp-json\/wp\/v2\/posts"}],"about":[{"href":"https:\/\/tremdavale.org\/pt\/wp-json\/wp\/v2\/types\/post"}],"author":[{"embeddable":true,"href":"https:\/\/tremdavale.org\/pt\/wp-json\/wp\/v2\/users\/1"}],"replies":[{"embeddable":true,"href":"https:\/\/tremdavale.org\/pt\/wp-json\/wp\/v2\/comments?post=102"}],"version-history":[{"count":0,"href":"https:\/\/tremdavale.org\/pt\/wp-json\/wp\/v2\/posts\/102\/revisions"}],"wp:attachment":[{"href":"https:\/\/tremdavale.org\/pt\/wp-json\/wp\/v2\/media?parent=102"}],"wp:term":[{"taxonomy":"category","embeddable":true,"href":"https:\/\/tremdavale.org\/pt\/wp-json\/wp\/v2\/categories?post=102"},{"taxonomy":"post_tag","embeddable":true,"href":"https:\/\/tremdavale.org\/pt\/wp-json\/wp\/v2\/tags?post=102"}],"curies":[{"name":"wp","href":"https:\/\/api.w.org\/{rel}","templated":true}]}}