{"id":103,"date":"2011-09-10T10:14:00","date_gmt":"2011-09-10T10:14:00","guid":{"rendered":"https:\/\/tremdavale.org\/?p=103"},"modified":"2025-10-10T11:57:00","modified_gmt":"2025-10-10T11:57:00","slug":"confira-as-atividades-do-festival-de-inverno-nas-estacoes-de-ouro-preto-e-mariana-2","status":"publish","type":"post","link":"https:\/\/tremdavale.org\/pt\/confira-as-atividades-do-festival-de-inverno-nas-estacoes-de-ouro-preto-e-mariana-2\/","title":{"rendered":"Confira as atividades do Festival de Inverno nas Esta\u00e7\u00f5es de Ouro Preto e Mariana"},"content":{"rendered":"<p><img loading=\"lazy\" decoding=\"async\" class=\"size-medium\" title=\"festival-de-inverno1\" src=\"\/wp-content\/uploads\/festival-de-inverno1-300x212.jpg\" alt=\"Festival de Inverno de Ouro Preto e Mariana\" width=\"300\" height=\"212\"><\/p>\n<p>Festival de Inverno de Ouro Preto e Mariana<\/p>\n<p>&nbsp;<\/p>\n<p>Durante o m\u00eas de julho, as cidades hist\u00f3ricas de Ouro Preto e Mariana recebem o Festival de Inverno, um importante espa\u00e7o aberto para evidenciar o debate das quest\u00f5es patrimoniais e culturais das duas cidades, com foco nas \u00e1reas de m\u00fasica, literatura, artes c\u00eanicas, pl\u00e1sticas e visuais.<!--more--><\/p>\n<p>Este ano, o Festival de Inverno tem como eixo tem\u00e1tico \u201cas m\u00faltiplas cores da arte\u201d, em homenagem ao \u201cMestre Ata\u00edde\u201d, importante artista do barroco mineiro que exerceu forte influ\u00eancia sobre os pintores da sua regi\u00e3o, at\u00e9 a metade do s\u00e9culo XIX.<\/p>\n<p>No per\u00edodo de 8 a 25 de julho, filmes, pe\u00e7as teatrais, oficinas, shows e espet\u00e1culos divulgam as pr\u00e1ticas art\u00edsticas realizadas nas diversas regi\u00f5es brasileiras e em outras partes do mundo.<\/p>\n<p>O Programa de Educa\u00e7\u00e3o Patrimonial Trem da Vale, em parceria&nbsp;com o Festival de Inverno de Ouro Preto e Mariana &#8211; F\u00f3rum das Artes 2010, ir\u00e1 promover oficinas, shows e saraus nas duas Esta\u00e7\u00f5es do programa. Confira a programa\u00e7\u00e3o:<\/p>\n<p><strong>SARAU \u201cLINGUAGEM DOS SINOS\u201d<\/strong><\/p>\n<p>&nbsp;<\/p>\n<p>Data &#8211; 17 de Julho de 2010<\/p>\n<p>Hor\u00e1rio &#8211; \u00e0s 15h<\/p>\n<p>Local &#8211; Esta\u00e7\u00e3o de Mariana<\/p>\n<p>*Ap\u00f3s o sarau, haver\u00e1 o \u201cCortejo Cultural Toque dos Sinos\u201d, seguindo da esta\u00e7\u00e3o em dire\u00e7\u00e3o \u00e0 Pra\u00e7a Minas Gerais.<\/p>\n<p>&nbsp;<\/p>\n<p><strong>SARAU DE \u00c9POCA<\/strong><\/p>\n<p>Data &#8211; 23 de Julho de 2010<\/p>\n<p>Hor\u00e1rio &#8211; \u00e0s 16h<\/p>\n<p>Local &#8211; Tenda Cultural da Esta\u00e7\u00e3o de Ouro Preto<\/p>\n<p><strong>OFICINA MIX CULTURAL<\/strong><\/p>\n<p>*Esta oficina acontecer\u00e1 de 21 a 23 de junho em hor\u00e1rios diferenciados, conforme abaixo:<\/p>\n<p>Data &#8211; 21 de julho<\/p>\n<p>Hor\u00e1rio &#8211; 9 h \u00e0s 12 h<\/p>\n<p>Local &#8211; Esta\u00e7\u00e3o de Ouro Preto<\/p>\n<p>____<\/p>\n<p>Data &#8211; 22 de Julho<\/p>\n<p>Hor\u00e1rios &#8211; 9h \u00e0s 12h (visita guiada em Ouro Preto)<\/p>\n<p>14h \u00e0s 17h<\/p>\n<p>Local &#8211; Esta\u00e7\u00e3o de Ouro Preto<\/p>\n<p>____<\/p>\n<p>Data &#8211; 23 de Julho<\/p>\n<p>Hor\u00e1rio -10h \u00e0s 17h (viagem de trem e oficina)<\/p>\n<p>Local &#8211; Esta\u00e7\u00e3o de Ouro Preto<\/p>\n<p><strong>OFICINA PINTANDO O SETE &#8211; TEMA -\u201dMestre Ata\u00edde\u201d.<\/strong><\/p>\n<p>Datas &#8211; 21 a 23 de Julho<\/p>\n<p>Hor\u00e1rio -14h \u00e0s 17h<\/p>\n<p>Local &#8211; Esta\u00e7\u00e3o de Mariana<\/p>\n<p>Mais informa\u00e7\u00f5es sobre a programa\u00e7\u00e3o oficial do Festival de Inverno de Ouro Preto e Mariana &#8211; F\u00f3rum das Artes 2010 podem ser obtidas no site:<\/p>\n<p>http:\/\/www.festivaldeinverno.ufop.br\/2010\/home.php<\/p>\n<p>&nbsp;<\/p>\n","protected":false},"excerpt":{"rendered":"<p>Festival de Inverno de Ouro Preto e Mariana &nbsp; Durante o m\u00eas de julho, as cidades hist\u00f3ricas de Ouro Preto e Mariana recebem o Festival de Inverno, um importante espa\u00e7o aberto para evidenciar o debate das quest\u00f5es patrimoniais e culturais das duas cidades, com foco nas \u00e1reas de m\u00fasica, literatura, &hellip;<\/p>\n","protected":false},"author":1,"featured_media":391,"comment_status":"open","ping_status":"closed","sticky":false,"template":"","format":"standard","meta":{"footnotes":""},"categories":[3],"tags":[],"class_list":["post-103","post","type-post","status-publish","format-standard","has-post-thumbnail","hentry","category-noticias"],"yoast_head":"<!-- This site is optimized with the Yoast SEO plugin v26.1.1 - https:\/\/yoast.com\/wordpress\/plugins\/seo\/ -->\n<title>Confira as atividades do Festival de Inverno nas Esta\u00e7\u00f5es de Ouro Preto e Mariana &#8212; Trem da Vale<\/title>\n<meta name=\"robots\" content=\"index, follow, max-snippet:-1, max-image-preview:large, max-video-preview:-1\" \/>\n<link rel=\"canonical\" href=\"https:\/\/tremdavale.org\/pt\/confira-as-atividades-do-festival-de-inverno-nas-estacoes-de-ouro-preto-e-mariana-2\/\" \/>\n<meta property=\"og:locale\" content=\"pt_PT\" \/>\n<meta property=\"og:type\" content=\"article\" \/>\n<meta property=\"og:title\" content=\"Confira as atividades do Festival de Inverno nas Esta\u00e7\u00f5es de Ouro Preto e Mariana &#8212; Trem da Vale\" \/>\n<meta property=\"og:description\" content=\"Festival de Inverno de Ouro Preto e Mariana &nbsp; Durante o m\u00eas de julho, as cidades hist\u00f3ricas de Ouro Preto e Mariana recebem o Festival de Inverno, um importante espa\u00e7o aberto para evidenciar o debate das quest\u00f5es patrimoniais e culturais das duas cidades, com foco nas \u00e1reas de m\u00fasica, literatura, &hellip;\" \/>\n<meta property=\"og:url\" content=\"https:\/\/tremdavale.org\/pt\/confira-as-atividades-do-festival-de-inverno-nas-estacoes-de-ouro-preto-e-mariana-2\/\" \/>\n<meta property=\"og:site_name\" content=\"Trem da Vale\" \/>\n<meta property=\"article:published_time\" content=\"2011-09-10T10:14:00+00:00\" \/>\n<meta property=\"article:modified_time\" content=\"2025-10-10T11:57:00+00:00\" \/>\n<meta property=\"og:image\" content=\"https:\/\/tremdavale.org\/wp-content\/uploads\/festival-de-inverno1-300x212.jpg\" \/>\n\t<meta property=\"og:image:width\" content=\"300\" \/>\n\t<meta property=\"og:image:height\" content=\"212\" \/>\n\t<meta property=\"og:image:type\" content=\"image\/jpeg\" \/>\n<meta name=\"author\" content=\"admin\" \/>\n<meta name=\"twitter:card\" content=\"summary_large_image\" \/>\n<meta name=\"twitter:label1\" content=\"Escrito por\" \/>\n\t<meta name=\"twitter:data1\" content=\"admin\" \/>\n\t<meta name=\"twitter:label2\" content=\"Tempo estimado de leitura\" \/>\n\t<meta name=\"twitter:data2\" content=\"2 minutos\" \/>\n<script type=\"application\/ld+json\" class=\"yoast-schema-graph\">{\"@context\":\"https:\/\/schema.org\",\"@graph\":[{\"@type\":\"WebPage\",\"@id\":\"https:\/\/tremdavale.org\/pt\/confira-as-atividades-do-festival-de-inverno-nas-estacoes-de-ouro-preto-e-mariana-2\/\",\"url\":\"https:\/\/tremdavale.org\/pt\/confira-as-atividades-do-festival-de-inverno-nas-estacoes-de-ouro-preto-e-mariana-2\/\",\"name\":\"Confira as atividades do Festival de Inverno nas Esta\u00e7\u00f5es de Ouro Preto e Mariana &#8212; Trem da Vale\",\"isPartOf\":{\"@id\":\"https:\/\/tremdavale.org\/pt\/#website\"},\"primaryImageOfPage\":{\"@id\":\"https:\/\/tremdavale.org\/pt\/confira-as-atividades-do-festival-de-inverno-nas-estacoes-de-ouro-preto-e-mariana-2\/#primaryimage\"},\"image\":{\"@id\":\"https:\/\/tremdavale.org\/pt\/confira-as-atividades-do-festival-de-inverno-nas-estacoes-de-ouro-preto-e-mariana-2\/#primaryimage\"},\"thumbnailUrl\":\"https:\/\/tremdavale.org\/wp-content\/uploads\/festival-de-inverno1-300x212.jpg\",\"datePublished\":\"2011-09-10T10:14:00+00:00\",\"dateModified\":\"2025-10-10T11:57:00+00:00\",\"author\":{\"@id\":\"https:\/\/tremdavale.org\/pt\/#\/schema\/person\/50912137d47426d31329f246d02eaeca\"},\"breadcrumb\":{\"@id\":\"https:\/\/tremdavale.org\/pt\/confira-as-atividades-do-festival-de-inverno-nas-estacoes-de-ouro-preto-e-mariana-2\/#breadcrumb\"},\"inLanguage\":\"pt-PT\",\"potentialAction\":[{\"@type\":\"ReadAction\",\"target\":[\"https:\/\/tremdavale.org\/pt\/confira-as-atividades-do-festival-de-inverno-nas-estacoes-de-ouro-preto-e-mariana-2\/\"]}]},{\"@type\":\"ImageObject\",\"inLanguage\":\"pt-PT\",\"@id\":\"https:\/\/tremdavale.org\/pt\/confira-as-atividades-do-festival-de-inverno-nas-estacoes-de-ouro-preto-e-mariana-2\/#primaryimage\",\"url\":\"https:\/\/tremdavale.org\/wp-content\/uploads\/festival-de-inverno1-300x212.jpg\",\"contentUrl\":\"https:\/\/tremdavale.org\/wp-content\/uploads\/festival-de-inverno1-300x212.jpg\",\"width\":300,\"height\":212},{\"@type\":\"BreadcrumbList\",\"@id\":\"https:\/\/tremdavale.org\/pt\/confira-as-atividades-do-festival-de-inverno-nas-estacoes-de-ouro-preto-e-mariana-2\/#breadcrumb\",\"itemListElement\":[{\"@type\":\"ListItem\",\"position\":1,\"name\":\"In\u00edcio\",\"item\":\"https:\/\/tremdavale.org\/pt\/\"},{\"@type\":\"ListItem\",\"position\":2,\"name\":\"Confira as atividades do Festival de Inverno nas Esta\u00e7\u00f5es de Ouro Preto e Mariana\"}]},{\"@type\":\"WebSite\",\"@id\":\"https:\/\/tremdavale.org\/pt\/#website\",\"url\":\"https:\/\/tremdavale.org\/pt\/\",\"name\":\"Trem da Vale\",\"description\":\"Programa de Educa\u00e7\u00e3o Patrimonial\",\"potentialAction\":[{\"@type\":\"SearchAction\",\"target\":{\"@type\":\"EntryPoint\",\"urlTemplate\":\"https:\/\/tremdavale.org\/pt\/?s={search_term_string}\"},\"query-input\":{\"@type\":\"PropertyValueSpecification\",\"valueRequired\":true,\"valueName\":\"search_term_string\"}}],\"inLanguage\":\"pt-PT\"},{\"@type\":\"Person\",\"@id\":\"https:\/\/tremdavale.org\/pt\/#\/schema\/person\/50912137d47426d31329f246d02eaeca\",\"name\":\"admin\",\"image\":{\"@type\":\"ImageObject\",\"inLanguage\":\"pt-PT\",\"@id\":\"https:\/\/tremdavale.org\/pt\/#\/schema\/person\/image\/\",\"url\":\"https:\/\/secure.gravatar.com\/avatar\/b3564f0fda6ea47959fe96a4217203e79a167568a37409758659bc3ba443b452?s=96&d=mm&r=g\",\"contentUrl\":\"https:\/\/secure.gravatar.com\/avatar\/b3564f0fda6ea47959fe96a4217203e79a167568a37409758659bc3ba443b452?s=96&d=mm&r=g\",\"caption\":\"admin\"},\"sameAs\":[\"https:\/\/tremdavale.org\"],\"url\":\"https:\/\/tremdavale.org\/pt\/author\/admin\/\"}]}<\/script>\n<!-- \/ Yoast SEO plugin. -->","yoast_head_json":{"title":"Confira as atividades do Festival de Inverno nas Esta\u00e7\u00f5es de Ouro Preto e Mariana &#8212; Trem da Vale","robots":{"index":"index","follow":"follow","max-snippet":"max-snippet:-1","max-image-preview":"max-image-preview:large","max-video-preview":"max-video-preview:-1"},"canonical":"https:\/\/tremdavale.org\/pt\/confira-as-atividades-do-festival-de-inverno-nas-estacoes-de-ouro-preto-e-mariana-2\/","og_locale":"pt_PT","og_type":"article","og_title":"Confira as atividades do Festival de Inverno nas Esta\u00e7\u00f5es de Ouro Preto e Mariana &#8212; Trem da Vale","og_description":"Festival de Inverno de Ouro Preto e Mariana &nbsp; Durante o m\u00eas de julho, as cidades hist\u00f3ricas de Ouro Preto e Mariana recebem o Festival de Inverno, um importante espa\u00e7o aberto para evidenciar o debate das quest\u00f5es patrimoniais e culturais das duas cidades, com foco nas \u00e1reas de m\u00fasica, literatura, &hellip;","og_url":"https:\/\/tremdavale.org\/pt\/confira-as-atividades-do-festival-de-inverno-nas-estacoes-de-ouro-preto-e-mariana-2\/","og_site_name":"Trem da Vale","article_published_time":"2011-09-10T10:14:00+00:00","article_modified_time":"2025-10-10T11:57:00+00:00","og_image":[{"width":300,"height":212,"url":"https:\/\/tremdavale.org\/wp-content\/uploads\/festival-de-inverno1-300x212.jpg","type":"image\/jpeg"}],"author":"admin","twitter_card":"summary_large_image","twitter_misc":{"Escrito por":"admin","Tempo estimado de leitura":"2 minutos"},"schema":{"@context":"https:\/\/schema.org","@graph":[{"@type":"WebPage","@id":"https:\/\/tremdavale.org\/pt\/confira-as-atividades-do-festival-de-inverno-nas-estacoes-de-ouro-preto-e-mariana-2\/","url":"https:\/\/tremdavale.org\/pt\/confira-as-atividades-do-festival-de-inverno-nas-estacoes-de-ouro-preto-e-mariana-2\/","name":"Confira as atividades do Festival de Inverno nas Esta\u00e7\u00f5es de Ouro Preto e Mariana &#8212; Trem da Vale","isPartOf":{"@id":"https:\/\/tremdavale.org\/pt\/#website"},"primaryImageOfPage":{"@id":"https:\/\/tremdavale.org\/pt\/confira-as-atividades-do-festival-de-inverno-nas-estacoes-de-ouro-preto-e-mariana-2\/#primaryimage"},"image":{"@id":"https:\/\/tremdavale.org\/pt\/confira-as-atividades-do-festival-de-inverno-nas-estacoes-de-ouro-preto-e-mariana-2\/#primaryimage"},"thumbnailUrl":"https:\/\/tremdavale.org\/wp-content\/uploads\/festival-de-inverno1-300x212.jpg","datePublished":"2011-09-10T10:14:00+00:00","dateModified":"2025-10-10T11:57:00+00:00","author":{"@id":"https:\/\/tremdavale.org\/pt\/#\/schema\/person\/50912137d47426d31329f246d02eaeca"},"breadcrumb":{"@id":"https:\/\/tremdavale.org\/pt\/confira-as-atividades-do-festival-de-inverno-nas-estacoes-de-ouro-preto-e-mariana-2\/#breadcrumb"},"inLanguage":"pt-PT","potentialAction":[{"@type":"ReadAction","target":["https:\/\/tremdavale.org\/pt\/confira-as-atividades-do-festival-de-inverno-nas-estacoes-de-ouro-preto-e-mariana-2\/"]}]},{"@type":"ImageObject","inLanguage":"pt-PT","@id":"https:\/\/tremdavale.org\/pt\/confira-as-atividades-do-festival-de-inverno-nas-estacoes-de-ouro-preto-e-mariana-2\/#primaryimage","url":"https:\/\/tremdavale.org\/wp-content\/uploads\/festival-de-inverno1-300x212.jpg","contentUrl":"https:\/\/tremdavale.org\/wp-content\/uploads\/festival-de-inverno1-300x212.jpg","width":300,"height":212},{"@type":"BreadcrumbList","@id":"https:\/\/tremdavale.org\/pt\/confira-as-atividades-do-festival-de-inverno-nas-estacoes-de-ouro-preto-e-mariana-2\/#breadcrumb","itemListElement":[{"@type":"ListItem","position":1,"name":"In\u00edcio","item":"https:\/\/tremdavale.org\/pt\/"},{"@type":"ListItem","position":2,"name":"Confira as atividades do Festival de Inverno nas Esta\u00e7\u00f5es de Ouro Preto e Mariana"}]},{"@type":"WebSite","@id":"https:\/\/tremdavale.org\/pt\/#website","url":"https:\/\/tremdavale.org\/pt\/","name":"Trem da Vale","description":"Programa de Educa\u00e7\u00e3o Patrimonial","potentialAction":[{"@type":"SearchAction","target":{"@type":"EntryPoint","urlTemplate":"https:\/\/tremdavale.org\/pt\/?s={search_term_string}"},"query-input":{"@type":"PropertyValueSpecification","valueRequired":true,"valueName":"search_term_string"}}],"inLanguage":"pt-PT"},{"@type":"Person","@id":"https:\/\/tremdavale.org\/pt\/#\/schema\/person\/50912137d47426d31329f246d02eaeca","name":"admin","image":{"@type":"ImageObject","inLanguage":"pt-PT","@id":"https:\/\/tremdavale.org\/pt\/#\/schema\/person\/image\/","url":"https:\/\/secure.gravatar.com\/avatar\/b3564f0fda6ea47959fe96a4217203e79a167568a37409758659bc3ba443b452?s=96&d=mm&r=g","contentUrl":"https:\/\/secure.gravatar.com\/avatar\/b3564f0fda6ea47959fe96a4217203e79a167568a37409758659bc3ba443b452?s=96&d=mm&r=g","caption":"admin"},"sameAs":["https:\/\/tremdavale.org"],"url":"https:\/\/tremdavale.org\/pt\/author\/admin\/"}]}},"_links":{"self":[{"href":"https:\/\/tremdavale.org\/pt\/wp-json\/wp\/v2\/posts\/103","targetHints":{"allow":["GET"]}}],"collection":[{"href":"https:\/\/tremdavale.org\/pt\/wp-json\/wp\/v2\/posts"}],"about":[{"href":"https:\/\/tremdavale.org\/pt\/wp-json\/wp\/v2\/types\/post"}],"author":[{"embeddable":true,"href":"https:\/\/tremdavale.org\/pt\/wp-json\/wp\/v2\/users\/1"}],"replies":[{"embeddable":true,"href":"https:\/\/tremdavale.org\/pt\/wp-json\/wp\/v2\/comments?post=103"}],"version-history":[{"count":0,"href":"https:\/\/tremdavale.org\/pt\/wp-json\/wp\/v2\/posts\/103\/revisions"}],"wp:featuredmedia":[{"embeddable":true,"href":"https:\/\/tremdavale.org\/pt\/wp-json\/wp\/v2\/media\/391"}],"wp:attachment":[{"href":"https:\/\/tremdavale.org\/pt\/wp-json\/wp\/v2\/media?parent=103"}],"wp:term":[{"taxonomy":"category","embeddable":true,"href":"https:\/\/tremdavale.org\/pt\/wp-json\/wp\/v2\/categories?post=103"},{"taxonomy":"post_tag","embeddable":true,"href":"https:\/\/tremdavale.org\/pt\/wp-json\/wp\/v2\/tags?post=103"}],"curies":[{"name":"wp","href":"https:\/\/api.w.org\/{rel}","templated":true}]}}