{"id":104,"date":"2011-09-10T06:55:00","date_gmt":"2011-09-10T06:55:00","guid":{"rendered":"https:\/\/tremdavale.org\/?p=104"},"modified":"2025-10-10T11:57:00","modified_gmt":"2025-10-10T11:57:00","slug":"confira-as-atividades-do-festival-de-inverno-nas-estacoes-de-ouro-preto-e-mariana","status":"publish","type":"post","link":"https:\/\/tremdavale.org\/pt\/confira-as-atividades-do-festival-de-inverno-nas-estacoes-de-ouro-preto-e-mariana\/","title":{"rendered":"Confira as atividades do Festival de Inverno nas Esta\u00e7\u00f5es de Ouro Preto e Mariana"},"content":{"rendered":"<p>No m\u00eas de julho, as ruas de Ouro Preto e Mariana se tornam palco de atividades art\u00edstico-culturais que atraem visitantes de v\u00e1rias regi\u00f5es em busca de lazer, cultura e forma\u00e7\u00e3o.<\/p>\n<p>Este ano, o Festival de Inverno tem como tema \u201c<strong>Clube da Esquina e o ch\u00e3o da nossa terra<\/strong>\u201c, uma homenagem ao movimento musical da d\u00e9cada de 1960 que reuniu grandes nomes da m\u00fasica brasileira, como Milton Nascimento, Toninho Horta, Fl\u00e1vio Venturini, Tavinho Moura, Beto Guedes, dentre outros.<\/p>\n<p>Mostras, exposi\u00e7\u00f5es, oficinas, palestras, saraus, semin\u00e1rios e shows fazem parte da programa\u00e7\u00e3o que agita Ouro Preto e Mariana entre os dias 08 e 26 de julho.<\/p>\n<p>V\u00e1rias dessas atividades ser\u00e3o realizadas nas Esta\u00e7\u00f5es do Programa de Educa\u00e7\u00e3o Patrimonial Trem da Vale.<\/p>\n<p>A Tenda Cultural da Esta\u00e7\u00e3o de Ouro Preto ir\u00e1 abrigar as oficinas \u201cT\u00e9cnicas Circenses\u201d, de 13 a 17 de julho, e \u201cMalabares\u201d, de 21 a 24 de julho, destinadas ao p\u00fablico jovem, al\u00e9m do \u201cCircuito Integrado de Educa\u00e7\u00e3o Patrimonial &#8211; Atividades para uma Visita Guiada\u201d, nos dias 21 e 22 de julho, e \u201cEduca\u00e7\u00e3o Patrimonial &#8211; Uma pr\u00e1tica dentro e fora da escola\u201d, de 14 a 17 de julho, voltados para educadores e estudantes de \u00e1reas afins.<\/p>\n<p>Haver\u00e1 ainda, na Tenda Cultural da Esta\u00e7\u00e3o, apresenta\u00e7\u00f5es teatrais nos dias 12 e 25 de julho, respectivamente, com as pe\u00e7as \u201cOthello\u201d, do Nefasto Grupo, e \u201cO Grande Circo Misto\u201d, do Grupo Trampulin, Teatro de An\u00f4nimo, Acrob\u00e1tico Fratelli, Cia Navegante e Os Losna. E no dia 15 de julho acontecer\u00e1 a mostra \u201cMem\u00f3ria e Cultura\u201d, que exibir\u00e1 o acervo das videocabines produzidas pelo Vale Registrar.<\/p>\n<p>Na Biblioteca da Esta\u00e7\u00e3o de Mariana ser\u00e1 realizada, entre os dias 13 e 17 de julho, a oficina \u201cCultura Digital na Maturidade\u201d, que prop\u00f5e uma introdu\u00e7\u00e3o ao ambiente da web para pessoas acima de 40 anos, buscando tornar essa ferramenta acess\u00edvel e contribuir para o aprendizado de forma aut\u00f4noma e criativa.<\/p>\n<p>No dia 18 de julho acontecer\u00e1, tamb\u00e9m na Biblioteca de Mariana, o Sarau \u201cPaisagens da Janela\u201d, com apresenta\u00e7\u00f5es liter\u00e1rias e declama\u00e7\u00f5es das can\u00e7\u00f5es do Clube da Esquina e de textos de escritores mineiros.<\/p>\n<p>Aos s\u00e1bados e domingos do m\u00eas de julho, as \u201cTrilhas Sensoriais\u201d, promovem uma caminhada pelas ruas de Ouro Preto, com aten\u00e7\u00e3o voltada para a paisagem natural e arquitet\u00f4nica da cidade, em busca de experi\u00eancias que despertem o olhar e a sensibilidade dos participantes para o patrim\u00f4nio da regi\u00e3o.<\/p>\n<p>Para obter mais informa\u00e7\u00f5es sobre essas e outras atividades do Festival de Inverno 2009 acesse o site www.festivaldeinverno.ufop.br.<\/p>\n<p>&nbsp;<\/p>\n","protected":false},"excerpt":{"rendered":"<p>No m\u00eas de julho, as ruas de Ouro Preto e Mariana se tornam palco de atividades art\u00edstico-culturais que atraem visitantes de v\u00e1rias regi\u00f5es em busca de lazer, cultura e forma\u00e7\u00e3o. Este ano, o Festival de Inverno tem como tema \u201cClube da Esquina e o ch\u00e3o da nossa terra\u201c, uma homenagem &hellip;<\/p>\n","protected":false},"author":1,"featured_media":0,"comment_status":"open","ping_status":"closed","sticky":false,"template":"","format":"standard","meta":{"footnotes":""},"categories":[3],"tags":[],"class_list":["post-104","post","type-post","status-publish","format-standard","hentry","category-noticias"],"yoast_head":"<!-- This site is optimized with the Yoast SEO plugin v26.1.1 - https:\/\/yoast.com\/wordpress\/plugins\/seo\/ -->\n<title>Confira as atividades do Festival de Inverno nas Esta\u00e7\u00f5es de Ouro Preto e Mariana &#8212; Trem da Vale<\/title>\n<meta name=\"robots\" content=\"index, follow, max-snippet:-1, max-image-preview:large, max-video-preview:-1\" \/>\n<link rel=\"canonical\" href=\"https:\/\/tremdavale.org\/pt\/confira-as-atividades-do-festival-de-inverno-nas-estacoes-de-ouro-preto-e-mariana\/\" \/>\n<meta property=\"og:locale\" content=\"pt_PT\" \/>\n<meta property=\"og:type\" content=\"article\" \/>\n<meta property=\"og:title\" content=\"Confira as atividades do Festival de Inverno nas Esta\u00e7\u00f5es de Ouro Preto e Mariana &#8212; Trem da Vale\" \/>\n<meta property=\"og:description\" content=\"No m\u00eas de julho, as ruas de Ouro Preto e Mariana se tornam palco de atividades art\u00edstico-culturais que atraem visitantes de v\u00e1rias regi\u00f5es em busca de lazer, cultura e forma\u00e7\u00e3o. Este ano, o Festival de Inverno tem como tema \u201cClube da Esquina e o ch\u00e3o da nossa terra\u201c, uma homenagem &hellip;\" \/>\n<meta property=\"og:url\" content=\"https:\/\/tremdavale.org\/pt\/confira-as-atividades-do-festival-de-inverno-nas-estacoes-de-ouro-preto-e-mariana\/\" \/>\n<meta property=\"og:site_name\" content=\"Trem da Vale\" \/>\n<meta property=\"article:published_time\" content=\"2011-09-10T06:55:00+00:00\" \/>\n<meta property=\"article:modified_time\" content=\"2025-10-10T11:57:00+00:00\" \/>\n<meta name=\"author\" content=\"admin\" \/>\n<meta name=\"twitter:card\" content=\"summary_large_image\" \/>\n<meta name=\"twitter:label1\" content=\"Escrito por\" \/>\n\t<meta name=\"twitter:data1\" content=\"admin\" \/>\n\t<meta name=\"twitter:label2\" content=\"Tempo estimado de leitura\" \/>\n\t<meta name=\"twitter:data2\" content=\"2 minutos\" \/>\n<script type=\"application\/ld+json\" class=\"yoast-schema-graph\">{\"@context\":\"https:\/\/schema.org\",\"@graph\":[{\"@type\":\"WebPage\",\"@id\":\"https:\/\/tremdavale.org\/pt\/confira-as-atividades-do-festival-de-inverno-nas-estacoes-de-ouro-preto-e-mariana\/\",\"url\":\"https:\/\/tremdavale.org\/pt\/confira-as-atividades-do-festival-de-inverno-nas-estacoes-de-ouro-preto-e-mariana\/\",\"name\":\"Confira as atividades do Festival de Inverno nas Esta\u00e7\u00f5es de Ouro Preto e Mariana &#8212; Trem da Vale\",\"isPartOf\":{\"@id\":\"https:\/\/tremdavale.org\/pt\/#website\"},\"datePublished\":\"2011-09-10T06:55:00+00:00\",\"dateModified\":\"2025-10-10T11:57:00+00:00\",\"author\":{\"@id\":\"https:\/\/tremdavale.org\/pt\/#\/schema\/person\/50912137d47426d31329f246d02eaeca\"},\"breadcrumb\":{\"@id\":\"https:\/\/tremdavale.org\/pt\/confira-as-atividades-do-festival-de-inverno-nas-estacoes-de-ouro-preto-e-mariana\/#breadcrumb\"},\"inLanguage\":\"pt-PT\",\"potentialAction\":[{\"@type\":\"ReadAction\",\"target\":[\"https:\/\/tremdavale.org\/pt\/confira-as-atividades-do-festival-de-inverno-nas-estacoes-de-ouro-preto-e-mariana\/\"]}]},{\"@type\":\"BreadcrumbList\",\"@id\":\"https:\/\/tremdavale.org\/pt\/confira-as-atividades-do-festival-de-inverno-nas-estacoes-de-ouro-preto-e-mariana\/#breadcrumb\",\"itemListElement\":[{\"@type\":\"ListItem\",\"position\":1,\"name\":\"In\u00edcio\",\"item\":\"https:\/\/tremdavale.org\/pt\/\"},{\"@type\":\"ListItem\",\"position\":2,\"name\":\"Confira as atividades do Festival de Inverno nas Esta\u00e7\u00f5es de Ouro Preto e Mariana\"}]},{\"@type\":\"WebSite\",\"@id\":\"https:\/\/tremdavale.org\/pt\/#website\",\"url\":\"https:\/\/tremdavale.org\/pt\/\",\"name\":\"Trem da Vale\",\"description\":\"Programa de Educa\u00e7\u00e3o Patrimonial\",\"potentialAction\":[{\"@type\":\"SearchAction\",\"target\":{\"@type\":\"EntryPoint\",\"urlTemplate\":\"https:\/\/tremdavale.org\/pt\/?s={search_term_string}\"},\"query-input\":{\"@type\":\"PropertyValueSpecification\",\"valueRequired\":true,\"valueName\":\"search_term_string\"}}],\"inLanguage\":\"pt-PT\"},{\"@type\":\"Person\",\"@id\":\"https:\/\/tremdavale.org\/pt\/#\/schema\/person\/50912137d47426d31329f246d02eaeca\",\"name\":\"admin\",\"image\":{\"@type\":\"ImageObject\",\"inLanguage\":\"pt-PT\",\"@id\":\"https:\/\/tremdavale.org\/pt\/#\/schema\/person\/image\/\",\"url\":\"https:\/\/secure.gravatar.com\/avatar\/b3564f0fda6ea47959fe96a4217203e79a167568a37409758659bc3ba443b452?s=96&d=mm&r=g\",\"contentUrl\":\"https:\/\/secure.gravatar.com\/avatar\/b3564f0fda6ea47959fe96a4217203e79a167568a37409758659bc3ba443b452?s=96&d=mm&r=g\",\"caption\":\"admin\"},\"sameAs\":[\"https:\/\/tremdavale.org\"],\"url\":\"https:\/\/tremdavale.org\/pt\/author\/admin\/\"}]}<\/script>\n<!-- \/ Yoast SEO plugin. -->","yoast_head_json":{"title":"Confira as atividades do Festival de Inverno nas Esta\u00e7\u00f5es de Ouro Preto e Mariana &#8212; Trem da Vale","robots":{"index":"index","follow":"follow","max-snippet":"max-snippet:-1","max-image-preview":"max-image-preview:large","max-video-preview":"max-video-preview:-1"},"canonical":"https:\/\/tremdavale.org\/pt\/confira-as-atividades-do-festival-de-inverno-nas-estacoes-de-ouro-preto-e-mariana\/","og_locale":"pt_PT","og_type":"article","og_title":"Confira as atividades do Festival de Inverno nas Esta\u00e7\u00f5es de Ouro Preto e Mariana &#8212; Trem da Vale","og_description":"No m\u00eas de julho, as ruas de Ouro Preto e Mariana se tornam palco de atividades art\u00edstico-culturais que atraem visitantes de v\u00e1rias regi\u00f5es em busca de lazer, cultura e forma\u00e7\u00e3o. Este ano, o Festival de Inverno tem como tema \u201cClube da Esquina e o ch\u00e3o da nossa terra\u201c, uma homenagem &hellip;","og_url":"https:\/\/tremdavale.org\/pt\/confira-as-atividades-do-festival-de-inverno-nas-estacoes-de-ouro-preto-e-mariana\/","og_site_name":"Trem da Vale","article_published_time":"2011-09-10T06:55:00+00:00","article_modified_time":"2025-10-10T11:57:00+00:00","author":"admin","twitter_card":"summary_large_image","twitter_misc":{"Escrito por":"admin","Tempo estimado de leitura":"2 minutos"},"schema":{"@context":"https:\/\/schema.org","@graph":[{"@type":"WebPage","@id":"https:\/\/tremdavale.org\/pt\/confira-as-atividades-do-festival-de-inverno-nas-estacoes-de-ouro-preto-e-mariana\/","url":"https:\/\/tremdavale.org\/pt\/confira-as-atividades-do-festival-de-inverno-nas-estacoes-de-ouro-preto-e-mariana\/","name":"Confira as atividades do Festival de Inverno nas Esta\u00e7\u00f5es de Ouro Preto e Mariana &#8212; Trem da Vale","isPartOf":{"@id":"https:\/\/tremdavale.org\/pt\/#website"},"datePublished":"2011-09-10T06:55:00+00:00","dateModified":"2025-10-10T11:57:00+00:00","author":{"@id":"https:\/\/tremdavale.org\/pt\/#\/schema\/person\/50912137d47426d31329f246d02eaeca"},"breadcrumb":{"@id":"https:\/\/tremdavale.org\/pt\/confira-as-atividades-do-festival-de-inverno-nas-estacoes-de-ouro-preto-e-mariana\/#breadcrumb"},"inLanguage":"pt-PT","potentialAction":[{"@type":"ReadAction","target":["https:\/\/tremdavale.org\/pt\/confira-as-atividades-do-festival-de-inverno-nas-estacoes-de-ouro-preto-e-mariana\/"]}]},{"@type":"BreadcrumbList","@id":"https:\/\/tremdavale.org\/pt\/confira-as-atividades-do-festival-de-inverno-nas-estacoes-de-ouro-preto-e-mariana\/#breadcrumb","itemListElement":[{"@type":"ListItem","position":1,"name":"In\u00edcio","item":"https:\/\/tremdavale.org\/pt\/"},{"@type":"ListItem","position":2,"name":"Confira as atividades do Festival de Inverno nas Esta\u00e7\u00f5es de Ouro Preto e Mariana"}]},{"@type":"WebSite","@id":"https:\/\/tremdavale.org\/pt\/#website","url":"https:\/\/tremdavale.org\/pt\/","name":"Trem da Vale","description":"Programa de Educa\u00e7\u00e3o Patrimonial","potentialAction":[{"@type":"SearchAction","target":{"@type":"EntryPoint","urlTemplate":"https:\/\/tremdavale.org\/pt\/?s={search_term_string}"},"query-input":{"@type":"PropertyValueSpecification","valueRequired":true,"valueName":"search_term_string"}}],"inLanguage":"pt-PT"},{"@type":"Person","@id":"https:\/\/tremdavale.org\/pt\/#\/schema\/person\/50912137d47426d31329f246d02eaeca","name":"admin","image":{"@type":"ImageObject","inLanguage":"pt-PT","@id":"https:\/\/tremdavale.org\/pt\/#\/schema\/person\/image\/","url":"https:\/\/secure.gravatar.com\/avatar\/b3564f0fda6ea47959fe96a4217203e79a167568a37409758659bc3ba443b452?s=96&d=mm&r=g","contentUrl":"https:\/\/secure.gravatar.com\/avatar\/b3564f0fda6ea47959fe96a4217203e79a167568a37409758659bc3ba443b452?s=96&d=mm&r=g","caption":"admin"},"sameAs":["https:\/\/tremdavale.org"],"url":"https:\/\/tremdavale.org\/pt\/author\/admin\/"}]}},"_links":{"self":[{"href":"https:\/\/tremdavale.org\/pt\/wp-json\/wp\/v2\/posts\/104","targetHints":{"allow":["GET"]}}],"collection":[{"href":"https:\/\/tremdavale.org\/pt\/wp-json\/wp\/v2\/posts"}],"about":[{"href":"https:\/\/tremdavale.org\/pt\/wp-json\/wp\/v2\/types\/post"}],"author":[{"embeddable":true,"href":"https:\/\/tremdavale.org\/pt\/wp-json\/wp\/v2\/users\/1"}],"replies":[{"embeddable":true,"href":"https:\/\/tremdavale.org\/pt\/wp-json\/wp\/v2\/comments?post=104"}],"version-history":[{"count":0,"href":"https:\/\/tremdavale.org\/pt\/wp-json\/wp\/v2\/posts\/104\/revisions"}],"wp:attachment":[{"href":"https:\/\/tremdavale.org\/pt\/wp-json\/wp\/v2\/media?parent=104"}],"wp:term":[{"taxonomy":"category","embeddable":true,"href":"https:\/\/tremdavale.org\/pt\/wp-json\/wp\/v2\/categories?post=104"},{"taxonomy":"post_tag","embeddable":true,"href":"https:\/\/tremdavale.org\/pt\/wp-json\/wp\/v2\/tags?post=104"}],"curies":[{"name":"wp","href":"https:\/\/api.w.org\/{rel}","templated":true}]}}