{"id":105,"date":"2011-09-11T22:06:00","date_gmt":"2011-09-11T22:06:00","guid":{"rendered":"https:\/\/tremdavale.org\/?p=105"},"modified":"2025-10-10T11:57:00","modified_gmt":"2025-10-10T11:57:00","slug":"confira-as-videocabines-bairros-i-mariana-e-ouro-preto-nas-estacoes-do-trem-da-vale","status":"publish","type":"post","link":"https:\/\/tremdavale.org\/pt\/confira-as-videocabines-bairros-i-mariana-e-ouro-preto-nas-estacoes-do-trem-da-vale\/","title":{"rendered":"Confira as Videocabines \u201cBAIRROS I \u2013 Mariana e Ouro Preto\u201d nas Esta\u00e7\u00f5es do Trem da Vale"},"content":{"rendered":"<p><img loading=\"lazy\" decoding=\"async\" class=\"size-full\" src=\"\/wp-content\/uploads\/videocabine-1.jpg\" alt=\"Grava\u00e7\u00e3o de depoimento no bairro Colina em Mariana\/MG\" width=\"300\" height=\"199\"><\/p>\n<p>Grava\u00e7\u00e3o de depoimento no bairro Colina em Mariana\/MG<\/p>\n<p>&nbsp;<\/p>\n<p style=\"text-align: justify;\">As edi\u00e7\u00f5es das Videocabines \u201cBairros I &#8211; Mariana\u201d e \u201cBairros I &#8211; Ouro Preto\u201d, produzidas pela equipe do Vale Registrar, est\u00e3o em exibi\u00e7\u00e3o nos totens das esta\u00e7\u00f5es de Ouro Preto e Mariana, reunindo depoimentos de moradores das duas cidades, com suas impress\u00f5es sobre os bairros onde vivem.<!--more--><\/p>\n<p>&nbsp;<\/p>\n<p><img loading=\"lazy\" decoding=\"async\" class=\"size-full\" src=\"\/wp-content\/uploads\/videocabine-2.jpg\" alt=\"Grava\u00e7\u00e3o no bairro S\u00e3o Cristov\u00e3o (Veloso) em Ouro Preto\/MG.\" width=\"300\" height=\"199\"><\/p>\n<p>Grava\u00e7\u00e3o no bairro S\u00e3o Cristov\u00e3o (Veloso) em Ouro Preto\/MG.<\/p>\n<p>&nbsp;<\/p>\n<p style=\"text-align: justify;\">Nos v\u00eddeos, os moradores apresentam o contexto social de seus bairros, falam de seus lugares prediletos, contam hist\u00f3rias e casos locais, lembram das manifesta\u00e7\u00f5es culturais tradicionais, das festas populares e religiosas que ali acontecem.<\/p>\n<p style=\"text-align: justify;\">A Videocabine \u201cBairros I &#8211; Mariana\u201d mostra os seguintes bairros: S\u00e3o Sebasti\u00e3o (tamb\u00e9m conhecido como Colina); Ros\u00e1rio; S\u00e3o Gon\u00e7alo; Cabanas; S\u00e3o Jos\u00e9 (tamb\u00e9m conhecido como Ch\u00e1cara) e S\u00e3o Ant\u00f4nio (tamb\u00e9m conhecido como Prainha). O v\u00eddeo tem dura\u00e7\u00e3o de 24 minutos e est\u00e1 em exibi\u00e7\u00e3o nos totens da Sala Multiuso da Esta\u00e7\u00e3o de Mariana.<\/p>\n<p>&nbsp;<\/p>\n<p><img loading=\"lazy\" decoding=\"async\" class=\"size-full\" src=\"\/wp-content\/uploads\/videocabine-3.jpg\" alt=\"Grava\u00e7\u00e3o de depoimento com o Sr. Wanderley da Silva (Wandico), morador do bairro Pilar da cidade de Ouro Preto\/MG.\" width=\"300\" height=\"225\"><\/p>\n<p>Grava\u00e7\u00e3o de depoimento com o Sr. Wanderley da Silva (Wandico), morador do bairro Pilar da cidade de Ouro Preto\/MG.<\/p>\n<p>&nbsp;<\/p>\n<p style=\"text-align: justify;\">Em Ouro Preto, foram colhidos depoimentos de moradores dos seguintes bairros: Ant\u00f4nio Dias; Barra; Pilar; S\u00e3o Crist\u00f3v\u00e3o (tamb\u00e9m conhecido como Veloso); Alto da Cruz e Bauxita. A Videocabine \u201cBairros I &#8211; Ouro Preto\u201d, com dura\u00e7\u00e3o de 26 minutos, encontra-se em exibi\u00e7\u00e3o nos totens do <em>hall<\/em> de entrada da Esta\u00e7\u00e3o de Ouro Preto.<\/p>\n<p style=\"text-align: justify;\">Os v\u00eddeos s\u00e3o exibidos com legendas em Ingl\u00eas, permitindo que os visitantes estrangeiros conhe\u00e7am um pouco mais sobre as pessoas e realidades locais.<\/p>\n<p>&nbsp;<\/p>\n","protected":false},"excerpt":{"rendered":"<p>Grava\u00e7\u00e3o de depoimento no bairro Colina em Mariana\/MG &nbsp; As edi\u00e7\u00f5es das Videocabines \u201cBairros I &#8211; Mariana\u201d e \u201cBairros I &#8211; Ouro Preto\u201d, produzidas pela equipe do Vale Registrar, est\u00e3o em exibi\u00e7\u00e3o nos totens das esta\u00e7\u00f5es de Ouro Preto e Mariana, reunindo depoimentos de moradores das duas cidades, com suas &hellip;<\/p>\n","protected":false},"author":1,"featured_media":392,"comment_status":"open","ping_status":"closed","sticky":false,"template":"","format":"standard","meta":{"footnotes":""},"categories":[3,5],"tags":[],"class_list":["post-105","post","type-post","status-publish","format-standard","has-post-thumbnail","hentry","category-noticias","category-noticias-destaque"],"yoast_head":"<!-- This site is optimized with the Yoast SEO plugin v26.1.1 - https:\/\/yoast.com\/wordpress\/plugins\/seo\/ -->\n<title>Confira as Videocabines \u201cBAIRROS I \u2013 Mariana e Ouro Preto\u201d nas Esta\u00e7\u00f5es do Trem da Vale &#8212; Trem da Vale<\/title>\n<meta name=\"robots\" content=\"index, follow, max-snippet:-1, max-image-preview:large, max-video-preview:-1\" \/>\n<link rel=\"canonical\" href=\"https:\/\/tremdavale.org\/pt\/confira-as-videocabines-bairros-i-mariana-e-ouro-preto-nas-estacoes-do-trem-da-vale\/\" \/>\n<meta property=\"og:locale\" content=\"pt_PT\" \/>\n<meta property=\"og:type\" content=\"article\" \/>\n<meta property=\"og:title\" content=\"Confira as Videocabines \u201cBAIRROS I \u2013 Mariana e Ouro Preto\u201d nas Esta\u00e7\u00f5es do Trem da Vale &#8212; Trem da Vale\" \/>\n<meta property=\"og:description\" content=\"Grava\u00e7\u00e3o de depoimento no bairro Colina em Mariana\/MG &nbsp; As edi\u00e7\u00f5es das Videocabines \u201cBairros I &#8211; Mariana\u201d e \u201cBairros I &#8211; Ouro Preto\u201d, produzidas pela equipe do Vale Registrar, est\u00e3o em exibi\u00e7\u00e3o nos totens das esta\u00e7\u00f5es de Ouro Preto e Mariana, reunindo depoimentos de moradores das duas cidades, com suas &hellip;\" \/>\n<meta property=\"og:url\" content=\"https:\/\/tremdavale.org\/pt\/confira-as-videocabines-bairros-i-mariana-e-ouro-preto-nas-estacoes-do-trem-da-vale\/\" \/>\n<meta property=\"og:site_name\" content=\"Trem da Vale\" \/>\n<meta property=\"article:published_time\" content=\"2011-09-11T22:06:00+00:00\" \/>\n<meta property=\"article:modified_time\" content=\"2025-10-10T11:57:00+00:00\" \/>\n<meta property=\"og:image\" content=\"https:\/\/tremdavale.org\/wp-content\/uploads\/videocabine-1.jpg\" \/>\n\t<meta property=\"og:image:width\" content=\"300\" \/>\n\t<meta property=\"og:image:height\" content=\"199\" \/>\n\t<meta property=\"og:image:type\" content=\"image\/jpeg\" \/>\n<meta name=\"author\" content=\"admin\" \/>\n<meta name=\"twitter:card\" content=\"summary_large_image\" \/>\n<meta name=\"twitter:label1\" content=\"Escrito por\" \/>\n\t<meta name=\"twitter:data1\" content=\"admin\" \/>\n\t<meta name=\"twitter:label2\" content=\"Tempo estimado de leitura\" \/>\n\t<meta name=\"twitter:data2\" content=\"1 minuto\" \/>\n<script type=\"application\/ld+json\" class=\"yoast-schema-graph\">{\"@context\":\"https:\/\/schema.org\",\"@graph\":[{\"@type\":\"WebPage\",\"@id\":\"https:\/\/tremdavale.org\/pt\/confira-as-videocabines-bairros-i-mariana-e-ouro-preto-nas-estacoes-do-trem-da-vale\/\",\"url\":\"https:\/\/tremdavale.org\/pt\/confira-as-videocabines-bairros-i-mariana-e-ouro-preto-nas-estacoes-do-trem-da-vale\/\",\"name\":\"Confira as Videocabines \u201cBAIRROS I \u2013 Mariana e Ouro Preto\u201d nas Esta\u00e7\u00f5es do Trem da Vale &#8212; Trem da Vale\",\"isPartOf\":{\"@id\":\"https:\/\/tremdavale.org\/pt\/#website\"},\"primaryImageOfPage\":{\"@id\":\"https:\/\/tremdavale.org\/pt\/confira-as-videocabines-bairros-i-mariana-e-ouro-preto-nas-estacoes-do-trem-da-vale\/#primaryimage\"},\"image\":{\"@id\":\"https:\/\/tremdavale.org\/pt\/confira-as-videocabines-bairros-i-mariana-e-ouro-preto-nas-estacoes-do-trem-da-vale\/#primaryimage\"},\"thumbnailUrl\":\"https:\/\/tremdavale.org\/wp-content\/uploads\/videocabine-1.jpg\",\"datePublished\":\"2011-09-11T22:06:00+00:00\",\"dateModified\":\"2025-10-10T11:57:00+00:00\",\"author\":{\"@id\":\"https:\/\/tremdavale.org\/pt\/#\/schema\/person\/50912137d47426d31329f246d02eaeca\"},\"breadcrumb\":{\"@id\":\"https:\/\/tremdavale.org\/pt\/confira-as-videocabines-bairros-i-mariana-e-ouro-preto-nas-estacoes-do-trem-da-vale\/#breadcrumb\"},\"inLanguage\":\"pt-PT\",\"potentialAction\":[{\"@type\":\"ReadAction\",\"target\":[\"https:\/\/tremdavale.org\/pt\/confira-as-videocabines-bairros-i-mariana-e-ouro-preto-nas-estacoes-do-trem-da-vale\/\"]}]},{\"@type\":\"ImageObject\",\"inLanguage\":\"pt-PT\",\"@id\":\"https:\/\/tremdavale.org\/pt\/confira-as-videocabines-bairros-i-mariana-e-ouro-preto-nas-estacoes-do-trem-da-vale\/#primaryimage\",\"url\":\"https:\/\/tremdavale.org\/wp-content\/uploads\/videocabine-1.jpg\",\"contentUrl\":\"https:\/\/tremdavale.org\/wp-content\/uploads\/videocabine-1.jpg\",\"width\":300,\"height\":199},{\"@type\":\"BreadcrumbList\",\"@id\":\"https:\/\/tremdavale.org\/pt\/confira-as-videocabines-bairros-i-mariana-e-ouro-preto-nas-estacoes-do-trem-da-vale\/#breadcrumb\",\"itemListElement\":[{\"@type\":\"ListItem\",\"position\":1,\"name\":\"In\u00edcio\",\"item\":\"https:\/\/tremdavale.org\/pt\/\"},{\"@type\":\"ListItem\",\"position\":2,\"name\":\"Confira as Videocabines \u201cBAIRROS I \u2013 Mariana e Ouro Preto\u201d nas Esta\u00e7\u00f5es do Trem da Vale\"}]},{\"@type\":\"WebSite\",\"@id\":\"https:\/\/tremdavale.org\/pt\/#website\",\"url\":\"https:\/\/tremdavale.org\/pt\/\",\"name\":\"Trem da Vale\",\"description\":\"Programa de Educa\u00e7\u00e3o Patrimonial\",\"potentialAction\":[{\"@type\":\"SearchAction\",\"target\":{\"@type\":\"EntryPoint\",\"urlTemplate\":\"https:\/\/tremdavale.org\/pt\/?s={search_term_string}\"},\"query-input\":{\"@type\":\"PropertyValueSpecification\",\"valueRequired\":true,\"valueName\":\"search_term_string\"}}],\"inLanguage\":\"pt-PT\"},{\"@type\":\"Person\",\"@id\":\"https:\/\/tremdavale.org\/pt\/#\/schema\/person\/50912137d47426d31329f246d02eaeca\",\"name\":\"admin\",\"image\":{\"@type\":\"ImageObject\",\"inLanguage\":\"pt-PT\",\"@id\":\"https:\/\/tremdavale.org\/pt\/#\/schema\/person\/image\/\",\"url\":\"https:\/\/secure.gravatar.com\/avatar\/b3564f0fda6ea47959fe96a4217203e79a167568a37409758659bc3ba443b452?s=96&d=mm&r=g\",\"contentUrl\":\"https:\/\/secure.gravatar.com\/avatar\/b3564f0fda6ea47959fe96a4217203e79a167568a37409758659bc3ba443b452?s=96&d=mm&r=g\",\"caption\":\"admin\"},\"sameAs\":[\"https:\/\/tremdavale.org\"],\"url\":\"https:\/\/tremdavale.org\/pt\/author\/admin\/\"}]}<\/script>\n<!-- \/ Yoast SEO plugin. -->","yoast_head_json":{"title":"Confira as Videocabines \u201cBAIRROS I \u2013 Mariana e Ouro Preto\u201d nas Esta\u00e7\u00f5es do Trem da Vale &#8212; Trem da Vale","robots":{"index":"index","follow":"follow","max-snippet":"max-snippet:-1","max-image-preview":"max-image-preview:large","max-video-preview":"max-video-preview:-1"},"canonical":"https:\/\/tremdavale.org\/pt\/confira-as-videocabines-bairros-i-mariana-e-ouro-preto-nas-estacoes-do-trem-da-vale\/","og_locale":"pt_PT","og_type":"article","og_title":"Confira as Videocabines \u201cBAIRROS I \u2013 Mariana e Ouro Preto\u201d nas Esta\u00e7\u00f5es do Trem da Vale &#8212; Trem da Vale","og_description":"Grava\u00e7\u00e3o de depoimento no bairro Colina em Mariana\/MG &nbsp; As edi\u00e7\u00f5es das Videocabines \u201cBairros I &#8211; Mariana\u201d e \u201cBairros I &#8211; Ouro Preto\u201d, produzidas pela equipe do Vale Registrar, est\u00e3o em exibi\u00e7\u00e3o nos totens das esta\u00e7\u00f5es de Ouro Preto e Mariana, reunindo depoimentos de moradores das duas cidades, com suas &hellip;","og_url":"https:\/\/tremdavale.org\/pt\/confira-as-videocabines-bairros-i-mariana-e-ouro-preto-nas-estacoes-do-trem-da-vale\/","og_site_name":"Trem da Vale","article_published_time":"2011-09-11T22:06:00+00:00","article_modified_time":"2025-10-10T11:57:00+00:00","og_image":[{"width":300,"height":199,"url":"https:\/\/tremdavale.org\/wp-content\/uploads\/videocabine-1.jpg","type":"image\/jpeg"}],"author":"admin","twitter_card":"summary_large_image","twitter_misc":{"Escrito por":"admin","Tempo estimado de leitura":"1 minuto"},"schema":{"@context":"https:\/\/schema.org","@graph":[{"@type":"WebPage","@id":"https:\/\/tremdavale.org\/pt\/confira-as-videocabines-bairros-i-mariana-e-ouro-preto-nas-estacoes-do-trem-da-vale\/","url":"https:\/\/tremdavale.org\/pt\/confira-as-videocabines-bairros-i-mariana-e-ouro-preto-nas-estacoes-do-trem-da-vale\/","name":"Confira as Videocabines \u201cBAIRROS I \u2013 Mariana e Ouro Preto\u201d nas Esta\u00e7\u00f5es do Trem da Vale &#8212; Trem da Vale","isPartOf":{"@id":"https:\/\/tremdavale.org\/pt\/#website"},"primaryImageOfPage":{"@id":"https:\/\/tremdavale.org\/pt\/confira-as-videocabines-bairros-i-mariana-e-ouro-preto-nas-estacoes-do-trem-da-vale\/#primaryimage"},"image":{"@id":"https:\/\/tremdavale.org\/pt\/confira-as-videocabines-bairros-i-mariana-e-ouro-preto-nas-estacoes-do-trem-da-vale\/#primaryimage"},"thumbnailUrl":"https:\/\/tremdavale.org\/wp-content\/uploads\/videocabine-1.jpg","datePublished":"2011-09-11T22:06:00+00:00","dateModified":"2025-10-10T11:57:00+00:00","author":{"@id":"https:\/\/tremdavale.org\/pt\/#\/schema\/person\/50912137d47426d31329f246d02eaeca"},"breadcrumb":{"@id":"https:\/\/tremdavale.org\/pt\/confira-as-videocabines-bairros-i-mariana-e-ouro-preto-nas-estacoes-do-trem-da-vale\/#breadcrumb"},"inLanguage":"pt-PT","potentialAction":[{"@type":"ReadAction","target":["https:\/\/tremdavale.org\/pt\/confira-as-videocabines-bairros-i-mariana-e-ouro-preto-nas-estacoes-do-trem-da-vale\/"]}]},{"@type":"ImageObject","inLanguage":"pt-PT","@id":"https:\/\/tremdavale.org\/pt\/confira-as-videocabines-bairros-i-mariana-e-ouro-preto-nas-estacoes-do-trem-da-vale\/#primaryimage","url":"https:\/\/tremdavale.org\/wp-content\/uploads\/videocabine-1.jpg","contentUrl":"https:\/\/tremdavale.org\/wp-content\/uploads\/videocabine-1.jpg","width":300,"height":199},{"@type":"BreadcrumbList","@id":"https:\/\/tremdavale.org\/pt\/confira-as-videocabines-bairros-i-mariana-e-ouro-preto-nas-estacoes-do-trem-da-vale\/#breadcrumb","itemListElement":[{"@type":"ListItem","position":1,"name":"In\u00edcio","item":"https:\/\/tremdavale.org\/pt\/"},{"@type":"ListItem","position":2,"name":"Confira as Videocabines \u201cBAIRROS I \u2013 Mariana e Ouro Preto\u201d nas Esta\u00e7\u00f5es do Trem da Vale"}]},{"@type":"WebSite","@id":"https:\/\/tremdavale.org\/pt\/#website","url":"https:\/\/tremdavale.org\/pt\/","name":"Trem da Vale","description":"Programa de Educa\u00e7\u00e3o Patrimonial","potentialAction":[{"@type":"SearchAction","target":{"@type":"EntryPoint","urlTemplate":"https:\/\/tremdavale.org\/pt\/?s={search_term_string}"},"query-input":{"@type":"PropertyValueSpecification","valueRequired":true,"valueName":"search_term_string"}}],"inLanguage":"pt-PT"},{"@type":"Person","@id":"https:\/\/tremdavale.org\/pt\/#\/schema\/person\/50912137d47426d31329f246d02eaeca","name":"admin","image":{"@type":"ImageObject","inLanguage":"pt-PT","@id":"https:\/\/tremdavale.org\/pt\/#\/schema\/person\/image\/","url":"https:\/\/secure.gravatar.com\/avatar\/b3564f0fda6ea47959fe96a4217203e79a167568a37409758659bc3ba443b452?s=96&d=mm&r=g","contentUrl":"https:\/\/secure.gravatar.com\/avatar\/b3564f0fda6ea47959fe96a4217203e79a167568a37409758659bc3ba443b452?s=96&d=mm&r=g","caption":"admin"},"sameAs":["https:\/\/tremdavale.org"],"url":"https:\/\/tremdavale.org\/pt\/author\/admin\/"}]}},"_links":{"self":[{"href":"https:\/\/tremdavale.org\/pt\/wp-json\/wp\/v2\/posts\/105","targetHints":{"allow":["GET"]}}],"collection":[{"href":"https:\/\/tremdavale.org\/pt\/wp-json\/wp\/v2\/posts"}],"about":[{"href":"https:\/\/tremdavale.org\/pt\/wp-json\/wp\/v2\/types\/post"}],"author":[{"embeddable":true,"href":"https:\/\/tremdavale.org\/pt\/wp-json\/wp\/v2\/users\/1"}],"replies":[{"embeddable":true,"href":"https:\/\/tremdavale.org\/pt\/wp-json\/wp\/v2\/comments?post=105"}],"version-history":[{"count":0,"href":"https:\/\/tremdavale.org\/pt\/wp-json\/wp\/v2\/posts\/105\/revisions"}],"wp:featuredmedia":[{"embeddable":true,"href":"https:\/\/tremdavale.org\/pt\/wp-json\/wp\/v2\/media\/392"}],"wp:attachment":[{"href":"https:\/\/tremdavale.org\/pt\/wp-json\/wp\/v2\/media?parent=105"}],"wp:term":[{"taxonomy":"category","embeddable":true,"href":"https:\/\/tremdavale.org\/pt\/wp-json\/wp\/v2\/categories?post=105"},{"taxonomy":"post_tag","embeddable":true,"href":"https:\/\/tremdavale.org\/pt\/wp-json\/wp\/v2\/tags?post=105"}],"curies":[{"name":"wp","href":"https:\/\/api.w.org\/{rel}","templated":true}]}}