{"id":107,"date":"2011-09-09T09:42:00","date_gmt":"2011-09-09T09:42:00","guid":{"rendered":"https:\/\/tremdavale.org\/?p=107"},"modified":"2025-10-10T11:57:00","modified_gmt":"2025-10-10T11:57:00","slug":"confira-os-horarios-do-trem-da-vale-durante-o-carnaval","status":"publish","type":"post","link":"https:\/\/tremdavale.org\/pt\/confira-os-horarios-do-trem-da-vale-durante-o-carnaval\/","title":{"rendered":"Confira os hor\u00e1rios do Trem da Vale durante o Carnaval"},"content":{"rendered":"<p>Aproveite a Semana do Carnaval para fazer o passeio de trem entre Ouro Preto e Mariana e visitar as esta\u00e7\u00f5es ferrovi\u00e1rias dessas duas cidades.<\/p>\n<p>Para visualizar os hor\u00e1rios de partida do Trem, acesse o calend\u00e1rio: http:\/\/www.tremdavale.org\/pt\/noticias\/calendario\/<\/p>\n<p>Durante a Semana do Carnaval as Esta\u00e7\u00f5es do Programa Trem da Vale funcionar\u00e3o em hor\u00e1rios especiais.<\/p>\n<p>Esta\u00e7\u00e3o de Ouro Preto:<\/p>\n<p>12 de fevereiro: 9h \u00e0s 15h30<\/p>\n<p>13 de fevereiro: 9h \u00e0s 15h30<\/p>\n<p>14 de fevereiro: 9h \u00e0s 15h30<\/p>\n<p>15 de fevereiro: 9h \u00e0s 15h30<\/p>\n<p>16 de fevereiro: 9h \u00e0s 15h30<\/p>\n<p>Esta\u00e7\u00e3o de Mariana:<\/p>\n<p>12 de fevereiro: 9h \u00e0s 16h30<\/p>\n<p>13 de fevereiro: 9h \u00e0s 16h30<\/p>\n<p>14 de fevereiro: 9h \u00e0s 16h30<\/p>\n<p>15 de fevereiro: 9h \u00e0s 15h<\/p>\n<p>16 de fevereiro: 9h \u00e0s 16h30<\/p>\n<p>&nbsp;<\/p>\n","protected":false},"excerpt":{"rendered":"<p>Aproveite a Semana do Carnaval para fazer o passeio de trem entre Ouro Preto e Mariana e visitar as esta\u00e7\u00f5es ferrovi\u00e1rias dessas duas cidades. Para visualizar os hor\u00e1rios de partida do Trem, acesse o calend\u00e1rio: http:\/\/www.tremdavale.org\/pt\/noticias\/calendario\/ Durante a Semana do Carnaval as Esta\u00e7\u00f5es do Programa Trem da Vale funcionar\u00e3o em &hellip;<\/p>\n","protected":false},"author":1,"featured_media":0,"comment_status":"open","ping_status":"closed","sticky":false,"template":"","format":"standard","meta":{"footnotes":""},"categories":[3],"tags":[],"class_list":["post-107","post","type-post","status-publish","format-standard","hentry","category-noticias"],"yoast_head":"<!-- This site is optimized with the Yoast SEO plugin v26.1.1 - https:\/\/yoast.com\/wordpress\/plugins\/seo\/ -->\n<title>Confira os hor\u00e1rios do Trem da Vale durante o Carnaval &#8212; Trem da Vale<\/title>\n<meta name=\"robots\" content=\"index, follow, max-snippet:-1, max-image-preview:large, max-video-preview:-1\" \/>\n<link rel=\"canonical\" href=\"https:\/\/tremdavale.org\/pt\/confira-os-horarios-do-trem-da-vale-durante-o-carnaval\/\" \/>\n<meta property=\"og:locale\" content=\"pt_PT\" \/>\n<meta property=\"og:type\" content=\"article\" \/>\n<meta property=\"og:title\" content=\"Confira os hor\u00e1rios do Trem da Vale durante o Carnaval &#8212; Trem da Vale\" \/>\n<meta property=\"og:description\" content=\"Aproveite a Semana do Carnaval para fazer o passeio de trem entre Ouro Preto e Mariana e visitar as esta\u00e7\u00f5es ferrovi\u00e1rias dessas duas cidades. Para visualizar os hor\u00e1rios de partida do Trem, acesse o calend\u00e1rio: http:\/\/www.tremdavale.org\/pt\/noticias\/calendario\/ Durante a Semana do Carnaval as Esta\u00e7\u00f5es do Programa Trem da Vale funcionar\u00e3o em &hellip;\" \/>\n<meta property=\"og:url\" content=\"https:\/\/tremdavale.org\/pt\/confira-os-horarios-do-trem-da-vale-durante-o-carnaval\/\" \/>\n<meta property=\"og:site_name\" content=\"Trem da Vale\" \/>\n<meta property=\"article:published_time\" content=\"2011-09-09T09:42:00+00:00\" \/>\n<meta property=\"article:modified_time\" content=\"2025-10-10T11:57:00+00:00\" \/>\n<meta name=\"author\" content=\"admin\" \/>\n<meta name=\"twitter:card\" content=\"summary_large_image\" \/>\n<meta name=\"twitter:label1\" content=\"Escrito por\" \/>\n\t<meta name=\"twitter:data1\" content=\"admin\" \/>\n\t<meta name=\"twitter:label2\" content=\"Tempo estimado de leitura\" \/>\n\t<meta name=\"twitter:data2\" content=\"1 minuto\" \/>\n<script type=\"application\/ld+json\" class=\"yoast-schema-graph\">{\"@context\":\"https:\/\/schema.org\",\"@graph\":[{\"@type\":\"WebPage\",\"@id\":\"https:\/\/tremdavale.org\/pt\/confira-os-horarios-do-trem-da-vale-durante-o-carnaval\/\",\"url\":\"https:\/\/tremdavale.org\/pt\/confira-os-horarios-do-trem-da-vale-durante-o-carnaval\/\",\"name\":\"Confira os hor\u00e1rios do Trem da Vale durante o Carnaval &#8212; Trem da Vale\",\"isPartOf\":{\"@id\":\"https:\/\/tremdavale.org\/pt\/#website\"},\"datePublished\":\"2011-09-09T09:42:00+00:00\",\"dateModified\":\"2025-10-10T11:57:00+00:00\",\"author\":{\"@id\":\"https:\/\/tremdavale.org\/pt\/#\/schema\/person\/50912137d47426d31329f246d02eaeca\"},\"breadcrumb\":{\"@id\":\"https:\/\/tremdavale.org\/pt\/confira-os-horarios-do-trem-da-vale-durante-o-carnaval\/#breadcrumb\"},\"inLanguage\":\"pt-PT\",\"potentialAction\":[{\"@type\":\"ReadAction\",\"target\":[\"https:\/\/tremdavale.org\/pt\/confira-os-horarios-do-trem-da-vale-durante-o-carnaval\/\"]}]},{\"@type\":\"BreadcrumbList\",\"@id\":\"https:\/\/tremdavale.org\/pt\/confira-os-horarios-do-trem-da-vale-durante-o-carnaval\/#breadcrumb\",\"itemListElement\":[{\"@type\":\"ListItem\",\"position\":1,\"name\":\"In\u00edcio\",\"item\":\"https:\/\/tremdavale.org\/pt\/\"},{\"@type\":\"ListItem\",\"position\":2,\"name\":\"Confira os hor\u00e1rios do Trem da Vale durante o Carnaval\"}]},{\"@type\":\"WebSite\",\"@id\":\"https:\/\/tremdavale.org\/pt\/#website\",\"url\":\"https:\/\/tremdavale.org\/pt\/\",\"name\":\"Trem da Vale\",\"description\":\"Programa de Educa\u00e7\u00e3o Patrimonial\",\"potentialAction\":[{\"@type\":\"SearchAction\",\"target\":{\"@type\":\"EntryPoint\",\"urlTemplate\":\"https:\/\/tremdavale.org\/pt\/?s={search_term_string}\"},\"query-input\":{\"@type\":\"PropertyValueSpecification\",\"valueRequired\":true,\"valueName\":\"search_term_string\"}}],\"inLanguage\":\"pt-PT\"},{\"@type\":\"Person\",\"@id\":\"https:\/\/tremdavale.org\/pt\/#\/schema\/person\/50912137d47426d31329f246d02eaeca\",\"name\":\"admin\",\"image\":{\"@type\":\"ImageObject\",\"inLanguage\":\"pt-PT\",\"@id\":\"https:\/\/tremdavale.org\/pt\/#\/schema\/person\/image\/\",\"url\":\"https:\/\/secure.gravatar.com\/avatar\/b3564f0fda6ea47959fe96a4217203e79a167568a37409758659bc3ba443b452?s=96&d=mm&r=g\",\"contentUrl\":\"https:\/\/secure.gravatar.com\/avatar\/b3564f0fda6ea47959fe96a4217203e79a167568a37409758659bc3ba443b452?s=96&d=mm&r=g\",\"caption\":\"admin\"},\"sameAs\":[\"https:\/\/tremdavale.org\"],\"url\":\"https:\/\/tremdavale.org\/pt\/author\/admin\/\"}]}<\/script>\n<!-- \/ Yoast SEO plugin. -->","yoast_head_json":{"title":"Confira os hor\u00e1rios do Trem da Vale durante o Carnaval &#8212; Trem da Vale","robots":{"index":"index","follow":"follow","max-snippet":"max-snippet:-1","max-image-preview":"max-image-preview:large","max-video-preview":"max-video-preview:-1"},"canonical":"https:\/\/tremdavale.org\/pt\/confira-os-horarios-do-trem-da-vale-durante-o-carnaval\/","og_locale":"pt_PT","og_type":"article","og_title":"Confira os hor\u00e1rios do Trem da Vale durante o Carnaval &#8212; Trem da Vale","og_description":"Aproveite a Semana do Carnaval para fazer o passeio de trem entre Ouro Preto e Mariana e visitar as esta\u00e7\u00f5es ferrovi\u00e1rias dessas duas cidades. Para visualizar os hor\u00e1rios de partida do Trem, acesse o calend\u00e1rio: http:\/\/www.tremdavale.org\/pt\/noticias\/calendario\/ Durante a Semana do Carnaval as Esta\u00e7\u00f5es do Programa Trem da Vale funcionar\u00e3o em &hellip;","og_url":"https:\/\/tremdavale.org\/pt\/confira-os-horarios-do-trem-da-vale-durante-o-carnaval\/","og_site_name":"Trem da Vale","article_published_time":"2011-09-09T09:42:00+00:00","article_modified_time":"2025-10-10T11:57:00+00:00","author":"admin","twitter_card":"summary_large_image","twitter_misc":{"Escrito por":"admin","Tempo estimado de leitura":"1 minuto"},"schema":{"@context":"https:\/\/schema.org","@graph":[{"@type":"WebPage","@id":"https:\/\/tremdavale.org\/pt\/confira-os-horarios-do-trem-da-vale-durante-o-carnaval\/","url":"https:\/\/tremdavale.org\/pt\/confira-os-horarios-do-trem-da-vale-durante-o-carnaval\/","name":"Confira os hor\u00e1rios do Trem da Vale durante o Carnaval &#8212; Trem da Vale","isPartOf":{"@id":"https:\/\/tremdavale.org\/pt\/#website"},"datePublished":"2011-09-09T09:42:00+00:00","dateModified":"2025-10-10T11:57:00+00:00","author":{"@id":"https:\/\/tremdavale.org\/pt\/#\/schema\/person\/50912137d47426d31329f246d02eaeca"},"breadcrumb":{"@id":"https:\/\/tremdavale.org\/pt\/confira-os-horarios-do-trem-da-vale-durante-o-carnaval\/#breadcrumb"},"inLanguage":"pt-PT","potentialAction":[{"@type":"ReadAction","target":["https:\/\/tremdavale.org\/pt\/confira-os-horarios-do-trem-da-vale-durante-o-carnaval\/"]}]},{"@type":"BreadcrumbList","@id":"https:\/\/tremdavale.org\/pt\/confira-os-horarios-do-trem-da-vale-durante-o-carnaval\/#breadcrumb","itemListElement":[{"@type":"ListItem","position":1,"name":"In\u00edcio","item":"https:\/\/tremdavale.org\/pt\/"},{"@type":"ListItem","position":2,"name":"Confira os hor\u00e1rios do Trem da Vale durante o Carnaval"}]},{"@type":"WebSite","@id":"https:\/\/tremdavale.org\/pt\/#website","url":"https:\/\/tremdavale.org\/pt\/","name":"Trem da Vale","description":"Programa de Educa\u00e7\u00e3o Patrimonial","potentialAction":[{"@type":"SearchAction","target":{"@type":"EntryPoint","urlTemplate":"https:\/\/tremdavale.org\/pt\/?s={search_term_string}"},"query-input":{"@type":"PropertyValueSpecification","valueRequired":true,"valueName":"search_term_string"}}],"inLanguage":"pt-PT"},{"@type":"Person","@id":"https:\/\/tremdavale.org\/pt\/#\/schema\/person\/50912137d47426d31329f246d02eaeca","name":"admin","image":{"@type":"ImageObject","inLanguage":"pt-PT","@id":"https:\/\/tremdavale.org\/pt\/#\/schema\/person\/image\/","url":"https:\/\/secure.gravatar.com\/avatar\/b3564f0fda6ea47959fe96a4217203e79a167568a37409758659bc3ba443b452?s=96&d=mm&r=g","contentUrl":"https:\/\/secure.gravatar.com\/avatar\/b3564f0fda6ea47959fe96a4217203e79a167568a37409758659bc3ba443b452?s=96&d=mm&r=g","caption":"admin"},"sameAs":["https:\/\/tremdavale.org"],"url":"https:\/\/tremdavale.org\/pt\/author\/admin\/"}]}},"_links":{"self":[{"href":"https:\/\/tremdavale.org\/pt\/wp-json\/wp\/v2\/posts\/107","targetHints":{"allow":["GET"]}}],"collection":[{"href":"https:\/\/tremdavale.org\/pt\/wp-json\/wp\/v2\/posts"}],"about":[{"href":"https:\/\/tremdavale.org\/pt\/wp-json\/wp\/v2\/types\/post"}],"author":[{"embeddable":true,"href":"https:\/\/tremdavale.org\/pt\/wp-json\/wp\/v2\/users\/1"}],"replies":[{"embeddable":true,"href":"https:\/\/tremdavale.org\/pt\/wp-json\/wp\/v2\/comments?post=107"}],"version-history":[{"count":0,"href":"https:\/\/tremdavale.org\/pt\/wp-json\/wp\/v2\/posts\/107\/revisions"}],"wp:attachment":[{"href":"https:\/\/tremdavale.org\/pt\/wp-json\/wp\/v2\/media?parent=107"}],"wp:term":[{"taxonomy":"category","embeddable":true,"href":"https:\/\/tremdavale.org\/pt\/wp-json\/wp\/v2\/categories?post=107"},{"taxonomy":"post_tag","embeddable":true,"href":"https:\/\/tremdavale.org\/pt\/wp-json\/wp\/v2\/tags?post=107"}],"curies":[{"name":"wp","href":"https:\/\/api.w.org\/{rel}","templated":true}]}}