{"id":108,"date":"2011-09-11T18:43:00","date_gmt":"2011-09-11T18:43:00","guid":{"rendered":"https:\/\/tremdavale.org\/?p=108"},"modified":"2025-10-10T11:57:00","modified_gmt":"2025-10-10T11:57:00","slug":"contacao-de-historias-nas-estacoes","status":"publish","type":"post","link":"https:\/\/tremdavale.org\/pt\/contacao-de-historias-nas-estacoes\/","title":{"rendered":"Conta\u00e7\u00e3o de Hist\u00f3rias nas Esta\u00e7\u00f5es no m\u00eas de abril"},"content":{"rendered":"<p><img loading=\"lazy\" decoding=\"async\" class=\"alignleft size-full\" title=\"contacao-de-historias-aletria-13-11-2009-fotos-bruna-tropia-18\" src=\"\/wp-content\/uploads\/contacao-de-historias-aletria-13-11-2009-fotos-bruna-tropia-18.jpg\" alt=\"Conta\u00e7\u00e3o de Hist\u00f3ria na Tenda Cultural\" width=\"301\" height=\"202\">No m\u00eas de abril o Trem da Vale traz para o p\u00fablico infanto-juvenil hist\u00f3rias de personagens criados pelo autor Monteiro Lobato e por povos ind\u00edgenas.<!--more--><\/p>\n<p><span>Contar hist\u00f3ria \u00e9 uma das mais antigas formas de aproximar o homem do universo das f\u00e1bulas, do sonho e do saber. Foi por meio da oralidade que o costume de povos, as tradi\u00e7\u00f5es culturais, a culin\u00e1ria, as artes e at\u00e9 mesmo as descobertas cient\u00edficas puderam ser preservadas por muito tempo.<\/span><\/p>\n<p>&nbsp;<\/p>\n<p><span>Al\u00e9m de resgatar a pr\u00e1tica da oralidade, mantendo viva essa importante tradi\u00e7\u00e3o, as hist\u00f3rias s\u00e3o capazes de despertar nas crian\u00e7as o gosto pela leitura.<\/span><\/p>\n<p>&nbsp;<\/p>\n<p><strong>Confira a programa\u00e7\u00e3o:<\/strong><\/p>\n<p>&nbsp;<\/p>\n<p><strong><span>Conta\u00e7\u00e3o de Hist\u00f3rias \u201cMonteiro Lobato\u201d<\/span><\/strong><\/p>\n<p>&nbsp;<\/p>\n<p><span><span>\u00b7<\/span><\/span><span style=\"font-weight: normal;\">Conta\u00e7\u00e3o de Hist\u00f3ria com Maria Em\u00edlia Magalh\u00e3es na Biblioteca da Esta\u00e7\u00e3o de Mariana:<\/span><\/p>\n<p>&nbsp;<\/p>\n<p><span style=\"font-weight: normal;\">Data: 17\/04 (s\u00e1bado), de 14h \u00e0s 15h;<\/span><\/p>\n<p><span style=\"font-weight: normal;\">Data: 18\/04 (domingo), de 10h \u00e0s 11h.<\/span><\/p>\n<p>&nbsp;<\/p>\n<p><span><span>\u00b7<\/span><\/span><span>Conta\u00e7\u00e3o de Hist\u00f3ria com o grupo \u201c<strong><span>Contadores<\/span><\/strong> de \u2018Causos\u2019 <strong>e<\/strong> <strong><span>Hist\u00f3rias<\/span><\/strong>\u201d na Tenda Cultural de Ouro Preto<\/span><\/p>\n<p>&nbsp;<\/p>\n<p><span style=\"font-weight: normal;\">Data: 16\/04 (sexta), de 14h \u00e0s 15h.<\/span><\/p>\n<p>&nbsp;<\/p>\n<p><strong><span>Conta\u00e7\u00e3o de &nbsp;\u201cHist\u00f3rias Ind\u00edgenas\u201d&nbsp;na Biblioteca de Mariana<\/span><\/strong><\/p>\n<p>&nbsp;<\/p>\n<p><span style=\"font-weight: normal;\">Data: 24\/04 (s\u00e1bado), no per\u00edodo da manh\u00e3<\/span><\/p>\n<p><span style=\"font-weight: normal;\">Data: 25\/04 (domingo), no per\u00edodo da tarde<\/span><\/p>\n<p>&nbsp;<\/p>\n","protected":false},"excerpt":{"rendered":"<p>No m\u00eas de abril o Trem da Vale traz para o p\u00fablico infanto-juvenil hist\u00f3rias de personagens criados pelo autor Monteiro Lobato e por povos ind\u00edgenas.<\/p>\n","protected":false},"author":1,"featured_media":394,"comment_status":"open","ping_status":"closed","sticky":false,"template":"","format":"standard","meta":{"footnotes":""},"categories":[2],"tags":[],"class_list":["post-108","post","type-post","status-publish","format-standard","has-post-thumbnail","hentry","category-destaques-home"],"yoast_head":"<!-- This site is optimized with the Yoast SEO plugin v26.1.1 - https:\/\/yoast.com\/wordpress\/plugins\/seo\/ -->\n<title>Conta\u00e7\u00e3o de Hist\u00f3rias nas Esta\u00e7\u00f5es no m\u00eas de abril &#8212; Trem da Vale<\/title>\n<meta name=\"robots\" content=\"index, follow, max-snippet:-1, max-image-preview:large, max-video-preview:-1\" \/>\n<link rel=\"canonical\" href=\"https:\/\/tremdavale.org\/pt\/contacao-de-historias-nas-estacoes\/\" \/>\n<meta property=\"og:locale\" content=\"pt_PT\" \/>\n<meta property=\"og:type\" content=\"article\" \/>\n<meta property=\"og:title\" content=\"Conta\u00e7\u00e3o de Hist\u00f3rias nas Esta\u00e7\u00f5es no m\u00eas de abril &#8212; Trem da Vale\" \/>\n<meta property=\"og:description\" content=\"No m\u00eas de abril o Trem da Vale traz para o p\u00fablico infanto-juvenil hist\u00f3rias de personagens criados pelo autor Monteiro Lobato e por povos ind\u00edgenas.\" \/>\n<meta property=\"og:url\" content=\"https:\/\/tremdavale.org\/pt\/contacao-de-historias-nas-estacoes\/\" \/>\n<meta property=\"og:site_name\" content=\"Trem da Vale\" \/>\n<meta property=\"article:published_time\" content=\"2011-09-11T18:43:00+00:00\" \/>\n<meta property=\"article:modified_time\" content=\"2025-10-10T11:57:00+00:00\" \/>\n<meta property=\"og:image\" content=\"https:\/\/tremdavale.org\/wp-content\/uploads\/contacao-de-historias-aletria-13-11-2009-fotos-bruna-tropia-18.jpg\" \/>\n\t<meta property=\"og:image:width\" content=\"1024\" \/>\n\t<meta property=\"og:image:height\" content=\"685\" \/>\n\t<meta property=\"og:image:type\" content=\"image\/jpeg\" \/>\n<meta name=\"author\" content=\"admin\" \/>\n<meta name=\"twitter:card\" content=\"summary_large_image\" \/>\n<meta name=\"twitter:label1\" content=\"Escrito por\" \/>\n\t<meta name=\"twitter:data1\" content=\"admin\" \/>\n\t<meta name=\"twitter:label2\" content=\"Tempo estimado de leitura\" \/>\n\t<meta name=\"twitter:data2\" content=\"1 minuto\" \/>\n<script type=\"application\/ld+json\" class=\"yoast-schema-graph\">{\"@context\":\"https:\/\/schema.org\",\"@graph\":[{\"@type\":\"WebPage\",\"@id\":\"https:\/\/tremdavale.org\/pt\/contacao-de-historias-nas-estacoes\/\",\"url\":\"https:\/\/tremdavale.org\/pt\/contacao-de-historias-nas-estacoes\/\",\"name\":\"Conta\u00e7\u00e3o de Hist\u00f3rias nas Esta\u00e7\u00f5es no m\u00eas de abril &#8212; Trem da Vale\",\"isPartOf\":{\"@id\":\"https:\/\/tremdavale.org\/pt\/#website\"},\"primaryImageOfPage\":{\"@id\":\"https:\/\/tremdavale.org\/pt\/contacao-de-historias-nas-estacoes\/#primaryimage\"},\"image\":{\"@id\":\"https:\/\/tremdavale.org\/pt\/contacao-de-historias-nas-estacoes\/#primaryimage\"},\"thumbnailUrl\":\"https:\/\/tremdavale.org\/wp-content\/uploads\/contacao-de-historias-aletria-13-11-2009-fotos-bruna-tropia-18.jpg\",\"datePublished\":\"2011-09-11T18:43:00+00:00\",\"dateModified\":\"2025-10-10T11:57:00+00:00\",\"author\":{\"@id\":\"https:\/\/tremdavale.org\/pt\/#\/schema\/person\/50912137d47426d31329f246d02eaeca\"},\"breadcrumb\":{\"@id\":\"https:\/\/tremdavale.org\/pt\/contacao-de-historias-nas-estacoes\/#breadcrumb\"},\"inLanguage\":\"pt-PT\",\"potentialAction\":[{\"@type\":\"ReadAction\",\"target\":[\"https:\/\/tremdavale.org\/pt\/contacao-de-historias-nas-estacoes\/\"]}]},{\"@type\":\"ImageObject\",\"inLanguage\":\"pt-PT\",\"@id\":\"https:\/\/tremdavale.org\/pt\/contacao-de-historias-nas-estacoes\/#primaryimage\",\"url\":\"https:\/\/tremdavale.org\/wp-content\/uploads\/contacao-de-historias-aletria-13-11-2009-fotos-bruna-tropia-18.jpg\",\"contentUrl\":\"https:\/\/tremdavale.org\/wp-content\/uploads\/contacao-de-historias-aletria-13-11-2009-fotos-bruna-tropia-18.jpg\",\"width\":3872,\"height\":2592},{\"@type\":\"BreadcrumbList\",\"@id\":\"https:\/\/tremdavale.org\/pt\/contacao-de-historias-nas-estacoes\/#breadcrumb\",\"itemListElement\":[{\"@type\":\"ListItem\",\"position\":1,\"name\":\"In\u00edcio\",\"item\":\"https:\/\/tremdavale.org\/pt\/\"},{\"@type\":\"ListItem\",\"position\":2,\"name\":\"Conta\u00e7\u00e3o de Hist\u00f3rias nas Esta\u00e7\u00f5es no m\u00eas de abril\"}]},{\"@type\":\"WebSite\",\"@id\":\"https:\/\/tremdavale.org\/pt\/#website\",\"url\":\"https:\/\/tremdavale.org\/pt\/\",\"name\":\"Trem da Vale\",\"description\":\"Programa de Educa\u00e7\u00e3o Patrimonial\",\"potentialAction\":[{\"@type\":\"SearchAction\",\"target\":{\"@type\":\"EntryPoint\",\"urlTemplate\":\"https:\/\/tremdavale.org\/pt\/?s={search_term_string}\"},\"query-input\":{\"@type\":\"PropertyValueSpecification\",\"valueRequired\":true,\"valueName\":\"search_term_string\"}}],\"inLanguage\":\"pt-PT\"},{\"@type\":\"Person\",\"@id\":\"https:\/\/tremdavale.org\/pt\/#\/schema\/person\/50912137d47426d31329f246d02eaeca\",\"name\":\"admin\",\"image\":{\"@type\":\"ImageObject\",\"inLanguage\":\"pt-PT\",\"@id\":\"https:\/\/tremdavale.org\/pt\/#\/schema\/person\/image\/\",\"url\":\"https:\/\/secure.gravatar.com\/avatar\/b3564f0fda6ea47959fe96a4217203e79a167568a37409758659bc3ba443b452?s=96&d=mm&r=g\",\"contentUrl\":\"https:\/\/secure.gravatar.com\/avatar\/b3564f0fda6ea47959fe96a4217203e79a167568a37409758659bc3ba443b452?s=96&d=mm&r=g\",\"caption\":\"admin\"},\"sameAs\":[\"https:\/\/tremdavale.org\"],\"url\":\"https:\/\/tremdavale.org\/pt\/author\/admin\/\"}]}<\/script>\n<!-- \/ Yoast SEO plugin. -->","yoast_head_json":{"title":"Conta\u00e7\u00e3o de Hist\u00f3rias nas Esta\u00e7\u00f5es no m\u00eas de abril &#8212; Trem da Vale","robots":{"index":"index","follow":"follow","max-snippet":"max-snippet:-1","max-image-preview":"max-image-preview:large","max-video-preview":"max-video-preview:-1"},"canonical":"https:\/\/tremdavale.org\/pt\/contacao-de-historias-nas-estacoes\/","og_locale":"pt_PT","og_type":"article","og_title":"Conta\u00e7\u00e3o de Hist\u00f3rias nas Esta\u00e7\u00f5es no m\u00eas de abril &#8212; Trem da Vale","og_description":"No m\u00eas de abril o Trem da Vale traz para o p\u00fablico infanto-juvenil hist\u00f3rias de personagens criados pelo autor Monteiro Lobato e por povos ind\u00edgenas.","og_url":"https:\/\/tremdavale.org\/pt\/contacao-de-historias-nas-estacoes\/","og_site_name":"Trem da Vale","article_published_time":"2011-09-11T18:43:00+00:00","article_modified_time":"2025-10-10T11:57:00+00:00","og_image":[{"url":"https:\/\/tremdavale.org\/wp-content\/uploads\/contacao-de-historias-aletria-13-11-2009-fotos-bruna-tropia-18.jpg","width":1024,"height":685,"type":"image\/jpeg"}],"author":"admin","twitter_card":"summary_large_image","twitter_misc":{"Escrito por":"admin","Tempo estimado de leitura":"1 minuto"},"schema":{"@context":"https:\/\/schema.org","@graph":[{"@type":"WebPage","@id":"https:\/\/tremdavale.org\/pt\/contacao-de-historias-nas-estacoes\/","url":"https:\/\/tremdavale.org\/pt\/contacao-de-historias-nas-estacoes\/","name":"Conta\u00e7\u00e3o de Hist\u00f3rias nas Esta\u00e7\u00f5es no m\u00eas de abril &#8212; Trem da Vale","isPartOf":{"@id":"https:\/\/tremdavale.org\/pt\/#website"},"primaryImageOfPage":{"@id":"https:\/\/tremdavale.org\/pt\/contacao-de-historias-nas-estacoes\/#primaryimage"},"image":{"@id":"https:\/\/tremdavale.org\/pt\/contacao-de-historias-nas-estacoes\/#primaryimage"},"thumbnailUrl":"https:\/\/tremdavale.org\/wp-content\/uploads\/contacao-de-historias-aletria-13-11-2009-fotos-bruna-tropia-18.jpg","datePublished":"2011-09-11T18:43:00+00:00","dateModified":"2025-10-10T11:57:00+00:00","author":{"@id":"https:\/\/tremdavale.org\/pt\/#\/schema\/person\/50912137d47426d31329f246d02eaeca"},"breadcrumb":{"@id":"https:\/\/tremdavale.org\/pt\/contacao-de-historias-nas-estacoes\/#breadcrumb"},"inLanguage":"pt-PT","potentialAction":[{"@type":"ReadAction","target":["https:\/\/tremdavale.org\/pt\/contacao-de-historias-nas-estacoes\/"]}]},{"@type":"ImageObject","inLanguage":"pt-PT","@id":"https:\/\/tremdavale.org\/pt\/contacao-de-historias-nas-estacoes\/#primaryimage","url":"https:\/\/tremdavale.org\/wp-content\/uploads\/contacao-de-historias-aletria-13-11-2009-fotos-bruna-tropia-18.jpg","contentUrl":"https:\/\/tremdavale.org\/wp-content\/uploads\/contacao-de-historias-aletria-13-11-2009-fotos-bruna-tropia-18.jpg","width":3872,"height":2592},{"@type":"BreadcrumbList","@id":"https:\/\/tremdavale.org\/pt\/contacao-de-historias-nas-estacoes\/#breadcrumb","itemListElement":[{"@type":"ListItem","position":1,"name":"In\u00edcio","item":"https:\/\/tremdavale.org\/pt\/"},{"@type":"ListItem","position":2,"name":"Conta\u00e7\u00e3o de Hist\u00f3rias nas Esta\u00e7\u00f5es no m\u00eas de abril"}]},{"@type":"WebSite","@id":"https:\/\/tremdavale.org\/pt\/#website","url":"https:\/\/tremdavale.org\/pt\/","name":"Trem da Vale","description":"Programa de Educa\u00e7\u00e3o Patrimonial","potentialAction":[{"@type":"SearchAction","target":{"@type":"EntryPoint","urlTemplate":"https:\/\/tremdavale.org\/pt\/?s={search_term_string}"},"query-input":{"@type":"PropertyValueSpecification","valueRequired":true,"valueName":"search_term_string"}}],"inLanguage":"pt-PT"},{"@type":"Person","@id":"https:\/\/tremdavale.org\/pt\/#\/schema\/person\/50912137d47426d31329f246d02eaeca","name":"admin","image":{"@type":"ImageObject","inLanguage":"pt-PT","@id":"https:\/\/tremdavale.org\/pt\/#\/schema\/person\/image\/","url":"https:\/\/secure.gravatar.com\/avatar\/b3564f0fda6ea47959fe96a4217203e79a167568a37409758659bc3ba443b452?s=96&d=mm&r=g","contentUrl":"https:\/\/secure.gravatar.com\/avatar\/b3564f0fda6ea47959fe96a4217203e79a167568a37409758659bc3ba443b452?s=96&d=mm&r=g","caption":"admin"},"sameAs":["https:\/\/tremdavale.org"],"url":"https:\/\/tremdavale.org\/pt\/author\/admin\/"}]}},"_links":{"self":[{"href":"https:\/\/tremdavale.org\/pt\/wp-json\/wp\/v2\/posts\/108","targetHints":{"allow":["GET"]}}],"collection":[{"href":"https:\/\/tremdavale.org\/pt\/wp-json\/wp\/v2\/posts"}],"about":[{"href":"https:\/\/tremdavale.org\/pt\/wp-json\/wp\/v2\/types\/post"}],"author":[{"embeddable":true,"href":"https:\/\/tremdavale.org\/pt\/wp-json\/wp\/v2\/users\/1"}],"replies":[{"embeddable":true,"href":"https:\/\/tremdavale.org\/pt\/wp-json\/wp\/v2\/comments?post=108"}],"version-history":[{"count":0,"href":"https:\/\/tremdavale.org\/pt\/wp-json\/wp\/v2\/posts\/108\/revisions"}],"wp:featuredmedia":[{"embeddable":true,"href":"https:\/\/tremdavale.org\/pt\/wp-json\/wp\/v2\/media\/394"}],"wp:attachment":[{"href":"https:\/\/tremdavale.org\/pt\/wp-json\/wp\/v2\/media?parent=108"}],"wp:term":[{"taxonomy":"category","embeddable":true,"href":"https:\/\/tremdavale.org\/pt\/wp-json\/wp\/v2\/categories?post=108"},{"taxonomy":"post_tag","embeddable":true,"href":"https:\/\/tremdavale.org\/pt\/wp-json\/wp\/v2\/tags?post=108"}],"curies":[{"name":"wp","href":"https:\/\/api.w.org\/{rel}","templated":true}]}}