{"id":112,"date":"2013-08-25T05:15:00","date_gmt":"2013-08-25T05:15:00","guid":{"rendered":"https:\/\/tremdavale.org\/?p=112"},"modified":"2025-10-10T11:57:00","modified_gmt":"2025-10-10T11:57:00","slug":"descontos-para-embarcar-no-trem-da-vale","status":"publish","type":"post","link":"https:\/\/tremdavale.org\/pt\/descontos-para-embarcar-no-trem-da-vale\/","title":{"rendered":"Viagens de trem em janeiro"},"content":{"rendered":"<p><img loading=\"lazy\" decoding=\"async\" class=\"size-medium\" title=\"circuito-comunidade-projovem-cach-do-campo-160812-fotos-karina-26-site\" src=\"\/wp-content\/uploads\/circuito-comunidade-projovem-cach-do-campo-160812-fotos-karina-26-site-300x225.jpg\" alt=\"circuito-comunidade-projovem-cach-do-campo-160812-fotos-karina-26-site\" width=\"300\" height=\"225\"><\/p>\n<p>Circuito Comunidade. Foto: Karina Lima<\/p>\n<p>&nbsp;<\/p>\n<p style=\"text-align: justify;\"><span>Excepcionalmente, em janeiro,<\/span> <span>as viagens de trem acontecem de<\/span> <span>quinta-feira a domingo<\/span><span>e feriados nacionais nos seguintes hor\u00e1rios:<\/span><\/p>\n<p><span><strong>Embarque de Mariana:<\/strong><\/span><\/p>\n<p><span>Quinta a s\u00e1bado: 13h e 16h<\/span><\/p>\n<p><span>Somente aos Domingos: 11h30 ,15h e 16h30.<\/span><\/p>\n<p><span><strong>Embarque de Ouro Preto:<\/strong><\/span><\/p>\n<p><span>Quinta a s\u00e1bado: 10h e 14h30<\/span><\/p>\n<p><span>Somente aos Domingos: 10h e 13h30<\/span><\/p>\n<p><strong><span>PRE\u00c7OS:<\/span><\/strong><\/p>\n<p><span>Inteira:<\/span><\/p>\n<p><span>\u00b7<\/span><span>R$ 40,00 ida<\/span><\/p>\n<p><span>\u00b7<\/span><span>R$ 60,00 ida e volta.<\/span><\/p>\n<p><span>Meia:<\/span><\/p>\n<p><span>\u00b7<\/span><span>R$ 20,00 ida<\/span><\/p>\n<p><span>\u00b7<\/span><span>R$ 30,00 ida e volta.<\/span><\/p>\n<p><span>Vag\u00e3o Panor\u00e2mico:<\/span><\/p>\n<p><span>\u00b7<\/span><span>R$ 60,00 ida<\/span><\/p>\n<p><span>\u00b7<\/span><span>R$ 80,00 ida e volta.<\/span><\/p>\n<p><strong>Descontos para embarcar no Trem da Vale<\/strong><\/p>\n<ol>\n<li>Crian\u00e7as at\u00e9 5 anos, no colo, n\u00e3o pagam.&nbsp;Crian\u00e7as de 6 a 12 anos, adultos a partir de 60 anos e estudantes (mediante apresenta\u00e7\u00e3o de RG e carteira de estudante dentro do prazo de validade)&nbsp;pagam&nbsp;meia-entrada.<\/li>\n<li>Os naturais de Ouro Preto e Mariana que comprovarem ser das cidades, apresentando o documento de identidade e comprovante de endere\u00e7o t\u00eam desconto de 50% nas viagens de trem.<\/li>\n<\/ol>\n<p>&nbsp;<\/p>\n<p><span style=\"text-decoration: underline;\">Reserva para grupos<\/span><\/p>\n<p><span>O guia tur\u00edstico credenciado pela Embratur, pela Agtop e pela Agturb, apresentando carteira dentro da validade, tem direito a uma cortesia.<\/span> <span>Cada grupo de 30 pessoas tamb\u00e9m tem direito a um bilhete de cortesia.<\/span><\/p>\n<p>&nbsp;<\/p>\n","protected":false},"excerpt":{"rendered":"<p>Circuito Comunidade. Foto: Karina Lima &nbsp; Excepcionalmente, em janeiro, as viagens de trem acontecem de quinta-feira a domingoe feriados nacionais nos seguintes hor\u00e1rios: Embarque de Mariana: Quinta a s\u00e1bado: 13h e 16h Somente aos Domingos: 11h30 ,15h e 16h30. Embarque de Ouro Preto: Quinta a s\u00e1bado: 10h e 14h30 Somente &hellip;<\/p>\n","protected":false},"author":1,"featured_media":397,"comment_status":"open","ping_status":"closed","sticky":false,"template":"","format":"standard","meta":{"footnotes":""},"categories":[2],"tags":[],"class_list":["post-112","post","type-post","status-publish","format-standard","has-post-thumbnail","hentry","category-destaques-home"],"yoast_head":"<!-- This site is optimized with the Yoast SEO plugin v26.1.1 - https:\/\/yoast.com\/wordpress\/plugins\/seo\/ -->\n<title>Viagens de trem em janeiro &#8212; Trem da Vale<\/title>\n<meta name=\"robots\" content=\"index, follow, max-snippet:-1, max-image-preview:large, max-video-preview:-1\" \/>\n<link rel=\"canonical\" href=\"https:\/\/tremdavale.org\/pt\/descontos-para-embarcar-no-trem-da-vale\/\" \/>\n<meta property=\"og:locale\" content=\"pt_PT\" \/>\n<meta property=\"og:type\" content=\"article\" \/>\n<meta property=\"og:title\" content=\"Viagens de trem em janeiro &#8212; Trem da Vale\" \/>\n<meta property=\"og:description\" content=\"Circuito Comunidade. Foto: Karina Lima &nbsp; Excepcionalmente, em janeiro, as viagens de trem acontecem de quinta-feira a domingoe feriados nacionais nos seguintes hor\u00e1rios: Embarque de Mariana: Quinta a s\u00e1bado: 13h e 16h Somente aos Domingos: 11h30 ,15h e 16h30. Embarque de Ouro Preto: Quinta a s\u00e1bado: 10h e 14h30 Somente &hellip;\" \/>\n<meta property=\"og:url\" content=\"https:\/\/tremdavale.org\/pt\/descontos-para-embarcar-no-trem-da-vale\/\" \/>\n<meta property=\"og:site_name\" content=\"Trem da Vale\" \/>\n<meta property=\"article:published_time\" content=\"2013-08-25T05:15:00+00:00\" \/>\n<meta property=\"article:modified_time\" content=\"2025-10-10T11:57:00+00:00\" \/>\n<meta property=\"og:image\" content=\"https:\/\/tremdavale.org\/wp-content\/uploads\/circuito-comunidade-projovem-cach-do-campo-160812-fotos-karina-26-site-300x225.jpg\" \/>\n\t<meta property=\"og:image:width\" content=\"300\" \/>\n\t<meta property=\"og:image:height\" content=\"225\" \/>\n\t<meta property=\"og:image:type\" content=\"image\/jpeg\" \/>\n<meta name=\"author\" content=\"admin\" \/>\n<meta name=\"twitter:card\" content=\"summary_large_image\" \/>\n<meta name=\"twitter:label1\" content=\"Escrito por\" \/>\n\t<meta name=\"twitter:data1\" content=\"admin\" \/>\n\t<meta name=\"twitter:label2\" content=\"Tempo estimado de leitura\" \/>\n\t<meta name=\"twitter:data2\" content=\"1 minuto\" \/>\n<script type=\"application\/ld+json\" class=\"yoast-schema-graph\">{\"@context\":\"https:\/\/schema.org\",\"@graph\":[{\"@type\":\"WebPage\",\"@id\":\"https:\/\/tremdavale.org\/pt\/descontos-para-embarcar-no-trem-da-vale\/\",\"url\":\"https:\/\/tremdavale.org\/pt\/descontos-para-embarcar-no-trem-da-vale\/\",\"name\":\"Viagens de trem em janeiro &#8212; Trem da Vale\",\"isPartOf\":{\"@id\":\"https:\/\/tremdavale.org\/pt\/#website\"},\"primaryImageOfPage\":{\"@id\":\"https:\/\/tremdavale.org\/pt\/descontos-para-embarcar-no-trem-da-vale\/#primaryimage\"},\"image\":{\"@id\":\"https:\/\/tremdavale.org\/pt\/descontos-para-embarcar-no-trem-da-vale\/#primaryimage\"},\"thumbnailUrl\":\"https:\/\/tremdavale.org\/wp-content\/uploads\/circuito-comunidade-projovem-cach-do-campo-160812-fotos-karina-26-site-300x225.jpg\",\"datePublished\":\"2013-08-25T05:15:00+00:00\",\"dateModified\":\"2025-10-10T11:57:00+00:00\",\"author\":{\"@id\":\"https:\/\/tremdavale.org\/pt\/#\/schema\/person\/50912137d47426d31329f246d02eaeca\"},\"breadcrumb\":{\"@id\":\"https:\/\/tremdavale.org\/pt\/descontos-para-embarcar-no-trem-da-vale\/#breadcrumb\"},\"inLanguage\":\"pt-PT\",\"potentialAction\":[{\"@type\":\"ReadAction\",\"target\":[\"https:\/\/tremdavale.org\/pt\/descontos-para-embarcar-no-trem-da-vale\/\"]}]},{\"@type\":\"ImageObject\",\"inLanguage\":\"pt-PT\",\"@id\":\"https:\/\/tremdavale.org\/pt\/descontos-para-embarcar-no-trem-da-vale\/#primaryimage\",\"url\":\"https:\/\/tremdavale.org\/wp-content\/uploads\/circuito-comunidade-projovem-cach-do-campo-160812-fotos-karina-26-site-300x225.jpg\",\"contentUrl\":\"https:\/\/tremdavale.org\/wp-content\/uploads\/circuito-comunidade-projovem-cach-do-campo-160812-fotos-karina-26-site-300x225.jpg\",\"width\":300,\"height\":225},{\"@type\":\"BreadcrumbList\",\"@id\":\"https:\/\/tremdavale.org\/pt\/descontos-para-embarcar-no-trem-da-vale\/#breadcrumb\",\"itemListElement\":[{\"@type\":\"ListItem\",\"position\":1,\"name\":\"In\u00edcio\",\"item\":\"https:\/\/tremdavale.org\/pt\/\"},{\"@type\":\"ListItem\",\"position\":2,\"name\":\"Viagens de trem em janeiro\"}]},{\"@type\":\"WebSite\",\"@id\":\"https:\/\/tremdavale.org\/pt\/#website\",\"url\":\"https:\/\/tremdavale.org\/pt\/\",\"name\":\"Trem da Vale\",\"description\":\"Programa de Educa\u00e7\u00e3o Patrimonial\",\"potentialAction\":[{\"@type\":\"SearchAction\",\"target\":{\"@type\":\"EntryPoint\",\"urlTemplate\":\"https:\/\/tremdavale.org\/pt\/?s={search_term_string}\"},\"query-input\":{\"@type\":\"PropertyValueSpecification\",\"valueRequired\":true,\"valueName\":\"search_term_string\"}}],\"inLanguage\":\"pt-PT\"},{\"@type\":\"Person\",\"@id\":\"https:\/\/tremdavale.org\/pt\/#\/schema\/person\/50912137d47426d31329f246d02eaeca\",\"name\":\"admin\",\"image\":{\"@type\":\"ImageObject\",\"inLanguage\":\"pt-PT\",\"@id\":\"https:\/\/tremdavale.org\/pt\/#\/schema\/person\/image\/\",\"url\":\"https:\/\/secure.gravatar.com\/avatar\/b3564f0fda6ea47959fe96a4217203e79a167568a37409758659bc3ba443b452?s=96&d=mm&r=g\",\"contentUrl\":\"https:\/\/secure.gravatar.com\/avatar\/b3564f0fda6ea47959fe96a4217203e79a167568a37409758659bc3ba443b452?s=96&d=mm&r=g\",\"caption\":\"admin\"},\"sameAs\":[\"https:\/\/tremdavale.org\"],\"url\":\"https:\/\/tremdavale.org\/pt\/author\/admin\/\"}]}<\/script>\n<!-- \/ Yoast SEO plugin. -->","yoast_head_json":{"title":"Viagens de trem em janeiro &#8212; Trem da Vale","robots":{"index":"index","follow":"follow","max-snippet":"max-snippet:-1","max-image-preview":"max-image-preview:large","max-video-preview":"max-video-preview:-1"},"canonical":"https:\/\/tremdavale.org\/pt\/descontos-para-embarcar-no-trem-da-vale\/","og_locale":"pt_PT","og_type":"article","og_title":"Viagens de trem em janeiro &#8212; Trem da Vale","og_description":"Circuito Comunidade. Foto: Karina Lima &nbsp; Excepcionalmente, em janeiro, as viagens de trem acontecem de quinta-feira a domingoe feriados nacionais nos seguintes hor\u00e1rios: Embarque de Mariana: Quinta a s\u00e1bado: 13h e 16h Somente aos Domingos: 11h30 ,15h e 16h30. Embarque de Ouro Preto: Quinta a s\u00e1bado: 10h e 14h30 Somente &hellip;","og_url":"https:\/\/tremdavale.org\/pt\/descontos-para-embarcar-no-trem-da-vale\/","og_site_name":"Trem da Vale","article_published_time":"2013-08-25T05:15:00+00:00","article_modified_time":"2025-10-10T11:57:00+00:00","og_image":[{"width":300,"height":225,"url":"https:\/\/tremdavale.org\/wp-content\/uploads\/circuito-comunidade-projovem-cach-do-campo-160812-fotos-karina-26-site-300x225.jpg","type":"image\/jpeg"}],"author":"admin","twitter_card":"summary_large_image","twitter_misc":{"Escrito por":"admin","Tempo estimado de leitura":"1 minuto"},"schema":{"@context":"https:\/\/schema.org","@graph":[{"@type":"WebPage","@id":"https:\/\/tremdavale.org\/pt\/descontos-para-embarcar-no-trem-da-vale\/","url":"https:\/\/tremdavale.org\/pt\/descontos-para-embarcar-no-trem-da-vale\/","name":"Viagens de trem em janeiro &#8212; Trem da Vale","isPartOf":{"@id":"https:\/\/tremdavale.org\/pt\/#website"},"primaryImageOfPage":{"@id":"https:\/\/tremdavale.org\/pt\/descontos-para-embarcar-no-trem-da-vale\/#primaryimage"},"image":{"@id":"https:\/\/tremdavale.org\/pt\/descontos-para-embarcar-no-trem-da-vale\/#primaryimage"},"thumbnailUrl":"https:\/\/tremdavale.org\/wp-content\/uploads\/circuito-comunidade-projovem-cach-do-campo-160812-fotos-karina-26-site-300x225.jpg","datePublished":"2013-08-25T05:15:00+00:00","dateModified":"2025-10-10T11:57:00+00:00","author":{"@id":"https:\/\/tremdavale.org\/pt\/#\/schema\/person\/50912137d47426d31329f246d02eaeca"},"breadcrumb":{"@id":"https:\/\/tremdavale.org\/pt\/descontos-para-embarcar-no-trem-da-vale\/#breadcrumb"},"inLanguage":"pt-PT","potentialAction":[{"@type":"ReadAction","target":["https:\/\/tremdavale.org\/pt\/descontos-para-embarcar-no-trem-da-vale\/"]}]},{"@type":"ImageObject","inLanguage":"pt-PT","@id":"https:\/\/tremdavale.org\/pt\/descontos-para-embarcar-no-trem-da-vale\/#primaryimage","url":"https:\/\/tremdavale.org\/wp-content\/uploads\/circuito-comunidade-projovem-cach-do-campo-160812-fotos-karina-26-site-300x225.jpg","contentUrl":"https:\/\/tremdavale.org\/wp-content\/uploads\/circuito-comunidade-projovem-cach-do-campo-160812-fotos-karina-26-site-300x225.jpg","width":300,"height":225},{"@type":"BreadcrumbList","@id":"https:\/\/tremdavale.org\/pt\/descontos-para-embarcar-no-trem-da-vale\/#breadcrumb","itemListElement":[{"@type":"ListItem","position":1,"name":"In\u00edcio","item":"https:\/\/tremdavale.org\/pt\/"},{"@type":"ListItem","position":2,"name":"Viagens de trem em janeiro"}]},{"@type":"WebSite","@id":"https:\/\/tremdavale.org\/pt\/#website","url":"https:\/\/tremdavale.org\/pt\/","name":"Trem da Vale","description":"Programa de Educa\u00e7\u00e3o Patrimonial","potentialAction":[{"@type":"SearchAction","target":{"@type":"EntryPoint","urlTemplate":"https:\/\/tremdavale.org\/pt\/?s={search_term_string}"},"query-input":{"@type":"PropertyValueSpecification","valueRequired":true,"valueName":"search_term_string"}}],"inLanguage":"pt-PT"},{"@type":"Person","@id":"https:\/\/tremdavale.org\/pt\/#\/schema\/person\/50912137d47426d31329f246d02eaeca","name":"admin","image":{"@type":"ImageObject","inLanguage":"pt-PT","@id":"https:\/\/tremdavale.org\/pt\/#\/schema\/person\/image\/","url":"https:\/\/secure.gravatar.com\/avatar\/b3564f0fda6ea47959fe96a4217203e79a167568a37409758659bc3ba443b452?s=96&d=mm&r=g","contentUrl":"https:\/\/secure.gravatar.com\/avatar\/b3564f0fda6ea47959fe96a4217203e79a167568a37409758659bc3ba443b452?s=96&d=mm&r=g","caption":"admin"},"sameAs":["https:\/\/tremdavale.org"],"url":"https:\/\/tremdavale.org\/pt\/author\/admin\/"}]}},"_links":{"self":[{"href":"https:\/\/tremdavale.org\/pt\/wp-json\/wp\/v2\/posts\/112","targetHints":{"allow":["GET"]}}],"collection":[{"href":"https:\/\/tremdavale.org\/pt\/wp-json\/wp\/v2\/posts"}],"about":[{"href":"https:\/\/tremdavale.org\/pt\/wp-json\/wp\/v2\/types\/post"}],"author":[{"embeddable":true,"href":"https:\/\/tremdavale.org\/pt\/wp-json\/wp\/v2\/users\/1"}],"replies":[{"embeddable":true,"href":"https:\/\/tremdavale.org\/pt\/wp-json\/wp\/v2\/comments?post=112"}],"version-history":[{"count":0,"href":"https:\/\/tremdavale.org\/pt\/wp-json\/wp\/v2\/posts\/112\/revisions"}],"wp:featuredmedia":[{"embeddable":true,"href":"https:\/\/tremdavale.org\/pt\/wp-json\/wp\/v2\/media\/397"}],"wp:attachment":[{"href":"https:\/\/tremdavale.org\/pt\/wp-json\/wp\/v2\/media?parent=112"}],"wp:term":[{"taxonomy":"category","embeddable":true,"href":"https:\/\/tremdavale.org\/pt\/wp-json\/wp\/v2\/categories?post=112"},{"taxonomy":"post_tag","embeddable":true,"href":"https:\/\/tremdavale.org\/pt\/wp-json\/wp\/v2\/tags?post=112"}],"curies":[{"name":"wp","href":"https:\/\/api.w.org\/{rel}","templated":true}]}}