{"id":113,"date":"2011-09-11T19:37:00","date_gmt":"2011-09-11T19:37:00","guid":{"rendered":"https:\/\/tremdavale.org\/?p=113"},"modified":"2025-10-10T11:57:00","modified_gmt":"2025-10-10T11:57:00","slug":"despertando-os-sentidos-pelas-trilhas-de-ouro-preto","status":"publish","type":"post","link":"https:\/\/tremdavale.org\/pt\/despertando-os-sentidos-pelas-trilhas-de-ouro-preto\/","title":{"rendered":"Despertando os sentidos pelas trilhas de Ouro Preto"},"content":{"rendered":"<p style=\"text-align: center;\"><img loading=\"lazy\" decoding=\"async\" class=\"aligncenter size-medium\" title=\"foto-trilha-tratada\" src=\"\/wp-content\/uploads\/foto-trilha-tratada-300x199.jpg\" alt=\"foto-trilha-tratada\" width=\"300\" height=\"199\"><\/p>\n<p>Nos meses de junho e julho, os moradores e visitantes de Ouro Preto est\u00e3o convidados a participarem da atividade Trilha Sensorial, que prop\u00f5e uma caminhada pela cidade com a aten\u00e7\u00e3o voltada para a paisagem natural e constru\u00edda, em busca de experi\u00eancias que despertem um novo olhar sobre o patrim\u00f4nio local.<\/p>\n<p>A Trilha Sensorial \u00e9 acompanhada&nbsp;por um&nbsp;historiador que descreve aspectos do cotidiano da cidade associados \u00e0 tradi\u00e7\u00e3o do lugar, ampliando a viv\u00eancia do percurso a partir do conhecimento das riquezas hist\u00f3ricas e culturais da regi\u00e3o. Os participantes s\u00e3o levados a uma intera\u00e7\u00e3o com os lugares, por meio de informa\u00e7\u00f5es que associam os bens hist\u00f3ricos e naturais \u00e0 mem\u00f3ria afetiva dos moradores e turistas, o que valoriza e promove a forte integra\u00e7\u00e3o com o meio, al\u00e9m de motivar atitudes de preserva\u00e7\u00e3o do patrim\u00f4nio cultural e natural da regi\u00e3o.<\/p>\n<p>No m\u00eas de junho, as Trilhas Sensoriais acontecem nos dias 20, 21, 27 e 28, e em julho, nos dias 04, 05, 11, 12, 18, 19, 25, 26. O percurso tem dura\u00e7\u00e3o de 1h30min aproximadamente. Tem in\u00edcio&nbsp;na Esta\u00e7\u00e3o de Ouro Preto, passando pela&nbsp;Praia do Circo, Rua do Pilar, Rua do Paran\u00e1, Rua Direita, Travessa do Arieira, Largo da Casa de \u00d3pera, Pra\u00e7a Tiradentes, Largo de Coimbra,&nbsp;e chegando at\u00e9 o Morro da Forca.<\/p>\n<p>O agendamento pode ser feito na recep\u00e7\u00e3o da Esta\u00e7\u00e3o de Ouro Preto com&nbsp;Silvana ou Loraina. Informa\u00e7\u00f5es pelo telefone (31) 3551-7310. \u00c9 aconselh\u00e1vel usar cal\u00e7ados adequados para caminhadas, filtro solar e levar uma garrafa com \u00e1gua.<\/p>\n<p>&nbsp;<\/p>\n","protected":false},"excerpt":{"rendered":"<p>Nos meses de junho e julho, os moradores e visitantes de Ouro Preto est\u00e3o convidados a participarem da atividade Trilha Sensorial, que prop\u00f5e uma caminhada pela cidade com a aten\u00e7\u00e3o voltada para a paisagem natural e constru\u00edda, em busca de experi\u00eancias que despertem um novo olhar sobre o patrim\u00f4nio local. &hellip;<\/p>\n","protected":false},"author":1,"featured_media":398,"comment_status":"open","ping_status":"closed","sticky":false,"template":"","format":"standard","meta":{"footnotes":""},"categories":[3],"tags":[],"class_list":["post-113","post","type-post","status-publish","format-standard","has-post-thumbnail","hentry","category-noticias"],"yoast_head":"<!-- This site is optimized with the Yoast SEO plugin v26.1.1 - https:\/\/yoast.com\/wordpress\/plugins\/seo\/ -->\n<title>Despertando os sentidos pelas trilhas de Ouro Preto &#8212; Trem da Vale<\/title>\n<meta name=\"robots\" content=\"index, follow, max-snippet:-1, max-image-preview:large, max-video-preview:-1\" \/>\n<link rel=\"canonical\" href=\"https:\/\/tremdavale.org\/pt\/despertando-os-sentidos-pelas-trilhas-de-ouro-preto\/\" \/>\n<meta property=\"og:locale\" content=\"pt_PT\" \/>\n<meta property=\"og:type\" content=\"article\" \/>\n<meta property=\"og:title\" content=\"Despertando os sentidos pelas trilhas de Ouro Preto &#8212; Trem da Vale\" \/>\n<meta property=\"og:description\" content=\"Nos meses de junho e julho, os moradores e visitantes de Ouro Preto est\u00e3o convidados a participarem da atividade Trilha Sensorial, que prop\u00f5e uma caminhada pela cidade com a aten\u00e7\u00e3o voltada para a paisagem natural e constru\u00edda, em busca de experi\u00eancias que despertem um novo olhar sobre o patrim\u00f4nio local. &hellip;\" \/>\n<meta property=\"og:url\" content=\"https:\/\/tremdavale.org\/pt\/despertando-os-sentidos-pelas-trilhas-de-ouro-preto\/\" \/>\n<meta property=\"og:site_name\" content=\"Trem da Vale\" \/>\n<meta property=\"article:published_time\" content=\"2011-09-11T19:37:00+00:00\" \/>\n<meta property=\"article:modified_time\" content=\"2025-10-10T11:57:00+00:00\" \/>\n<meta property=\"og:image\" content=\"https:\/\/tremdavale.org\/wp-content\/uploads\/foto-trilha-tratada-300x199.jpg\" \/>\n\t<meta property=\"og:image:width\" content=\"300\" \/>\n\t<meta property=\"og:image:height\" content=\"199\" \/>\n\t<meta property=\"og:image:type\" content=\"image\/jpeg\" \/>\n<meta name=\"author\" content=\"admin\" \/>\n<meta name=\"twitter:card\" content=\"summary_large_image\" \/>\n<meta name=\"twitter:label1\" content=\"Escrito por\" \/>\n\t<meta name=\"twitter:data1\" content=\"admin\" \/>\n\t<meta name=\"twitter:label2\" content=\"Tempo estimado de leitura\" \/>\n\t<meta name=\"twitter:data2\" content=\"1 minuto\" \/>\n<script type=\"application\/ld+json\" class=\"yoast-schema-graph\">{\"@context\":\"https:\/\/schema.org\",\"@graph\":[{\"@type\":\"WebPage\",\"@id\":\"https:\/\/tremdavale.org\/pt\/despertando-os-sentidos-pelas-trilhas-de-ouro-preto\/\",\"url\":\"https:\/\/tremdavale.org\/pt\/despertando-os-sentidos-pelas-trilhas-de-ouro-preto\/\",\"name\":\"Despertando os sentidos pelas trilhas de Ouro Preto &#8212; Trem da Vale\",\"isPartOf\":{\"@id\":\"https:\/\/tremdavale.org\/pt\/#website\"},\"primaryImageOfPage\":{\"@id\":\"https:\/\/tremdavale.org\/pt\/despertando-os-sentidos-pelas-trilhas-de-ouro-preto\/#primaryimage\"},\"image\":{\"@id\":\"https:\/\/tremdavale.org\/pt\/despertando-os-sentidos-pelas-trilhas-de-ouro-preto\/#primaryimage\"},\"thumbnailUrl\":\"https:\/\/tremdavale.org\/wp-content\/uploads\/foto-trilha-tratada-300x199.jpg\",\"datePublished\":\"2011-09-11T19:37:00+00:00\",\"dateModified\":\"2025-10-10T11:57:00+00:00\",\"author\":{\"@id\":\"https:\/\/tremdavale.org\/pt\/#\/schema\/person\/50912137d47426d31329f246d02eaeca\"},\"breadcrumb\":{\"@id\":\"https:\/\/tremdavale.org\/pt\/despertando-os-sentidos-pelas-trilhas-de-ouro-preto\/#breadcrumb\"},\"inLanguage\":\"pt-PT\",\"potentialAction\":[{\"@type\":\"ReadAction\",\"target\":[\"https:\/\/tremdavale.org\/pt\/despertando-os-sentidos-pelas-trilhas-de-ouro-preto\/\"]}]},{\"@type\":\"ImageObject\",\"inLanguage\":\"pt-PT\",\"@id\":\"https:\/\/tremdavale.org\/pt\/despertando-os-sentidos-pelas-trilhas-de-ouro-preto\/#primaryimage\",\"url\":\"https:\/\/tremdavale.org\/wp-content\/uploads\/foto-trilha-tratada-300x199.jpg\",\"contentUrl\":\"https:\/\/tremdavale.org\/wp-content\/uploads\/foto-trilha-tratada-300x199.jpg\",\"width\":300,\"height\":199},{\"@type\":\"BreadcrumbList\",\"@id\":\"https:\/\/tremdavale.org\/pt\/despertando-os-sentidos-pelas-trilhas-de-ouro-preto\/#breadcrumb\",\"itemListElement\":[{\"@type\":\"ListItem\",\"position\":1,\"name\":\"In\u00edcio\",\"item\":\"https:\/\/tremdavale.org\/pt\/\"},{\"@type\":\"ListItem\",\"position\":2,\"name\":\"Despertando os sentidos pelas trilhas de Ouro Preto\"}]},{\"@type\":\"WebSite\",\"@id\":\"https:\/\/tremdavale.org\/pt\/#website\",\"url\":\"https:\/\/tremdavale.org\/pt\/\",\"name\":\"Trem da Vale\",\"description\":\"Programa de Educa\u00e7\u00e3o Patrimonial\",\"potentialAction\":[{\"@type\":\"SearchAction\",\"target\":{\"@type\":\"EntryPoint\",\"urlTemplate\":\"https:\/\/tremdavale.org\/pt\/?s={search_term_string}\"},\"query-input\":{\"@type\":\"PropertyValueSpecification\",\"valueRequired\":true,\"valueName\":\"search_term_string\"}}],\"inLanguage\":\"pt-PT\"},{\"@type\":\"Person\",\"@id\":\"https:\/\/tremdavale.org\/pt\/#\/schema\/person\/50912137d47426d31329f246d02eaeca\",\"name\":\"admin\",\"image\":{\"@type\":\"ImageObject\",\"inLanguage\":\"pt-PT\",\"@id\":\"https:\/\/tremdavale.org\/pt\/#\/schema\/person\/image\/\",\"url\":\"https:\/\/secure.gravatar.com\/avatar\/b3564f0fda6ea47959fe96a4217203e79a167568a37409758659bc3ba443b452?s=96&d=mm&r=g\",\"contentUrl\":\"https:\/\/secure.gravatar.com\/avatar\/b3564f0fda6ea47959fe96a4217203e79a167568a37409758659bc3ba443b452?s=96&d=mm&r=g\",\"caption\":\"admin\"},\"sameAs\":[\"https:\/\/tremdavale.org\"],\"url\":\"https:\/\/tremdavale.org\/pt\/author\/admin\/\"}]}<\/script>\n<!-- \/ Yoast SEO plugin. -->","yoast_head_json":{"title":"Despertando os sentidos pelas trilhas de Ouro Preto &#8212; Trem da Vale","robots":{"index":"index","follow":"follow","max-snippet":"max-snippet:-1","max-image-preview":"max-image-preview:large","max-video-preview":"max-video-preview:-1"},"canonical":"https:\/\/tremdavale.org\/pt\/despertando-os-sentidos-pelas-trilhas-de-ouro-preto\/","og_locale":"pt_PT","og_type":"article","og_title":"Despertando os sentidos pelas trilhas de Ouro Preto &#8212; Trem da Vale","og_description":"Nos meses de junho e julho, os moradores e visitantes de Ouro Preto est\u00e3o convidados a participarem da atividade Trilha Sensorial, que prop\u00f5e uma caminhada pela cidade com a aten\u00e7\u00e3o voltada para a paisagem natural e constru\u00edda, em busca de experi\u00eancias que despertem um novo olhar sobre o patrim\u00f4nio local. &hellip;","og_url":"https:\/\/tremdavale.org\/pt\/despertando-os-sentidos-pelas-trilhas-de-ouro-preto\/","og_site_name":"Trem da Vale","article_published_time":"2011-09-11T19:37:00+00:00","article_modified_time":"2025-10-10T11:57:00+00:00","og_image":[{"width":300,"height":199,"url":"https:\/\/tremdavale.org\/wp-content\/uploads\/foto-trilha-tratada-300x199.jpg","type":"image\/jpeg"}],"author":"admin","twitter_card":"summary_large_image","twitter_misc":{"Escrito por":"admin","Tempo estimado de leitura":"1 minuto"},"schema":{"@context":"https:\/\/schema.org","@graph":[{"@type":"WebPage","@id":"https:\/\/tremdavale.org\/pt\/despertando-os-sentidos-pelas-trilhas-de-ouro-preto\/","url":"https:\/\/tremdavale.org\/pt\/despertando-os-sentidos-pelas-trilhas-de-ouro-preto\/","name":"Despertando os sentidos pelas trilhas de Ouro Preto &#8212; Trem da Vale","isPartOf":{"@id":"https:\/\/tremdavale.org\/pt\/#website"},"primaryImageOfPage":{"@id":"https:\/\/tremdavale.org\/pt\/despertando-os-sentidos-pelas-trilhas-de-ouro-preto\/#primaryimage"},"image":{"@id":"https:\/\/tremdavale.org\/pt\/despertando-os-sentidos-pelas-trilhas-de-ouro-preto\/#primaryimage"},"thumbnailUrl":"https:\/\/tremdavale.org\/wp-content\/uploads\/foto-trilha-tratada-300x199.jpg","datePublished":"2011-09-11T19:37:00+00:00","dateModified":"2025-10-10T11:57:00+00:00","author":{"@id":"https:\/\/tremdavale.org\/pt\/#\/schema\/person\/50912137d47426d31329f246d02eaeca"},"breadcrumb":{"@id":"https:\/\/tremdavale.org\/pt\/despertando-os-sentidos-pelas-trilhas-de-ouro-preto\/#breadcrumb"},"inLanguage":"pt-PT","potentialAction":[{"@type":"ReadAction","target":["https:\/\/tremdavale.org\/pt\/despertando-os-sentidos-pelas-trilhas-de-ouro-preto\/"]}]},{"@type":"ImageObject","inLanguage":"pt-PT","@id":"https:\/\/tremdavale.org\/pt\/despertando-os-sentidos-pelas-trilhas-de-ouro-preto\/#primaryimage","url":"https:\/\/tremdavale.org\/wp-content\/uploads\/foto-trilha-tratada-300x199.jpg","contentUrl":"https:\/\/tremdavale.org\/wp-content\/uploads\/foto-trilha-tratada-300x199.jpg","width":300,"height":199},{"@type":"BreadcrumbList","@id":"https:\/\/tremdavale.org\/pt\/despertando-os-sentidos-pelas-trilhas-de-ouro-preto\/#breadcrumb","itemListElement":[{"@type":"ListItem","position":1,"name":"In\u00edcio","item":"https:\/\/tremdavale.org\/pt\/"},{"@type":"ListItem","position":2,"name":"Despertando os sentidos pelas trilhas de Ouro Preto"}]},{"@type":"WebSite","@id":"https:\/\/tremdavale.org\/pt\/#website","url":"https:\/\/tremdavale.org\/pt\/","name":"Trem da Vale","description":"Programa de Educa\u00e7\u00e3o Patrimonial","potentialAction":[{"@type":"SearchAction","target":{"@type":"EntryPoint","urlTemplate":"https:\/\/tremdavale.org\/pt\/?s={search_term_string}"},"query-input":{"@type":"PropertyValueSpecification","valueRequired":true,"valueName":"search_term_string"}}],"inLanguage":"pt-PT"},{"@type":"Person","@id":"https:\/\/tremdavale.org\/pt\/#\/schema\/person\/50912137d47426d31329f246d02eaeca","name":"admin","image":{"@type":"ImageObject","inLanguage":"pt-PT","@id":"https:\/\/tremdavale.org\/pt\/#\/schema\/person\/image\/","url":"https:\/\/secure.gravatar.com\/avatar\/b3564f0fda6ea47959fe96a4217203e79a167568a37409758659bc3ba443b452?s=96&d=mm&r=g","contentUrl":"https:\/\/secure.gravatar.com\/avatar\/b3564f0fda6ea47959fe96a4217203e79a167568a37409758659bc3ba443b452?s=96&d=mm&r=g","caption":"admin"},"sameAs":["https:\/\/tremdavale.org"],"url":"https:\/\/tremdavale.org\/pt\/author\/admin\/"}]}},"_links":{"self":[{"href":"https:\/\/tremdavale.org\/pt\/wp-json\/wp\/v2\/posts\/113","targetHints":{"allow":["GET"]}}],"collection":[{"href":"https:\/\/tremdavale.org\/pt\/wp-json\/wp\/v2\/posts"}],"about":[{"href":"https:\/\/tremdavale.org\/pt\/wp-json\/wp\/v2\/types\/post"}],"author":[{"embeddable":true,"href":"https:\/\/tremdavale.org\/pt\/wp-json\/wp\/v2\/users\/1"}],"replies":[{"embeddable":true,"href":"https:\/\/tremdavale.org\/pt\/wp-json\/wp\/v2\/comments?post=113"}],"version-history":[{"count":0,"href":"https:\/\/tremdavale.org\/pt\/wp-json\/wp\/v2\/posts\/113\/revisions"}],"wp:featuredmedia":[{"embeddable":true,"href":"https:\/\/tremdavale.org\/pt\/wp-json\/wp\/v2\/media\/398"}],"wp:attachment":[{"href":"https:\/\/tremdavale.org\/pt\/wp-json\/wp\/v2\/media?parent=113"}],"wp:term":[{"taxonomy":"category","embeddable":true,"href":"https:\/\/tremdavale.org\/pt\/wp-json\/wp\/v2\/categories?post=113"},{"taxonomy":"post_tag","embeddable":true,"href":"https:\/\/tremdavale.org\/pt\/wp-json\/wp\/v2\/tags?post=113"}],"curies":[{"name":"wp","href":"https:\/\/api.w.org\/{rel}","templated":true}]}}