{"id":114,"date":"2011-09-11T20:06:00","date_gmt":"2011-09-11T20:06:00","guid":{"rendered":"https:\/\/tremdavale.org\/?p=114"},"modified":"2025-10-10T11:57:00","modified_gmt":"2025-10-10T11:57:00","slug":"dia-v-nas-estacoes","status":"publish","type":"post","link":"https:\/\/tremdavale.org\/pt\/dia-v-nas-estacoes\/","title":{"rendered":"Dia V nas Esta\u00e7\u00f5es"},"content":{"rendered":"<p><img loading=\"lazy\" decoding=\"async\" class=\"size-medium\" src=\"\/wp-content\/uploads\/foto-dia-v1-225x300.jpg\" alt=\"Papai Noel no Trem da Vale - Dia V.\" width=\"225\" height=\"300\"><\/p>\n<p>Papai Noel no Trem da Vale &#8211; Dia V.<\/p>\n<p>&nbsp;<\/p>\n<p style=\"text-align: justify;\">Desde 2007, os funcion\u00e1rios da FCA, da Vale e pessoas da comunidade se re\u00fanem para o Dia V, uma a\u00e7\u00e3o beneficente e volunt\u00e1ria que acontece em comemora\u00e7\u00e3o ao m\u00eas natalino com a participa\u00e7\u00e3o de crian\u00e7as da Casa Lar, situada em Ouro Preto e da Casa de Passagem, em Mariana.&nbsp;<!--more--><\/p>\n<p style=\"text-align: justify;\"><span style=\"font-size: 13.2px;\">Este ano, o evento ser\u00e1 realizado no dia 05\/12 &#8211; domingo, a partir da 9h na Esta\u00e7\u00e3o de Ouro Preto, e \u00e0s 14h30 na Esta\u00e7\u00e3o de Mariana. A programa\u00e7\u00e3o, que inclui atividades recreativas e l\u00fadicas com as crian\u00e7as, contar\u00e1 com a presen\u00e7a do Papai Noel. Tamb\u00e9m haver\u00e1 distribui\u00e7\u00e3o de pipoca e algod\u00e3o doce para os participantes!<\/span><\/p>\n<p style=\"text-align: justify;\">Como parte da programa\u00e7\u00e3o, ser\u00e3o apresentados os <em>8 Objetivos do Mil\u00eanio q<\/em>ue priorizam o cuidado com o meio ambiente e a aten\u00e7\u00e3o com o tema sustentabilidade.<\/p>\n<p style=\"text-align: justify;\">O evento \u00e9 aberto para todas as crian\u00e7as da regi\u00e3o. Participe e divirta-se!<\/p>\n<p>&nbsp;<\/p>\n","protected":false},"excerpt":{"rendered":"<p>Papai Noel no Trem da Vale &#8211; Dia V. &nbsp; Desde 2007, os funcion\u00e1rios da FCA, da Vale e pessoas da comunidade se re\u00fanem para o Dia V, uma a\u00e7\u00e3o beneficente e volunt\u00e1ria que acontece em comemora\u00e7\u00e3o ao m\u00eas natalino com a participa\u00e7\u00e3o de crian\u00e7as da Casa Lar, situada em &hellip;<\/p>\n","protected":false},"author":1,"featured_media":399,"comment_status":"open","ping_status":"closed","sticky":false,"template":"","format":"standard","meta":{"footnotes":""},"categories":[3],"tags":[],"class_list":["post-114","post","type-post","status-publish","format-standard","has-post-thumbnail","hentry","category-noticias"],"yoast_head":"<!-- This site is optimized with the Yoast SEO plugin v26.1.1 - https:\/\/yoast.com\/wordpress\/plugins\/seo\/ -->\n<title>Dia V nas Esta\u00e7\u00f5es &#8212; Trem da Vale<\/title>\n<meta name=\"robots\" content=\"index, follow, max-snippet:-1, max-image-preview:large, max-video-preview:-1\" \/>\n<link rel=\"canonical\" href=\"https:\/\/tremdavale.org\/pt\/dia-v-nas-estacoes\/\" \/>\n<meta property=\"og:locale\" content=\"pt_PT\" \/>\n<meta property=\"og:type\" content=\"article\" \/>\n<meta property=\"og:title\" content=\"Dia V nas Esta\u00e7\u00f5es &#8212; Trem da Vale\" \/>\n<meta property=\"og:description\" content=\"Papai Noel no Trem da Vale &#8211; Dia V. &nbsp; Desde 2007, os funcion\u00e1rios da FCA, da Vale e pessoas da comunidade se re\u00fanem para o Dia V, uma a\u00e7\u00e3o beneficente e volunt\u00e1ria que acontece em comemora\u00e7\u00e3o ao m\u00eas natalino com a participa\u00e7\u00e3o de crian\u00e7as da Casa Lar, situada em &hellip;\" \/>\n<meta property=\"og:url\" content=\"https:\/\/tremdavale.org\/pt\/dia-v-nas-estacoes\/\" \/>\n<meta property=\"og:site_name\" content=\"Trem da Vale\" \/>\n<meta property=\"article:published_time\" content=\"2011-09-11T20:06:00+00:00\" \/>\n<meta property=\"article:modified_time\" content=\"2025-10-10T11:57:00+00:00\" \/>\n<meta property=\"og:image\" content=\"https:\/\/tremdavale.org\/wp-content\/uploads\/foto-dia-v1-225x300.jpg\" \/>\n\t<meta property=\"og:image:width\" content=\"225\" \/>\n\t<meta property=\"og:image:height\" content=\"300\" \/>\n\t<meta property=\"og:image:type\" content=\"image\/jpeg\" \/>\n<meta name=\"author\" content=\"admin\" \/>\n<meta name=\"twitter:card\" content=\"summary_large_image\" \/>\n<meta name=\"twitter:label1\" content=\"Escrito por\" \/>\n\t<meta name=\"twitter:data1\" content=\"admin\" \/>\n\t<meta name=\"twitter:label2\" content=\"Tempo estimado de leitura\" \/>\n\t<meta name=\"twitter:data2\" content=\"1 minuto\" \/>\n<script type=\"application\/ld+json\" class=\"yoast-schema-graph\">{\"@context\":\"https:\/\/schema.org\",\"@graph\":[{\"@type\":\"WebPage\",\"@id\":\"https:\/\/tremdavale.org\/pt\/dia-v-nas-estacoes\/\",\"url\":\"https:\/\/tremdavale.org\/pt\/dia-v-nas-estacoes\/\",\"name\":\"Dia V nas Esta\u00e7\u00f5es &#8212; Trem da Vale\",\"isPartOf\":{\"@id\":\"https:\/\/tremdavale.org\/pt\/#website\"},\"primaryImageOfPage\":{\"@id\":\"https:\/\/tremdavale.org\/pt\/dia-v-nas-estacoes\/#primaryimage\"},\"image\":{\"@id\":\"https:\/\/tremdavale.org\/pt\/dia-v-nas-estacoes\/#primaryimage\"},\"thumbnailUrl\":\"https:\/\/tremdavale.org\/wp-content\/uploads\/foto-dia-v1-225x300.jpg\",\"datePublished\":\"2011-09-11T20:06:00+00:00\",\"dateModified\":\"2025-10-10T11:57:00+00:00\",\"author\":{\"@id\":\"https:\/\/tremdavale.org\/pt\/#\/schema\/person\/50912137d47426d31329f246d02eaeca\"},\"breadcrumb\":{\"@id\":\"https:\/\/tremdavale.org\/pt\/dia-v-nas-estacoes\/#breadcrumb\"},\"inLanguage\":\"pt-PT\",\"potentialAction\":[{\"@type\":\"ReadAction\",\"target\":[\"https:\/\/tremdavale.org\/pt\/dia-v-nas-estacoes\/\"]}]},{\"@type\":\"ImageObject\",\"inLanguage\":\"pt-PT\",\"@id\":\"https:\/\/tremdavale.org\/pt\/dia-v-nas-estacoes\/#primaryimage\",\"url\":\"https:\/\/tremdavale.org\/wp-content\/uploads\/foto-dia-v1-225x300.jpg\",\"contentUrl\":\"https:\/\/tremdavale.org\/wp-content\/uploads\/foto-dia-v1-225x300.jpg\",\"width\":225,\"height\":300},{\"@type\":\"BreadcrumbList\",\"@id\":\"https:\/\/tremdavale.org\/pt\/dia-v-nas-estacoes\/#breadcrumb\",\"itemListElement\":[{\"@type\":\"ListItem\",\"position\":1,\"name\":\"In\u00edcio\",\"item\":\"https:\/\/tremdavale.org\/pt\/\"},{\"@type\":\"ListItem\",\"position\":2,\"name\":\"Dia V nas Esta\u00e7\u00f5es\"}]},{\"@type\":\"WebSite\",\"@id\":\"https:\/\/tremdavale.org\/pt\/#website\",\"url\":\"https:\/\/tremdavale.org\/pt\/\",\"name\":\"Trem da Vale\",\"description\":\"Programa de Educa\u00e7\u00e3o Patrimonial\",\"potentialAction\":[{\"@type\":\"SearchAction\",\"target\":{\"@type\":\"EntryPoint\",\"urlTemplate\":\"https:\/\/tremdavale.org\/pt\/?s={search_term_string}\"},\"query-input\":{\"@type\":\"PropertyValueSpecification\",\"valueRequired\":true,\"valueName\":\"search_term_string\"}}],\"inLanguage\":\"pt-PT\"},{\"@type\":\"Person\",\"@id\":\"https:\/\/tremdavale.org\/pt\/#\/schema\/person\/50912137d47426d31329f246d02eaeca\",\"name\":\"admin\",\"image\":{\"@type\":\"ImageObject\",\"inLanguage\":\"pt-PT\",\"@id\":\"https:\/\/tremdavale.org\/pt\/#\/schema\/person\/image\/\",\"url\":\"https:\/\/secure.gravatar.com\/avatar\/b3564f0fda6ea47959fe96a4217203e79a167568a37409758659bc3ba443b452?s=96&d=mm&r=g\",\"contentUrl\":\"https:\/\/secure.gravatar.com\/avatar\/b3564f0fda6ea47959fe96a4217203e79a167568a37409758659bc3ba443b452?s=96&d=mm&r=g\",\"caption\":\"admin\"},\"sameAs\":[\"https:\/\/tremdavale.org\"],\"url\":\"https:\/\/tremdavale.org\/pt\/author\/admin\/\"}]}<\/script>\n<!-- \/ Yoast SEO plugin. -->","yoast_head_json":{"title":"Dia V nas Esta\u00e7\u00f5es &#8212; Trem da Vale","robots":{"index":"index","follow":"follow","max-snippet":"max-snippet:-1","max-image-preview":"max-image-preview:large","max-video-preview":"max-video-preview:-1"},"canonical":"https:\/\/tremdavale.org\/pt\/dia-v-nas-estacoes\/","og_locale":"pt_PT","og_type":"article","og_title":"Dia V nas Esta\u00e7\u00f5es &#8212; Trem da Vale","og_description":"Papai Noel no Trem da Vale &#8211; Dia V. &nbsp; Desde 2007, os funcion\u00e1rios da FCA, da Vale e pessoas da comunidade se re\u00fanem para o Dia V, uma a\u00e7\u00e3o beneficente e volunt\u00e1ria que acontece em comemora\u00e7\u00e3o ao m\u00eas natalino com a participa\u00e7\u00e3o de crian\u00e7as da Casa Lar, situada em &hellip;","og_url":"https:\/\/tremdavale.org\/pt\/dia-v-nas-estacoes\/","og_site_name":"Trem da Vale","article_published_time":"2011-09-11T20:06:00+00:00","article_modified_time":"2025-10-10T11:57:00+00:00","og_image":[{"width":225,"height":300,"url":"https:\/\/tremdavale.org\/wp-content\/uploads\/foto-dia-v1-225x300.jpg","type":"image\/jpeg"}],"author":"admin","twitter_card":"summary_large_image","twitter_misc":{"Escrito por":"admin","Tempo estimado de leitura":"1 minuto"},"schema":{"@context":"https:\/\/schema.org","@graph":[{"@type":"WebPage","@id":"https:\/\/tremdavale.org\/pt\/dia-v-nas-estacoes\/","url":"https:\/\/tremdavale.org\/pt\/dia-v-nas-estacoes\/","name":"Dia V nas Esta\u00e7\u00f5es &#8212; Trem da Vale","isPartOf":{"@id":"https:\/\/tremdavale.org\/pt\/#website"},"primaryImageOfPage":{"@id":"https:\/\/tremdavale.org\/pt\/dia-v-nas-estacoes\/#primaryimage"},"image":{"@id":"https:\/\/tremdavale.org\/pt\/dia-v-nas-estacoes\/#primaryimage"},"thumbnailUrl":"https:\/\/tremdavale.org\/wp-content\/uploads\/foto-dia-v1-225x300.jpg","datePublished":"2011-09-11T20:06:00+00:00","dateModified":"2025-10-10T11:57:00+00:00","author":{"@id":"https:\/\/tremdavale.org\/pt\/#\/schema\/person\/50912137d47426d31329f246d02eaeca"},"breadcrumb":{"@id":"https:\/\/tremdavale.org\/pt\/dia-v-nas-estacoes\/#breadcrumb"},"inLanguage":"pt-PT","potentialAction":[{"@type":"ReadAction","target":["https:\/\/tremdavale.org\/pt\/dia-v-nas-estacoes\/"]}]},{"@type":"ImageObject","inLanguage":"pt-PT","@id":"https:\/\/tremdavale.org\/pt\/dia-v-nas-estacoes\/#primaryimage","url":"https:\/\/tremdavale.org\/wp-content\/uploads\/foto-dia-v1-225x300.jpg","contentUrl":"https:\/\/tremdavale.org\/wp-content\/uploads\/foto-dia-v1-225x300.jpg","width":225,"height":300},{"@type":"BreadcrumbList","@id":"https:\/\/tremdavale.org\/pt\/dia-v-nas-estacoes\/#breadcrumb","itemListElement":[{"@type":"ListItem","position":1,"name":"In\u00edcio","item":"https:\/\/tremdavale.org\/pt\/"},{"@type":"ListItem","position":2,"name":"Dia V nas Esta\u00e7\u00f5es"}]},{"@type":"WebSite","@id":"https:\/\/tremdavale.org\/pt\/#website","url":"https:\/\/tremdavale.org\/pt\/","name":"Trem da Vale","description":"Programa de Educa\u00e7\u00e3o Patrimonial","potentialAction":[{"@type":"SearchAction","target":{"@type":"EntryPoint","urlTemplate":"https:\/\/tremdavale.org\/pt\/?s={search_term_string}"},"query-input":{"@type":"PropertyValueSpecification","valueRequired":true,"valueName":"search_term_string"}}],"inLanguage":"pt-PT"},{"@type":"Person","@id":"https:\/\/tremdavale.org\/pt\/#\/schema\/person\/50912137d47426d31329f246d02eaeca","name":"admin","image":{"@type":"ImageObject","inLanguage":"pt-PT","@id":"https:\/\/tremdavale.org\/pt\/#\/schema\/person\/image\/","url":"https:\/\/secure.gravatar.com\/avatar\/b3564f0fda6ea47959fe96a4217203e79a167568a37409758659bc3ba443b452?s=96&d=mm&r=g","contentUrl":"https:\/\/secure.gravatar.com\/avatar\/b3564f0fda6ea47959fe96a4217203e79a167568a37409758659bc3ba443b452?s=96&d=mm&r=g","caption":"admin"},"sameAs":["https:\/\/tremdavale.org"],"url":"https:\/\/tremdavale.org\/pt\/author\/admin\/"}]}},"_links":{"self":[{"href":"https:\/\/tremdavale.org\/pt\/wp-json\/wp\/v2\/posts\/114","targetHints":{"allow":["GET"]}}],"collection":[{"href":"https:\/\/tremdavale.org\/pt\/wp-json\/wp\/v2\/posts"}],"about":[{"href":"https:\/\/tremdavale.org\/pt\/wp-json\/wp\/v2\/types\/post"}],"author":[{"embeddable":true,"href":"https:\/\/tremdavale.org\/pt\/wp-json\/wp\/v2\/users\/1"}],"replies":[{"embeddable":true,"href":"https:\/\/tremdavale.org\/pt\/wp-json\/wp\/v2\/comments?post=114"}],"version-history":[{"count":0,"href":"https:\/\/tremdavale.org\/pt\/wp-json\/wp\/v2\/posts\/114\/revisions"}],"wp:featuredmedia":[{"embeddable":true,"href":"https:\/\/tremdavale.org\/pt\/wp-json\/wp\/v2\/media\/399"}],"wp:attachment":[{"href":"https:\/\/tremdavale.org\/pt\/wp-json\/wp\/v2\/media?parent=114"}],"wp:term":[{"taxonomy":"category","embeddable":true,"href":"https:\/\/tremdavale.org\/pt\/wp-json\/wp\/v2\/categories?post=114"},{"taxonomy":"post_tag","embeddable":true,"href":"https:\/\/tremdavale.org\/pt\/wp-json\/wp\/v2\/tags?post=114"}],"curies":[{"name":"wp","href":"https:\/\/api.w.org\/{rel}","templated":true}]}}