{"id":115,"date":"2013-08-25T09:51:00","date_gmt":"2013-08-25T09:51:00","guid":{"rendered":"https:\/\/tremdavale.org\/?p=115"},"modified":"2025-10-10T11:57:00","modified_gmt":"2025-10-10T11:57:00","slug":"dia-v-no-trem-da-vale","status":"publish","type":"post","link":"https:\/\/tremdavale.org\/pt\/dia-v-no-trem-da-vale\/","title":{"rendered":"Dia V no Trem da Vale"},"content":{"rendered":"<p><img loading=\"lazy\" decoding=\"async\" class=\"size-medium\" title=\"4dia-v-02-12-tenda-cultural-fotos-silvana-lima-2\" src=\"\/wp-content\/uploads\/4dia-v-02-12-tenda-cultural-fotos-silvana-lima-2-300x200.jpg\" alt=\"4dia-v-02-12-tenda-cultural-fotos-silvana-lima-2\" width=\"300\" height=\"200\"><\/p>\n<p>Sess\u00e3o de Contos: \u201cNeste Natal d\u00ea uma hist\u00f3ria de presente\u201d, com a Trupe Maria Farinha &#8211; Tenda Cultural, 02.12.12. Foto: Silvana Lima<\/p>\n<p>&nbsp;<\/p>\n<p>No \u00faltimo domingo, 02 de dezembro, aconteceu o Dia V nas esta\u00e7\u00f5es &#8211; uma data voltada para a mobiliza\u00e7\u00e3o e o incentivo \u00e0 realiza\u00e7\u00e3o de a\u00e7\u00f5es solid\u00e1rias, realizada anualmente, no primeiro domingo de dezembro. Como parte das celebra\u00e7\u00f5es do Dia Internacional do Voluntariado, os funcion\u00e1rios da Vale, da FCA e pessoas da comunidade se re\u00fanem em diferentes regi\u00f5es do Brasil para promover e participar de a\u00e7\u00f5es sociais.<\/p>\n<p>Em Ouro Preto, o evento foi realizado na Tenda Cultural da Esta\u00e7\u00e3o e contou com a presen\u00e7a do Papai Noel, que chegou de trem; e das crian\u00e7as e jovens da Casa Lar de Ouro Preto, que receberam presentes do Papai Noel. Tamb\u00e9m houve distribui\u00e7\u00e3o de pipoca e algod\u00e3o doce para os participantes. Na ocasi\u00e3o, as Bibliotecas Infantojuvenis do Programa de Educa\u00e7\u00e3o Patrimonial Trem da Vale promoveram a Sess\u00e3o de Contos intitulada \u201c<strong>Neste Natal d\u00ea uma hist\u00f3ria de presente\u201d,<\/strong> <strong>ministrada pela<\/strong> <strong>Trupe Maria Farinha: i<\/strong>nspirados pelo esp\u00edrito natalino<strong>,<\/strong> <strong>a atriz e contadora de hist\u00f3rias<\/strong> <strong>Sandra Bittencourt<\/strong> <strong>e os m\u00fasicos<\/strong> <strong>Babu Xavier<\/strong> <strong>e<\/strong> <strong>Chic\u00f3 do C\u00e9u,<\/strong> contemplaram um repert\u00f3rio de hist\u00f3rias e m\u00fasicas onde a t\u00f4nica transitava por temas como amor, afeto, perd\u00e3o e solidariedade.<\/p>\n<p>&nbsp;<\/p>\n<p><img loading=\"lazy\" decoding=\"async\" class=\"size-medium\" title=\"1dia-v-02-12-tenda-cultural-fotos-silvana-lima-37\" src=\"\/wp-content\/uploads\/1dia-v-02-12-tenda-cultural-fotos-silvana-lima-37-300x200.jpg\" alt=\"1dia-v-02-12-tenda-cultural-fotos-silvana-lima-37\" width=\"300\" height=\"200\"><\/p>\n<p>Encontro com o Papai Noel \u2013 Crian\u00e7as e Jovens da Casa Lar de Ouro Preto &#8211; Tenda Cultural, 02.12.12. Foto: Silvana Lima<\/p>\n<p>&nbsp;<\/p>\n","protected":false},"excerpt":{"rendered":"<p>Sess\u00e3o de Contos: \u201cNeste Natal d\u00ea uma hist\u00f3ria de presente\u201d, com a Trupe Maria Farinha &#8211; Tenda Cultural, 02.12.12. Foto: Silvana Lima &nbsp; No \u00faltimo domingo, 02 de dezembro, aconteceu o Dia V nas esta\u00e7\u00f5es &#8211; uma data voltada para a mobiliza\u00e7\u00e3o e o incentivo \u00e0 realiza\u00e7\u00e3o de a\u00e7\u00f5es solid\u00e1rias, &hellip;<\/p>\n","protected":false},"author":1,"featured_media":400,"comment_status":"open","ping_status":"closed","sticky":false,"template":"","format":"standard","meta":{"footnotes":""},"categories":[2],"tags":[],"class_list":["post-115","post","type-post","status-publish","format-standard","has-post-thumbnail","hentry","category-destaques-home"],"yoast_head":"<!-- This site is optimized with the Yoast SEO plugin v26.1.1 - https:\/\/yoast.com\/wordpress\/plugins\/seo\/ -->\n<title>Dia V no Trem da Vale &#8212; Trem da Vale<\/title>\n<meta name=\"robots\" content=\"index, follow, max-snippet:-1, max-image-preview:large, max-video-preview:-1\" \/>\n<link rel=\"canonical\" href=\"https:\/\/tremdavale.org\/pt\/dia-v-no-trem-da-vale\/\" \/>\n<meta property=\"og:locale\" content=\"pt_PT\" \/>\n<meta property=\"og:type\" content=\"article\" \/>\n<meta property=\"og:title\" content=\"Dia V no Trem da Vale &#8212; Trem da Vale\" \/>\n<meta property=\"og:description\" content=\"Sess\u00e3o de Contos: \u201cNeste Natal d\u00ea uma hist\u00f3ria de presente\u201d, com a Trupe Maria Farinha &#8211; Tenda Cultural, 02.12.12. Foto: Silvana Lima &nbsp; No \u00faltimo domingo, 02 de dezembro, aconteceu o Dia V nas esta\u00e7\u00f5es &#8211; uma data voltada para a mobiliza\u00e7\u00e3o e o incentivo \u00e0 realiza\u00e7\u00e3o de a\u00e7\u00f5es solid\u00e1rias, &hellip;\" \/>\n<meta property=\"og:url\" content=\"https:\/\/tremdavale.org\/pt\/dia-v-no-trem-da-vale\/\" \/>\n<meta property=\"og:site_name\" content=\"Trem da Vale\" \/>\n<meta property=\"article:published_time\" content=\"2013-08-25T09:51:00+00:00\" \/>\n<meta property=\"article:modified_time\" content=\"2025-10-10T11:57:00+00:00\" \/>\n<meta property=\"og:image\" content=\"https:\/\/tremdavale.org\/wp-content\/uploads\/4dia-v-02-12-tenda-cultural-fotos-silvana-lima-2-300x200.jpg\" \/>\n\t<meta property=\"og:image:width\" content=\"300\" \/>\n\t<meta property=\"og:image:height\" content=\"200\" \/>\n\t<meta property=\"og:image:type\" content=\"image\/jpeg\" \/>\n<meta name=\"author\" content=\"admin\" \/>\n<meta name=\"twitter:card\" content=\"summary_large_image\" \/>\n<meta name=\"twitter:label1\" content=\"Escrito por\" \/>\n\t<meta name=\"twitter:data1\" content=\"admin\" \/>\n\t<meta name=\"twitter:label2\" content=\"Tempo estimado de leitura\" \/>\n\t<meta name=\"twitter:data2\" content=\"1 minuto\" \/>\n<script type=\"application\/ld+json\" class=\"yoast-schema-graph\">{\"@context\":\"https:\/\/schema.org\",\"@graph\":[{\"@type\":\"WebPage\",\"@id\":\"https:\/\/tremdavale.org\/pt\/dia-v-no-trem-da-vale\/\",\"url\":\"https:\/\/tremdavale.org\/pt\/dia-v-no-trem-da-vale\/\",\"name\":\"Dia V no Trem da Vale &#8212; Trem da Vale\",\"isPartOf\":{\"@id\":\"https:\/\/tremdavale.org\/pt\/#website\"},\"primaryImageOfPage\":{\"@id\":\"https:\/\/tremdavale.org\/pt\/dia-v-no-trem-da-vale\/#primaryimage\"},\"image\":{\"@id\":\"https:\/\/tremdavale.org\/pt\/dia-v-no-trem-da-vale\/#primaryimage\"},\"thumbnailUrl\":\"https:\/\/tremdavale.org\/wp-content\/uploads\/4dia-v-02-12-tenda-cultural-fotos-silvana-lima-2-300x200.jpg\",\"datePublished\":\"2013-08-25T09:51:00+00:00\",\"dateModified\":\"2025-10-10T11:57:00+00:00\",\"author\":{\"@id\":\"https:\/\/tremdavale.org\/pt\/#\/schema\/person\/50912137d47426d31329f246d02eaeca\"},\"breadcrumb\":{\"@id\":\"https:\/\/tremdavale.org\/pt\/dia-v-no-trem-da-vale\/#breadcrumb\"},\"inLanguage\":\"pt-PT\",\"potentialAction\":[{\"@type\":\"ReadAction\",\"target\":[\"https:\/\/tremdavale.org\/pt\/dia-v-no-trem-da-vale\/\"]}]},{\"@type\":\"ImageObject\",\"inLanguage\":\"pt-PT\",\"@id\":\"https:\/\/tremdavale.org\/pt\/dia-v-no-trem-da-vale\/#primaryimage\",\"url\":\"https:\/\/tremdavale.org\/wp-content\/uploads\/4dia-v-02-12-tenda-cultural-fotos-silvana-lima-2-300x200.jpg\",\"contentUrl\":\"https:\/\/tremdavale.org\/wp-content\/uploads\/4dia-v-02-12-tenda-cultural-fotos-silvana-lima-2-300x200.jpg\",\"width\":300,\"height\":200},{\"@type\":\"BreadcrumbList\",\"@id\":\"https:\/\/tremdavale.org\/pt\/dia-v-no-trem-da-vale\/#breadcrumb\",\"itemListElement\":[{\"@type\":\"ListItem\",\"position\":1,\"name\":\"In\u00edcio\",\"item\":\"https:\/\/tremdavale.org\/pt\/\"},{\"@type\":\"ListItem\",\"position\":2,\"name\":\"Dia V no Trem da Vale\"}]},{\"@type\":\"WebSite\",\"@id\":\"https:\/\/tremdavale.org\/pt\/#website\",\"url\":\"https:\/\/tremdavale.org\/pt\/\",\"name\":\"Trem da Vale\",\"description\":\"Programa de Educa\u00e7\u00e3o Patrimonial\",\"potentialAction\":[{\"@type\":\"SearchAction\",\"target\":{\"@type\":\"EntryPoint\",\"urlTemplate\":\"https:\/\/tremdavale.org\/pt\/?s={search_term_string}\"},\"query-input\":{\"@type\":\"PropertyValueSpecification\",\"valueRequired\":true,\"valueName\":\"search_term_string\"}}],\"inLanguage\":\"pt-PT\"},{\"@type\":\"Person\",\"@id\":\"https:\/\/tremdavale.org\/pt\/#\/schema\/person\/50912137d47426d31329f246d02eaeca\",\"name\":\"admin\",\"image\":{\"@type\":\"ImageObject\",\"inLanguage\":\"pt-PT\",\"@id\":\"https:\/\/tremdavale.org\/pt\/#\/schema\/person\/image\/\",\"url\":\"https:\/\/secure.gravatar.com\/avatar\/b3564f0fda6ea47959fe96a4217203e79a167568a37409758659bc3ba443b452?s=96&d=mm&r=g\",\"contentUrl\":\"https:\/\/secure.gravatar.com\/avatar\/b3564f0fda6ea47959fe96a4217203e79a167568a37409758659bc3ba443b452?s=96&d=mm&r=g\",\"caption\":\"admin\"},\"sameAs\":[\"https:\/\/tremdavale.org\"],\"url\":\"https:\/\/tremdavale.org\/pt\/author\/admin\/\"}]}<\/script>\n<!-- \/ Yoast SEO plugin. -->","yoast_head_json":{"title":"Dia V no Trem da Vale &#8212; Trem da Vale","robots":{"index":"index","follow":"follow","max-snippet":"max-snippet:-1","max-image-preview":"max-image-preview:large","max-video-preview":"max-video-preview:-1"},"canonical":"https:\/\/tremdavale.org\/pt\/dia-v-no-trem-da-vale\/","og_locale":"pt_PT","og_type":"article","og_title":"Dia V no Trem da Vale &#8212; Trem da Vale","og_description":"Sess\u00e3o de Contos: \u201cNeste Natal d\u00ea uma hist\u00f3ria de presente\u201d, com a Trupe Maria Farinha &#8211; Tenda Cultural, 02.12.12. Foto: Silvana Lima &nbsp; No \u00faltimo domingo, 02 de dezembro, aconteceu o Dia V nas esta\u00e7\u00f5es &#8211; uma data voltada para a mobiliza\u00e7\u00e3o e o incentivo \u00e0 realiza\u00e7\u00e3o de a\u00e7\u00f5es solid\u00e1rias, &hellip;","og_url":"https:\/\/tremdavale.org\/pt\/dia-v-no-trem-da-vale\/","og_site_name":"Trem da Vale","article_published_time":"2013-08-25T09:51:00+00:00","article_modified_time":"2025-10-10T11:57:00+00:00","og_image":[{"width":300,"height":200,"url":"https:\/\/tremdavale.org\/wp-content\/uploads\/4dia-v-02-12-tenda-cultural-fotos-silvana-lima-2-300x200.jpg","type":"image\/jpeg"}],"author":"admin","twitter_card":"summary_large_image","twitter_misc":{"Escrito por":"admin","Tempo estimado de leitura":"1 minuto"},"schema":{"@context":"https:\/\/schema.org","@graph":[{"@type":"WebPage","@id":"https:\/\/tremdavale.org\/pt\/dia-v-no-trem-da-vale\/","url":"https:\/\/tremdavale.org\/pt\/dia-v-no-trem-da-vale\/","name":"Dia V no Trem da Vale &#8212; Trem da Vale","isPartOf":{"@id":"https:\/\/tremdavale.org\/pt\/#website"},"primaryImageOfPage":{"@id":"https:\/\/tremdavale.org\/pt\/dia-v-no-trem-da-vale\/#primaryimage"},"image":{"@id":"https:\/\/tremdavale.org\/pt\/dia-v-no-trem-da-vale\/#primaryimage"},"thumbnailUrl":"https:\/\/tremdavale.org\/wp-content\/uploads\/4dia-v-02-12-tenda-cultural-fotos-silvana-lima-2-300x200.jpg","datePublished":"2013-08-25T09:51:00+00:00","dateModified":"2025-10-10T11:57:00+00:00","author":{"@id":"https:\/\/tremdavale.org\/pt\/#\/schema\/person\/50912137d47426d31329f246d02eaeca"},"breadcrumb":{"@id":"https:\/\/tremdavale.org\/pt\/dia-v-no-trem-da-vale\/#breadcrumb"},"inLanguage":"pt-PT","potentialAction":[{"@type":"ReadAction","target":["https:\/\/tremdavale.org\/pt\/dia-v-no-trem-da-vale\/"]}]},{"@type":"ImageObject","inLanguage":"pt-PT","@id":"https:\/\/tremdavale.org\/pt\/dia-v-no-trem-da-vale\/#primaryimage","url":"https:\/\/tremdavale.org\/wp-content\/uploads\/4dia-v-02-12-tenda-cultural-fotos-silvana-lima-2-300x200.jpg","contentUrl":"https:\/\/tremdavale.org\/wp-content\/uploads\/4dia-v-02-12-tenda-cultural-fotos-silvana-lima-2-300x200.jpg","width":300,"height":200},{"@type":"BreadcrumbList","@id":"https:\/\/tremdavale.org\/pt\/dia-v-no-trem-da-vale\/#breadcrumb","itemListElement":[{"@type":"ListItem","position":1,"name":"In\u00edcio","item":"https:\/\/tremdavale.org\/pt\/"},{"@type":"ListItem","position":2,"name":"Dia V no Trem da Vale"}]},{"@type":"WebSite","@id":"https:\/\/tremdavale.org\/pt\/#website","url":"https:\/\/tremdavale.org\/pt\/","name":"Trem da Vale","description":"Programa de Educa\u00e7\u00e3o Patrimonial","potentialAction":[{"@type":"SearchAction","target":{"@type":"EntryPoint","urlTemplate":"https:\/\/tremdavale.org\/pt\/?s={search_term_string}"},"query-input":{"@type":"PropertyValueSpecification","valueRequired":true,"valueName":"search_term_string"}}],"inLanguage":"pt-PT"},{"@type":"Person","@id":"https:\/\/tremdavale.org\/pt\/#\/schema\/person\/50912137d47426d31329f246d02eaeca","name":"admin","image":{"@type":"ImageObject","inLanguage":"pt-PT","@id":"https:\/\/tremdavale.org\/pt\/#\/schema\/person\/image\/","url":"https:\/\/secure.gravatar.com\/avatar\/b3564f0fda6ea47959fe96a4217203e79a167568a37409758659bc3ba443b452?s=96&d=mm&r=g","contentUrl":"https:\/\/secure.gravatar.com\/avatar\/b3564f0fda6ea47959fe96a4217203e79a167568a37409758659bc3ba443b452?s=96&d=mm&r=g","caption":"admin"},"sameAs":["https:\/\/tremdavale.org"],"url":"https:\/\/tremdavale.org\/pt\/author\/admin\/"}]}},"_links":{"self":[{"href":"https:\/\/tremdavale.org\/pt\/wp-json\/wp\/v2\/posts\/115","targetHints":{"allow":["GET"]}}],"collection":[{"href":"https:\/\/tremdavale.org\/pt\/wp-json\/wp\/v2\/posts"}],"about":[{"href":"https:\/\/tremdavale.org\/pt\/wp-json\/wp\/v2\/types\/post"}],"author":[{"embeddable":true,"href":"https:\/\/tremdavale.org\/pt\/wp-json\/wp\/v2\/users\/1"}],"replies":[{"embeddable":true,"href":"https:\/\/tremdavale.org\/pt\/wp-json\/wp\/v2\/comments?post=115"}],"version-history":[{"count":0,"href":"https:\/\/tremdavale.org\/pt\/wp-json\/wp\/v2\/posts\/115\/revisions"}],"wp:featuredmedia":[{"embeddable":true,"href":"https:\/\/tremdavale.org\/pt\/wp-json\/wp\/v2\/media\/400"}],"wp:attachment":[{"href":"https:\/\/tremdavale.org\/pt\/wp-json\/wp\/v2\/media?parent=115"}],"wp:term":[{"taxonomy":"category","embeddable":true,"href":"https:\/\/tremdavale.org\/pt\/wp-json\/wp\/v2\/categories?post=115"},{"taxonomy":"post_tag","embeddable":true,"href":"https:\/\/tremdavale.org\/pt\/wp-json\/wp\/v2\/tags?post=115"}],"curies":[{"name":"wp","href":"https:\/\/api.w.org\/{rel}","templated":true}]}}