{"id":116,"date":"2011-09-11T20:14:00","date_gmt":"2011-09-11T20:14:00","guid":{"rendered":"https:\/\/tremdavale.org\/?p=116"},"modified":"2025-10-10T11:57:00","modified_gmt":"2025-10-10T11:57:00","slug":"diadeanimacao17112009","status":"publish","type":"post","link":"https:\/\/tremdavale.org\/pt\/diadeanimacao17112009\/","title":{"rendered":"\u201cDia de Anima\u00e7\u00e3o\u201d no Trem da Vale"},"content":{"rendered":"<p><img loading=\"lazy\" decoding=\"async\" class=\"size-medium\" title=\"05-dia-de-animacao3\" src=\"\/wp-content\/uploads\/05-dia-de-animacao3-300x199.jpg\" alt=\"05-dia-de-animacao3\" width=\"300\" height=\"199\"><\/p>\n<p>Crian\u00e7as assistem \u00e0 anima\u00e7\u00e3o que acabaram de criar<\/p>\n<p>&nbsp;<\/p>\n<p>Nos dias 07 e 08 de novembro, o Vale Registrar e a PICTOZ&nbsp; (de Belo Horizonte) realizaram o \u201cDia de Anima\u00e7\u00e3o\u201d nas esta\u00e7\u00f5es do Trem da Vale, onde foram praticadas atividades l\u00fadicas a partir de princ\u00edpios b\u00e1sicos de anima\u00e7\u00e3o.<\/p>\n<p><!--more--><\/p>\n<p>Os participantes, crian\u00e7as de 10 a 13 anos de idade das cidades de Ouro Preto e de Mariana, foram selecionados no m\u00eas de outubro por meio de concurso de desenhos sobre o tema Patrim\u00f4nio Cultural. Os autores dos 24 melhores trabalhos, em cada cidade, garantiram vaga para participar das atividades.<\/p>\n<p>Em Ouro Preto, o concurso foi realizado em parceria com a Funda\u00e7\u00e3o Aleijadinho e a Escola Municipal Sim\u00e3o Lacerda, localizada no bairro da Bauxita, onde a Funda\u00e7\u00e3o desenvolve oficinas de artesanato com os alunos e onde houve maior n\u00famero de inscritos. Ao total, foram selecionadas 24 crian\u00e7as entre 60 candidatas.<\/p>\n<p>Em Mariana, a sele\u00e7\u00e3o foi realizada com as crian\u00e7as atendidas pela Creche \u201cCasa da Crian\u00e7a Jesus, Maria e Jos\u00e9\u201d e pelo Centro Promocional \u201cC\u00f4nego Renato\u201d. As institui\u00e7\u00f5es s\u00e3o entidades filantr\u00f3picas mantidas pelas \u201cObras Sociais de Monsenhor Horta\u201d e atendem crian\u00e7as carentes da comunidade local. De um total de 43 crian\u00e7as, 35 se inscreveram para participar do concurso de desenhos. Para essa sele\u00e7\u00e3o, a equipe do PEPTV realizou atividades na Esta\u00e7\u00e3o Ferrovi\u00e1ria de Mariana. Das 35 crian\u00e7as inscritas, 26 foram selecionadas, sendo duas como excedentes.<\/p>\n<p>No primeiro \u201cDia de Anima\u00e7\u00e3o\u201d, s\u00e1bado &#8211; dia 7, estiveram presentes 20 crian\u00e7as de Ouro Preto, acompanhadas por Helena Maria dos Santos (diretora da Escola Municipal Sim\u00e3o Lacerda) e Maria Cl\u00e1udia Coelho (coordenadora de Oficinas Artesanais da Funda\u00e7\u00e3o Aleijadinho). No segundo dia, domingo &#8211; 8 de novembro, houve a participa\u00e7\u00e3o de 23 crian\u00e7as de Mariana, acompanhadas por Maria Aparecida Pereira e Ann Gray Alves (professoras das institui\u00e7\u00f5es Creche \u201cCasa da Crian\u00e7a Jesus, Maria e Jos\u00e9\u201d e Centro Promocional \u201cC\u00f4nego Renato\u201d).<\/p>\n<p>Nos dois dias, as atividades come\u00e7aram na Sala Multimeios da Esta\u00e7\u00e3o de Mariana, onde as crian\u00e7as assistiram curtas de anima\u00e7\u00e3o, e depois fizeram o passeio com lanche no Trem da Vale. Na Tenda Cultural da Esta\u00e7\u00e3o de Ouro Preto, os meninos e meninas participantes tiveram contato com algumas t\u00e9cnicas de anima\u00e7\u00e3o despertando seu interesse nesta \u00e1rea. Todas as crian\u00e7as fizeram as pr\u00e1ticas que foram divididas em:<\/p>\n<p><strong><em>Flip Book<\/em><\/strong> &#8211; t\u00e9cnica de desenhar em um bloquinho de folhas brancas modificando ligeiramente o desenho a cada folha utilizando a pr\u00f3pria transpar\u00eancia do papel, depois de todos os desenhos prontos pode-se \u201cflipar\u201d (passar as folhas soltando-as) o que cria a ilus\u00e3o de movimento.<\/p>\n<p><strong><em>Pixilation (Stop Motion)<\/em><\/strong> &#8211; nessa t\u00e9cnica pode se filmar qualquer objeto, pessoa, ambiente atrav\u00e9s da captura isolada e seq\u00fcencial de cada est\u00e1gio do movimento desejado.<\/p>\n<p><strong>Anima\u00e7\u00e3o direta com Massinha sob a c\u00e2mera (<em>Table Top<\/em>)<\/strong> &#8211; t\u00e9cnica onde podem ser animados v\u00e1rios tipos de objetos e materiais diretamente sob a c\u00e2mera como: recortes de papel, sucatas, areia, massinha, varetas ou qualquer objeto que se queira.<\/p>\n<p>Ap\u00f3s o encerramento das atividades na Tenda Cultural, as crian\u00e7as assistiram e aplaudiram a exibi\u00e7\u00e3o dos v\u00eddeos com as anima\u00e7\u00f5es realizadas por elas e que eram imediatamente gravadas e editadas pela equipe do N\u00facleo de Audiovisual do Vale Registrar.<\/p>\n<p>Os desenhos sobre o Patrim\u00f4nio Cultural feitos pelas crian\u00e7as selecionadas ficaram expostos na Tenda durante os dois dias de anima\u00e7\u00e3o.<\/p>\n<p>&nbsp;<\/p>\n","protected":false},"excerpt":{"rendered":"<p>Crian\u00e7as assistem \u00e0 anima\u00e7\u00e3o que acabaram de criar &nbsp; Nos dias 07 e 08 de novembro, o Vale Registrar e a PICTOZ&nbsp; (de Belo Horizonte) realizaram o \u201cDia de Anima\u00e7\u00e3o\u201d nas esta\u00e7\u00f5es do Trem da Vale, onde foram praticadas atividades l\u00fadicas a partir de princ\u00edpios b\u00e1sicos de anima\u00e7\u00e3o.<\/p>\n","protected":false},"author":1,"featured_media":401,"comment_status":"open","ping_status":"closed","sticky":false,"template":"","format":"standard","meta":{"footnotes":""},"categories":[3],"tags":[],"class_list":["post-116","post","type-post","status-publish","format-standard","has-post-thumbnail","hentry","category-noticias"],"yoast_head":"<!-- This site is optimized with the Yoast SEO plugin v26.1.1 - https:\/\/yoast.com\/wordpress\/plugins\/seo\/ -->\n<title>\u201cDia de Anima\u00e7\u00e3o\u201d no Trem da Vale &#8212; Trem da Vale<\/title>\n<meta name=\"robots\" content=\"index, follow, max-snippet:-1, max-image-preview:large, max-video-preview:-1\" \/>\n<link rel=\"canonical\" href=\"https:\/\/tremdavale.org\/pt\/diadeanimacao17112009\/\" \/>\n<meta property=\"og:locale\" content=\"pt_PT\" \/>\n<meta property=\"og:type\" content=\"article\" \/>\n<meta property=\"og:title\" content=\"\u201cDia de Anima\u00e7\u00e3o\u201d no Trem da Vale &#8212; Trem da Vale\" \/>\n<meta property=\"og:description\" content=\"Crian\u00e7as assistem \u00e0 anima\u00e7\u00e3o que acabaram de criar &nbsp; Nos dias 07 e 08 de novembro, o Vale Registrar e a PICTOZ&nbsp; (de Belo Horizonte) realizaram o \u201cDia de Anima\u00e7\u00e3o\u201d nas esta\u00e7\u00f5es do Trem da Vale, onde foram praticadas atividades l\u00fadicas a partir de princ\u00edpios b\u00e1sicos de anima\u00e7\u00e3o.\" \/>\n<meta property=\"og:url\" content=\"https:\/\/tremdavale.org\/pt\/diadeanimacao17112009\/\" \/>\n<meta property=\"og:site_name\" content=\"Trem da Vale\" \/>\n<meta property=\"article:published_time\" content=\"2011-09-11T20:14:00+00:00\" \/>\n<meta property=\"article:modified_time\" content=\"2025-10-10T11:57:00+00:00\" \/>\n<meta property=\"og:image\" content=\"https:\/\/tremdavale.org\/wp-content\/uploads\/05-dia-de-animacao3-300x199.jpg\" \/>\n\t<meta property=\"og:image:width\" content=\"300\" \/>\n\t<meta property=\"og:image:height\" content=\"199\" \/>\n\t<meta property=\"og:image:type\" content=\"image\/jpeg\" \/>\n<meta name=\"author\" content=\"admin\" \/>\n<meta name=\"twitter:card\" content=\"summary_large_image\" \/>\n<meta name=\"twitter:label1\" content=\"Escrito por\" \/>\n\t<meta name=\"twitter:data1\" content=\"admin\" \/>\n\t<meta name=\"twitter:label2\" content=\"Tempo estimado de leitura\" \/>\n\t<meta name=\"twitter:data2\" content=\"3 minutos\" \/>\n<script type=\"application\/ld+json\" class=\"yoast-schema-graph\">{\"@context\":\"https:\/\/schema.org\",\"@graph\":[{\"@type\":\"WebPage\",\"@id\":\"https:\/\/tremdavale.org\/pt\/diadeanimacao17112009\/\",\"url\":\"https:\/\/tremdavale.org\/pt\/diadeanimacao17112009\/\",\"name\":\"\u201cDia de Anima\u00e7\u00e3o\u201d no Trem da Vale &#8212; Trem da Vale\",\"isPartOf\":{\"@id\":\"https:\/\/tremdavale.org\/pt\/#website\"},\"primaryImageOfPage\":{\"@id\":\"https:\/\/tremdavale.org\/pt\/diadeanimacao17112009\/#primaryimage\"},\"image\":{\"@id\":\"https:\/\/tremdavale.org\/pt\/diadeanimacao17112009\/#primaryimage\"},\"thumbnailUrl\":\"https:\/\/tremdavale.org\/wp-content\/uploads\/05-dia-de-animacao3-300x199.jpg\",\"datePublished\":\"2011-09-11T20:14:00+00:00\",\"dateModified\":\"2025-10-10T11:57:00+00:00\",\"author\":{\"@id\":\"https:\/\/tremdavale.org\/pt\/#\/schema\/person\/50912137d47426d31329f246d02eaeca\"},\"breadcrumb\":{\"@id\":\"https:\/\/tremdavale.org\/pt\/diadeanimacao17112009\/#breadcrumb\"},\"inLanguage\":\"pt-PT\",\"potentialAction\":[{\"@type\":\"ReadAction\",\"target\":[\"https:\/\/tremdavale.org\/pt\/diadeanimacao17112009\/\"]}]},{\"@type\":\"ImageObject\",\"inLanguage\":\"pt-PT\",\"@id\":\"https:\/\/tremdavale.org\/pt\/diadeanimacao17112009\/#primaryimage\",\"url\":\"https:\/\/tremdavale.org\/wp-content\/uploads\/05-dia-de-animacao3-300x199.jpg\",\"contentUrl\":\"https:\/\/tremdavale.org\/wp-content\/uploads\/05-dia-de-animacao3-300x199.jpg\",\"width\":300,\"height\":199},{\"@type\":\"BreadcrumbList\",\"@id\":\"https:\/\/tremdavale.org\/pt\/diadeanimacao17112009\/#breadcrumb\",\"itemListElement\":[{\"@type\":\"ListItem\",\"position\":1,\"name\":\"In\u00edcio\",\"item\":\"https:\/\/tremdavale.org\/pt\/\"},{\"@type\":\"ListItem\",\"position\":2,\"name\":\"\u201cDia de Anima\u00e7\u00e3o\u201d no Trem da Vale\"}]},{\"@type\":\"WebSite\",\"@id\":\"https:\/\/tremdavale.org\/pt\/#website\",\"url\":\"https:\/\/tremdavale.org\/pt\/\",\"name\":\"Trem da Vale\",\"description\":\"Programa de Educa\u00e7\u00e3o Patrimonial\",\"potentialAction\":[{\"@type\":\"SearchAction\",\"target\":{\"@type\":\"EntryPoint\",\"urlTemplate\":\"https:\/\/tremdavale.org\/pt\/?s={search_term_string}\"},\"query-input\":{\"@type\":\"PropertyValueSpecification\",\"valueRequired\":true,\"valueName\":\"search_term_string\"}}],\"inLanguage\":\"pt-PT\"},{\"@type\":\"Person\",\"@id\":\"https:\/\/tremdavale.org\/pt\/#\/schema\/person\/50912137d47426d31329f246d02eaeca\",\"name\":\"admin\",\"image\":{\"@type\":\"ImageObject\",\"inLanguage\":\"pt-PT\",\"@id\":\"https:\/\/tremdavale.org\/pt\/#\/schema\/person\/image\/\",\"url\":\"https:\/\/secure.gravatar.com\/avatar\/b3564f0fda6ea47959fe96a4217203e79a167568a37409758659bc3ba443b452?s=96&d=mm&r=g\",\"contentUrl\":\"https:\/\/secure.gravatar.com\/avatar\/b3564f0fda6ea47959fe96a4217203e79a167568a37409758659bc3ba443b452?s=96&d=mm&r=g\",\"caption\":\"admin\"},\"sameAs\":[\"https:\/\/tremdavale.org\"],\"url\":\"https:\/\/tremdavale.org\/pt\/author\/admin\/\"}]}<\/script>\n<!-- \/ Yoast SEO plugin. -->","yoast_head_json":{"title":"\u201cDia de Anima\u00e7\u00e3o\u201d no Trem da Vale &#8212; Trem da Vale","robots":{"index":"index","follow":"follow","max-snippet":"max-snippet:-1","max-image-preview":"max-image-preview:large","max-video-preview":"max-video-preview:-1"},"canonical":"https:\/\/tremdavale.org\/pt\/diadeanimacao17112009\/","og_locale":"pt_PT","og_type":"article","og_title":"\u201cDia de Anima\u00e7\u00e3o\u201d no Trem da Vale &#8212; Trem da Vale","og_description":"Crian\u00e7as assistem \u00e0 anima\u00e7\u00e3o que acabaram de criar &nbsp; Nos dias 07 e 08 de novembro, o Vale Registrar e a PICTOZ&nbsp; (de Belo Horizonte) realizaram o \u201cDia de Anima\u00e7\u00e3o\u201d nas esta\u00e7\u00f5es do Trem da Vale, onde foram praticadas atividades l\u00fadicas a partir de princ\u00edpios b\u00e1sicos de anima\u00e7\u00e3o.","og_url":"https:\/\/tremdavale.org\/pt\/diadeanimacao17112009\/","og_site_name":"Trem da Vale","article_published_time":"2011-09-11T20:14:00+00:00","article_modified_time":"2025-10-10T11:57:00+00:00","og_image":[{"width":300,"height":199,"url":"https:\/\/tremdavale.org\/wp-content\/uploads\/05-dia-de-animacao3-300x199.jpg","type":"image\/jpeg"}],"author":"admin","twitter_card":"summary_large_image","twitter_misc":{"Escrito por":"admin","Tempo estimado de leitura":"3 minutos"},"schema":{"@context":"https:\/\/schema.org","@graph":[{"@type":"WebPage","@id":"https:\/\/tremdavale.org\/pt\/diadeanimacao17112009\/","url":"https:\/\/tremdavale.org\/pt\/diadeanimacao17112009\/","name":"\u201cDia de Anima\u00e7\u00e3o\u201d no Trem da Vale &#8212; Trem da Vale","isPartOf":{"@id":"https:\/\/tremdavale.org\/pt\/#website"},"primaryImageOfPage":{"@id":"https:\/\/tremdavale.org\/pt\/diadeanimacao17112009\/#primaryimage"},"image":{"@id":"https:\/\/tremdavale.org\/pt\/diadeanimacao17112009\/#primaryimage"},"thumbnailUrl":"https:\/\/tremdavale.org\/wp-content\/uploads\/05-dia-de-animacao3-300x199.jpg","datePublished":"2011-09-11T20:14:00+00:00","dateModified":"2025-10-10T11:57:00+00:00","author":{"@id":"https:\/\/tremdavale.org\/pt\/#\/schema\/person\/50912137d47426d31329f246d02eaeca"},"breadcrumb":{"@id":"https:\/\/tremdavale.org\/pt\/diadeanimacao17112009\/#breadcrumb"},"inLanguage":"pt-PT","potentialAction":[{"@type":"ReadAction","target":["https:\/\/tremdavale.org\/pt\/diadeanimacao17112009\/"]}]},{"@type":"ImageObject","inLanguage":"pt-PT","@id":"https:\/\/tremdavale.org\/pt\/diadeanimacao17112009\/#primaryimage","url":"https:\/\/tremdavale.org\/wp-content\/uploads\/05-dia-de-animacao3-300x199.jpg","contentUrl":"https:\/\/tremdavale.org\/wp-content\/uploads\/05-dia-de-animacao3-300x199.jpg","width":300,"height":199},{"@type":"BreadcrumbList","@id":"https:\/\/tremdavale.org\/pt\/diadeanimacao17112009\/#breadcrumb","itemListElement":[{"@type":"ListItem","position":1,"name":"In\u00edcio","item":"https:\/\/tremdavale.org\/pt\/"},{"@type":"ListItem","position":2,"name":"\u201cDia de Anima\u00e7\u00e3o\u201d no Trem da Vale"}]},{"@type":"WebSite","@id":"https:\/\/tremdavale.org\/pt\/#website","url":"https:\/\/tremdavale.org\/pt\/","name":"Trem da Vale","description":"Programa de Educa\u00e7\u00e3o Patrimonial","potentialAction":[{"@type":"SearchAction","target":{"@type":"EntryPoint","urlTemplate":"https:\/\/tremdavale.org\/pt\/?s={search_term_string}"},"query-input":{"@type":"PropertyValueSpecification","valueRequired":true,"valueName":"search_term_string"}}],"inLanguage":"pt-PT"},{"@type":"Person","@id":"https:\/\/tremdavale.org\/pt\/#\/schema\/person\/50912137d47426d31329f246d02eaeca","name":"admin","image":{"@type":"ImageObject","inLanguage":"pt-PT","@id":"https:\/\/tremdavale.org\/pt\/#\/schema\/person\/image\/","url":"https:\/\/secure.gravatar.com\/avatar\/b3564f0fda6ea47959fe96a4217203e79a167568a37409758659bc3ba443b452?s=96&d=mm&r=g","contentUrl":"https:\/\/secure.gravatar.com\/avatar\/b3564f0fda6ea47959fe96a4217203e79a167568a37409758659bc3ba443b452?s=96&d=mm&r=g","caption":"admin"},"sameAs":["https:\/\/tremdavale.org"],"url":"https:\/\/tremdavale.org\/pt\/author\/admin\/"}]}},"_links":{"self":[{"href":"https:\/\/tremdavale.org\/pt\/wp-json\/wp\/v2\/posts\/116","targetHints":{"allow":["GET"]}}],"collection":[{"href":"https:\/\/tremdavale.org\/pt\/wp-json\/wp\/v2\/posts"}],"about":[{"href":"https:\/\/tremdavale.org\/pt\/wp-json\/wp\/v2\/types\/post"}],"author":[{"embeddable":true,"href":"https:\/\/tremdavale.org\/pt\/wp-json\/wp\/v2\/users\/1"}],"replies":[{"embeddable":true,"href":"https:\/\/tremdavale.org\/pt\/wp-json\/wp\/v2\/comments?post=116"}],"version-history":[{"count":0,"href":"https:\/\/tremdavale.org\/pt\/wp-json\/wp\/v2\/posts\/116\/revisions"}],"wp:featuredmedia":[{"embeddable":true,"href":"https:\/\/tremdavale.org\/pt\/wp-json\/wp\/v2\/media\/401"}],"wp:attachment":[{"href":"https:\/\/tremdavale.org\/pt\/wp-json\/wp\/v2\/media?parent=116"}],"wp:term":[{"taxonomy":"category","embeddable":true,"href":"https:\/\/tremdavale.org\/pt\/wp-json\/wp\/v2\/categories?post=116"},{"taxonomy":"post_tag","embeddable":true,"href":"https:\/\/tremdavale.org\/pt\/wp-json\/wp\/v2\/tags?post=116"}],"curies":[{"name":"wp","href":"https:\/\/api.w.org\/{rel}","templated":true}]}}