{"id":117,"date":"2011-09-09T10:11:00","date_gmt":"2011-09-09T10:11:00","guid":{"rendered":"https:\/\/tremdavale.org\/?p=117"},"modified":"2025-10-10T11:57:00","modified_gmt":"2025-10-10T11:57:00","slug":"embarque-nas-bibliotecas-do-trem-da-vale","status":"publish","type":"post","link":"https:\/\/tremdavale.org\/pt\/embarque-nas-bibliotecas-do-trem-da-vale\/","title":{"rendered":"Embarque nas Bibliotecas do Trem"},"content":{"rendered":"<p><img loading=\"lazy\" decoding=\"async\" class=\"alignleft size-medium\" title=\"Crian\u00e7as na Esta\u00e7\u00e3o de Mariana\" src=\"\/wp-content\/uploads\/circuito-em-mariana1-300x168.jpg\" alt=\"Crian\u00e7as na Esta\u00e7\u00e3o de Mariana\" width=\"300\" height=\"168\">As Bibliotecas Infantojuvenis do Trem da Vale v\u00eam se consolidando ao longo dos anos como espa\u00e7os de incentivo \u00e0 leitura, oferecendo \u00e0 comunidade local atividades culturais como circuitos,&nbsp;saraus, oficinas e exposi\u00e7\u00f5es liter\u00e1rias.<!--more--><\/p>\n<p>Em 2010, como reconhecimento por sua atua\u00e7\u00e3o em prol da leitura, a Biblioteca de Mariana recebeu a medalha <em><span style=\"text-decoration: underline;\">Professora Etelvina Lima<\/span><\/em> concedida pelo Conselho Regional de Biblioteconomia.<\/p>\n<p>Mais de 6100 livros comp\u00f5em o acervo, al\u00e9m de peri\u00f3dicos, revistas, jogos e DVDs. Entre os t\u00edtulos est\u00e3o importantes obras como a <em>\u201cOnda\u201d,<\/em> de Suzy Lee, considerado pelo New York Times como melhor livro ilustrado para crian\u00e7as e o <em>\u201cLampi\u00e3o &#038; Lancelote\u201d<\/em>, de Fernando Vilela, ganhador do Pr\u00eamio <em>Jabuti<\/em> como melhor livro infantil.<img loading=\"lazy\" decoding=\"async\" class=\"alignright size-medium\" title=\"criancas-na-biblioteca-de-mariana2\" src=\"\/wp-content\/uploads\/criancas-na-biblioteca-de-mariana2-300x225.jpg\" alt=\"criancas-na-biblioteca-de-mariana2\" width=\"300\" height=\"225\"><\/p>\n<p>Todo esse material est\u00e1 \u00e0 disposi\u00e7\u00e3o da comunidade para consultas. Para usufruir do sistema de empr\u00e9stimo, basta se cadastrar em uma das Bibliotecas das Esta\u00e7\u00f5es, apresentando documento de identidade, CPF, uma foto 3\u00d74 e comprovante de resid\u00eancia atual.<\/p>\n<p>Crian\u00e7as e jovens menores de 18 anos devem estar acompanhadas de um maior respons\u00e1vel (em posse de sua documenta\u00e7\u00e3o).<\/p>\n<p>Para mais informa\u00e7\u00f5es, entre em contato com as Bibliotecas&nbsp;<strong>Ouro Preto (31) 35517310 e Mariana<\/strong> <strong>(31) 3558 3104<\/strong><\/p>\n<p>&nbsp;<\/p>\n","protected":false},"excerpt":{"rendered":"<p>As Bibliotecas Infantojuvenis do Trem da Vale v\u00eam se consolidando ao longo dos anos como espa\u00e7os de incentivo \u00e0 leitura, oferecendo \u00e0 comunidade local atividades culturais como circuitos,&nbsp;saraus, oficinas e exposi\u00e7\u00f5es liter\u00e1rias.<\/p>\n","protected":false},"author":1,"featured_media":402,"comment_status":"open","ping_status":"closed","sticky":false,"template":"","format":"standard","meta":{"footnotes":""},"categories":[3],"tags":[],"class_list":["post-117","post","type-post","status-publish","format-standard","has-post-thumbnail","hentry","category-noticias"],"yoast_head":"<!-- This site is optimized with the Yoast SEO plugin v26.1.1 - https:\/\/yoast.com\/wordpress\/plugins\/seo\/ -->\n<title>Embarque nas Bibliotecas do Trem &#8212; Trem da Vale<\/title>\n<meta name=\"robots\" content=\"index, follow, max-snippet:-1, max-image-preview:large, max-video-preview:-1\" \/>\n<link rel=\"canonical\" href=\"https:\/\/tremdavale.org\/pt\/embarque-nas-bibliotecas-do-trem-da-vale\/\" \/>\n<meta property=\"og:locale\" content=\"pt_PT\" \/>\n<meta property=\"og:type\" content=\"article\" \/>\n<meta property=\"og:title\" content=\"Embarque nas Bibliotecas do Trem &#8212; Trem da Vale\" \/>\n<meta property=\"og:description\" content=\"As Bibliotecas Infantojuvenis do Trem da Vale v\u00eam se consolidando ao longo dos anos como espa\u00e7os de incentivo \u00e0 leitura, oferecendo \u00e0 comunidade local atividades culturais como circuitos,&nbsp;saraus, oficinas e exposi\u00e7\u00f5es liter\u00e1rias.\" \/>\n<meta property=\"og:url\" content=\"https:\/\/tremdavale.org\/pt\/embarque-nas-bibliotecas-do-trem-da-vale\/\" \/>\n<meta property=\"og:site_name\" content=\"Trem da Vale\" \/>\n<meta property=\"article:published_time\" content=\"2011-09-09T10:11:00+00:00\" \/>\n<meta property=\"article:modified_time\" content=\"2025-10-10T11:57:00+00:00\" \/>\n<meta property=\"og:image\" content=\"https:\/\/tremdavale.org\/wp-content\/uploads\/circuito-em-mariana1-300x168.jpg\" \/>\n\t<meta property=\"og:image:width\" content=\"300\" \/>\n\t<meta property=\"og:image:height\" content=\"168\" \/>\n\t<meta property=\"og:image:type\" content=\"image\/jpeg\" \/>\n<meta name=\"author\" content=\"admin\" \/>\n<meta name=\"twitter:card\" content=\"summary_large_image\" \/>\n<meta name=\"twitter:label1\" content=\"Escrito por\" \/>\n\t<meta name=\"twitter:data1\" content=\"admin\" \/>\n\t<meta name=\"twitter:label2\" content=\"Tempo estimado de leitura\" \/>\n\t<meta name=\"twitter:data2\" content=\"1 minuto\" \/>\n<script type=\"application\/ld+json\" class=\"yoast-schema-graph\">{\"@context\":\"https:\/\/schema.org\",\"@graph\":[{\"@type\":\"WebPage\",\"@id\":\"https:\/\/tremdavale.org\/pt\/embarque-nas-bibliotecas-do-trem-da-vale\/\",\"url\":\"https:\/\/tremdavale.org\/pt\/embarque-nas-bibliotecas-do-trem-da-vale\/\",\"name\":\"Embarque nas Bibliotecas do Trem &#8212; Trem da Vale\",\"isPartOf\":{\"@id\":\"https:\/\/tremdavale.org\/pt\/#website\"},\"primaryImageOfPage\":{\"@id\":\"https:\/\/tremdavale.org\/pt\/embarque-nas-bibliotecas-do-trem-da-vale\/#primaryimage\"},\"image\":{\"@id\":\"https:\/\/tremdavale.org\/pt\/embarque-nas-bibliotecas-do-trem-da-vale\/#primaryimage\"},\"thumbnailUrl\":\"https:\/\/tremdavale.org\/wp-content\/uploads\/circuito-em-mariana1-300x168.jpg\",\"datePublished\":\"2011-09-09T10:11:00+00:00\",\"dateModified\":\"2025-10-10T11:57:00+00:00\",\"author\":{\"@id\":\"https:\/\/tremdavale.org\/pt\/#\/schema\/person\/50912137d47426d31329f246d02eaeca\"},\"breadcrumb\":{\"@id\":\"https:\/\/tremdavale.org\/pt\/embarque-nas-bibliotecas-do-trem-da-vale\/#breadcrumb\"},\"inLanguage\":\"pt-PT\",\"potentialAction\":[{\"@type\":\"ReadAction\",\"target\":[\"https:\/\/tremdavale.org\/pt\/embarque-nas-bibliotecas-do-trem-da-vale\/\"]}]},{\"@type\":\"ImageObject\",\"inLanguage\":\"pt-PT\",\"@id\":\"https:\/\/tremdavale.org\/pt\/embarque-nas-bibliotecas-do-trem-da-vale\/#primaryimage\",\"url\":\"https:\/\/tremdavale.org\/wp-content\/uploads\/circuito-em-mariana1-300x168.jpg\",\"contentUrl\":\"https:\/\/tremdavale.org\/wp-content\/uploads\/circuito-em-mariana1-300x168.jpg\",\"width\":300,\"height\":168},{\"@type\":\"BreadcrumbList\",\"@id\":\"https:\/\/tremdavale.org\/pt\/embarque-nas-bibliotecas-do-trem-da-vale\/#breadcrumb\",\"itemListElement\":[{\"@type\":\"ListItem\",\"position\":1,\"name\":\"In\u00edcio\",\"item\":\"https:\/\/tremdavale.org\/pt\/\"},{\"@type\":\"ListItem\",\"position\":2,\"name\":\"Embarque nas Bibliotecas do Trem\"}]},{\"@type\":\"WebSite\",\"@id\":\"https:\/\/tremdavale.org\/pt\/#website\",\"url\":\"https:\/\/tremdavale.org\/pt\/\",\"name\":\"Trem da Vale\",\"description\":\"Programa de Educa\u00e7\u00e3o Patrimonial\",\"potentialAction\":[{\"@type\":\"SearchAction\",\"target\":{\"@type\":\"EntryPoint\",\"urlTemplate\":\"https:\/\/tremdavale.org\/pt\/?s={search_term_string}\"},\"query-input\":{\"@type\":\"PropertyValueSpecification\",\"valueRequired\":true,\"valueName\":\"search_term_string\"}}],\"inLanguage\":\"pt-PT\"},{\"@type\":\"Person\",\"@id\":\"https:\/\/tremdavale.org\/pt\/#\/schema\/person\/50912137d47426d31329f246d02eaeca\",\"name\":\"admin\",\"image\":{\"@type\":\"ImageObject\",\"inLanguage\":\"pt-PT\",\"@id\":\"https:\/\/tremdavale.org\/pt\/#\/schema\/person\/image\/\",\"url\":\"https:\/\/secure.gravatar.com\/avatar\/b3564f0fda6ea47959fe96a4217203e79a167568a37409758659bc3ba443b452?s=96&d=mm&r=g\",\"contentUrl\":\"https:\/\/secure.gravatar.com\/avatar\/b3564f0fda6ea47959fe96a4217203e79a167568a37409758659bc3ba443b452?s=96&d=mm&r=g\",\"caption\":\"admin\"},\"sameAs\":[\"https:\/\/tremdavale.org\"],\"url\":\"https:\/\/tremdavale.org\/pt\/author\/admin\/\"}]}<\/script>\n<!-- \/ Yoast SEO plugin. -->","yoast_head_json":{"title":"Embarque nas Bibliotecas do Trem &#8212; Trem da Vale","robots":{"index":"index","follow":"follow","max-snippet":"max-snippet:-1","max-image-preview":"max-image-preview:large","max-video-preview":"max-video-preview:-1"},"canonical":"https:\/\/tremdavale.org\/pt\/embarque-nas-bibliotecas-do-trem-da-vale\/","og_locale":"pt_PT","og_type":"article","og_title":"Embarque nas Bibliotecas do Trem &#8212; Trem da Vale","og_description":"As Bibliotecas Infantojuvenis do Trem da Vale v\u00eam se consolidando ao longo dos anos como espa\u00e7os de incentivo \u00e0 leitura, oferecendo \u00e0 comunidade local atividades culturais como circuitos,&nbsp;saraus, oficinas e exposi\u00e7\u00f5es liter\u00e1rias.","og_url":"https:\/\/tremdavale.org\/pt\/embarque-nas-bibliotecas-do-trem-da-vale\/","og_site_name":"Trem da Vale","article_published_time":"2011-09-09T10:11:00+00:00","article_modified_time":"2025-10-10T11:57:00+00:00","og_image":[{"width":300,"height":168,"url":"https:\/\/tremdavale.org\/wp-content\/uploads\/circuito-em-mariana1-300x168.jpg","type":"image\/jpeg"}],"author":"admin","twitter_card":"summary_large_image","twitter_misc":{"Escrito por":"admin","Tempo estimado de leitura":"1 minuto"},"schema":{"@context":"https:\/\/schema.org","@graph":[{"@type":"WebPage","@id":"https:\/\/tremdavale.org\/pt\/embarque-nas-bibliotecas-do-trem-da-vale\/","url":"https:\/\/tremdavale.org\/pt\/embarque-nas-bibliotecas-do-trem-da-vale\/","name":"Embarque nas Bibliotecas do Trem &#8212; Trem da Vale","isPartOf":{"@id":"https:\/\/tremdavale.org\/pt\/#website"},"primaryImageOfPage":{"@id":"https:\/\/tremdavale.org\/pt\/embarque-nas-bibliotecas-do-trem-da-vale\/#primaryimage"},"image":{"@id":"https:\/\/tremdavale.org\/pt\/embarque-nas-bibliotecas-do-trem-da-vale\/#primaryimage"},"thumbnailUrl":"https:\/\/tremdavale.org\/wp-content\/uploads\/circuito-em-mariana1-300x168.jpg","datePublished":"2011-09-09T10:11:00+00:00","dateModified":"2025-10-10T11:57:00+00:00","author":{"@id":"https:\/\/tremdavale.org\/pt\/#\/schema\/person\/50912137d47426d31329f246d02eaeca"},"breadcrumb":{"@id":"https:\/\/tremdavale.org\/pt\/embarque-nas-bibliotecas-do-trem-da-vale\/#breadcrumb"},"inLanguage":"pt-PT","potentialAction":[{"@type":"ReadAction","target":["https:\/\/tremdavale.org\/pt\/embarque-nas-bibliotecas-do-trem-da-vale\/"]}]},{"@type":"ImageObject","inLanguage":"pt-PT","@id":"https:\/\/tremdavale.org\/pt\/embarque-nas-bibliotecas-do-trem-da-vale\/#primaryimage","url":"https:\/\/tremdavale.org\/wp-content\/uploads\/circuito-em-mariana1-300x168.jpg","contentUrl":"https:\/\/tremdavale.org\/wp-content\/uploads\/circuito-em-mariana1-300x168.jpg","width":300,"height":168},{"@type":"BreadcrumbList","@id":"https:\/\/tremdavale.org\/pt\/embarque-nas-bibliotecas-do-trem-da-vale\/#breadcrumb","itemListElement":[{"@type":"ListItem","position":1,"name":"In\u00edcio","item":"https:\/\/tremdavale.org\/pt\/"},{"@type":"ListItem","position":2,"name":"Embarque nas Bibliotecas do Trem"}]},{"@type":"WebSite","@id":"https:\/\/tremdavale.org\/pt\/#website","url":"https:\/\/tremdavale.org\/pt\/","name":"Trem da Vale","description":"Programa de Educa\u00e7\u00e3o Patrimonial","potentialAction":[{"@type":"SearchAction","target":{"@type":"EntryPoint","urlTemplate":"https:\/\/tremdavale.org\/pt\/?s={search_term_string}"},"query-input":{"@type":"PropertyValueSpecification","valueRequired":true,"valueName":"search_term_string"}}],"inLanguage":"pt-PT"},{"@type":"Person","@id":"https:\/\/tremdavale.org\/pt\/#\/schema\/person\/50912137d47426d31329f246d02eaeca","name":"admin","image":{"@type":"ImageObject","inLanguage":"pt-PT","@id":"https:\/\/tremdavale.org\/pt\/#\/schema\/person\/image\/","url":"https:\/\/secure.gravatar.com\/avatar\/b3564f0fda6ea47959fe96a4217203e79a167568a37409758659bc3ba443b452?s=96&d=mm&r=g","contentUrl":"https:\/\/secure.gravatar.com\/avatar\/b3564f0fda6ea47959fe96a4217203e79a167568a37409758659bc3ba443b452?s=96&d=mm&r=g","caption":"admin"},"sameAs":["https:\/\/tremdavale.org"],"url":"https:\/\/tremdavale.org\/pt\/author\/admin\/"}]}},"_links":{"self":[{"href":"https:\/\/tremdavale.org\/pt\/wp-json\/wp\/v2\/posts\/117","targetHints":{"allow":["GET"]}}],"collection":[{"href":"https:\/\/tremdavale.org\/pt\/wp-json\/wp\/v2\/posts"}],"about":[{"href":"https:\/\/tremdavale.org\/pt\/wp-json\/wp\/v2\/types\/post"}],"author":[{"embeddable":true,"href":"https:\/\/tremdavale.org\/pt\/wp-json\/wp\/v2\/users\/1"}],"replies":[{"embeddable":true,"href":"https:\/\/tremdavale.org\/pt\/wp-json\/wp\/v2\/comments?post=117"}],"version-history":[{"count":0,"href":"https:\/\/tremdavale.org\/pt\/wp-json\/wp\/v2\/posts\/117\/revisions"}],"wp:featuredmedia":[{"embeddable":true,"href":"https:\/\/tremdavale.org\/pt\/wp-json\/wp\/v2\/media\/402"}],"wp:attachment":[{"href":"https:\/\/tremdavale.org\/pt\/wp-json\/wp\/v2\/media?parent=117"}],"wp:term":[{"taxonomy":"category","embeddable":true,"href":"https:\/\/tremdavale.org\/pt\/wp-json\/wp\/v2\/categories?post=117"},{"taxonomy":"post_tag","embeddable":true,"href":"https:\/\/tremdavale.org\/pt\/wp-json\/wp\/v2\/tags?post=117"}],"curies":[{"name":"wp","href":"https:\/\/api.w.org\/{rel}","templated":true}]}}