{"id":118,"date":"2011-09-12T01:36:00","date_gmt":"2011-09-12T01:36:00","guid":{"rendered":"https:\/\/tremdavale.org\/?p=118"},"modified":"2025-10-10T11:57:00","modified_gmt":"2025-10-10T11:57:00","slug":"emprestimo-de-livros-na-biblioteca-de-mariana","status":"publish","type":"post","link":"https:\/\/tremdavale.org\/pt\/emprestimo-de-livros-na-biblioteca-de-mariana\/","title":{"rendered":"Empr\u00e9stimo de livros na Biblioteca de Mariana"},"content":{"rendered":"<p>A partir de 11 de fevereiro os usu\u00e1rios da Biblioteca Infanto-Juvenil de Mariana podem se cadastrar para retirar material emprestado. O cadastro \u00e9 feito mediante apresenta\u00e7\u00e3o de foto 3\u00d74 e dos documentos de identidade, CPF e comprovante de resid\u00eancia atual. Para os menores de dezoito anos, ser\u00e1 necess\u00e1rio o comparecimento de um respons\u00e1vel e a apresenta\u00e7\u00e3o de documentos do mesmo.<\/p>\n<p>Com a disponibiliza\u00e7\u00e3o de livros para empr\u00e9stimo, o acervo da Biblioteca de Mariana, composto de mais de 4000 livros, peri\u00f3dicos e DVDs de filmes que trazem temas ligados ao patrim\u00f4nio e \u00e0 hist\u00f3ria, poder\u00e1 circular pela comunidade, ampliando ainda mais o acesso \u00e0 leitura e \u00e0 pesquisa.<\/p>\n<p>&nbsp;<\/p>\n","protected":false},"excerpt":{"rendered":"<p>A partir de 11 de fevereiro os usu\u00e1rios da Biblioteca Infanto-Juvenil de Mariana podem se cadastrar para retirar material emprestado. O cadastro \u00e9 feito mediante apresenta\u00e7\u00e3o de foto 3\u00d74 e dos documentos de identidade, CPF e comprovante de resid\u00eancia atual. Para os menores de dezoito anos, ser\u00e1 necess\u00e1rio o comparecimento &hellip;<\/p>\n","protected":false},"author":1,"featured_media":0,"comment_status":"open","ping_status":"closed","sticky":false,"template":"","format":"standard","meta":{"footnotes":""},"categories":[3],"tags":[],"class_list":["post-118","post","type-post","status-publish","format-standard","hentry","category-noticias"],"yoast_head":"<!-- This site is optimized with the Yoast SEO plugin v26.1.1 - https:\/\/yoast.com\/wordpress\/plugins\/seo\/ -->\n<title>Empr\u00e9stimo de livros na Biblioteca de Mariana &#8212; Trem da Vale<\/title>\n<meta name=\"robots\" content=\"index, follow, max-snippet:-1, max-image-preview:large, max-video-preview:-1\" \/>\n<link rel=\"canonical\" href=\"https:\/\/tremdavale.org\/pt\/emprestimo-de-livros-na-biblioteca-de-mariana\/\" \/>\n<meta property=\"og:locale\" content=\"pt_PT\" \/>\n<meta property=\"og:type\" content=\"article\" \/>\n<meta property=\"og:title\" content=\"Empr\u00e9stimo de livros na Biblioteca de Mariana &#8212; Trem da Vale\" \/>\n<meta property=\"og:description\" content=\"A partir de 11 de fevereiro os usu\u00e1rios da Biblioteca Infanto-Juvenil de Mariana podem se cadastrar para retirar material emprestado. O cadastro \u00e9 feito mediante apresenta\u00e7\u00e3o de foto 3\u00d74 e dos documentos de identidade, CPF e comprovante de resid\u00eancia atual. Para os menores de dezoito anos, ser\u00e1 necess\u00e1rio o comparecimento &hellip;\" \/>\n<meta property=\"og:url\" content=\"https:\/\/tremdavale.org\/pt\/emprestimo-de-livros-na-biblioteca-de-mariana\/\" \/>\n<meta property=\"og:site_name\" content=\"Trem da Vale\" \/>\n<meta property=\"article:published_time\" content=\"2011-09-12T01:36:00+00:00\" \/>\n<meta property=\"article:modified_time\" content=\"2025-10-10T11:57:00+00:00\" \/>\n<meta name=\"author\" content=\"admin\" \/>\n<meta name=\"twitter:card\" content=\"summary_large_image\" \/>\n<meta name=\"twitter:label1\" content=\"Escrito por\" \/>\n\t<meta name=\"twitter:data1\" content=\"admin\" \/>\n\t<meta name=\"twitter:label2\" content=\"Tempo estimado de leitura\" \/>\n\t<meta name=\"twitter:data2\" content=\"1 minuto\" \/>\n<script type=\"application\/ld+json\" class=\"yoast-schema-graph\">{\"@context\":\"https:\/\/schema.org\",\"@graph\":[{\"@type\":\"WebPage\",\"@id\":\"https:\/\/tremdavale.org\/pt\/emprestimo-de-livros-na-biblioteca-de-mariana\/\",\"url\":\"https:\/\/tremdavale.org\/pt\/emprestimo-de-livros-na-biblioteca-de-mariana\/\",\"name\":\"Empr\u00e9stimo de livros na Biblioteca de Mariana &#8212; Trem da Vale\",\"isPartOf\":{\"@id\":\"https:\/\/tremdavale.org\/pt\/#website\"},\"datePublished\":\"2011-09-12T01:36:00+00:00\",\"dateModified\":\"2025-10-10T11:57:00+00:00\",\"author\":{\"@id\":\"https:\/\/tremdavale.org\/pt\/#\/schema\/person\/50912137d47426d31329f246d02eaeca\"},\"breadcrumb\":{\"@id\":\"https:\/\/tremdavale.org\/pt\/emprestimo-de-livros-na-biblioteca-de-mariana\/#breadcrumb\"},\"inLanguage\":\"pt-PT\",\"potentialAction\":[{\"@type\":\"ReadAction\",\"target\":[\"https:\/\/tremdavale.org\/pt\/emprestimo-de-livros-na-biblioteca-de-mariana\/\"]}]},{\"@type\":\"BreadcrumbList\",\"@id\":\"https:\/\/tremdavale.org\/pt\/emprestimo-de-livros-na-biblioteca-de-mariana\/#breadcrumb\",\"itemListElement\":[{\"@type\":\"ListItem\",\"position\":1,\"name\":\"In\u00edcio\",\"item\":\"https:\/\/tremdavale.org\/pt\/\"},{\"@type\":\"ListItem\",\"position\":2,\"name\":\"Empr\u00e9stimo de livros na Biblioteca de Mariana\"}]},{\"@type\":\"WebSite\",\"@id\":\"https:\/\/tremdavale.org\/pt\/#website\",\"url\":\"https:\/\/tremdavale.org\/pt\/\",\"name\":\"Trem da Vale\",\"description\":\"Programa de Educa\u00e7\u00e3o Patrimonial\",\"potentialAction\":[{\"@type\":\"SearchAction\",\"target\":{\"@type\":\"EntryPoint\",\"urlTemplate\":\"https:\/\/tremdavale.org\/pt\/?s={search_term_string}\"},\"query-input\":{\"@type\":\"PropertyValueSpecification\",\"valueRequired\":true,\"valueName\":\"search_term_string\"}}],\"inLanguage\":\"pt-PT\"},{\"@type\":\"Person\",\"@id\":\"https:\/\/tremdavale.org\/pt\/#\/schema\/person\/50912137d47426d31329f246d02eaeca\",\"name\":\"admin\",\"image\":{\"@type\":\"ImageObject\",\"inLanguage\":\"pt-PT\",\"@id\":\"https:\/\/tremdavale.org\/pt\/#\/schema\/person\/image\/\",\"url\":\"https:\/\/secure.gravatar.com\/avatar\/b3564f0fda6ea47959fe96a4217203e79a167568a37409758659bc3ba443b452?s=96&d=mm&r=g\",\"contentUrl\":\"https:\/\/secure.gravatar.com\/avatar\/b3564f0fda6ea47959fe96a4217203e79a167568a37409758659bc3ba443b452?s=96&d=mm&r=g\",\"caption\":\"admin\"},\"sameAs\":[\"https:\/\/tremdavale.org\"],\"url\":\"https:\/\/tremdavale.org\/pt\/author\/admin\/\"}]}<\/script>\n<!-- \/ Yoast SEO plugin. -->","yoast_head_json":{"title":"Empr\u00e9stimo de livros na Biblioteca de Mariana &#8212; Trem da Vale","robots":{"index":"index","follow":"follow","max-snippet":"max-snippet:-1","max-image-preview":"max-image-preview:large","max-video-preview":"max-video-preview:-1"},"canonical":"https:\/\/tremdavale.org\/pt\/emprestimo-de-livros-na-biblioteca-de-mariana\/","og_locale":"pt_PT","og_type":"article","og_title":"Empr\u00e9stimo de livros na Biblioteca de Mariana &#8212; Trem da Vale","og_description":"A partir de 11 de fevereiro os usu\u00e1rios da Biblioteca Infanto-Juvenil de Mariana podem se cadastrar para retirar material emprestado. O cadastro \u00e9 feito mediante apresenta\u00e7\u00e3o de foto 3\u00d74 e dos documentos de identidade, CPF e comprovante de resid\u00eancia atual. Para os menores de dezoito anos, ser\u00e1 necess\u00e1rio o comparecimento &hellip;","og_url":"https:\/\/tremdavale.org\/pt\/emprestimo-de-livros-na-biblioteca-de-mariana\/","og_site_name":"Trem da Vale","article_published_time":"2011-09-12T01:36:00+00:00","article_modified_time":"2025-10-10T11:57:00+00:00","author":"admin","twitter_card":"summary_large_image","twitter_misc":{"Escrito por":"admin","Tempo estimado de leitura":"1 minuto"},"schema":{"@context":"https:\/\/schema.org","@graph":[{"@type":"WebPage","@id":"https:\/\/tremdavale.org\/pt\/emprestimo-de-livros-na-biblioteca-de-mariana\/","url":"https:\/\/tremdavale.org\/pt\/emprestimo-de-livros-na-biblioteca-de-mariana\/","name":"Empr\u00e9stimo de livros na Biblioteca de Mariana &#8212; Trem da Vale","isPartOf":{"@id":"https:\/\/tremdavale.org\/pt\/#website"},"datePublished":"2011-09-12T01:36:00+00:00","dateModified":"2025-10-10T11:57:00+00:00","author":{"@id":"https:\/\/tremdavale.org\/pt\/#\/schema\/person\/50912137d47426d31329f246d02eaeca"},"breadcrumb":{"@id":"https:\/\/tremdavale.org\/pt\/emprestimo-de-livros-na-biblioteca-de-mariana\/#breadcrumb"},"inLanguage":"pt-PT","potentialAction":[{"@type":"ReadAction","target":["https:\/\/tremdavale.org\/pt\/emprestimo-de-livros-na-biblioteca-de-mariana\/"]}]},{"@type":"BreadcrumbList","@id":"https:\/\/tremdavale.org\/pt\/emprestimo-de-livros-na-biblioteca-de-mariana\/#breadcrumb","itemListElement":[{"@type":"ListItem","position":1,"name":"In\u00edcio","item":"https:\/\/tremdavale.org\/pt\/"},{"@type":"ListItem","position":2,"name":"Empr\u00e9stimo de livros na Biblioteca de Mariana"}]},{"@type":"WebSite","@id":"https:\/\/tremdavale.org\/pt\/#website","url":"https:\/\/tremdavale.org\/pt\/","name":"Trem da Vale","description":"Programa de Educa\u00e7\u00e3o Patrimonial","potentialAction":[{"@type":"SearchAction","target":{"@type":"EntryPoint","urlTemplate":"https:\/\/tremdavale.org\/pt\/?s={search_term_string}"},"query-input":{"@type":"PropertyValueSpecification","valueRequired":true,"valueName":"search_term_string"}}],"inLanguage":"pt-PT"},{"@type":"Person","@id":"https:\/\/tremdavale.org\/pt\/#\/schema\/person\/50912137d47426d31329f246d02eaeca","name":"admin","image":{"@type":"ImageObject","inLanguage":"pt-PT","@id":"https:\/\/tremdavale.org\/pt\/#\/schema\/person\/image\/","url":"https:\/\/secure.gravatar.com\/avatar\/b3564f0fda6ea47959fe96a4217203e79a167568a37409758659bc3ba443b452?s=96&d=mm&r=g","contentUrl":"https:\/\/secure.gravatar.com\/avatar\/b3564f0fda6ea47959fe96a4217203e79a167568a37409758659bc3ba443b452?s=96&d=mm&r=g","caption":"admin"},"sameAs":["https:\/\/tremdavale.org"],"url":"https:\/\/tremdavale.org\/pt\/author\/admin\/"}]}},"_links":{"self":[{"href":"https:\/\/tremdavale.org\/pt\/wp-json\/wp\/v2\/posts\/118","targetHints":{"allow":["GET"]}}],"collection":[{"href":"https:\/\/tremdavale.org\/pt\/wp-json\/wp\/v2\/posts"}],"about":[{"href":"https:\/\/tremdavale.org\/pt\/wp-json\/wp\/v2\/types\/post"}],"author":[{"embeddable":true,"href":"https:\/\/tremdavale.org\/pt\/wp-json\/wp\/v2\/users\/1"}],"replies":[{"embeddable":true,"href":"https:\/\/tremdavale.org\/pt\/wp-json\/wp\/v2\/comments?post=118"}],"version-history":[{"count":0,"href":"https:\/\/tremdavale.org\/pt\/wp-json\/wp\/v2\/posts\/118\/revisions"}],"wp:attachment":[{"href":"https:\/\/tremdavale.org\/pt\/wp-json\/wp\/v2\/media?parent=118"}],"wp:term":[{"taxonomy":"category","embeddable":true,"href":"https:\/\/tremdavale.org\/pt\/wp-json\/wp\/v2\/categories?post=118"},{"taxonomy":"post_tag","embeddable":true,"href":"https:\/\/tremdavale.org\/pt\/wp-json\/wp\/v2\/tags?post=118"}],"curies":[{"name":"wp","href":"https:\/\/api.w.org\/{rel}","templated":true}]}}