{"id":120,"date":"2014-04-30T00:09:00","date_gmt":"2014-04-30T00:09:00","guid":{"rendered":"https:\/\/tremdavale.org\/?p=120"},"modified":"2025-10-10T11:57:00","modified_gmt":"2025-10-10T11:57:00","slug":"encerra-a-7-oficina-de-fotografia-digital-etapa-ouro-preto","status":"publish","type":"post","link":"https:\/\/tremdavale.org\/pt\/encerra-a-7-oficina-de-fotografia-digital-etapa-ouro-preto\/","title":{"rendered":"Encerra a 7\u00aa Oficina de Fotografia Digital &#8211; Etapa Ouro Preto"},"content":{"rendered":"<p>A 7\u00aa Oficina de Fotografia Digital, oferecida pelo Vale Registrar do Programa de Educa\u00e7\u00e3o Patrimonial Trem da Vale, foi encerrada&nbsp;no&nbsp;dia 24 de agosto de 2013, na Esta\u00e7\u00e3o Ferrovi\u00e1ria de Ouro Preto.<\/p>\n<p>A atividade teve in\u00edcio&nbsp;no&nbsp;dia 19 de agosto,&nbsp;e prosseguiu&nbsp;de segunda a s\u00e1bado, de 08 as 12 horas, com a participa\u00e7\u00e3o de 12 alunos.<\/p>\n<p>Ap\u00f3s&nbsp;as&nbsp;aulas te\u00f3ricas e discuss\u00f5es realizadas sobre composi\u00e7\u00e3o e desenho na fotografia em preto e branco, os alunos foram a campo, e&nbsp;em&nbsp;dois dias realizaram registros fotogr\u00e1ficos de detalhes de bens culturais de Ouro Preto.<\/p>\n<p>Cada participante&nbsp;da oficina&nbsp;selecionou&nbsp;10 fotografias provenientes deste trabalho pr\u00e1tico. No \u00faltimo dia da oficina, sob&nbsp;a&nbsp;coordena\u00e7\u00e3o de Dimas Guedes, os alunos fizeram o tratamento de 3 fotos de sua autoria, escolhidas dentre as 10 pr\u00e9-selecionadas. Estas fotografias ir\u00e3o compor a exposi\u00e7\u00e3o fotogr\u00e1fica prevista para ser realizada em setembro e outubro nas plataformas das Esta\u00e7\u00f5es de Mariana e de Ouro Preto.<\/p>\n<p>&nbsp;<\/p>\n","protected":false},"excerpt":{"rendered":"<p>A 7\u00aa Oficina de Fotografia Digital, oferecida pelo Vale Registrar do Programa de Educa\u00e7\u00e3o Patrimonial Trem da Vale, foi encerrada&nbsp;no&nbsp;dia 24 de agosto de 2013, na Esta\u00e7\u00e3o Ferrovi\u00e1ria de Ouro Preto. A atividade teve in\u00edcio&nbsp;no&nbsp;dia 19 de agosto,&nbsp;e prosseguiu&nbsp;de segunda a s\u00e1bado, de 08 as 12 horas, com a participa\u00e7\u00e3o &hellip;<\/p>\n","protected":false},"author":1,"featured_media":0,"comment_status":"open","ping_status":"closed","sticky":false,"template":"","format":"standard","meta":{"footnotes":""},"categories":[2],"tags":[],"class_list":["post-120","post","type-post","status-publish","format-standard","hentry","category-destaques-home"],"yoast_head":"<!-- This site is optimized with the Yoast SEO plugin v26.1.1 - https:\/\/yoast.com\/wordpress\/plugins\/seo\/ -->\n<title>Encerra a 7\u00aa Oficina de Fotografia Digital - Etapa Ouro Preto &#8212; Trem da Vale<\/title>\n<meta name=\"robots\" content=\"index, follow, max-snippet:-1, max-image-preview:large, max-video-preview:-1\" \/>\n<link rel=\"canonical\" href=\"https:\/\/tremdavale.org\/pt\/encerra-a-7-oficina-de-fotografia-digital-etapa-ouro-preto\/\" \/>\n<meta property=\"og:locale\" content=\"pt_PT\" \/>\n<meta property=\"og:type\" content=\"article\" \/>\n<meta property=\"og:title\" content=\"Encerra a 7\u00aa Oficina de Fotografia Digital - Etapa Ouro Preto &#8212; Trem da Vale\" \/>\n<meta property=\"og:description\" content=\"A 7\u00aa Oficina de Fotografia Digital, oferecida pelo Vale Registrar do Programa de Educa\u00e7\u00e3o Patrimonial Trem da Vale, foi encerrada&nbsp;no&nbsp;dia 24 de agosto de 2013, na Esta\u00e7\u00e3o Ferrovi\u00e1ria de Ouro Preto. A atividade teve in\u00edcio&nbsp;no&nbsp;dia 19 de agosto,&nbsp;e prosseguiu&nbsp;de segunda a s\u00e1bado, de 08 as 12 horas, com a participa\u00e7\u00e3o &hellip;\" \/>\n<meta property=\"og:url\" content=\"https:\/\/tremdavale.org\/pt\/encerra-a-7-oficina-de-fotografia-digital-etapa-ouro-preto\/\" \/>\n<meta property=\"og:site_name\" content=\"Trem da Vale\" \/>\n<meta property=\"article:published_time\" content=\"2014-04-30T00:09:00+00:00\" \/>\n<meta property=\"article:modified_time\" content=\"2025-10-10T11:57:00+00:00\" \/>\n<meta name=\"author\" content=\"admin\" \/>\n<meta name=\"twitter:card\" content=\"summary_large_image\" \/>\n<meta name=\"twitter:label1\" content=\"Escrito por\" \/>\n\t<meta name=\"twitter:data1\" content=\"admin\" \/>\n\t<meta name=\"twitter:label2\" content=\"Tempo estimado de leitura\" \/>\n\t<meta name=\"twitter:data2\" content=\"1 minuto\" \/>\n<script type=\"application\/ld+json\" class=\"yoast-schema-graph\">{\"@context\":\"https:\/\/schema.org\",\"@graph\":[{\"@type\":\"WebPage\",\"@id\":\"https:\/\/tremdavale.org\/pt\/encerra-a-7-oficina-de-fotografia-digital-etapa-ouro-preto\/\",\"url\":\"https:\/\/tremdavale.org\/pt\/encerra-a-7-oficina-de-fotografia-digital-etapa-ouro-preto\/\",\"name\":\"Encerra a 7\u00aa Oficina de Fotografia Digital - Etapa Ouro Preto &#8212; Trem da Vale\",\"isPartOf\":{\"@id\":\"https:\/\/tremdavale.org\/pt\/#website\"},\"datePublished\":\"2014-04-30T00:09:00+00:00\",\"dateModified\":\"2025-10-10T11:57:00+00:00\",\"author\":{\"@id\":\"https:\/\/tremdavale.org\/pt\/#\/schema\/person\/50912137d47426d31329f246d02eaeca\"},\"breadcrumb\":{\"@id\":\"https:\/\/tremdavale.org\/pt\/encerra-a-7-oficina-de-fotografia-digital-etapa-ouro-preto\/#breadcrumb\"},\"inLanguage\":\"pt-PT\",\"potentialAction\":[{\"@type\":\"ReadAction\",\"target\":[\"https:\/\/tremdavale.org\/pt\/encerra-a-7-oficina-de-fotografia-digital-etapa-ouro-preto\/\"]}]},{\"@type\":\"BreadcrumbList\",\"@id\":\"https:\/\/tremdavale.org\/pt\/encerra-a-7-oficina-de-fotografia-digital-etapa-ouro-preto\/#breadcrumb\",\"itemListElement\":[{\"@type\":\"ListItem\",\"position\":1,\"name\":\"In\u00edcio\",\"item\":\"https:\/\/tremdavale.org\/pt\/\"},{\"@type\":\"ListItem\",\"position\":2,\"name\":\"Encerra a 7\u00aa Oficina de Fotografia Digital &#8211; Etapa Ouro Preto\"}]},{\"@type\":\"WebSite\",\"@id\":\"https:\/\/tremdavale.org\/pt\/#website\",\"url\":\"https:\/\/tremdavale.org\/pt\/\",\"name\":\"Trem da Vale\",\"description\":\"Programa de Educa\u00e7\u00e3o Patrimonial\",\"potentialAction\":[{\"@type\":\"SearchAction\",\"target\":{\"@type\":\"EntryPoint\",\"urlTemplate\":\"https:\/\/tremdavale.org\/pt\/?s={search_term_string}\"},\"query-input\":{\"@type\":\"PropertyValueSpecification\",\"valueRequired\":true,\"valueName\":\"search_term_string\"}}],\"inLanguage\":\"pt-PT\"},{\"@type\":\"Person\",\"@id\":\"https:\/\/tremdavale.org\/pt\/#\/schema\/person\/50912137d47426d31329f246d02eaeca\",\"name\":\"admin\",\"image\":{\"@type\":\"ImageObject\",\"inLanguage\":\"pt-PT\",\"@id\":\"https:\/\/tremdavale.org\/pt\/#\/schema\/person\/image\/\",\"url\":\"https:\/\/secure.gravatar.com\/avatar\/b3564f0fda6ea47959fe96a4217203e79a167568a37409758659bc3ba443b452?s=96&d=mm&r=g\",\"contentUrl\":\"https:\/\/secure.gravatar.com\/avatar\/b3564f0fda6ea47959fe96a4217203e79a167568a37409758659bc3ba443b452?s=96&d=mm&r=g\",\"caption\":\"admin\"},\"sameAs\":[\"https:\/\/tremdavale.org\"],\"url\":\"https:\/\/tremdavale.org\/pt\/author\/admin\/\"}]}<\/script>\n<!-- \/ Yoast SEO plugin. -->","yoast_head_json":{"title":"Encerra a 7\u00aa Oficina de Fotografia Digital - Etapa Ouro Preto &#8212; Trem da Vale","robots":{"index":"index","follow":"follow","max-snippet":"max-snippet:-1","max-image-preview":"max-image-preview:large","max-video-preview":"max-video-preview:-1"},"canonical":"https:\/\/tremdavale.org\/pt\/encerra-a-7-oficina-de-fotografia-digital-etapa-ouro-preto\/","og_locale":"pt_PT","og_type":"article","og_title":"Encerra a 7\u00aa Oficina de Fotografia Digital - Etapa Ouro Preto &#8212; Trem da Vale","og_description":"A 7\u00aa Oficina de Fotografia Digital, oferecida pelo Vale Registrar do Programa de Educa\u00e7\u00e3o Patrimonial Trem da Vale, foi encerrada&nbsp;no&nbsp;dia 24 de agosto de 2013, na Esta\u00e7\u00e3o Ferrovi\u00e1ria de Ouro Preto. A atividade teve in\u00edcio&nbsp;no&nbsp;dia 19 de agosto,&nbsp;e prosseguiu&nbsp;de segunda a s\u00e1bado, de 08 as 12 horas, com a participa\u00e7\u00e3o &hellip;","og_url":"https:\/\/tremdavale.org\/pt\/encerra-a-7-oficina-de-fotografia-digital-etapa-ouro-preto\/","og_site_name":"Trem da Vale","article_published_time":"2014-04-30T00:09:00+00:00","article_modified_time":"2025-10-10T11:57:00+00:00","author":"admin","twitter_card":"summary_large_image","twitter_misc":{"Escrito por":"admin","Tempo estimado de leitura":"1 minuto"},"schema":{"@context":"https:\/\/schema.org","@graph":[{"@type":"WebPage","@id":"https:\/\/tremdavale.org\/pt\/encerra-a-7-oficina-de-fotografia-digital-etapa-ouro-preto\/","url":"https:\/\/tremdavale.org\/pt\/encerra-a-7-oficina-de-fotografia-digital-etapa-ouro-preto\/","name":"Encerra a 7\u00aa Oficina de Fotografia Digital - Etapa Ouro Preto &#8212; Trem da Vale","isPartOf":{"@id":"https:\/\/tremdavale.org\/pt\/#website"},"datePublished":"2014-04-30T00:09:00+00:00","dateModified":"2025-10-10T11:57:00+00:00","author":{"@id":"https:\/\/tremdavale.org\/pt\/#\/schema\/person\/50912137d47426d31329f246d02eaeca"},"breadcrumb":{"@id":"https:\/\/tremdavale.org\/pt\/encerra-a-7-oficina-de-fotografia-digital-etapa-ouro-preto\/#breadcrumb"},"inLanguage":"pt-PT","potentialAction":[{"@type":"ReadAction","target":["https:\/\/tremdavale.org\/pt\/encerra-a-7-oficina-de-fotografia-digital-etapa-ouro-preto\/"]}]},{"@type":"BreadcrumbList","@id":"https:\/\/tremdavale.org\/pt\/encerra-a-7-oficina-de-fotografia-digital-etapa-ouro-preto\/#breadcrumb","itemListElement":[{"@type":"ListItem","position":1,"name":"In\u00edcio","item":"https:\/\/tremdavale.org\/pt\/"},{"@type":"ListItem","position":2,"name":"Encerra a 7\u00aa Oficina de Fotografia Digital &#8211; Etapa Ouro Preto"}]},{"@type":"WebSite","@id":"https:\/\/tremdavale.org\/pt\/#website","url":"https:\/\/tremdavale.org\/pt\/","name":"Trem da Vale","description":"Programa de Educa\u00e7\u00e3o Patrimonial","potentialAction":[{"@type":"SearchAction","target":{"@type":"EntryPoint","urlTemplate":"https:\/\/tremdavale.org\/pt\/?s={search_term_string}"},"query-input":{"@type":"PropertyValueSpecification","valueRequired":true,"valueName":"search_term_string"}}],"inLanguage":"pt-PT"},{"@type":"Person","@id":"https:\/\/tremdavale.org\/pt\/#\/schema\/person\/50912137d47426d31329f246d02eaeca","name":"admin","image":{"@type":"ImageObject","inLanguage":"pt-PT","@id":"https:\/\/tremdavale.org\/pt\/#\/schema\/person\/image\/","url":"https:\/\/secure.gravatar.com\/avatar\/b3564f0fda6ea47959fe96a4217203e79a167568a37409758659bc3ba443b452?s=96&d=mm&r=g","contentUrl":"https:\/\/secure.gravatar.com\/avatar\/b3564f0fda6ea47959fe96a4217203e79a167568a37409758659bc3ba443b452?s=96&d=mm&r=g","caption":"admin"},"sameAs":["https:\/\/tremdavale.org"],"url":"https:\/\/tremdavale.org\/pt\/author\/admin\/"}]}},"_links":{"self":[{"href":"https:\/\/tremdavale.org\/pt\/wp-json\/wp\/v2\/posts\/120","targetHints":{"allow":["GET"]}}],"collection":[{"href":"https:\/\/tremdavale.org\/pt\/wp-json\/wp\/v2\/posts"}],"about":[{"href":"https:\/\/tremdavale.org\/pt\/wp-json\/wp\/v2\/types\/post"}],"author":[{"embeddable":true,"href":"https:\/\/tremdavale.org\/pt\/wp-json\/wp\/v2\/users\/1"}],"replies":[{"embeddable":true,"href":"https:\/\/tremdavale.org\/pt\/wp-json\/wp\/v2\/comments?post=120"}],"version-history":[{"count":0,"href":"https:\/\/tremdavale.org\/pt\/wp-json\/wp\/v2\/posts\/120\/revisions"}],"wp:attachment":[{"href":"https:\/\/tremdavale.org\/pt\/wp-json\/wp\/v2\/media?parent=120"}],"wp:term":[{"taxonomy":"category","embeddable":true,"href":"https:\/\/tremdavale.org\/pt\/wp-json\/wp\/v2\/categories?post=120"},{"taxonomy":"post_tag","embeddable":true,"href":"https:\/\/tremdavale.org\/pt\/wp-json\/wp\/v2\/tags?post=120"}],"curies":[{"name":"wp","href":"https:\/\/api.w.org\/{rel}","templated":true}]}}