{"id":121,"date":"2013-08-25T09:51:00","date_gmt":"2013-08-25T09:51:00","guid":{"rendered":"https:\/\/tremdavale.org\/?p=121"},"modified":"2025-10-10T11:57:00","modified_gmt":"2025-10-10T11:57:00","slug":"encerramento-da-6-oficina-de-fotografia-digital","status":"publish","type":"post","link":"https:\/\/tremdavale.org\/pt\/encerramento-da-6-oficina-de-fotografia-digital\/","title":{"rendered":"Encerramento da 6\u00aa Oficina de Fotografia Digital"},"content":{"rendered":"<p><img loading=\"lazy\" decoding=\"async\" class=\"size-medium\" title=\"03-ma\" src=\"\/wp-content\/uploads\/03-ma-300x208.jpg\" alt=\"03-ma\" width=\"300\" height=\"208\"><\/p>\n<p>O instrutor Dimas Guedes, a equipe do Vale Registrar e os alunos da 6\u00aa Oficina de Fotografia Digital no p\u00e1tio externo da Esta\u00e7\u00e3o Ferrovi\u00e1ria de Mariana. Foto: Rafael Bou\u00e7as<\/p>\n<p>&nbsp;<\/p>\n<p>A 6\u00aa Oficina de Fotografia Digital do Vale Registrar foi encerrada na Esta\u00e7\u00e3o de Ouro Preto, s\u00e1bado, dia 22 de setembro de 2012, e na Esta\u00e7\u00e3o de Mariana, s\u00e1bado, dia 29 de setembro.<\/p>\n<p>A partir do aprendizado sobre o uso da c\u00e2mera digital que os alunos tiveram durante a oficina, foram realizados registros fotogr\u00e1ficos de manifesta\u00e7\u00f5es, personagens, edifica\u00e7\u00f5es e lugares culturalmente representativos nos bairros selecionados. Em Ouro Preto, os 13 alunos selecionados realizaram estes registros nos bairros Alto da Cruz e Centro; e em Mariana os 14 alunos registraram os bairros S\u00e3o Gon\u00e7alo e Barro Preto.<\/p>\n<p>A oficina teve como objetivo explorar o olhar dos participantes sobre a composi\u00e7\u00e3o e o desenho na fotografia digital, abordando os seguintes t\u00f3picos: uso correto da c\u00e2mera digital; ponto, reta e plano; hist\u00f3ria da fotografia; erros mais comuns; import\u00e2ncia e treino do olhar; trabalho de aplica\u00e7\u00e3o pr\u00e1tica; sele\u00e7\u00e3o e tratamento das imagens; discuss\u00e3o dos resultados; amplia\u00e7\u00e3o e impress\u00e3o.&nbsp; A inten\u00e7\u00e3o foi que os participantes da oficina pudessem documentar pela fotografia os modos de viver existentes nos bairros selecionados, e a partir das imagens geradas, pessoas e espa\u00e7os de sua refer\u00eancia fossem revelados e (re)conhecidos, com caracter\u00edsticas e peculiaridades que lhes representam e identificam.<\/p>\n<p>Est\u00e1 prevista, ainda para 2012, uma exposi\u00e7\u00e3o com fotografias feitas pelos alunos da oficina, nas plataformas das Esta\u00e7\u00f5es de Mariana e de Ouro Preto e em espa\u00e7os de uso coletivo nos bairros registrados.<\/p>\n<p>&nbsp;<\/p>\n<dl id=\"attachment_4532\" class=\"wp-caption aligncenter\" style=\"width: 310px;\">\n<dt class=\"wp-caption-dt\"><img loading=\"lazy\" decoding=\"async\" class=\"size-medium\" title=\"02-ma\" src=\"\/wp-content\/uploads\/02-ma-300x199.jpg\" alt=\"02-ma\" width=\"300\" height=\"199\"><\/dt>\n<dd>A aluna da 6\u00aa Oficina de Fotografia Digital, Isabela Viana, recebe o certificado de conclus\u00e3o do curso das m\u00e3os do instrutor, Dimas Guedes. Foto: Rafael Bou\u00e7as<\/dd>\n<dd>\n<p>&nbsp;<\/p>\n<\/dd>\n<\/dl>\n<p>&nbsp;<\/p>\n","protected":false},"excerpt":{"rendered":"<p>O instrutor Dimas Guedes, a equipe do Vale Registrar e os alunos da 6\u00aa Oficina de Fotografia Digital no p\u00e1tio externo da Esta\u00e7\u00e3o Ferrovi\u00e1ria de Mariana. Foto: Rafael Bou\u00e7as &nbsp; A 6\u00aa Oficina de Fotografia Digital do Vale Registrar foi encerrada na Esta\u00e7\u00e3o de Ouro Preto, s\u00e1bado, dia 22 de &hellip;<\/p>\n","protected":false},"author":1,"featured_media":404,"comment_status":"open","ping_status":"closed","sticky":false,"template":"","format":"standard","meta":{"footnotes":""},"categories":[2],"tags":[],"class_list":["post-121","post","type-post","status-publish","format-standard","has-post-thumbnail","hentry","category-destaques-home"],"yoast_head":"<!-- This site is optimized with the Yoast SEO plugin v26.1.1 - https:\/\/yoast.com\/wordpress\/plugins\/seo\/ -->\n<title>Encerramento da 6\u00aa Oficina de Fotografia Digital &#8212; Trem da Vale<\/title>\n<meta name=\"robots\" content=\"index, follow, max-snippet:-1, max-image-preview:large, max-video-preview:-1\" \/>\n<link rel=\"canonical\" href=\"https:\/\/tremdavale.org\/pt\/encerramento-da-6-oficina-de-fotografia-digital\/\" \/>\n<meta property=\"og:locale\" content=\"pt_PT\" \/>\n<meta property=\"og:type\" content=\"article\" \/>\n<meta property=\"og:title\" content=\"Encerramento da 6\u00aa Oficina de Fotografia Digital &#8212; Trem da Vale\" \/>\n<meta property=\"og:description\" content=\"O instrutor Dimas Guedes, a equipe do Vale Registrar e os alunos da 6\u00aa Oficina de Fotografia Digital no p\u00e1tio externo da Esta\u00e7\u00e3o Ferrovi\u00e1ria de Mariana. Foto: Rafael Bou\u00e7as &nbsp; A 6\u00aa Oficina de Fotografia Digital do Vale Registrar foi encerrada na Esta\u00e7\u00e3o de Ouro Preto, s\u00e1bado, dia 22 de &hellip;\" \/>\n<meta property=\"og:url\" content=\"https:\/\/tremdavale.org\/pt\/encerramento-da-6-oficina-de-fotografia-digital\/\" \/>\n<meta property=\"og:site_name\" content=\"Trem da Vale\" \/>\n<meta property=\"article:published_time\" content=\"2013-08-25T09:51:00+00:00\" \/>\n<meta property=\"article:modified_time\" content=\"2025-10-10T11:57:00+00:00\" \/>\n<meta property=\"og:image\" content=\"https:\/\/tremdavale.org\/wp-content\/uploads\/03-ma-300x208.jpg\" \/>\n\t<meta property=\"og:image:width\" content=\"300\" \/>\n\t<meta property=\"og:image:height\" content=\"208\" \/>\n\t<meta property=\"og:image:type\" content=\"image\/jpeg\" \/>\n<meta name=\"author\" content=\"admin\" \/>\n<meta name=\"twitter:card\" content=\"summary_large_image\" \/>\n<meta name=\"twitter:label1\" content=\"Escrito por\" \/>\n\t<meta name=\"twitter:data1\" content=\"admin\" \/>\n\t<meta name=\"twitter:label2\" content=\"Tempo estimado de leitura\" \/>\n\t<meta name=\"twitter:data2\" content=\"2 minutos\" \/>\n<script type=\"application\/ld+json\" class=\"yoast-schema-graph\">{\"@context\":\"https:\/\/schema.org\",\"@graph\":[{\"@type\":\"WebPage\",\"@id\":\"https:\/\/tremdavale.org\/pt\/encerramento-da-6-oficina-de-fotografia-digital\/\",\"url\":\"https:\/\/tremdavale.org\/pt\/encerramento-da-6-oficina-de-fotografia-digital\/\",\"name\":\"Encerramento da 6\u00aa Oficina de Fotografia Digital &#8212; Trem da Vale\",\"isPartOf\":{\"@id\":\"https:\/\/tremdavale.org\/pt\/#website\"},\"primaryImageOfPage\":{\"@id\":\"https:\/\/tremdavale.org\/pt\/encerramento-da-6-oficina-de-fotografia-digital\/#primaryimage\"},\"image\":{\"@id\":\"https:\/\/tremdavale.org\/pt\/encerramento-da-6-oficina-de-fotografia-digital\/#primaryimage\"},\"thumbnailUrl\":\"https:\/\/tremdavale.org\/wp-content\/uploads\/03-ma-300x208.jpg\",\"datePublished\":\"2013-08-25T09:51:00+00:00\",\"dateModified\":\"2025-10-10T11:57:00+00:00\",\"author\":{\"@id\":\"https:\/\/tremdavale.org\/pt\/#\/schema\/person\/50912137d47426d31329f246d02eaeca\"},\"breadcrumb\":{\"@id\":\"https:\/\/tremdavale.org\/pt\/encerramento-da-6-oficina-de-fotografia-digital\/#breadcrumb\"},\"inLanguage\":\"pt-PT\",\"potentialAction\":[{\"@type\":\"ReadAction\",\"target\":[\"https:\/\/tremdavale.org\/pt\/encerramento-da-6-oficina-de-fotografia-digital\/\"]}]},{\"@type\":\"ImageObject\",\"inLanguage\":\"pt-PT\",\"@id\":\"https:\/\/tremdavale.org\/pt\/encerramento-da-6-oficina-de-fotografia-digital\/#primaryimage\",\"url\":\"https:\/\/tremdavale.org\/wp-content\/uploads\/03-ma-300x208.jpg\",\"contentUrl\":\"https:\/\/tremdavale.org\/wp-content\/uploads\/03-ma-300x208.jpg\",\"width\":300,\"height\":208},{\"@type\":\"BreadcrumbList\",\"@id\":\"https:\/\/tremdavale.org\/pt\/encerramento-da-6-oficina-de-fotografia-digital\/#breadcrumb\",\"itemListElement\":[{\"@type\":\"ListItem\",\"position\":1,\"name\":\"In\u00edcio\",\"item\":\"https:\/\/tremdavale.org\/pt\/\"},{\"@type\":\"ListItem\",\"position\":2,\"name\":\"Encerramento da 6\u00aa Oficina de Fotografia Digital\"}]},{\"@type\":\"WebSite\",\"@id\":\"https:\/\/tremdavale.org\/pt\/#website\",\"url\":\"https:\/\/tremdavale.org\/pt\/\",\"name\":\"Trem da Vale\",\"description\":\"Programa de Educa\u00e7\u00e3o Patrimonial\",\"potentialAction\":[{\"@type\":\"SearchAction\",\"target\":{\"@type\":\"EntryPoint\",\"urlTemplate\":\"https:\/\/tremdavale.org\/pt\/?s={search_term_string}\"},\"query-input\":{\"@type\":\"PropertyValueSpecification\",\"valueRequired\":true,\"valueName\":\"search_term_string\"}}],\"inLanguage\":\"pt-PT\"},{\"@type\":\"Person\",\"@id\":\"https:\/\/tremdavale.org\/pt\/#\/schema\/person\/50912137d47426d31329f246d02eaeca\",\"name\":\"admin\",\"image\":{\"@type\":\"ImageObject\",\"inLanguage\":\"pt-PT\",\"@id\":\"https:\/\/tremdavale.org\/pt\/#\/schema\/person\/image\/\",\"url\":\"https:\/\/secure.gravatar.com\/avatar\/b3564f0fda6ea47959fe96a4217203e79a167568a37409758659bc3ba443b452?s=96&d=mm&r=g\",\"contentUrl\":\"https:\/\/secure.gravatar.com\/avatar\/b3564f0fda6ea47959fe96a4217203e79a167568a37409758659bc3ba443b452?s=96&d=mm&r=g\",\"caption\":\"admin\"},\"sameAs\":[\"https:\/\/tremdavale.org\"],\"url\":\"https:\/\/tremdavale.org\/pt\/author\/admin\/\"}]}<\/script>\n<!-- \/ Yoast SEO plugin. -->","yoast_head_json":{"title":"Encerramento da 6\u00aa Oficina de Fotografia Digital &#8212; Trem da Vale","robots":{"index":"index","follow":"follow","max-snippet":"max-snippet:-1","max-image-preview":"max-image-preview:large","max-video-preview":"max-video-preview:-1"},"canonical":"https:\/\/tremdavale.org\/pt\/encerramento-da-6-oficina-de-fotografia-digital\/","og_locale":"pt_PT","og_type":"article","og_title":"Encerramento da 6\u00aa Oficina de Fotografia Digital &#8212; Trem da Vale","og_description":"O instrutor Dimas Guedes, a equipe do Vale Registrar e os alunos da 6\u00aa Oficina de Fotografia Digital no p\u00e1tio externo da Esta\u00e7\u00e3o Ferrovi\u00e1ria de Mariana. Foto: Rafael Bou\u00e7as &nbsp; A 6\u00aa Oficina de Fotografia Digital do Vale Registrar foi encerrada na Esta\u00e7\u00e3o de Ouro Preto, s\u00e1bado, dia 22 de &hellip;","og_url":"https:\/\/tremdavale.org\/pt\/encerramento-da-6-oficina-de-fotografia-digital\/","og_site_name":"Trem da Vale","article_published_time":"2013-08-25T09:51:00+00:00","article_modified_time":"2025-10-10T11:57:00+00:00","og_image":[{"width":300,"height":208,"url":"https:\/\/tremdavale.org\/wp-content\/uploads\/03-ma-300x208.jpg","type":"image\/jpeg"}],"author":"admin","twitter_card":"summary_large_image","twitter_misc":{"Escrito por":"admin","Tempo estimado de leitura":"2 minutos"},"schema":{"@context":"https:\/\/schema.org","@graph":[{"@type":"WebPage","@id":"https:\/\/tremdavale.org\/pt\/encerramento-da-6-oficina-de-fotografia-digital\/","url":"https:\/\/tremdavale.org\/pt\/encerramento-da-6-oficina-de-fotografia-digital\/","name":"Encerramento da 6\u00aa Oficina de Fotografia Digital &#8212; Trem da Vale","isPartOf":{"@id":"https:\/\/tremdavale.org\/pt\/#website"},"primaryImageOfPage":{"@id":"https:\/\/tremdavale.org\/pt\/encerramento-da-6-oficina-de-fotografia-digital\/#primaryimage"},"image":{"@id":"https:\/\/tremdavale.org\/pt\/encerramento-da-6-oficina-de-fotografia-digital\/#primaryimage"},"thumbnailUrl":"https:\/\/tremdavale.org\/wp-content\/uploads\/03-ma-300x208.jpg","datePublished":"2013-08-25T09:51:00+00:00","dateModified":"2025-10-10T11:57:00+00:00","author":{"@id":"https:\/\/tremdavale.org\/pt\/#\/schema\/person\/50912137d47426d31329f246d02eaeca"},"breadcrumb":{"@id":"https:\/\/tremdavale.org\/pt\/encerramento-da-6-oficina-de-fotografia-digital\/#breadcrumb"},"inLanguage":"pt-PT","potentialAction":[{"@type":"ReadAction","target":["https:\/\/tremdavale.org\/pt\/encerramento-da-6-oficina-de-fotografia-digital\/"]}]},{"@type":"ImageObject","inLanguage":"pt-PT","@id":"https:\/\/tremdavale.org\/pt\/encerramento-da-6-oficina-de-fotografia-digital\/#primaryimage","url":"https:\/\/tremdavale.org\/wp-content\/uploads\/03-ma-300x208.jpg","contentUrl":"https:\/\/tremdavale.org\/wp-content\/uploads\/03-ma-300x208.jpg","width":300,"height":208},{"@type":"BreadcrumbList","@id":"https:\/\/tremdavale.org\/pt\/encerramento-da-6-oficina-de-fotografia-digital\/#breadcrumb","itemListElement":[{"@type":"ListItem","position":1,"name":"In\u00edcio","item":"https:\/\/tremdavale.org\/pt\/"},{"@type":"ListItem","position":2,"name":"Encerramento da 6\u00aa Oficina de Fotografia Digital"}]},{"@type":"WebSite","@id":"https:\/\/tremdavale.org\/pt\/#website","url":"https:\/\/tremdavale.org\/pt\/","name":"Trem da Vale","description":"Programa de Educa\u00e7\u00e3o Patrimonial","potentialAction":[{"@type":"SearchAction","target":{"@type":"EntryPoint","urlTemplate":"https:\/\/tremdavale.org\/pt\/?s={search_term_string}"},"query-input":{"@type":"PropertyValueSpecification","valueRequired":true,"valueName":"search_term_string"}}],"inLanguage":"pt-PT"},{"@type":"Person","@id":"https:\/\/tremdavale.org\/pt\/#\/schema\/person\/50912137d47426d31329f246d02eaeca","name":"admin","image":{"@type":"ImageObject","inLanguage":"pt-PT","@id":"https:\/\/tremdavale.org\/pt\/#\/schema\/person\/image\/","url":"https:\/\/secure.gravatar.com\/avatar\/b3564f0fda6ea47959fe96a4217203e79a167568a37409758659bc3ba443b452?s=96&d=mm&r=g","contentUrl":"https:\/\/secure.gravatar.com\/avatar\/b3564f0fda6ea47959fe96a4217203e79a167568a37409758659bc3ba443b452?s=96&d=mm&r=g","caption":"admin"},"sameAs":["https:\/\/tremdavale.org"],"url":"https:\/\/tremdavale.org\/pt\/author\/admin\/"}]}},"_links":{"self":[{"href":"https:\/\/tremdavale.org\/pt\/wp-json\/wp\/v2\/posts\/121","targetHints":{"allow":["GET"]}}],"collection":[{"href":"https:\/\/tremdavale.org\/pt\/wp-json\/wp\/v2\/posts"}],"about":[{"href":"https:\/\/tremdavale.org\/pt\/wp-json\/wp\/v2\/types\/post"}],"author":[{"embeddable":true,"href":"https:\/\/tremdavale.org\/pt\/wp-json\/wp\/v2\/users\/1"}],"replies":[{"embeddable":true,"href":"https:\/\/tremdavale.org\/pt\/wp-json\/wp\/v2\/comments?post=121"}],"version-history":[{"count":0,"href":"https:\/\/tremdavale.org\/pt\/wp-json\/wp\/v2\/posts\/121\/revisions"}],"wp:featuredmedia":[{"embeddable":true,"href":"https:\/\/tremdavale.org\/pt\/wp-json\/wp\/v2\/media\/404"}],"wp:attachment":[{"href":"https:\/\/tremdavale.org\/pt\/wp-json\/wp\/v2\/media?parent=121"}],"wp:term":[{"taxonomy":"category","embeddable":true,"href":"https:\/\/tremdavale.org\/pt\/wp-json\/wp\/v2\/categories?post=121"},{"taxonomy":"post_tag","embeddable":true,"href":"https:\/\/tremdavale.org\/pt\/wp-json\/wp\/v2\/tags?post=121"}],"curies":[{"name":"wp","href":"https:\/\/api.w.org\/{rel}","templated":true}]}}