{"id":123,"date":"2014-04-30T00:09:00","date_gmt":"2014-04-30T00:09:00","guid":{"rendered":"https:\/\/tremdavale.org\/?p=123"},"modified":"2025-10-10T11:57:00","modified_gmt":"2025-10-10T11:57:00","slug":"encerramento-do-5-curso-de-edicao-de-video","status":"publish","type":"post","link":"https:\/\/tremdavale.org\/pt\/encerramento-do-5-curso-de-edicao-de-video\/","title":{"rendered":"Encerramento do 5\u00ba Curso de Edi\u00e7\u00e3o de V\u00eddeo"},"content":{"rendered":"<p>No s\u00e1bado, dia 21 de setembro de 2013, aconteceu o encerramento do 5\u00ba Curso de Edi\u00e7\u00e3o de V\u00eddeo, do Vale Registrar, coordenado pelos instrutores Mateus Brand\u00e3o e Cau\u00ea Brand\u00e3o da Manifesto Multim\u00eddia, na Esta\u00e7\u00e3o de Ouro Preto.<\/p>\n<p>O objetivo foi dar continuidade ao processo de aprendizagem adquirido pelos selecionados e o aprimoramento da pr\u00e1tica audiovisual.<\/p>\n<p>Os participantes realizaram a captura de material referente a grava\u00e7\u00f5es feitas pelo N\u00facleo de Audiovisual do Vale Registrar de atividades realizadas pelo Programa de Educa\u00e7\u00e3o Patrimonial Trem da Vale, elaboraram roteiros e trilhas sonoras e editaram \u00e1udios com aplica\u00e7\u00e3o das ferramentas do programa de edi\u00e7\u00e3o <em>Final Cut,<\/em> Ao final, foram gerados quatro v\u00eddeos de curta dura\u00e7\u00e3o: \u201cRegistro, Patrim\u00f4nio e Educa\u00e7\u00e3o\u201d, \u201cQuadro a Quadro\u201d, &nbsp;\u201dMem\u00f3rias sobre Trilhos\u201d e \u201cOficinas de Fotografia Digital\u201d.<\/p>\n<p>No dia do encerramento da atividade, os alunos assistiram aos v\u00eddeos produzidos, receberam os certificados de conclus\u00e3o do curso e participaram de um lanche de confraterniza\u00e7\u00e3o.<\/p>\n<p>Ap\u00f3s o processo de&nbsp;finaliza\u00e7\u00e3o e aprova\u00e7\u00e3o dos v\u00eddeos feitos, os participantes&nbsp;do curso receber\u00e3o uma c\u00f3pia em DVD&nbsp;com todas as quatro edi\u00e7\u00f5es produzidas.<\/p>\n<p>&nbsp;<\/p>\n<p><img loading=\"lazy\" decoding=\"async\" class=\"size-medium\" title=\"01-5c2ba-curso-de-ediccca7acc83o-de-vicc81deo\" src=\"\/wp-content\/uploads\/01-5c2ba-curso-de-ediccca7acc83o-de-vicc81deo-300x200.jpg\" alt=\"Rosilene Figueiredo, Gerente Operacional do Apoio T\u00e9cnico-Administrativo, faz a abertura do 5\u00ba Curso de Edi\u00e7\u00e3o de V\u00eddeo, na Sala Multiuso da Esta\u00e7\u00e3o Ferrovi\u00e1ria de Ouro Preto. Data: 09.09.13 Foto: Wesley Maur\u00edcio\" width=\"300\" height=\"200\"><\/p>\n<p>Rosilene Figueiredo, Gerente Operacional do Apoio T\u00e9cnico-Administrativo, faz a abertura do 5\u00ba Curso de Edi\u00e7\u00e3o de V\u00eddeo, na Sala Multiuso da Esta\u00e7\u00e3o Ferrovi\u00e1ria de Ouro Preto. Data: 09.09.13 Foto: Wesley Maur\u00edcio<\/p>\n<p>&nbsp;<\/p>\n<p><img loading=\"lazy\" decoding=\"async\" class=\"size-medium\" title=\"02-5c2ba-curso-de-ediccca7acc83o-de-vicc81deo\" src=\"\/wp-content\/uploads\/02-5c2ba-curso-de-ediccca7acc83o-de-vicc81deo-300x209.jpg\" alt=\"O instrutor do 5\u00ba Curso de Edi\u00e7\u00e3o de V\u00eddeo, Mateus Brand\u00e3o, auxilia a aluna Isadora Sabino Bruzzi, na Sala Multiuso da Esta\u00e7\u00e3o Ferrovi\u00e1ria de Ouro Preto. Data: 18.09.13 Foto: Leonardo Penna\" width=\"300\" height=\"209\"><\/p>\n<p>O instrutor do 5\u00ba Curso de Edi\u00e7\u00e3o de V\u00eddeo, Mateus Brand\u00e3o, auxilia a aluna Isadora Sabino Bruzzi, na Sala Multiuso da Esta\u00e7\u00e3o Ferrovi\u00e1ria de Ouro Preto. Data: 18.09.13 Foto: Leonardo Penna<\/p>\n<p>&nbsp;<\/p>\n<p><img loading=\"lazy\" decoding=\"async\" class=\"size-medium\" title=\"03-5c2ba-curso-de-ediccca7acc83o-de-vicc81deo\" src=\"\/wp-content\/uploads\/03-5c2ba-curso-de-ediccca7acc83o-de-vicc81deo-300x225.jpg\" alt=\"Os alunos do 5\u00ba Curso de Edi\u00e7\u00e3o de V\u00eddeo, Victor Hugo Dutra e Luiz Felipe Pereira, em atividade, com o instrutor do curso Mateus Brand\u00e3o, na Sala Multiuso da Esta\u00e7\u00e3o Ferrovi\u00e1ria de Ouro Preto. Data: 20.09.13 Foto: Wesley Maur\u00edcio\" width=\"300\" height=\"225\"><\/p>\n<p>Os alunos do 5\u00ba Curso de Edi\u00e7\u00e3o de V\u00eddeo, Victor Hugo Dutra e Luiz Felipe Pereira, em atividade, com o instrutor do curso Mateus Brand\u00e3o, na Sala Multiuso da Esta\u00e7\u00e3o Ferrovi\u00e1ria de Ouro Preto. Data: 20.09.13 Foto: Wesley Maur\u00edcio<\/p>\n<p>&nbsp;<\/p>\n<p><img loading=\"lazy\" decoding=\"async\" class=\"size-medium\" title=\"04-5c2ba-curso-de-ediccca7acc83o-de-vicc81deo\" src=\"\/wp-content\/uploads\/04-5c2ba-curso-de-ediccca7acc83o-de-vicc81deo-300x200.jpg\" alt=\"Alunos do 5\u00ba Curso de Edi\u00e7\u00e3o de V\u00eddeo, juntamente com os instrutores Cau\u00ea Brand\u00e3o e Mateus Brand\u00e3o, na Sala Multiuso da Esta\u00e7\u00e3o Ferrovi\u00e1ria de Ouro Preto. Data: 21.09.13 Foto: Cristiane Evangelista\" width=\"300\" height=\"200\"><\/p>\n<p>Alunos do 5\u00ba Curso de Edi\u00e7\u00e3o de V\u00eddeo, juntamente com os instrutores Cau\u00ea Brand\u00e3o e Mateus Brand\u00e3o, na Sala Multiuso da Esta\u00e7\u00e3o Ferrovi\u00e1ria de Ouro Preto. Data: 21.09.13 Foto: Cristiane Evangelista<\/p>\n<p>&nbsp;<\/p>\n","protected":false},"excerpt":{"rendered":"<p>No s\u00e1bado, dia 21 de setembro de 2013, aconteceu o encerramento do 5\u00ba Curso de Edi\u00e7\u00e3o de V\u00eddeo, do Vale Registrar, coordenado pelos instrutores Mateus Brand\u00e3o e Cau\u00ea Brand\u00e3o da Manifesto Multim\u00eddia, na Esta\u00e7\u00e3o de Ouro Preto. O objetivo foi dar continuidade ao processo de aprendizagem adquirido pelos selecionados e &hellip;<\/p>\n","protected":false},"author":1,"featured_media":406,"comment_status":"open","ping_status":"closed","sticky":false,"template":"","format":"standard","meta":{"footnotes":""},"categories":[3],"tags":[],"class_list":["post-123","post","type-post","status-publish","format-standard","has-post-thumbnail","hentry","category-noticias"],"yoast_head":"<!-- This site is optimized with the Yoast SEO plugin v26.1.1 - https:\/\/yoast.com\/wordpress\/plugins\/seo\/ -->\n<title>Encerramento do 5\u00ba Curso de Edi\u00e7\u00e3o de V\u00eddeo &#8212; Trem da Vale<\/title>\n<meta name=\"robots\" content=\"index, follow, max-snippet:-1, max-image-preview:large, max-video-preview:-1\" \/>\n<link rel=\"canonical\" href=\"https:\/\/tremdavale.org\/pt\/encerramento-do-5-curso-de-edicao-de-video\/\" \/>\n<meta property=\"og:locale\" content=\"pt_PT\" \/>\n<meta property=\"og:type\" content=\"article\" \/>\n<meta property=\"og:title\" content=\"Encerramento do 5\u00ba Curso de Edi\u00e7\u00e3o de V\u00eddeo &#8212; Trem da Vale\" \/>\n<meta property=\"og:description\" content=\"No s\u00e1bado, dia 21 de setembro de 2013, aconteceu o encerramento do 5\u00ba Curso de Edi\u00e7\u00e3o de V\u00eddeo, do Vale Registrar, coordenado pelos instrutores Mateus Brand\u00e3o e Cau\u00ea Brand\u00e3o da Manifesto Multim\u00eddia, na Esta\u00e7\u00e3o de Ouro Preto. O objetivo foi dar continuidade ao processo de aprendizagem adquirido pelos selecionados e &hellip;\" \/>\n<meta property=\"og:url\" content=\"https:\/\/tremdavale.org\/pt\/encerramento-do-5-curso-de-edicao-de-video\/\" \/>\n<meta property=\"og:site_name\" content=\"Trem da Vale\" \/>\n<meta property=\"article:published_time\" content=\"2014-04-30T00:09:00+00:00\" \/>\n<meta property=\"article:modified_time\" content=\"2025-10-10T11:57:00+00:00\" \/>\n<meta property=\"og:image\" content=\"https:\/\/tremdavale.org\/wp-content\/uploads\/01-5c2ba-curso-de-ediccca7acc83o-de-vicc81deo-300x200.jpg\" \/>\n\t<meta property=\"og:image:width\" content=\"300\" \/>\n\t<meta property=\"og:image:height\" content=\"200\" \/>\n\t<meta property=\"og:image:type\" content=\"image\/jpeg\" \/>\n<meta name=\"author\" content=\"admin\" \/>\n<meta name=\"twitter:card\" content=\"summary_large_image\" \/>\n<meta name=\"twitter:label1\" content=\"Escrito por\" \/>\n\t<meta name=\"twitter:data1\" content=\"admin\" \/>\n\t<meta name=\"twitter:label2\" content=\"Tempo estimado de leitura\" \/>\n\t<meta name=\"twitter:data2\" content=\"2 minutos\" \/>\n<script type=\"application\/ld+json\" class=\"yoast-schema-graph\">{\"@context\":\"https:\/\/schema.org\",\"@graph\":[{\"@type\":\"WebPage\",\"@id\":\"https:\/\/tremdavale.org\/pt\/encerramento-do-5-curso-de-edicao-de-video\/\",\"url\":\"https:\/\/tremdavale.org\/pt\/encerramento-do-5-curso-de-edicao-de-video\/\",\"name\":\"Encerramento do 5\u00ba Curso de Edi\u00e7\u00e3o de V\u00eddeo &#8212; Trem da Vale\",\"isPartOf\":{\"@id\":\"https:\/\/tremdavale.org\/pt\/#website\"},\"primaryImageOfPage\":{\"@id\":\"https:\/\/tremdavale.org\/pt\/encerramento-do-5-curso-de-edicao-de-video\/#primaryimage\"},\"image\":{\"@id\":\"https:\/\/tremdavale.org\/pt\/encerramento-do-5-curso-de-edicao-de-video\/#primaryimage\"},\"thumbnailUrl\":\"https:\/\/tremdavale.org\/wp-content\/uploads\/01-5c2ba-curso-de-ediccca7acc83o-de-vicc81deo-300x200.jpg\",\"datePublished\":\"2014-04-30T00:09:00+00:00\",\"dateModified\":\"2025-10-10T11:57:00+00:00\",\"author\":{\"@id\":\"https:\/\/tremdavale.org\/pt\/#\/schema\/person\/50912137d47426d31329f246d02eaeca\"},\"breadcrumb\":{\"@id\":\"https:\/\/tremdavale.org\/pt\/encerramento-do-5-curso-de-edicao-de-video\/#breadcrumb\"},\"inLanguage\":\"pt-PT\",\"potentialAction\":[{\"@type\":\"ReadAction\",\"target\":[\"https:\/\/tremdavale.org\/pt\/encerramento-do-5-curso-de-edicao-de-video\/\"]}]},{\"@type\":\"ImageObject\",\"inLanguage\":\"pt-PT\",\"@id\":\"https:\/\/tremdavale.org\/pt\/encerramento-do-5-curso-de-edicao-de-video\/#primaryimage\",\"url\":\"https:\/\/tremdavale.org\/wp-content\/uploads\/01-5c2ba-curso-de-ediccca7acc83o-de-vicc81deo-300x200.jpg\",\"contentUrl\":\"https:\/\/tremdavale.org\/wp-content\/uploads\/01-5c2ba-curso-de-ediccca7acc83o-de-vicc81deo-300x200.jpg\",\"width\":300,\"height\":200},{\"@type\":\"BreadcrumbList\",\"@id\":\"https:\/\/tremdavale.org\/pt\/encerramento-do-5-curso-de-edicao-de-video\/#breadcrumb\",\"itemListElement\":[{\"@type\":\"ListItem\",\"position\":1,\"name\":\"In\u00edcio\",\"item\":\"https:\/\/tremdavale.org\/pt\/\"},{\"@type\":\"ListItem\",\"position\":2,\"name\":\"Encerramento do 5\u00ba Curso de Edi\u00e7\u00e3o de V\u00eddeo\"}]},{\"@type\":\"WebSite\",\"@id\":\"https:\/\/tremdavale.org\/pt\/#website\",\"url\":\"https:\/\/tremdavale.org\/pt\/\",\"name\":\"Trem da Vale\",\"description\":\"Programa de Educa\u00e7\u00e3o Patrimonial\",\"potentialAction\":[{\"@type\":\"SearchAction\",\"target\":{\"@type\":\"EntryPoint\",\"urlTemplate\":\"https:\/\/tremdavale.org\/pt\/?s={search_term_string}\"},\"query-input\":{\"@type\":\"PropertyValueSpecification\",\"valueRequired\":true,\"valueName\":\"search_term_string\"}}],\"inLanguage\":\"pt-PT\"},{\"@type\":\"Person\",\"@id\":\"https:\/\/tremdavale.org\/pt\/#\/schema\/person\/50912137d47426d31329f246d02eaeca\",\"name\":\"admin\",\"image\":{\"@type\":\"ImageObject\",\"inLanguage\":\"pt-PT\",\"@id\":\"https:\/\/tremdavale.org\/pt\/#\/schema\/person\/image\/\",\"url\":\"https:\/\/secure.gravatar.com\/avatar\/b3564f0fda6ea47959fe96a4217203e79a167568a37409758659bc3ba443b452?s=96&d=mm&r=g\",\"contentUrl\":\"https:\/\/secure.gravatar.com\/avatar\/b3564f0fda6ea47959fe96a4217203e79a167568a37409758659bc3ba443b452?s=96&d=mm&r=g\",\"caption\":\"admin\"},\"sameAs\":[\"https:\/\/tremdavale.org\"],\"url\":\"https:\/\/tremdavale.org\/pt\/author\/admin\/\"}]}<\/script>\n<!-- \/ Yoast SEO plugin. -->","yoast_head_json":{"title":"Encerramento do 5\u00ba Curso de Edi\u00e7\u00e3o de V\u00eddeo &#8212; Trem da Vale","robots":{"index":"index","follow":"follow","max-snippet":"max-snippet:-1","max-image-preview":"max-image-preview:large","max-video-preview":"max-video-preview:-1"},"canonical":"https:\/\/tremdavale.org\/pt\/encerramento-do-5-curso-de-edicao-de-video\/","og_locale":"pt_PT","og_type":"article","og_title":"Encerramento do 5\u00ba Curso de Edi\u00e7\u00e3o de V\u00eddeo &#8212; Trem da Vale","og_description":"No s\u00e1bado, dia 21 de setembro de 2013, aconteceu o encerramento do 5\u00ba Curso de Edi\u00e7\u00e3o de V\u00eddeo, do Vale Registrar, coordenado pelos instrutores Mateus Brand\u00e3o e Cau\u00ea Brand\u00e3o da Manifesto Multim\u00eddia, na Esta\u00e7\u00e3o de Ouro Preto. O objetivo foi dar continuidade ao processo de aprendizagem adquirido pelos selecionados e &hellip;","og_url":"https:\/\/tremdavale.org\/pt\/encerramento-do-5-curso-de-edicao-de-video\/","og_site_name":"Trem da Vale","article_published_time":"2014-04-30T00:09:00+00:00","article_modified_time":"2025-10-10T11:57:00+00:00","og_image":[{"width":300,"height":200,"url":"https:\/\/tremdavale.org\/wp-content\/uploads\/01-5c2ba-curso-de-ediccca7acc83o-de-vicc81deo-300x200.jpg","type":"image\/jpeg"}],"author":"admin","twitter_card":"summary_large_image","twitter_misc":{"Escrito por":"admin","Tempo estimado de leitura":"2 minutos"},"schema":{"@context":"https:\/\/schema.org","@graph":[{"@type":"WebPage","@id":"https:\/\/tremdavale.org\/pt\/encerramento-do-5-curso-de-edicao-de-video\/","url":"https:\/\/tremdavale.org\/pt\/encerramento-do-5-curso-de-edicao-de-video\/","name":"Encerramento do 5\u00ba Curso de Edi\u00e7\u00e3o de V\u00eddeo &#8212; Trem da Vale","isPartOf":{"@id":"https:\/\/tremdavale.org\/pt\/#website"},"primaryImageOfPage":{"@id":"https:\/\/tremdavale.org\/pt\/encerramento-do-5-curso-de-edicao-de-video\/#primaryimage"},"image":{"@id":"https:\/\/tremdavale.org\/pt\/encerramento-do-5-curso-de-edicao-de-video\/#primaryimage"},"thumbnailUrl":"https:\/\/tremdavale.org\/wp-content\/uploads\/01-5c2ba-curso-de-ediccca7acc83o-de-vicc81deo-300x200.jpg","datePublished":"2014-04-30T00:09:00+00:00","dateModified":"2025-10-10T11:57:00+00:00","author":{"@id":"https:\/\/tremdavale.org\/pt\/#\/schema\/person\/50912137d47426d31329f246d02eaeca"},"breadcrumb":{"@id":"https:\/\/tremdavale.org\/pt\/encerramento-do-5-curso-de-edicao-de-video\/#breadcrumb"},"inLanguage":"pt-PT","potentialAction":[{"@type":"ReadAction","target":["https:\/\/tremdavale.org\/pt\/encerramento-do-5-curso-de-edicao-de-video\/"]}]},{"@type":"ImageObject","inLanguage":"pt-PT","@id":"https:\/\/tremdavale.org\/pt\/encerramento-do-5-curso-de-edicao-de-video\/#primaryimage","url":"https:\/\/tremdavale.org\/wp-content\/uploads\/01-5c2ba-curso-de-ediccca7acc83o-de-vicc81deo-300x200.jpg","contentUrl":"https:\/\/tremdavale.org\/wp-content\/uploads\/01-5c2ba-curso-de-ediccca7acc83o-de-vicc81deo-300x200.jpg","width":300,"height":200},{"@type":"BreadcrumbList","@id":"https:\/\/tremdavale.org\/pt\/encerramento-do-5-curso-de-edicao-de-video\/#breadcrumb","itemListElement":[{"@type":"ListItem","position":1,"name":"In\u00edcio","item":"https:\/\/tremdavale.org\/pt\/"},{"@type":"ListItem","position":2,"name":"Encerramento do 5\u00ba Curso de Edi\u00e7\u00e3o de V\u00eddeo"}]},{"@type":"WebSite","@id":"https:\/\/tremdavale.org\/pt\/#website","url":"https:\/\/tremdavale.org\/pt\/","name":"Trem da Vale","description":"Programa de Educa\u00e7\u00e3o Patrimonial","potentialAction":[{"@type":"SearchAction","target":{"@type":"EntryPoint","urlTemplate":"https:\/\/tremdavale.org\/pt\/?s={search_term_string}"},"query-input":{"@type":"PropertyValueSpecification","valueRequired":true,"valueName":"search_term_string"}}],"inLanguage":"pt-PT"},{"@type":"Person","@id":"https:\/\/tremdavale.org\/pt\/#\/schema\/person\/50912137d47426d31329f246d02eaeca","name":"admin","image":{"@type":"ImageObject","inLanguage":"pt-PT","@id":"https:\/\/tremdavale.org\/pt\/#\/schema\/person\/image\/","url":"https:\/\/secure.gravatar.com\/avatar\/b3564f0fda6ea47959fe96a4217203e79a167568a37409758659bc3ba443b452?s=96&d=mm&r=g","contentUrl":"https:\/\/secure.gravatar.com\/avatar\/b3564f0fda6ea47959fe96a4217203e79a167568a37409758659bc3ba443b452?s=96&d=mm&r=g","caption":"admin"},"sameAs":["https:\/\/tremdavale.org"],"url":"https:\/\/tremdavale.org\/pt\/author\/admin\/"}]}},"_links":{"self":[{"href":"https:\/\/tremdavale.org\/pt\/wp-json\/wp\/v2\/posts\/123","targetHints":{"allow":["GET"]}}],"collection":[{"href":"https:\/\/tremdavale.org\/pt\/wp-json\/wp\/v2\/posts"}],"about":[{"href":"https:\/\/tremdavale.org\/pt\/wp-json\/wp\/v2\/types\/post"}],"author":[{"embeddable":true,"href":"https:\/\/tremdavale.org\/pt\/wp-json\/wp\/v2\/users\/1"}],"replies":[{"embeddable":true,"href":"https:\/\/tremdavale.org\/pt\/wp-json\/wp\/v2\/comments?post=123"}],"version-history":[{"count":0,"href":"https:\/\/tremdavale.org\/pt\/wp-json\/wp\/v2\/posts\/123\/revisions"}],"wp:featuredmedia":[{"embeddable":true,"href":"https:\/\/tremdavale.org\/pt\/wp-json\/wp\/v2\/media\/406"}],"wp:attachment":[{"href":"https:\/\/tremdavale.org\/pt\/wp-json\/wp\/v2\/media?parent=123"}],"wp:term":[{"taxonomy":"category","embeddable":true,"href":"https:\/\/tremdavale.org\/pt\/wp-json\/wp\/v2\/categories?post=123"},{"taxonomy":"post_tag","embeddable":true,"href":"https:\/\/tremdavale.org\/pt\/wp-json\/wp\/v2\/tags?post=123"}],"curies":[{"name":"wp","href":"https:\/\/api.w.org\/{rel}","templated":true}]}}