{"id":127,"date":"2011-09-13T01:39:00","date_gmt":"2011-09-13T01:39:00","guid":{"rendered":"https:\/\/tremdavale.org\/?p=127"},"modified":"2025-10-10T11:57:00","modified_gmt":"2025-10-10T11:57:00","slug":"equipe-do-vale-registrar-coleta-material-para-pesquisa-sobre-a-companhia-industrial-ouropretana","status":"publish","type":"post","link":"https:\/\/tremdavale.org\/pt\/equipe-do-vale-registrar-coleta-material-para-pesquisa-sobre-a-companhia-industrial-ouropretana\/","title":{"rendered":"Equipe do Vale Registrar coleta material sobre a Companhia Industrial Ouropretana"},"content":{"rendered":"<p><img loading=\"lazy\" decoding=\"async\" class=\"size-medium\" src=\"\/wp-content\/uploads\/01-viagem_a_itauna-300x168.jpg\" alt=\"Os pesquisadores do Vale Registrar, Eder Donizete de Melo e Josanne Guerra Sim\u00f5es ao lado da Gerente Administrativa da MF Cia. Industrial Itaunense, Patr\u00edcia de Castro Nogueira, no arquivo da MF Cia. Industrial Itaunense, em Ita\u00fana-MG. Foto: Wesley Maur\u00edcio.\" width=\"300\" height=\"168\"><\/p>\n<p>Os pesquisadores do Vale Registrar, Eder Donizete de Melo e Josanne Guerra Sim\u00f5es ao lado da Gerente Administrativa da MF Cia. Industrial Itaunense, Patr\u00edcia Gon\u00e7alves Nogueira, no arquivo da MF Cia. Industrial Itaunense, em Ita\u00fana-MG. Foto: Wesley Maur\u00edcio.<\/p>\n<p>&nbsp;<\/p>\n<p style=\"text-align: justify;\">No dia 26 de novembro de 2010, a assessora t\u00e9cnica Josanne Guerra Sim\u00f5es e o pesquisador Eder Melo, do N\u00facleo de Hist\u00f3ria Oral, al\u00e9m do estagi\u00e1rio do N\u00facleo de Audiovisual, Wesley de Souza, estiveram em Ita\u00fana-MG<!--more--> para o recebimento, em empr\u00e9stimo, de vasta e preciosa documenta\u00e7\u00e3o sobre a Companhia Industrial Ouropretana, incorporada em 1982 \u00e0 Companhia Industrial Itaunense.<\/p>\n<p style=\"text-align: justify;\">A Companhia Industrial Ouropretana \u00e9 um dos temas que o N\u00facleo de Hist\u00f3ria Oral do Vale Registrar tem se dedicado na coleta de entrevistas que vem sendo realizada desde 2008, no \u00e2mbito da Hist\u00f3ria Tem\u00e1tica &#8211; Tecelagem que, em sua vertente marianense, dedica-se \u00e0 coleta de entrevistas com antigos funcion\u00e1rios da Fia\u00e7\u00e3o e Tecelagem S\u00e3o Jos\u00e9 S.A.<\/p>\n<p style=\"text-align: justify;\">Como um dos desdobramentos poss\u00edveis do amplo acervo de entrevistas que o N\u00facleo vem criando \u00e9 a publica\u00e7\u00e3o futura sobre a trajet\u00f3ria dessas duas f\u00e1bricas, o material cedido vir\u00e1 enriquecer e complementar o levantamento hist\u00f3rico da f\u00e1brica ouropretana com documentos in\u00e9ditos e nunca pesquisados.<\/p>\n<p>&nbsp;<\/p>\n<p><img loading=\"lazy\" decoding=\"async\" class=\"size-medium\" src=\"\/wp-content\/uploads\/02-viagem_a_itauna1-300x168.jpg\" alt=\"A documenta\u00e7\u00e3o cedida j\u00e1 acondicionada para o transporte, no arquivo da MF Cia. Industrial Itaunense. Foto: Wesley Maur\u00edcio.\" width=\"300\" height=\"168\"><\/p>\n<p>A documenta\u00e7\u00e3o cedida j\u00e1 acondicionada para o transporte, no arquivo da MF Cia. Industrial Itaunense. Foto: Wesley Maur\u00edcio.<\/p>\n<p>&nbsp;<\/p>\n<p style=\"text-align: justify;\">Para o transporte at\u00e9 a Esta\u00e7\u00e3o Ferrovi\u00e1ria de Mariana, os documentos foram acondicionados de acordo com as normas de preserva\u00e7\u00e3o de pap\u00e9is. O pr\u00f3ximo passo da equipe ser\u00e1 sua higieniza\u00e7\u00e3o mec\u00e2nica para, a seguir, iniciar a pesquisa, cujos resultados ser\u00e3o de grande import\u00e2ncia na recupera\u00e7\u00e3o de aspectos da hist\u00f3ria de Ouro Preto.<\/p>\n<p style=\"text-align: justify;\">A cess\u00e3o tempor\u00e1ria dos documentos foi poss\u00edvel gra\u00e7as \u00e0 intermedia\u00e7\u00e3o do Doutor Francisco Jos\u00e9 de Oliveira, ex-Secret\u00e1rio de Ind\u00fastria e Com\u00e9rcio do Estado de Minas Gerais junto aos administradores da Massa Falida da Cia. Industrial Itaunense, os doutores Luiz Rog\u00e9rio Mitraud de Castro Leite, Jos\u00e9 Carlos Magalh\u00e3es Mota e Ernani de Melo Rocha. Em Ita\u00fana, a equipe foi gentil e prestativamente recebida pela Gerente Administrativa da MF da Cia. Industrial Itaunense, Patr\u00edcia Gon\u00e7alves Nogueira. A todos, o agradecimento do Programa de Educa\u00e7\u00e3o Patrimonial Trem da Vale.<\/p>\n<p>&nbsp;<\/p>\n","protected":false},"excerpt":{"rendered":"<p>Os pesquisadores do Vale Registrar, Eder Donizete de Melo e Josanne Guerra Sim\u00f5es ao lado da Gerente Administrativa da MF Cia. Industrial Itaunense, Patr\u00edcia Gon\u00e7alves Nogueira, no arquivo da MF Cia. Industrial Itaunense, em Ita\u00fana-MG. Foto: Wesley Maur\u00edcio. &nbsp; No dia 26 de novembro de 2010, a assessora t\u00e9cnica Josanne &hellip;<\/p>\n","protected":false},"author":1,"featured_media":409,"comment_status":"open","ping_status":"closed","sticky":false,"template":"","format":"standard","meta":{"footnotes":""},"categories":[2],"tags":[],"class_list":["post-127","post","type-post","status-publish","format-standard","has-post-thumbnail","hentry","category-destaques-home"],"yoast_head":"<!-- This site is optimized with the Yoast SEO plugin v26.1.1 - https:\/\/yoast.com\/wordpress\/plugins\/seo\/ -->\n<title>Equipe do Vale Registrar coleta material sobre a Companhia Industrial Ouropretana &#8212; Trem da Vale<\/title>\n<meta name=\"robots\" content=\"index, follow, max-snippet:-1, max-image-preview:large, max-video-preview:-1\" \/>\n<link rel=\"canonical\" href=\"https:\/\/tremdavale.org\/pt\/equipe-do-vale-registrar-coleta-material-para-pesquisa-sobre-a-companhia-industrial-ouropretana\/\" \/>\n<meta property=\"og:locale\" content=\"pt_PT\" \/>\n<meta property=\"og:type\" content=\"article\" \/>\n<meta property=\"og:title\" content=\"Equipe do Vale Registrar coleta material sobre a Companhia Industrial Ouropretana &#8212; Trem da Vale\" \/>\n<meta property=\"og:description\" content=\"Os pesquisadores do Vale Registrar, Eder Donizete de Melo e Josanne Guerra Sim\u00f5es ao lado da Gerente Administrativa da MF Cia. Industrial Itaunense, Patr\u00edcia Gon\u00e7alves Nogueira, no arquivo da MF Cia. Industrial Itaunense, em Ita\u00fana-MG. Foto: Wesley Maur\u00edcio. &nbsp; No dia 26 de novembro de 2010, a assessora t\u00e9cnica Josanne &hellip;\" \/>\n<meta property=\"og:url\" content=\"https:\/\/tremdavale.org\/pt\/equipe-do-vale-registrar-coleta-material-para-pesquisa-sobre-a-companhia-industrial-ouropretana\/\" \/>\n<meta property=\"og:site_name\" content=\"Trem da Vale\" \/>\n<meta property=\"article:published_time\" content=\"2011-09-13T01:39:00+00:00\" \/>\n<meta property=\"article:modified_time\" content=\"2025-10-10T11:57:00+00:00\" \/>\n<meta property=\"og:image\" content=\"https:\/\/tremdavale.org\/wp-content\/uploads\/01-viagem_a_itauna-300x168.jpg\" \/>\n\t<meta property=\"og:image:width\" content=\"300\" \/>\n\t<meta property=\"og:image:height\" content=\"168\" \/>\n\t<meta property=\"og:image:type\" content=\"image\/jpeg\" \/>\n<meta name=\"author\" content=\"admin\" \/>\n<meta name=\"twitter:card\" content=\"summary_large_image\" \/>\n<meta name=\"twitter:label1\" content=\"Escrito por\" \/>\n\t<meta name=\"twitter:data1\" content=\"admin\" \/>\n\t<meta name=\"twitter:label2\" content=\"Tempo estimado de leitura\" \/>\n\t<meta name=\"twitter:data2\" content=\"2 minutos\" \/>\n<script type=\"application\/ld+json\" class=\"yoast-schema-graph\">{\"@context\":\"https:\/\/schema.org\",\"@graph\":[{\"@type\":\"WebPage\",\"@id\":\"https:\/\/tremdavale.org\/pt\/equipe-do-vale-registrar-coleta-material-para-pesquisa-sobre-a-companhia-industrial-ouropretana\/\",\"url\":\"https:\/\/tremdavale.org\/pt\/equipe-do-vale-registrar-coleta-material-para-pesquisa-sobre-a-companhia-industrial-ouropretana\/\",\"name\":\"Equipe do Vale Registrar coleta material sobre a Companhia Industrial Ouropretana &#8212; Trem da Vale\",\"isPartOf\":{\"@id\":\"https:\/\/tremdavale.org\/pt\/#website\"},\"primaryImageOfPage\":{\"@id\":\"https:\/\/tremdavale.org\/pt\/equipe-do-vale-registrar-coleta-material-para-pesquisa-sobre-a-companhia-industrial-ouropretana\/#primaryimage\"},\"image\":{\"@id\":\"https:\/\/tremdavale.org\/pt\/equipe-do-vale-registrar-coleta-material-para-pesquisa-sobre-a-companhia-industrial-ouropretana\/#primaryimage\"},\"thumbnailUrl\":\"https:\/\/tremdavale.org\/wp-content\/uploads\/01-viagem_a_itauna-300x168.jpg\",\"datePublished\":\"2011-09-13T01:39:00+00:00\",\"dateModified\":\"2025-10-10T11:57:00+00:00\",\"author\":{\"@id\":\"https:\/\/tremdavale.org\/pt\/#\/schema\/person\/50912137d47426d31329f246d02eaeca\"},\"breadcrumb\":{\"@id\":\"https:\/\/tremdavale.org\/pt\/equipe-do-vale-registrar-coleta-material-para-pesquisa-sobre-a-companhia-industrial-ouropretana\/#breadcrumb\"},\"inLanguage\":\"pt-PT\",\"potentialAction\":[{\"@type\":\"ReadAction\",\"target\":[\"https:\/\/tremdavale.org\/pt\/equipe-do-vale-registrar-coleta-material-para-pesquisa-sobre-a-companhia-industrial-ouropretana\/\"]}]},{\"@type\":\"ImageObject\",\"inLanguage\":\"pt-PT\",\"@id\":\"https:\/\/tremdavale.org\/pt\/equipe-do-vale-registrar-coleta-material-para-pesquisa-sobre-a-companhia-industrial-ouropretana\/#primaryimage\",\"url\":\"https:\/\/tremdavale.org\/wp-content\/uploads\/01-viagem_a_itauna-300x168.jpg\",\"contentUrl\":\"https:\/\/tremdavale.org\/wp-content\/uploads\/01-viagem_a_itauna-300x168.jpg\",\"width\":300,\"height\":168},{\"@type\":\"BreadcrumbList\",\"@id\":\"https:\/\/tremdavale.org\/pt\/equipe-do-vale-registrar-coleta-material-para-pesquisa-sobre-a-companhia-industrial-ouropretana\/#breadcrumb\",\"itemListElement\":[{\"@type\":\"ListItem\",\"position\":1,\"name\":\"In\u00edcio\",\"item\":\"https:\/\/tremdavale.org\/pt\/\"},{\"@type\":\"ListItem\",\"position\":2,\"name\":\"Equipe do Vale Registrar coleta material sobre a Companhia Industrial Ouropretana\"}]},{\"@type\":\"WebSite\",\"@id\":\"https:\/\/tremdavale.org\/pt\/#website\",\"url\":\"https:\/\/tremdavale.org\/pt\/\",\"name\":\"Trem da Vale\",\"description\":\"Programa de Educa\u00e7\u00e3o Patrimonial\",\"potentialAction\":[{\"@type\":\"SearchAction\",\"target\":{\"@type\":\"EntryPoint\",\"urlTemplate\":\"https:\/\/tremdavale.org\/pt\/?s={search_term_string}\"},\"query-input\":{\"@type\":\"PropertyValueSpecification\",\"valueRequired\":true,\"valueName\":\"search_term_string\"}}],\"inLanguage\":\"pt-PT\"},{\"@type\":\"Person\",\"@id\":\"https:\/\/tremdavale.org\/pt\/#\/schema\/person\/50912137d47426d31329f246d02eaeca\",\"name\":\"admin\",\"image\":{\"@type\":\"ImageObject\",\"inLanguage\":\"pt-PT\",\"@id\":\"https:\/\/tremdavale.org\/pt\/#\/schema\/person\/image\/\",\"url\":\"https:\/\/secure.gravatar.com\/avatar\/b3564f0fda6ea47959fe96a4217203e79a167568a37409758659bc3ba443b452?s=96&d=mm&r=g\",\"contentUrl\":\"https:\/\/secure.gravatar.com\/avatar\/b3564f0fda6ea47959fe96a4217203e79a167568a37409758659bc3ba443b452?s=96&d=mm&r=g\",\"caption\":\"admin\"},\"sameAs\":[\"https:\/\/tremdavale.org\"],\"url\":\"https:\/\/tremdavale.org\/pt\/author\/admin\/\"}]}<\/script>\n<!-- \/ Yoast SEO plugin. -->","yoast_head_json":{"title":"Equipe do Vale Registrar coleta material sobre a Companhia Industrial Ouropretana &#8212; Trem da Vale","robots":{"index":"index","follow":"follow","max-snippet":"max-snippet:-1","max-image-preview":"max-image-preview:large","max-video-preview":"max-video-preview:-1"},"canonical":"https:\/\/tremdavale.org\/pt\/equipe-do-vale-registrar-coleta-material-para-pesquisa-sobre-a-companhia-industrial-ouropretana\/","og_locale":"pt_PT","og_type":"article","og_title":"Equipe do Vale Registrar coleta material sobre a Companhia Industrial Ouropretana &#8212; Trem da Vale","og_description":"Os pesquisadores do Vale Registrar, Eder Donizete de Melo e Josanne Guerra Sim\u00f5es ao lado da Gerente Administrativa da MF Cia. Industrial Itaunense, Patr\u00edcia Gon\u00e7alves Nogueira, no arquivo da MF Cia. Industrial Itaunense, em Ita\u00fana-MG. Foto: Wesley Maur\u00edcio. &nbsp; No dia 26 de novembro de 2010, a assessora t\u00e9cnica Josanne &hellip;","og_url":"https:\/\/tremdavale.org\/pt\/equipe-do-vale-registrar-coleta-material-para-pesquisa-sobre-a-companhia-industrial-ouropretana\/","og_site_name":"Trem da Vale","article_published_time":"2011-09-13T01:39:00+00:00","article_modified_time":"2025-10-10T11:57:00+00:00","og_image":[{"width":300,"height":168,"url":"https:\/\/tremdavale.org\/wp-content\/uploads\/01-viagem_a_itauna-300x168.jpg","type":"image\/jpeg"}],"author":"admin","twitter_card":"summary_large_image","twitter_misc":{"Escrito por":"admin","Tempo estimado de leitura":"2 minutos"},"schema":{"@context":"https:\/\/schema.org","@graph":[{"@type":"WebPage","@id":"https:\/\/tremdavale.org\/pt\/equipe-do-vale-registrar-coleta-material-para-pesquisa-sobre-a-companhia-industrial-ouropretana\/","url":"https:\/\/tremdavale.org\/pt\/equipe-do-vale-registrar-coleta-material-para-pesquisa-sobre-a-companhia-industrial-ouropretana\/","name":"Equipe do Vale Registrar coleta material sobre a Companhia Industrial Ouropretana &#8212; Trem da Vale","isPartOf":{"@id":"https:\/\/tremdavale.org\/pt\/#website"},"primaryImageOfPage":{"@id":"https:\/\/tremdavale.org\/pt\/equipe-do-vale-registrar-coleta-material-para-pesquisa-sobre-a-companhia-industrial-ouropretana\/#primaryimage"},"image":{"@id":"https:\/\/tremdavale.org\/pt\/equipe-do-vale-registrar-coleta-material-para-pesquisa-sobre-a-companhia-industrial-ouropretana\/#primaryimage"},"thumbnailUrl":"https:\/\/tremdavale.org\/wp-content\/uploads\/01-viagem_a_itauna-300x168.jpg","datePublished":"2011-09-13T01:39:00+00:00","dateModified":"2025-10-10T11:57:00+00:00","author":{"@id":"https:\/\/tremdavale.org\/pt\/#\/schema\/person\/50912137d47426d31329f246d02eaeca"},"breadcrumb":{"@id":"https:\/\/tremdavale.org\/pt\/equipe-do-vale-registrar-coleta-material-para-pesquisa-sobre-a-companhia-industrial-ouropretana\/#breadcrumb"},"inLanguage":"pt-PT","potentialAction":[{"@type":"ReadAction","target":["https:\/\/tremdavale.org\/pt\/equipe-do-vale-registrar-coleta-material-para-pesquisa-sobre-a-companhia-industrial-ouropretana\/"]}]},{"@type":"ImageObject","inLanguage":"pt-PT","@id":"https:\/\/tremdavale.org\/pt\/equipe-do-vale-registrar-coleta-material-para-pesquisa-sobre-a-companhia-industrial-ouropretana\/#primaryimage","url":"https:\/\/tremdavale.org\/wp-content\/uploads\/01-viagem_a_itauna-300x168.jpg","contentUrl":"https:\/\/tremdavale.org\/wp-content\/uploads\/01-viagem_a_itauna-300x168.jpg","width":300,"height":168},{"@type":"BreadcrumbList","@id":"https:\/\/tremdavale.org\/pt\/equipe-do-vale-registrar-coleta-material-para-pesquisa-sobre-a-companhia-industrial-ouropretana\/#breadcrumb","itemListElement":[{"@type":"ListItem","position":1,"name":"In\u00edcio","item":"https:\/\/tremdavale.org\/pt\/"},{"@type":"ListItem","position":2,"name":"Equipe do Vale Registrar coleta material sobre a Companhia Industrial Ouropretana"}]},{"@type":"WebSite","@id":"https:\/\/tremdavale.org\/pt\/#website","url":"https:\/\/tremdavale.org\/pt\/","name":"Trem da Vale","description":"Programa de Educa\u00e7\u00e3o Patrimonial","potentialAction":[{"@type":"SearchAction","target":{"@type":"EntryPoint","urlTemplate":"https:\/\/tremdavale.org\/pt\/?s={search_term_string}"},"query-input":{"@type":"PropertyValueSpecification","valueRequired":true,"valueName":"search_term_string"}}],"inLanguage":"pt-PT"},{"@type":"Person","@id":"https:\/\/tremdavale.org\/pt\/#\/schema\/person\/50912137d47426d31329f246d02eaeca","name":"admin","image":{"@type":"ImageObject","inLanguage":"pt-PT","@id":"https:\/\/tremdavale.org\/pt\/#\/schema\/person\/image\/","url":"https:\/\/secure.gravatar.com\/avatar\/b3564f0fda6ea47959fe96a4217203e79a167568a37409758659bc3ba443b452?s=96&d=mm&r=g","contentUrl":"https:\/\/secure.gravatar.com\/avatar\/b3564f0fda6ea47959fe96a4217203e79a167568a37409758659bc3ba443b452?s=96&d=mm&r=g","caption":"admin"},"sameAs":["https:\/\/tremdavale.org"],"url":"https:\/\/tremdavale.org\/pt\/author\/admin\/"}]}},"_links":{"self":[{"href":"https:\/\/tremdavale.org\/pt\/wp-json\/wp\/v2\/posts\/127","targetHints":{"allow":["GET"]}}],"collection":[{"href":"https:\/\/tremdavale.org\/pt\/wp-json\/wp\/v2\/posts"}],"about":[{"href":"https:\/\/tremdavale.org\/pt\/wp-json\/wp\/v2\/types\/post"}],"author":[{"embeddable":true,"href":"https:\/\/tremdavale.org\/pt\/wp-json\/wp\/v2\/users\/1"}],"replies":[{"embeddable":true,"href":"https:\/\/tremdavale.org\/pt\/wp-json\/wp\/v2\/comments?post=127"}],"version-history":[{"count":0,"href":"https:\/\/tremdavale.org\/pt\/wp-json\/wp\/v2\/posts\/127\/revisions"}],"wp:featuredmedia":[{"embeddable":true,"href":"https:\/\/tremdavale.org\/pt\/wp-json\/wp\/v2\/media\/409"}],"wp:attachment":[{"href":"https:\/\/tremdavale.org\/pt\/wp-json\/wp\/v2\/media?parent=127"}],"wp:term":[{"taxonomy":"category","embeddable":true,"href":"https:\/\/tremdavale.org\/pt\/wp-json\/wp\/v2\/categories?post=127"},{"taxonomy":"post_tag","embeddable":true,"href":"https:\/\/tremdavale.org\/pt\/wp-json\/wp\/v2\/tags?post=127"}],"curies":[{"name":"wp","href":"https:\/\/api.w.org\/{rel}","templated":true}]}}