{"id":129,"date":"2011-09-10T06:47:00","date_gmt":"2011-09-10T06:47:00","guid":{"rendered":"https:\/\/tremdavale.org\/?p=129"},"modified":"2025-10-10T11:57:00","modified_gmt":"2025-10-10T11:57:00","slug":"estacao-ciencia-em-ouro-preto","status":"publish","type":"post","link":"https:\/\/tremdavale.org\/pt\/estacao-ciencia-em-ouro-preto\/","title":{"rendered":"Esta\u00e7\u00e3o Ci\u00eancia em Ouro Preto"},"content":{"rendered":"<p><img loading=\"lazy\" decoding=\"async\" class=\"size-medium\" src=\"\/wp-content\/uploads\/estacao-ciencia-140x300.jpg\" alt=\"Programa\u00e7\u00e3o Esta\u00e7\u00e3o Ci\u00eancia 2010\" width=\"140\" height=\"300\"><\/p>\n<p>Programa\u00e7\u00e3o Esta\u00e7\u00e3o Ci\u00eancia 2010<\/p>\n<p>&nbsp;<\/p>\n<p style=\"text-align: justify;\">Entre os dias 21 e 23 de outubro, a Esta\u00e7\u00e3o Ferrovi\u00e1ria de Ouro Preto ir\u00e1 se transformar em Esta\u00e7\u00e3o Ci\u00eancia, uma parceria do Programa de Educa\u00e7\u00e3o Patrimonial Trem da Vale com o Instituto Federal de Educa\u00e7\u00e3o, Ci\u00eancia e Tecnologia de Minas Gerais &#8211; IFMG, a Universidade Federal de Ouro Preto &#8211; UFOP, e a Prefeitura Municipal de Ouro Preto.&nbsp; O evento visa promover a populariza\u00e7\u00e3o do conhecimento e dos projetos desenvolvidos por institui\u00e7\u00f5es de ensino e pesquisa.<!--more--><\/p>\n<p style=\"text-align: justify;\">Com o patroc\u00ednio da Vale, a Esta\u00e7\u00e3o Ci\u00eancia realiza uma s\u00e9rie de atividades voltadas para a promo\u00e7\u00e3o do saber cient\u00edfico, incentivando o ensino e a aprendizagem nas escolas da regi\u00e3o. Desde 2009, o evento integra a programa\u00e7\u00e3o nacional da Semana Ci\u00eancia &amp;Tecnologia, cujo tema central desse ano, indicado pelo Minist\u00e9rio da C&amp;T, \u00e9 \u201cCi\u00eancia para o Desenvolvimento Sustent\u00e1vel\u201d. Ano este que tamb\u00e9m se comemora o \u201cAno Internacional da Biodiversidade\u201d.<\/p>\n<p style=\"text-align: justify;\">Palestras, workshops, oficinas e interven\u00e7\u00f5es tem\u00e1ticas integram a programa\u00e7\u00e3o da Esta\u00e7\u00e3o Ci\u00eancia. No dia 21 de outubro \u00e0s 10 horas ser\u00e1 realizada a abertura do evento com apresenta\u00e7\u00f5es de grupos musicais e teatrais. Tamb\u00e9m neste dia, a viagem de trem prop\u00f5e um passeio tem\u00e1tico com atividades interativas no interior dos vag\u00f5es, atrav\u00e9s do Trem da Ci\u00eancia.<\/p>\n<p style=\"text-align: justify;\">A Funda\u00e7\u00e3o de Arte de Ouro Preto &#8211; FAOP ir\u00e1 ministrar a Oficina de Constru\u00e7\u00e3o em Terra; e o Projeto Manuelz\u00e3o oferecer\u00e1 um mini-curso de biomonitoramento de \u00e1guas. Haver\u00e1 tamb\u00e9m a oficina de produ\u00e7\u00e3o de v\u00eddeo, com o grupo Timbal\u00ea.<\/p>\n<p style=\"text-align: justify;\">No dia 22, a programa\u00e7\u00e3o conta com a palestra \u201cProte\u00e7\u00e3o do Patrim\u00f4nio Imaterial, da Teoria \u00e0 Pr\u00e1tica\u201d, com Sandra Fosque. Durante os tr\u00eas dias, estandes com mostra de trabalhos cient\u00edficos realizados por alunos de escolas p\u00fablicas de Ouro Preto estar\u00e3o abertos \u00e0 visita\u00e7\u00e3o, al\u00e9m do estande da FAOP, com a \u201cMostra de Processos Criativos\u201d.<\/p>\n<p style=\"text-align: justify;\">No \u00faltimo dia do evento ser\u00e3o apresentadas mostras dos trabalhos realizados nas oficinas da Esta\u00e7\u00e3o Ci\u00eancia; exposi\u00e7\u00e3o do Parque da Ci\u00eancia M\u00f3vel, da UFV; al\u00e9m de atra\u00e7\u00f5es tem\u00e1ticas e culturais como o espet\u00e1culo teatral \u201cAndarilhos dos Sonhos, com o grupo Virundangas.<\/p>\n<p style=\"text-align: justify;\">Para maiores informa\u00e7\u00f5es sobre a Esta\u00e7\u00e3o Ci\u00eancia acesse: site do ifmg ou veja a programa\u00e7\u00e3o.<\/p>\n<p>&nbsp;<\/p>\n","protected":false},"excerpt":{"rendered":"<p>Programa\u00e7\u00e3o Esta\u00e7\u00e3o Ci\u00eancia 2010 &nbsp; Entre os dias 21 e 23 de outubro, a Esta\u00e7\u00e3o Ferrovi\u00e1ria de Ouro Preto ir\u00e1 se transformar em Esta\u00e7\u00e3o Ci\u00eancia, uma parceria do Programa de Educa\u00e7\u00e3o Patrimonial Trem da Vale com o Instituto Federal de Educa\u00e7\u00e3o, Ci\u00eancia e Tecnologia de Minas Gerais &#8211; IFMG, a &hellip;<\/p>\n","protected":false},"author":1,"featured_media":410,"comment_status":"open","ping_status":"closed","sticky":false,"template":"","format":"standard","meta":{"footnotes":""},"categories":[3,5],"tags":[],"class_list":["post-129","post","type-post","status-publish","format-standard","has-post-thumbnail","hentry","category-noticias","category-noticias-destaque"],"yoast_head":"<!-- This site is optimized with the Yoast SEO plugin v26.1.1 - https:\/\/yoast.com\/wordpress\/plugins\/seo\/ -->\n<title>Esta\u00e7\u00e3o Ci\u00eancia em Ouro Preto &#8212; Trem da Vale<\/title>\n<meta name=\"robots\" content=\"index, follow, max-snippet:-1, max-image-preview:large, max-video-preview:-1\" \/>\n<link rel=\"canonical\" href=\"https:\/\/tremdavale.org\/pt\/estacao-ciencia-em-ouro-preto\/\" \/>\n<meta property=\"og:locale\" content=\"pt_PT\" \/>\n<meta property=\"og:type\" content=\"article\" \/>\n<meta property=\"og:title\" content=\"Esta\u00e7\u00e3o Ci\u00eancia em Ouro Preto &#8212; Trem da Vale\" \/>\n<meta property=\"og:description\" content=\"Programa\u00e7\u00e3o Esta\u00e7\u00e3o Ci\u00eancia 2010 &nbsp; Entre os dias 21 e 23 de outubro, a Esta\u00e7\u00e3o Ferrovi\u00e1ria de Ouro Preto ir\u00e1 se transformar em Esta\u00e7\u00e3o Ci\u00eancia, uma parceria do Programa de Educa\u00e7\u00e3o Patrimonial Trem da Vale com o Instituto Federal de Educa\u00e7\u00e3o, Ci\u00eancia e Tecnologia de Minas Gerais &#8211; IFMG, a &hellip;\" \/>\n<meta property=\"og:url\" content=\"https:\/\/tremdavale.org\/pt\/estacao-ciencia-em-ouro-preto\/\" \/>\n<meta property=\"og:site_name\" content=\"Trem da Vale\" \/>\n<meta property=\"article:published_time\" content=\"2011-09-10T06:47:00+00:00\" \/>\n<meta property=\"article:modified_time\" content=\"2025-10-10T11:57:00+00:00\" \/>\n<meta property=\"og:image\" content=\"https:\/\/tremdavale.org\/wp-content\/uploads\/estacao-ciencia-140x300.jpg\" \/>\n\t<meta property=\"og:image:width\" content=\"140\" \/>\n\t<meta property=\"og:image:height\" content=\"300\" \/>\n\t<meta property=\"og:image:type\" content=\"image\/jpeg\" \/>\n<meta name=\"author\" content=\"admin\" \/>\n<meta name=\"twitter:card\" content=\"summary_large_image\" \/>\n<meta name=\"twitter:label1\" content=\"Escrito por\" \/>\n\t<meta name=\"twitter:data1\" content=\"admin\" \/>\n\t<meta name=\"twitter:label2\" content=\"Tempo estimado de leitura\" \/>\n\t<meta name=\"twitter:data2\" content=\"2 minutos\" \/>\n<script type=\"application\/ld+json\" class=\"yoast-schema-graph\">{\"@context\":\"https:\/\/schema.org\",\"@graph\":[{\"@type\":\"WebPage\",\"@id\":\"https:\/\/tremdavale.org\/pt\/estacao-ciencia-em-ouro-preto\/\",\"url\":\"https:\/\/tremdavale.org\/pt\/estacao-ciencia-em-ouro-preto\/\",\"name\":\"Esta\u00e7\u00e3o Ci\u00eancia em Ouro Preto &#8212; Trem da Vale\",\"isPartOf\":{\"@id\":\"https:\/\/tremdavale.org\/pt\/#website\"},\"primaryImageOfPage\":{\"@id\":\"https:\/\/tremdavale.org\/pt\/estacao-ciencia-em-ouro-preto\/#primaryimage\"},\"image\":{\"@id\":\"https:\/\/tremdavale.org\/pt\/estacao-ciencia-em-ouro-preto\/#primaryimage\"},\"thumbnailUrl\":\"https:\/\/tremdavale.org\/wp-content\/uploads\/estacao-ciencia-140x300.jpg\",\"datePublished\":\"2011-09-10T06:47:00+00:00\",\"dateModified\":\"2025-10-10T11:57:00+00:00\",\"author\":{\"@id\":\"https:\/\/tremdavale.org\/pt\/#\/schema\/person\/50912137d47426d31329f246d02eaeca\"},\"breadcrumb\":{\"@id\":\"https:\/\/tremdavale.org\/pt\/estacao-ciencia-em-ouro-preto\/#breadcrumb\"},\"inLanguage\":\"pt-PT\",\"potentialAction\":[{\"@type\":\"ReadAction\",\"target\":[\"https:\/\/tremdavale.org\/pt\/estacao-ciencia-em-ouro-preto\/\"]}]},{\"@type\":\"ImageObject\",\"inLanguage\":\"pt-PT\",\"@id\":\"https:\/\/tremdavale.org\/pt\/estacao-ciencia-em-ouro-preto\/#primaryimage\",\"url\":\"https:\/\/tremdavale.org\/wp-content\/uploads\/estacao-ciencia-140x300.jpg\",\"contentUrl\":\"https:\/\/tremdavale.org\/wp-content\/uploads\/estacao-ciencia-140x300.jpg\",\"width\":140,\"height\":300},{\"@type\":\"BreadcrumbList\",\"@id\":\"https:\/\/tremdavale.org\/pt\/estacao-ciencia-em-ouro-preto\/#breadcrumb\",\"itemListElement\":[{\"@type\":\"ListItem\",\"position\":1,\"name\":\"In\u00edcio\",\"item\":\"https:\/\/tremdavale.org\/pt\/\"},{\"@type\":\"ListItem\",\"position\":2,\"name\":\"Esta\u00e7\u00e3o Ci\u00eancia em Ouro Preto\"}]},{\"@type\":\"WebSite\",\"@id\":\"https:\/\/tremdavale.org\/pt\/#website\",\"url\":\"https:\/\/tremdavale.org\/pt\/\",\"name\":\"Trem da Vale\",\"description\":\"Programa de Educa\u00e7\u00e3o Patrimonial\",\"potentialAction\":[{\"@type\":\"SearchAction\",\"target\":{\"@type\":\"EntryPoint\",\"urlTemplate\":\"https:\/\/tremdavale.org\/pt\/?s={search_term_string}\"},\"query-input\":{\"@type\":\"PropertyValueSpecification\",\"valueRequired\":true,\"valueName\":\"search_term_string\"}}],\"inLanguage\":\"pt-PT\"},{\"@type\":\"Person\",\"@id\":\"https:\/\/tremdavale.org\/pt\/#\/schema\/person\/50912137d47426d31329f246d02eaeca\",\"name\":\"admin\",\"image\":{\"@type\":\"ImageObject\",\"inLanguage\":\"pt-PT\",\"@id\":\"https:\/\/tremdavale.org\/pt\/#\/schema\/person\/image\/\",\"url\":\"https:\/\/secure.gravatar.com\/avatar\/b3564f0fda6ea47959fe96a4217203e79a167568a37409758659bc3ba443b452?s=96&d=mm&r=g\",\"contentUrl\":\"https:\/\/secure.gravatar.com\/avatar\/b3564f0fda6ea47959fe96a4217203e79a167568a37409758659bc3ba443b452?s=96&d=mm&r=g\",\"caption\":\"admin\"},\"sameAs\":[\"https:\/\/tremdavale.org\"],\"url\":\"https:\/\/tremdavale.org\/pt\/author\/admin\/\"}]}<\/script>\n<!-- \/ Yoast SEO plugin. -->","yoast_head_json":{"title":"Esta\u00e7\u00e3o Ci\u00eancia em Ouro Preto &#8212; Trem da Vale","robots":{"index":"index","follow":"follow","max-snippet":"max-snippet:-1","max-image-preview":"max-image-preview:large","max-video-preview":"max-video-preview:-1"},"canonical":"https:\/\/tremdavale.org\/pt\/estacao-ciencia-em-ouro-preto\/","og_locale":"pt_PT","og_type":"article","og_title":"Esta\u00e7\u00e3o Ci\u00eancia em Ouro Preto &#8212; Trem da Vale","og_description":"Programa\u00e7\u00e3o Esta\u00e7\u00e3o Ci\u00eancia 2010 &nbsp; Entre os dias 21 e 23 de outubro, a Esta\u00e7\u00e3o Ferrovi\u00e1ria de Ouro Preto ir\u00e1 se transformar em Esta\u00e7\u00e3o Ci\u00eancia, uma parceria do Programa de Educa\u00e7\u00e3o Patrimonial Trem da Vale com o Instituto Federal de Educa\u00e7\u00e3o, Ci\u00eancia e Tecnologia de Minas Gerais &#8211; IFMG, a &hellip;","og_url":"https:\/\/tremdavale.org\/pt\/estacao-ciencia-em-ouro-preto\/","og_site_name":"Trem da Vale","article_published_time":"2011-09-10T06:47:00+00:00","article_modified_time":"2025-10-10T11:57:00+00:00","og_image":[{"width":140,"height":300,"url":"https:\/\/tremdavale.org\/wp-content\/uploads\/estacao-ciencia-140x300.jpg","type":"image\/jpeg"}],"author":"admin","twitter_card":"summary_large_image","twitter_misc":{"Escrito por":"admin","Tempo estimado de leitura":"2 minutos"},"schema":{"@context":"https:\/\/schema.org","@graph":[{"@type":"WebPage","@id":"https:\/\/tremdavale.org\/pt\/estacao-ciencia-em-ouro-preto\/","url":"https:\/\/tremdavale.org\/pt\/estacao-ciencia-em-ouro-preto\/","name":"Esta\u00e7\u00e3o Ci\u00eancia em Ouro Preto &#8212; Trem da Vale","isPartOf":{"@id":"https:\/\/tremdavale.org\/pt\/#website"},"primaryImageOfPage":{"@id":"https:\/\/tremdavale.org\/pt\/estacao-ciencia-em-ouro-preto\/#primaryimage"},"image":{"@id":"https:\/\/tremdavale.org\/pt\/estacao-ciencia-em-ouro-preto\/#primaryimage"},"thumbnailUrl":"https:\/\/tremdavale.org\/wp-content\/uploads\/estacao-ciencia-140x300.jpg","datePublished":"2011-09-10T06:47:00+00:00","dateModified":"2025-10-10T11:57:00+00:00","author":{"@id":"https:\/\/tremdavale.org\/pt\/#\/schema\/person\/50912137d47426d31329f246d02eaeca"},"breadcrumb":{"@id":"https:\/\/tremdavale.org\/pt\/estacao-ciencia-em-ouro-preto\/#breadcrumb"},"inLanguage":"pt-PT","potentialAction":[{"@type":"ReadAction","target":["https:\/\/tremdavale.org\/pt\/estacao-ciencia-em-ouro-preto\/"]}]},{"@type":"ImageObject","inLanguage":"pt-PT","@id":"https:\/\/tremdavale.org\/pt\/estacao-ciencia-em-ouro-preto\/#primaryimage","url":"https:\/\/tremdavale.org\/wp-content\/uploads\/estacao-ciencia-140x300.jpg","contentUrl":"https:\/\/tremdavale.org\/wp-content\/uploads\/estacao-ciencia-140x300.jpg","width":140,"height":300},{"@type":"BreadcrumbList","@id":"https:\/\/tremdavale.org\/pt\/estacao-ciencia-em-ouro-preto\/#breadcrumb","itemListElement":[{"@type":"ListItem","position":1,"name":"In\u00edcio","item":"https:\/\/tremdavale.org\/pt\/"},{"@type":"ListItem","position":2,"name":"Esta\u00e7\u00e3o Ci\u00eancia em Ouro Preto"}]},{"@type":"WebSite","@id":"https:\/\/tremdavale.org\/pt\/#website","url":"https:\/\/tremdavale.org\/pt\/","name":"Trem da Vale","description":"Programa de Educa\u00e7\u00e3o Patrimonial","potentialAction":[{"@type":"SearchAction","target":{"@type":"EntryPoint","urlTemplate":"https:\/\/tremdavale.org\/pt\/?s={search_term_string}"},"query-input":{"@type":"PropertyValueSpecification","valueRequired":true,"valueName":"search_term_string"}}],"inLanguage":"pt-PT"},{"@type":"Person","@id":"https:\/\/tremdavale.org\/pt\/#\/schema\/person\/50912137d47426d31329f246d02eaeca","name":"admin","image":{"@type":"ImageObject","inLanguage":"pt-PT","@id":"https:\/\/tremdavale.org\/pt\/#\/schema\/person\/image\/","url":"https:\/\/secure.gravatar.com\/avatar\/b3564f0fda6ea47959fe96a4217203e79a167568a37409758659bc3ba443b452?s=96&d=mm&r=g","contentUrl":"https:\/\/secure.gravatar.com\/avatar\/b3564f0fda6ea47959fe96a4217203e79a167568a37409758659bc3ba443b452?s=96&d=mm&r=g","caption":"admin"},"sameAs":["https:\/\/tremdavale.org"],"url":"https:\/\/tremdavale.org\/pt\/author\/admin\/"}]}},"_links":{"self":[{"href":"https:\/\/tremdavale.org\/pt\/wp-json\/wp\/v2\/posts\/129","targetHints":{"allow":["GET"]}}],"collection":[{"href":"https:\/\/tremdavale.org\/pt\/wp-json\/wp\/v2\/posts"}],"about":[{"href":"https:\/\/tremdavale.org\/pt\/wp-json\/wp\/v2\/types\/post"}],"author":[{"embeddable":true,"href":"https:\/\/tremdavale.org\/pt\/wp-json\/wp\/v2\/users\/1"}],"replies":[{"embeddable":true,"href":"https:\/\/tremdavale.org\/pt\/wp-json\/wp\/v2\/comments?post=129"}],"version-history":[{"count":0,"href":"https:\/\/tremdavale.org\/pt\/wp-json\/wp\/v2\/posts\/129\/revisions"}],"wp:featuredmedia":[{"embeddable":true,"href":"https:\/\/tremdavale.org\/pt\/wp-json\/wp\/v2\/media\/410"}],"wp:attachment":[{"href":"https:\/\/tremdavale.org\/pt\/wp-json\/wp\/v2\/media?parent=129"}],"wp:term":[{"taxonomy":"category","embeddable":true,"href":"https:\/\/tremdavale.org\/pt\/wp-json\/wp\/v2\/categories?post=129"},{"taxonomy":"post_tag","embeddable":true,"href":"https:\/\/tremdavale.org\/pt\/wp-json\/wp\/v2\/tags?post=129"}],"curies":[{"name":"wp","href":"https:\/\/api.w.org\/{rel}","templated":true}]}}