{"id":132,"date":"2014-04-30T00:52:00","date_gmt":"2014-04-30T00:52:00","guid":{"rendered":"https:\/\/tremdavale.org\/?p=132"},"modified":"2025-10-10T11:57:00","modified_gmt":"2025-10-10T11:57:00","slug":"estacao-ciencia-no-trem-da-vale","status":"publish","type":"post","link":"https:\/\/tremdavale.org\/pt\/estacao-ciencia-no-trem-da-vale\/","title":{"rendered":"Esta\u00e7\u00e3o Ci\u00eancia no Trem da Vale"},"content":{"rendered":"<p>Atrav\u00e9s da parceria entre o Instituto Federal de Minas Gerais, a Universidade Federal de Ouro Preto, o Programa Trem da Vale e a Secretaria Municipal de Educa\u00e7\u00e3o de Ouro Preto ser\u00e1 promovida a 5\u00aa Edi\u00e7\u00e3o da \u201cEsta\u00e7\u00e3o Ci\u00eancia\u201d, na Esta\u00e7\u00e3o Ferrovi\u00e1ria de Ouro Preto, nos dias 24, 25 e 26 de outubro.<\/p>\n<p>Com edi\u00e7\u00e3o anual, a <em>Esta\u00e7\u00e3o Ci\u00eancia<\/em> &#8211; um evento que integra a programa\u00e7\u00e3o da Semana Nacional de Ci\u00eancia e Tecnologia 2013, realizada desde 2009, comp\u00f5e o calend\u00e1rio de a\u00e7\u00f5es de populariza\u00e7\u00e3o da Ci\u00eancia e da Tecnologia, no \u00e2mbito da Semana Nacional da Ci\u00eancia e Tecnologia &#8211; SNCT promovida pelo <em>Minist\u00e9rio d<\/em><em>a Ci\u00eancia, Tecnologia e Inova\u00e7\u00e3o<\/em>.<\/p>\n<p>A proposta atual, cujo tema central \u00e9 \u201c<strong>CI\u00caNCIA, SA\u00daDE E ESPORTE<\/strong><strong>\u201c<\/strong>, prev\u00ea estrat\u00e9gias para despertar um olhar diferenciado sobre a influ\u00eancia da Ci\u00eancia e da Tecnologia no cotidiano das pessoas, sobretudo crian\u00e7as e jovens do ensino fundamental e m\u00e9dio, p\u00fablico principal que se deseja atingir. Al\u00e9m de visar a difus\u00e3o e apropria\u00e7\u00e3o social de conhecimentos cient\u00edficos e tecnol\u00f3gicos sobre a tem\u00e1tica contemplada, as programa\u00e7\u00f5es no \u00e2mbito da SNCT visam chamar a aten\u00e7\u00e3o e provocar atitudes e reflex\u00f5es sobre a import\u00e2ncia do tema para o desenvolvimento e para o enfrentamento de problemas da humanidade.<\/p>\n<p>Dentre as atra\u00e7\u00f5es previstas, destaque para a Exposi\u00e7\u00e3o Interativa \u201cF\u00edsica mais que divertida\u201d, da Funda\u00e7\u00e3o Ci\u00eancia Jovem &#8211; que consiste num conjunto de prot\u00f3tipos e experimentos baseados em materiais reciclados e de baixo custo, com o intuito de estimular uma vis\u00e3o criativa da f\u00edsica; e &nbsp;a oficina \u201cLiteratura, sabores cheiros e cores: sucos naturais e sa\u00fade\u201d &#8211; uma atividade voltada para o p\u00fablico infantojuvenil, desenvolvida pelas Bibliotecas das Esta\u00e7\u00f5es, em parceria com o Curso de Gastronomia do IFMG &#8211; Campus Ouro Preto .<\/p>\n<p>No \u00e2mbito do Programa de Educa\u00e7\u00e3o Patrimonial Trem da Vale, a <em>Esta\u00e7\u00e3o Ci\u00eancia<\/em> \u00e9 um <em><\/em>importante instrumento de afirma\u00e7\u00e3o do compromisso do campo da ci\u00eancia e da tecnologia com o campo do patrim\u00f4nio cultural. O evento ir\u00e1 abranger a\u00e7\u00f5es de preserva\u00e7\u00e3o do patrim\u00f4nio cultural e natural, bem como experi\u00eancias significativas onde a Ci\u00eancia e Tecnologia aliadas \u00e0 Cultura possibilitam a produ\u00e7\u00e3o do patrim\u00f4nio cultural, o apoio ao patrim\u00f4nio cultural e o usufruto do patrim\u00f4nio cultural.<\/p>\n<p>Fique atento \u00e0 programa\u00e7\u00e3o!<\/p>\n<p>http:\/\/sites.ouropreto.ifmg.edu.br\/semanact\/programacao-estacao-ciencia\/<\/p>\n<p style=\"text-align: center;\"><img loading=\"lazy\" decoding=\"async\" class=\"aligncenter size-full\" title=\"Untitled-1\" src=\"\/wp-content\/uploads\/estacao-ciencia-01.jpg\" alt=\"Untitled-1\" width=\"504\" height=\"957\"><\/p>\n<p>&nbsp;<\/p>\n","protected":false},"excerpt":{"rendered":"<p>Atrav\u00e9s da parceria entre o Instituto Federal de Minas Gerais, a Universidade Federal de Ouro Preto, o Programa Trem da Vale e a Secretaria Municipal de Educa\u00e7\u00e3o de Ouro Preto ser\u00e1 promovida a 5\u00aa Edi\u00e7\u00e3o da \u201cEsta\u00e7\u00e3o Ci\u00eancia\u201d, na Esta\u00e7\u00e3o Ferrovi\u00e1ria de Ouro Preto, nos dias 24, 25 e 26 &hellip;<\/p>\n","protected":false},"author":1,"featured_media":412,"comment_status":"open","ping_status":"closed","sticky":false,"template":"","format":"standard","meta":{"footnotes":""},"categories":[2],"tags":[],"class_list":["post-132","post","type-post","status-publish","format-standard","has-post-thumbnail","hentry","category-destaques-home"],"yoast_head":"<!-- This site is optimized with the Yoast SEO plugin v26.1.1 - https:\/\/yoast.com\/wordpress\/plugins\/seo\/ -->\n<title>Esta\u00e7\u00e3o Ci\u00eancia no Trem da Vale &#8212; Trem da Vale<\/title>\n<meta name=\"robots\" content=\"index, follow, max-snippet:-1, max-image-preview:large, max-video-preview:-1\" \/>\n<link rel=\"canonical\" href=\"https:\/\/tremdavale.org\/pt\/estacao-ciencia-no-trem-da-vale\/\" \/>\n<meta property=\"og:locale\" content=\"pt_PT\" \/>\n<meta property=\"og:type\" content=\"article\" \/>\n<meta property=\"og:title\" content=\"Esta\u00e7\u00e3o Ci\u00eancia no Trem da Vale &#8212; Trem da Vale\" \/>\n<meta property=\"og:description\" content=\"Atrav\u00e9s da parceria entre o Instituto Federal de Minas Gerais, a Universidade Federal de Ouro Preto, o Programa Trem da Vale e a Secretaria Municipal de Educa\u00e7\u00e3o de Ouro Preto ser\u00e1 promovida a 5\u00aa Edi\u00e7\u00e3o da \u201cEsta\u00e7\u00e3o Ci\u00eancia\u201d, na Esta\u00e7\u00e3o Ferrovi\u00e1ria de Ouro Preto, nos dias 24, 25 e 26 &hellip;\" \/>\n<meta property=\"og:url\" content=\"https:\/\/tremdavale.org\/pt\/estacao-ciencia-no-trem-da-vale\/\" \/>\n<meta property=\"og:site_name\" content=\"Trem da Vale\" \/>\n<meta property=\"article:published_time\" content=\"2014-04-30T00:52:00+00:00\" \/>\n<meta property=\"article:modified_time\" content=\"2025-10-10T11:57:00+00:00\" \/>\n<meta property=\"og:image\" content=\"https:\/\/tremdavale.org\/wp-content\/uploads\/estacao-ciencia-01.jpg\" \/>\n\t<meta property=\"og:image:width\" content=\"700\" \/>\n\t<meta property=\"og:image:height\" content=\"1329\" \/>\n\t<meta property=\"og:image:type\" content=\"image\/jpeg\" \/>\n<meta name=\"author\" content=\"admin\" \/>\n<meta name=\"twitter:card\" content=\"summary_large_image\" \/>\n<meta name=\"twitter:label1\" content=\"Escrito por\" \/>\n\t<meta name=\"twitter:data1\" content=\"admin\" \/>\n\t<meta name=\"twitter:label2\" content=\"Tempo estimado de leitura\" \/>\n\t<meta name=\"twitter:data2\" content=\"2 minutos\" \/>\n<script type=\"application\/ld+json\" class=\"yoast-schema-graph\">{\"@context\":\"https:\/\/schema.org\",\"@graph\":[{\"@type\":\"WebPage\",\"@id\":\"https:\/\/tremdavale.org\/pt\/estacao-ciencia-no-trem-da-vale\/\",\"url\":\"https:\/\/tremdavale.org\/pt\/estacao-ciencia-no-trem-da-vale\/\",\"name\":\"Esta\u00e7\u00e3o Ci\u00eancia no Trem da Vale &#8212; Trem da Vale\",\"isPartOf\":{\"@id\":\"https:\/\/tremdavale.org\/pt\/#website\"},\"primaryImageOfPage\":{\"@id\":\"https:\/\/tremdavale.org\/pt\/estacao-ciencia-no-trem-da-vale\/#primaryimage\"},\"image\":{\"@id\":\"https:\/\/tremdavale.org\/pt\/estacao-ciencia-no-trem-da-vale\/#primaryimage\"},\"thumbnailUrl\":\"https:\/\/tremdavale.org\/wp-content\/uploads\/estacao-ciencia-01.jpg\",\"datePublished\":\"2014-04-30T00:52:00+00:00\",\"dateModified\":\"2025-10-10T11:57:00+00:00\",\"author\":{\"@id\":\"https:\/\/tremdavale.org\/pt\/#\/schema\/person\/50912137d47426d31329f246d02eaeca\"},\"breadcrumb\":{\"@id\":\"https:\/\/tremdavale.org\/pt\/estacao-ciencia-no-trem-da-vale\/#breadcrumb\"},\"inLanguage\":\"pt-PT\",\"potentialAction\":[{\"@type\":\"ReadAction\",\"target\":[\"https:\/\/tremdavale.org\/pt\/estacao-ciencia-no-trem-da-vale\/\"]}]},{\"@type\":\"ImageObject\",\"inLanguage\":\"pt-PT\",\"@id\":\"https:\/\/tremdavale.org\/pt\/estacao-ciencia-no-trem-da-vale\/#primaryimage\",\"url\":\"https:\/\/tremdavale.org\/wp-content\/uploads\/estacao-ciencia-01.jpg\",\"contentUrl\":\"https:\/\/tremdavale.org\/wp-content\/uploads\/estacao-ciencia-01.jpg\",\"width\":700,\"height\":1329},{\"@type\":\"BreadcrumbList\",\"@id\":\"https:\/\/tremdavale.org\/pt\/estacao-ciencia-no-trem-da-vale\/#breadcrumb\",\"itemListElement\":[{\"@type\":\"ListItem\",\"position\":1,\"name\":\"In\u00edcio\",\"item\":\"https:\/\/tremdavale.org\/pt\/\"},{\"@type\":\"ListItem\",\"position\":2,\"name\":\"Esta\u00e7\u00e3o Ci\u00eancia no Trem da Vale\"}]},{\"@type\":\"WebSite\",\"@id\":\"https:\/\/tremdavale.org\/pt\/#website\",\"url\":\"https:\/\/tremdavale.org\/pt\/\",\"name\":\"Trem da Vale\",\"description\":\"Programa de Educa\u00e7\u00e3o Patrimonial\",\"potentialAction\":[{\"@type\":\"SearchAction\",\"target\":{\"@type\":\"EntryPoint\",\"urlTemplate\":\"https:\/\/tremdavale.org\/pt\/?s={search_term_string}\"},\"query-input\":{\"@type\":\"PropertyValueSpecification\",\"valueRequired\":true,\"valueName\":\"search_term_string\"}}],\"inLanguage\":\"pt-PT\"},{\"@type\":\"Person\",\"@id\":\"https:\/\/tremdavale.org\/pt\/#\/schema\/person\/50912137d47426d31329f246d02eaeca\",\"name\":\"admin\",\"image\":{\"@type\":\"ImageObject\",\"inLanguage\":\"pt-PT\",\"@id\":\"https:\/\/tremdavale.org\/pt\/#\/schema\/person\/image\/\",\"url\":\"https:\/\/secure.gravatar.com\/avatar\/b3564f0fda6ea47959fe96a4217203e79a167568a37409758659bc3ba443b452?s=96&d=mm&r=g\",\"contentUrl\":\"https:\/\/secure.gravatar.com\/avatar\/b3564f0fda6ea47959fe96a4217203e79a167568a37409758659bc3ba443b452?s=96&d=mm&r=g\",\"caption\":\"admin\"},\"sameAs\":[\"https:\/\/tremdavale.org\"],\"url\":\"https:\/\/tremdavale.org\/pt\/author\/admin\/\"}]}<\/script>\n<!-- \/ Yoast SEO plugin. -->","yoast_head_json":{"title":"Esta\u00e7\u00e3o Ci\u00eancia no Trem da Vale &#8212; Trem da Vale","robots":{"index":"index","follow":"follow","max-snippet":"max-snippet:-1","max-image-preview":"max-image-preview:large","max-video-preview":"max-video-preview:-1"},"canonical":"https:\/\/tremdavale.org\/pt\/estacao-ciencia-no-trem-da-vale\/","og_locale":"pt_PT","og_type":"article","og_title":"Esta\u00e7\u00e3o Ci\u00eancia no Trem da Vale &#8212; Trem da Vale","og_description":"Atrav\u00e9s da parceria entre o Instituto Federal de Minas Gerais, a Universidade Federal de Ouro Preto, o Programa Trem da Vale e a Secretaria Municipal de Educa\u00e7\u00e3o de Ouro Preto ser\u00e1 promovida a 5\u00aa Edi\u00e7\u00e3o da \u201cEsta\u00e7\u00e3o Ci\u00eancia\u201d, na Esta\u00e7\u00e3o Ferrovi\u00e1ria de Ouro Preto, nos dias 24, 25 e 26 &hellip;","og_url":"https:\/\/tremdavale.org\/pt\/estacao-ciencia-no-trem-da-vale\/","og_site_name":"Trem da Vale","article_published_time":"2014-04-30T00:52:00+00:00","article_modified_time":"2025-10-10T11:57:00+00:00","og_image":[{"width":700,"height":1329,"url":"https:\/\/tremdavale.org\/wp-content\/uploads\/estacao-ciencia-01.jpg","type":"image\/jpeg"}],"author":"admin","twitter_card":"summary_large_image","twitter_misc":{"Escrito por":"admin","Tempo estimado de leitura":"2 minutos"},"schema":{"@context":"https:\/\/schema.org","@graph":[{"@type":"WebPage","@id":"https:\/\/tremdavale.org\/pt\/estacao-ciencia-no-trem-da-vale\/","url":"https:\/\/tremdavale.org\/pt\/estacao-ciencia-no-trem-da-vale\/","name":"Esta\u00e7\u00e3o Ci\u00eancia no Trem da Vale &#8212; Trem da Vale","isPartOf":{"@id":"https:\/\/tremdavale.org\/pt\/#website"},"primaryImageOfPage":{"@id":"https:\/\/tremdavale.org\/pt\/estacao-ciencia-no-trem-da-vale\/#primaryimage"},"image":{"@id":"https:\/\/tremdavale.org\/pt\/estacao-ciencia-no-trem-da-vale\/#primaryimage"},"thumbnailUrl":"https:\/\/tremdavale.org\/wp-content\/uploads\/estacao-ciencia-01.jpg","datePublished":"2014-04-30T00:52:00+00:00","dateModified":"2025-10-10T11:57:00+00:00","author":{"@id":"https:\/\/tremdavale.org\/pt\/#\/schema\/person\/50912137d47426d31329f246d02eaeca"},"breadcrumb":{"@id":"https:\/\/tremdavale.org\/pt\/estacao-ciencia-no-trem-da-vale\/#breadcrumb"},"inLanguage":"pt-PT","potentialAction":[{"@type":"ReadAction","target":["https:\/\/tremdavale.org\/pt\/estacao-ciencia-no-trem-da-vale\/"]}]},{"@type":"ImageObject","inLanguage":"pt-PT","@id":"https:\/\/tremdavale.org\/pt\/estacao-ciencia-no-trem-da-vale\/#primaryimage","url":"https:\/\/tremdavale.org\/wp-content\/uploads\/estacao-ciencia-01.jpg","contentUrl":"https:\/\/tremdavale.org\/wp-content\/uploads\/estacao-ciencia-01.jpg","width":700,"height":1329},{"@type":"BreadcrumbList","@id":"https:\/\/tremdavale.org\/pt\/estacao-ciencia-no-trem-da-vale\/#breadcrumb","itemListElement":[{"@type":"ListItem","position":1,"name":"In\u00edcio","item":"https:\/\/tremdavale.org\/pt\/"},{"@type":"ListItem","position":2,"name":"Esta\u00e7\u00e3o Ci\u00eancia no Trem da Vale"}]},{"@type":"WebSite","@id":"https:\/\/tremdavale.org\/pt\/#website","url":"https:\/\/tremdavale.org\/pt\/","name":"Trem da Vale","description":"Programa de Educa\u00e7\u00e3o Patrimonial","potentialAction":[{"@type":"SearchAction","target":{"@type":"EntryPoint","urlTemplate":"https:\/\/tremdavale.org\/pt\/?s={search_term_string}"},"query-input":{"@type":"PropertyValueSpecification","valueRequired":true,"valueName":"search_term_string"}}],"inLanguage":"pt-PT"},{"@type":"Person","@id":"https:\/\/tremdavale.org\/pt\/#\/schema\/person\/50912137d47426d31329f246d02eaeca","name":"admin","image":{"@type":"ImageObject","inLanguage":"pt-PT","@id":"https:\/\/tremdavale.org\/pt\/#\/schema\/person\/image\/","url":"https:\/\/secure.gravatar.com\/avatar\/b3564f0fda6ea47959fe96a4217203e79a167568a37409758659bc3ba443b452?s=96&d=mm&r=g","contentUrl":"https:\/\/secure.gravatar.com\/avatar\/b3564f0fda6ea47959fe96a4217203e79a167568a37409758659bc3ba443b452?s=96&d=mm&r=g","caption":"admin"},"sameAs":["https:\/\/tremdavale.org"],"url":"https:\/\/tremdavale.org\/pt\/author\/admin\/"}]}},"_links":{"self":[{"href":"https:\/\/tremdavale.org\/pt\/wp-json\/wp\/v2\/posts\/132","targetHints":{"allow":["GET"]}}],"collection":[{"href":"https:\/\/tremdavale.org\/pt\/wp-json\/wp\/v2\/posts"}],"about":[{"href":"https:\/\/tremdavale.org\/pt\/wp-json\/wp\/v2\/types\/post"}],"author":[{"embeddable":true,"href":"https:\/\/tremdavale.org\/pt\/wp-json\/wp\/v2\/users\/1"}],"replies":[{"embeddable":true,"href":"https:\/\/tremdavale.org\/pt\/wp-json\/wp\/v2\/comments?post=132"}],"version-history":[{"count":0,"href":"https:\/\/tremdavale.org\/pt\/wp-json\/wp\/v2\/posts\/132\/revisions"}],"wp:featuredmedia":[{"embeddable":true,"href":"https:\/\/tremdavale.org\/pt\/wp-json\/wp\/v2\/media\/412"}],"wp:attachment":[{"href":"https:\/\/tremdavale.org\/pt\/wp-json\/wp\/v2\/media?parent=132"}],"wp:term":[{"taxonomy":"category","embeddable":true,"href":"https:\/\/tremdavale.org\/pt\/wp-json\/wp\/v2\/categories?post=132"},{"taxonomy":"post_tag","embeddable":true,"href":"https:\/\/tremdavale.org\/pt\/wp-json\/wp\/v2\/tags?post=132"}],"curies":[{"name":"wp","href":"https:\/\/api.w.org\/{rel}","templated":true}]}}