{"id":135,"date":"2013-08-25T09:51:00","date_gmt":"2013-08-25T09:51:00","guid":{"rendered":"https:\/\/tremdavale.org\/?p=135"},"modified":"2025-10-10T11:57:00","modified_gmt":"2025-10-10T11:57:00","slug":"evento-em-homenagem-ao-fotografo-dimas-guedes","status":"publish","type":"post","link":"https:\/\/tremdavale.org\/pt\/evento-em-homenagem-ao-fotografo-dimas-guedes\/","title":{"rendered":"Evento em homenagem ao fot\u00f3grafo Dimas Guedes"},"content":{"rendered":"<p>No dia 04 de agosto de 2012, no audit\u00f3rio do Gr\u00eamio Liter\u00e1rio Trist\u00e3o de Ata\u00edde-GLTA, em Ouro Preto, foi realizada a mesa-redonda: \u201cPapo com foto: Fotografia e Cidadania\u201d, com a participa\u00e7\u00e3o do fot\u00f3grafo Dimas Dario Guedes, do Diretor de Audiovisual e Consultor do Vale Registrar Jason Barroso Santa Rosa e do fot\u00f3grafo e educador L\u00e9o Drummond.<\/p>\n<p>A atividade integrou as atividades do evento \u201cFOT\u00d3GRAFOS EM OURO PRETO\u201d, ocorrido no per\u00edodo de 02 a 05 de agosto, que rememorou o hist\u00f3rico encontro nacional de fotografia realizado h\u00e1 25 anos na cidade. O evento, que homenageou o fot\u00f3grafo radicado em Ouro Preto, Dimas Guedes, teve o enfoque na pr\u00e1tica fotogr\u00e1fica e cidadania, e foram oferecidas oficinas gratuitas para a comunidade, roteiros de visita\u00e7\u00e3o, al\u00e9m de debates e programa\u00e7\u00e3o cultural.<\/p>\n<p>Na apresenta\u00e7\u00e3o do diretor Jason, foi mostrado, de modo geral, o trabalho feito em mais de <a name=\"_GoBack\" id=\"_GoBack\"><\/a>06 anos pelo Programa de Educa\u00e7\u00e3o Patrimonial Trem da Vale e, especificamente, as atividades desenvolvidas pelos N\u00facleos de Hist\u00f3ria Oral e de Audiovisual do Vale Registrar; tudo ilustrado com os respectivos dados e materiais j\u00e1 produzidos.<\/p>\n<p>Ao final, foram apresentadas v\u00e1rias fotos feitas por alunos participantes das 05 oficinas de fotografia digital realizadas pelo Vale Registrar, que retratam os diversos bairros de Ouro Preto e Mariana. Distribu\u00edram-se folhetos referentes \u00e0 Sala de Mem\u00f3rias convidando o p\u00fablico presente, de cerca de 50 pessoas, para visitarem e conhecerem o acervo exposto na Esta\u00e7\u00e3o de Ouro Preto.<\/p>\n<p>&nbsp;<\/p>\n<p><img loading=\"lazy\" decoding=\"async\" class=\"size-medium\" title=\"01-eventofotografosemouropreto\" src=\"\/wp-content\/uploads\/01-eventofotografosemouropreto-300x200.jpg\" alt=\"01-eventofotografosemouropreto\" width=\"300\" height=\"200\"><\/p>\n<p>O fot\u00f3grafo Dimas Guedes fala aos participantes do Papo com foto: Fotografia e Cidadania.<\/p>\n<p>&nbsp;<\/p>\n<p><img loading=\"lazy\" decoding=\"async\" class=\"size-medium\" title=\"02-eventofotografosemouropreto1\" src=\"\/wp-content\/uploads\/02-eventofotografosemouropreto1-300x200.jpg\" alt=\"02-eventofotografosemouropreto1\" width=\"300\" height=\"200\"><\/p>\n<p>Diretor do N\u00facleo de Audiovisual do Vale Registrar, Jason Barroso Santa Rosa, fala aos participantes do Papo com foto: Fotografia e Cidadania.<\/p>\n<p>&nbsp;<\/p>\n<p style=\"text-align: center;\">&nbsp;<\/p>\n<p style=\"TEXT-ALIGN: center\">&nbsp;<\/p>\n<p>&nbsp;<\/p>\n","protected":false},"excerpt":{"rendered":"<p>No dia 04 de agosto de 2012, no audit\u00f3rio do Gr\u00eamio Liter\u00e1rio Trist\u00e3o de Ata\u00edde-GLTA, em Ouro Preto, foi realizada a mesa-redonda: \u201cPapo com foto: Fotografia e Cidadania\u201d, com a participa\u00e7\u00e3o do fot\u00f3grafo Dimas Dario Guedes, do Diretor de Audiovisual e Consultor do Vale Registrar Jason Barroso Santa Rosa e &hellip;<\/p>\n","protected":false},"author":1,"featured_media":414,"comment_status":"open","ping_status":"closed","sticky":false,"template":"","format":"standard","meta":{"footnotes":""},"categories":[2],"tags":[],"class_list":["post-135","post","type-post","status-publish","format-standard","has-post-thumbnail","hentry","category-destaques-home"],"yoast_head":"<!-- This site is optimized with the Yoast SEO plugin v26.1.1 - https:\/\/yoast.com\/wordpress\/plugins\/seo\/ -->\n<title>Evento em homenagem ao fot\u00f3grafo Dimas Guedes &#8212; Trem da Vale<\/title>\n<meta name=\"robots\" content=\"index, follow, max-snippet:-1, max-image-preview:large, max-video-preview:-1\" \/>\n<link rel=\"canonical\" href=\"https:\/\/tremdavale.org\/pt\/evento-em-homenagem-ao-fotografo-dimas-guedes\/\" \/>\n<meta property=\"og:locale\" content=\"pt_PT\" \/>\n<meta property=\"og:type\" content=\"article\" \/>\n<meta property=\"og:title\" content=\"Evento em homenagem ao fot\u00f3grafo Dimas Guedes &#8212; Trem da Vale\" \/>\n<meta property=\"og:description\" content=\"No dia 04 de agosto de 2012, no audit\u00f3rio do Gr\u00eamio Liter\u00e1rio Trist\u00e3o de Ata\u00edde-GLTA, em Ouro Preto, foi realizada a mesa-redonda: \u201cPapo com foto: Fotografia e Cidadania\u201d, com a participa\u00e7\u00e3o do fot\u00f3grafo Dimas Dario Guedes, do Diretor de Audiovisual e Consultor do Vale Registrar Jason Barroso Santa Rosa e &hellip;\" \/>\n<meta property=\"og:url\" content=\"https:\/\/tremdavale.org\/pt\/evento-em-homenagem-ao-fotografo-dimas-guedes\/\" \/>\n<meta property=\"og:site_name\" content=\"Trem da Vale\" \/>\n<meta property=\"article:published_time\" content=\"2013-08-25T09:51:00+00:00\" \/>\n<meta property=\"article:modified_time\" content=\"2025-10-10T11:57:00+00:00\" \/>\n<meta property=\"og:image\" content=\"https:\/\/tremdavale.org\/wp-content\/uploads\/01-eventofotografosemouropreto-300x200.jpg\" \/>\n\t<meta property=\"og:image:width\" content=\"300\" \/>\n\t<meta property=\"og:image:height\" content=\"200\" \/>\n\t<meta property=\"og:image:type\" content=\"image\/jpeg\" \/>\n<meta name=\"author\" content=\"admin\" \/>\n<meta name=\"twitter:card\" content=\"summary_large_image\" \/>\n<meta name=\"twitter:label1\" content=\"Escrito por\" \/>\n\t<meta name=\"twitter:data1\" content=\"admin\" \/>\n\t<meta name=\"twitter:label2\" content=\"Tempo estimado de leitura\" \/>\n\t<meta name=\"twitter:data2\" content=\"1 minuto\" \/>\n<script type=\"application\/ld+json\" class=\"yoast-schema-graph\">{\"@context\":\"https:\/\/schema.org\",\"@graph\":[{\"@type\":\"WebPage\",\"@id\":\"https:\/\/tremdavale.org\/pt\/evento-em-homenagem-ao-fotografo-dimas-guedes\/\",\"url\":\"https:\/\/tremdavale.org\/pt\/evento-em-homenagem-ao-fotografo-dimas-guedes\/\",\"name\":\"Evento em homenagem ao fot\u00f3grafo Dimas Guedes &#8212; Trem da Vale\",\"isPartOf\":{\"@id\":\"https:\/\/tremdavale.org\/pt\/#website\"},\"primaryImageOfPage\":{\"@id\":\"https:\/\/tremdavale.org\/pt\/evento-em-homenagem-ao-fotografo-dimas-guedes\/#primaryimage\"},\"image\":{\"@id\":\"https:\/\/tremdavale.org\/pt\/evento-em-homenagem-ao-fotografo-dimas-guedes\/#primaryimage\"},\"thumbnailUrl\":\"https:\/\/tremdavale.org\/wp-content\/uploads\/01-eventofotografosemouropreto-300x200.jpg\",\"datePublished\":\"2013-08-25T09:51:00+00:00\",\"dateModified\":\"2025-10-10T11:57:00+00:00\",\"author\":{\"@id\":\"https:\/\/tremdavale.org\/pt\/#\/schema\/person\/50912137d47426d31329f246d02eaeca\"},\"breadcrumb\":{\"@id\":\"https:\/\/tremdavale.org\/pt\/evento-em-homenagem-ao-fotografo-dimas-guedes\/#breadcrumb\"},\"inLanguage\":\"pt-PT\",\"potentialAction\":[{\"@type\":\"ReadAction\",\"target\":[\"https:\/\/tremdavale.org\/pt\/evento-em-homenagem-ao-fotografo-dimas-guedes\/\"]}]},{\"@type\":\"ImageObject\",\"inLanguage\":\"pt-PT\",\"@id\":\"https:\/\/tremdavale.org\/pt\/evento-em-homenagem-ao-fotografo-dimas-guedes\/#primaryimage\",\"url\":\"https:\/\/tremdavale.org\/wp-content\/uploads\/01-eventofotografosemouropreto-300x200.jpg\",\"contentUrl\":\"https:\/\/tremdavale.org\/wp-content\/uploads\/01-eventofotografosemouropreto-300x200.jpg\",\"width\":300,\"height\":200},{\"@type\":\"BreadcrumbList\",\"@id\":\"https:\/\/tremdavale.org\/pt\/evento-em-homenagem-ao-fotografo-dimas-guedes\/#breadcrumb\",\"itemListElement\":[{\"@type\":\"ListItem\",\"position\":1,\"name\":\"In\u00edcio\",\"item\":\"https:\/\/tremdavale.org\/pt\/\"},{\"@type\":\"ListItem\",\"position\":2,\"name\":\"Evento em homenagem ao fot\u00f3grafo Dimas Guedes\"}]},{\"@type\":\"WebSite\",\"@id\":\"https:\/\/tremdavale.org\/pt\/#website\",\"url\":\"https:\/\/tremdavale.org\/pt\/\",\"name\":\"Trem da Vale\",\"description\":\"Programa de Educa\u00e7\u00e3o Patrimonial\",\"potentialAction\":[{\"@type\":\"SearchAction\",\"target\":{\"@type\":\"EntryPoint\",\"urlTemplate\":\"https:\/\/tremdavale.org\/pt\/?s={search_term_string}\"},\"query-input\":{\"@type\":\"PropertyValueSpecification\",\"valueRequired\":true,\"valueName\":\"search_term_string\"}}],\"inLanguage\":\"pt-PT\"},{\"@type\":\"Person\",\"@id\":\"https:\/\/tremdavale.org\/pt\/#\/schema\/person\/50912137d47426d31329f246d02eaeca\",\"name\":\"admin\",\"image\":{\"@type\":\"ImageObject\",\"inLanguage\":\"pt-PT\",\"@id\":\"https:\/\/tremdavale.org\/pt\/#\/schema\/person\/image\/\",\"url\":\"https:\/\/secure.gravatar.com\/avatar\/b3564f0fda6ea47959fe96a4217203e79a167568a37409758659bc3ba443b452?s=96&d=mm&r=g\",\"contentUrl\":\"https:\/\/secure.gravatar.com\/avatar\/b3564f0fda6ea47959fe96a4217203e79a167568a37409758659bc3ba443b452?s=96&d=mm&r=g\",\"caption\":\"admin\"},\"sameAs\":[\"https:\/\/tremdavale.org\"],\"url\":\"https:\/\/tremdavale.org\/pt\/author\/admin\/\"}]}<\/script>\n<!-- \/ Yoast SEO plugin. -->","yoast_head_json":{"title":"Evento em homenagem ao fot\u00f3grafo Dimas Guedes &#8212; Trem da Vale","robots":{"index":"index","follow":"follow","max-snippet":"max-snippet:-1","max-image-preview":"max-image-preview:large","max-video-preview":"max-video-preview:-1"},"canonical":"https:\/\/tremdavale.org\/pt\/evento-em-homenagem-ao-fotografo-dimas-guedes\/","og_locale":"pt_PT","og_type":"article","og_title":"Evento em homenagem ao fot\u00f3grafo Dimas Guedes &#8212; Trem da Vale","og_description":"No dia 04 de agosto de 2012, no audit\u00f3rio do Gr\u00eamio Liter\u00e1rio Trist\u00e3o de Ata\u00edde-GLTA, em Ouro Preto, foi realizada a mesa-redonda: \u201cPapo com foto: Fotografia e Cidadania\u201d, com a participa\u00e7\u00e3o do fot\u00f3grafo Dimas Dario Guedes, do Diretor de Audiovisual e Consultor do Vale Registrar Jason Barroso Santa Rosa e &hellip;","og_url":"https:\/\/tremdavale.org\/pt\/evento-em-homenagem-ao-fotografo-dimas-guedes\/","og_site_name":"Trem da Vale","article_published_time":"2013-08-25T09:51:00+00:00","article_modified_time":"2025-10-10T11:57:00+00:00","og_image":[{"width":300,"height":200,"url":"https:\/\/tremdavale.org\/wp-content\/uploads\/01-eventofotografosemouropreto-300x200.jpg","type":"image\/jpeg"}],"author":"admin","twitter_card":"summary_large_image","twitter_misc":{"Escrito por":"admin","Tempo estimado de leitura":"1 minuto"},"schema":{"@context":"https:\/\/schema.org","@graph":[{"@type":"WebPage","@id":"https:\/\/tremdavale.org\/pt\/evento-em-homenagem-ao-fotografo-dimas-guedes\/","url":"https:\/\/tremdavale.org\/pt\/evento-em-homenagem-ao-fotografo-dimas-guedes\/","name":"Evento em homenagem ao fot\u00f3grafo Dimas Guedes &#8212; Trem da Vale","isPartOf":{"@id":"https:\/\/tremdavale.org\/pt\/#website"},"primaryImageOfPage":{"@id":"https:\/\/tremdavale.org\/pt\/evento-em-homenagem-ao-fotografo-dimas-guedes\/#primaryimage"},"image":{"@id":"https:\/\/tremdavale.org\/pt\/evento-em-homenagem-ao-fotografo-dimas-guedes\/#primaryimage"},"thumbnailUrl":"https:\/\/tremdavale.org\/wp-content\/uploads\/01-eventofotografosemouropreto-300x200.jpg","datePublished":"2013-08-25T09:51:00+00:00","dateModified":"2025-10-10T11:57:00+00:00","author":{"@id":"https:\/\/tremdavale.org\/pt\/#\/schema\/person\/50912137d47426d31329f246d02eaeca"},"breadcrumb":{"@id":"https:\/\/tremdavale.org\/pt\/evento-em-homenagem-ao-fotografo-dimas-guedes\/#breadcrumb"},"inLanguage":"pt-PT","potentialAction":[{"@type":"ReadAction","target":["https:\/\/tremdavale.org\/pt\/evento-em-homenagem-ao-fotografo-dimas-guedes\/"]}]},{"@type":"ImageObject","inLanguage":"pt-PT","@id":"https:\/\/tremdavale.org\/pt\/evento-em-homenagem-ao-fotografo-dimas-guedes\/#primaryimage","url":"https:\/\/tremdavale.org\/wp-content\/uploads\/01-eventofotografosemouropreto-300x200.jpg","contentUrl":"https:\/\/tremdavale.org\/wp-content\/uploads\/01-eventofotografosemouropreto-300x200.jpg","width":300,"height":200},{"@type":"BreadcrumbList","@id":"https:\/\/tremdavale.org\/pt\/evento-em-homenagem-ao-fotografo-dimas-guedes\/#breadcrumb","itemListElement":[{"@type":"ListItem","position":1,"name":"In\u00edcio","item":"https:\/\/tremdavale.org\/pt\/"},{"@type":"ListItem","position":2,"name":"Evento em homenagem ao fot\u00f3grafo Dimas Guedes"}]},{"@type":"WebSite","@id":"https:\/\/tremdavale.org\/pt\/#website","url":"https:\/\/tremdavale.org\/pt\/","name":"Trem da Vale","description":"Programa de Educa\u00e7\u00e3o Patrimonial","potentialAction":[{"@type":"SearchAction","target":{"@type":"EntryPoint","urlTemplate":"https:\/\/tremdavale.org\/pt\/?s={search_term_string}"},"query-input":{"@type":"PropertyValueSpecification","valueRequired":true,"valueName":"search_term_string"}}],"inLanguage":"pt-PT"},{"@type":"Person","@id":"https:\/\/tremdavale.org\/pt\/#\/schema\/person\/50912137d47426d31329f246d02eaeca","name":"admin","image":{"@type":"ImageObject","inLanguage":"pt-PT","@id":"https:\/\/tremdavale.org\/pt\/#\/schema\/person\/image\/","url":"https:\/\/secure.gravatar.com\/avatar\/b3564f0fda6ea47959fe96a4217203e79a167568a37409758659bc3ba443b452?s=96&d=mm&r=g","contentUrl":"https:\/\/secure.gravatar.com\/avatar\/b3564f0fda6ea47959fe96a4217203e79a167568a37409758659bc3ba443b452?s=96&d=mm&r=g","caption":"admin"},"sameAs":["https:\/\/tremdavale.org"],"url":"https:\/\/tremdavale.org\/pt\/author\/admin\/"}]}},"_links":{"self":[{"href":"https:\/\/tremdavale.org\/pt\/wp-json\/wp\/v2\/posts\/135","targetHints":{"allow":["GET"]}}],"collection":[{"href":"https:\/\/tremdavale.org\/pt\/wp-json\/wp\/v2\/posts"}],"about":[{"href":"https:\/\/tremdavale.org\/pt\/wp-json\/wp\/v2\/types\/post"}],"author":[{"embeddable":true,"href":"https:\/\/tremdavale.org\/pt\/wp-json\/wp\/v2\/users\/1"}],"replies":[{"embeddable":true,"href":"https:\/\/tremdavale.org\/pt\/wp-json\/wp\/v2\/comments?post=135"}],"version-history":[{"count":0,"href":"https:\/\/tremdavale.org\/pt\/wp-json\/wp\/v2\/posts\/135\/revisions"}],"wp:featuredmedia":[{"embeddable":true,"href":"https:\/\/tremdavale.org\/pt\/wp-json\/wp\/v2\/media\/414"}],"wp:attachment":[{"href":"https:\/\/tremdavale.org\/pt\/wp-json\/wp\/v2\/media?parent=135"}],"wp:term":[{"taxonomy":"category","embeddable":true,"href":"https:\/\/tremdavale.org\/pt\/wp-json\/wp\/v2\/categories?post=135"},{"taxonomy":"post_tag","embeddable":true,"href":"https:\/\/tremdavale.org\/pt\/wp-json\/wp\/v2\/tags?post=135"}],"curies":[{"name":"wp","href":"https:\/\/api.w.org\/{rel}","templated":true}]}}