{"id":140,"date":"2013-08-25T05:11:00","date_gmt":"2013-08-25T05:11:00","guid":{"rendered":"https:\/\/tremdavale.org\/?p=140"},"modified":"2025-10-10T11:57:00","modified_gmt":"2025-10-10T11:57:00","slug":"exposicao-fotografica-5-oficina-de-fotografia-digitalexposicao-fotografica-5-oficina-de-fotografia-digital","status":"publish","type":"post","link":"https:\/\/tremdavale.org\/pt\/exposicao-fotografica-5-oficina-de-fotografia-digitalexposicao-fotografica-5-oficina-de-fotografia-digital\/","title":{"rendered":"Exposi\u00e7\u00e3o Fotogr\u00e1fica &#8211; \u201c5\u00aa Oficina de Fotografia Digital\u201d"},"content":{"rendered":"<p>No dia 05 de setembro de 2012, \u00e0s 10 horas, na Plataforma da Esta\u00e7\u00e3o de Ouro Preto ser\u00e1 aberta a Exposi\u00e7\u00e3o Fotogr\u00e1fica relativa \u00e0 5\u00aa Oficina de Fotografia Digital promovida pelo Vale Registrar.<\/p>\n<p>A 5\u00aa Oficina de Fotografia Digital do Vale Registrar foi realizada em duas etapas: de 11 a 16 de Junho de 2012 na Esta\u00e7\u00e3o de Ouro Preto; e de 18 a 23 de Junho na Esta\u00e7\u00e3o de Mariana. Em Ouro Preto, os 13 alunos realizaram registros fotogr\u00e1ficos nos bairros Ant\u00f4nio Dias e Pilar, e em Mariana, os 12 participantes da oficina retrataram os bairros Ros\u00e1rio e Santana. Dentre os 25 alunos que foram capacitados pela oficina, 04 eram integrantes da equipe do Programa de Educa\u00e7\u00e3o Patrimonial Trem da Vale.<\/p>\n<p>A atividade, com dura\u00e7\u00e3o total de 24 horas em cada cidade, foi ministrada pelo fot\u00f3grafo Dimas Guedes. Buscou-se explorar o olhar dos participantes da oficina sobre a composi\u00e7\u00e3o e o desenho na fotografia digital, e realizar, como atividade pr\u00e1tica, registros fotogr\u00e1ficos de aspectos, manifesta\u00e7\u00f5es, personagens, edifica\u00e7\u00f5es e lugares culturalmente representativos de cada bairro documentado.<\/p>\n<p>Alguns destes registros fotogr\u00e1ficos foram selecionados pelos pr\u00f3prios autores para comporem esta exposi\u00e7\u00e3o, que permanecer\u00e1 na Plataforma da Esta\u00e7\u00e3o de Ouro Preto at\u00e9 o dia 16 de setembro de 2012. Em seguida, a exposi\u00e7\u00e3o ser\u00e1 montada no pr\u00e9dio da Funda\u00e7\u00e3o de Arte de Ouro Preto (FAOP), situado \u00e0 Pra\u00e7a Ant\u00f4nio Dias, &nbsp;n\u00ba 80, bairro Ant\u00f4nio Dias, em Ouro Preto, onde ficar\u00e1 no per\u00edodo de 18 a 30 de setembro.<\/p>\n<p>Ap\u00f3s ser realizada em Ouro Preto, a mostra ficar\u00e1 exposta na Sala Multiuso da Esta\u00e7\u00e3o de Mariana, no per\u00edodo de 2 a 14 de outubro; e depois poder\u00e1 ser apreciada na Sacristia da Igreja Nossa Senhora do Ros\u00e1rio dos Pretos, localizada na Pra\u00e7a do Ros\u00e1rio, s\/n\u00ba, bairro Ros\u00e1rio, em Mariana, 16 a 28 de outubro de 2012.<\/p>\n<p>&nbsp;<\/p>\n<p><img loading=\"lazy\" decoding=\"async\" class=\"size-medium\" title=\"01_exposicao__4c2aa_oficina_de_fotografia_digital\" src=\"\/wp-content\/uploads\/01_exposicao__4c2aa_oficina_de_fotografia_digital-300x199.jpg\" alt=\"01_exposicao__4c2aa_oficina_de_fotografia_digital\" width=\"300\" height=\"199\"><\/p>\n<p>Visitantes na Exposi\u00e7\u00e3o Fotogr\u00e1fica da 4\u00aa Oficina de Fotografia Digital. Local: Plataforma da Esta\u00e7\u00e3o Ferrovi\u00e1ria de Ouro Preto. Data: 17.01.12. Foto: Marcello Nicolato<\/p>\n<p>&nbsp;<\/p>\n<p><img loading=\"lazy\" decoding=\"async\" class=\"size-medium\" title=\"02_exposicao__4c2aa_oficina_de_fotografia_digital\" src=\"\/wp-content\/uploads\/02_exposicao__4c2aa_oficina_de_fotografia_digital-300x199.jpg\" alt=\"02_exposicao__4c2aa_oficina_de_fotografia_digital\" width=\"300\" height=\"199\"><\/p>\n<p>Pai e filha observam as fotografias selecionadas da 4\u00aa Oficina de Fotografia Digital, em Exposi\u00e7\u00e3o montada na plataforma da Esta\u00e7\u00e3o Ferrovi\u00e1ria de Ouro Preto. Local: Plataforma da Esta\u00e7\u00e3o Ferrovi\u00e1ria de Ouro Preto. Data: 17.01.12. Foto: Marcello Nicolato<\/p>\n<p>&nbsp;<\/p>\n<p><img loading=\"lazy\" decoding=\"async\" class=\"size-medium\" title=\"03_exposicao__4c2aa_oficina_de_fotografia_digital\" src=\"\/wp-content\/uploads\/03_exposicao__4c2aa_oficina_de_fotografia_digital-300x199.jpg\" alt=\"03_exposicao__4c2aa_oficina_de_fotografia_digital\" width=\"300\" height=\"199\"><\/p>\n<p>A aluna Pollyana e Souza Moraes, da 4\u00aa Oficina de Fotografia Digital, recebe de Rosilene Figueiredo, o certificado de conclus\u00e3o da oficina. Local: Plataforma da Esta\u00e7\u00e3o Ferrovi\u00e1ria de Ouro Preto. Data: 17.01.12. Foto: Marcello Nicolato<\/p>\n<p>&nbsp;<\/p>\n","protected":false},"excerpt":{"rendered":"<p>No dia 05 de setembro de 2012, \u00e0s 10 horas, na Plataforma da Esta\u00e7\u00e3o de Ouro Preto ser\u00e1 aberta a Exposi\u00e7\u00e3o Fotogr\u00e1fica relativa \u00e0 5\u00aa Oficina de Fotografia Digital promovida pelo Vale Registrar. A 5\u00aa Oficina de Fotografia Digital do Vale Registrar foi realizada em duas etapas: de 11 a &hellip;<\/p>\n","protected":false},"author":1,"featured_media":419,"comment_status":"open","ping_status":"closed","sticky":false,"template":"","format":"standard","meta":{"footnotes":""},"categories":[2],"tags":[],"class_list":["post-140","post","type-post","status-publish","format-standard","has-post-thumbnail","hentry","category-destaques-home"],"yoast_head":"<!-- This site is optimized with the Yoast SEO plugin v26.1.1 - https:\/\/yoast.com\/wordpress\/plugins\/seo\/ -->\n<title>Exposi\u00e7\u00e3o Fotogr\u00e1fica - \u201c5\u00aa Oficina de Fotografia Digital\u201d &#8212; Trem da Vale<\/title>\n<meta name=\"robots\" content=\"index, follow, max-snippet:-1, max-image-preview:large, max-video-preview:-1\" \/>\n<link rel=\"canonical\" href=\"https:\/\/tremdavale.org\/pt\/exposicao-fotografica-5-oficina-de-fotografia-digitalexposicao-fotografica-5-oficina-de-fotografia-digital\/\" \/>\n<meta property=\"og:locale\" content=\"pt_PT\" \/>\n<meta property=\"og:type\" content=\"article\" \/>\n<meta property=\"og:title\" content=\"Exposi\u00e7\u00e3o Fotogr\u00e1fica - \u201c5\u00aa Oficina de Fotografia Digital\u201d &#8212; Trem da Vale\" \/>\n<meta property=\"og:description\" content=\"No dia 05 de setembro de 2012, \u00e0s 10 horas, na Plataforma da Esta\u00e7\u00e3o de Ouro Preto ser\u00e1 aberta a Exposi\u00e7\u00e3o Fotogr\u00e1fica relativa \u00e0 5\u00aa Oficina de Fotografia Digital promovida pelo Vale Registrar. A 5\u00aa Oficina de Fotografia Digital do Vale Registrar foi realizada em duas etapas: de 11 a &hellip;\" \/>\n<meta property=\"og:url\" content=\"https:\/\/tremdavale.org\/pt\/exposicao-fotografica-5-oficina-de-fotografia-digitalexposicao-fotografica-5-oficina-de-fotografia-digital\/\" \/>\n<meta property=\"og:site_name\" content=\"Trem da Vale\" \/>\n<meta property=\"article:published_time\" content=\"2013-08-25T05:11:00+00:00\" \/>\n<meta property=\"article:modified_time\" content=\"2025-10-10T11:57:00+00:00\" \/>\n<meta property=\"og:image\" content=\"https:\/\/tremdavale.org\/wp-content\/uploads\/01_exposicao__4c2aa_oficina_de_fotografia_digital-300x199.jpg\" \/>\n\t<meta property=\"og:image:width\" content=\"300\" \/>\n\t<meta property=\"og:image:height\" content=\"199\" \/>\n\t<meta property=\"og:image:type\" content=\"image\/jpeg\" \/>\n<meta name=\"author\" content=\"admin\" \/>\n<meta name=\"twitter:card\" content=\"summary_large_image\" \/>\n<meta name=\"twitter:label1\" content=\"Escrito por\" \/>\n\t<meta name=\"twitter:data1\" content=\"admin\" \/>\n\t<meta name=\"twitter:label2\" content=\"Tempo estimado de leitura\" \/>\n\t<meta name=\"twitter:data2\" content=\"2 minutos\" \/>\n<script type=\"application\/ld+json\" class=\"yoast-schema-graph\">{\"@context\":\"https:\/\/schema.org\",\"@graph\":[{\"@type\":\"WebPage\",\"@id\":\"https:\/\/tremdavale.org\/pt\/exposicao-fotografica-5-oficina-de-fotografia-digitalexposicao-fotografica-5-oficina-de-fotografia-digital\/\",\"url\":\"https:\/\/tremdavale.org\/pt\/exposicao-fotografica-5-oficina-de-fotografia-digitalexposicao-fotografica-5-oficina-de-fotografia-digital\/\",\"name\":\"Exposi\u00e7\u00e3o Fotogr\u00e1fica - \u201c5\u00aa Oficina de Fotografia Digital\u201d &#8212; Trem da Vale\",\"isPartOf\":{\"@id\":\"https:\/\/tremdavale.org\/pt\/#website\"},\"primaryImageOfPage\":{\"@id\":\"https:\/\/tremdavale.org\/pt\/exposicao-fotografica-5-oficina-de-fotografia-digitalexposicao-fotografica-5-oficina-de-fotografia-digital\/#primaryimage\"},\"image\":{\"@id\":\"https:\/\/tremdavale.org\/pt\/exposicao-fotografica-5-oficina-de-fotografia-digitalexposicao-fotografica-5-oficina-de-fotografia-digital\/#primaryimage\"},\"thumbnailUrl\":\"https:\/\/tremdavale.org\/wp-content\/uploads\/01_exposicao__4c2aa_oficina_de_fotografia_digital-300x199.jpg\",\"datePublished\":\"2013-08-25T05:11:00+00:00\",\"dateModified\":\"2025-10-10T11:57:00+00:00\",\"author\":{\"@id\":\"https:\/\/tremdavale.org\/pt\/#\/schema\/person\/50912137d47426d31329f246d02eaeca\"},\"breadcrumb\":{\"@id\":\"https:\/\/tremdavale.org\/pt\/exposicao-fotografica-5-oficina-de-fotografia-digitalexposicao-fotografica-5-oficina-de-fotografia-digital\/#breadcrumb\"},\"inLanguage\":\"pt-PT\",\"potentialAction\":[{\"@type\":\"ReadAction\",\"target\":[\"https:\/\/tremdavale.org\/pt\/exposicao-fotografica-5-oficina-de-fotografia-digitalexposicao-fotografica-5-oficina-de-fotografia-digital\/\"]}]},{\"@type\":\"ImageObject\",\"inLanguage\":\"pt-PT\",\"@id\":\"https:\/\/tremdavale.org\/pt\/exposicao-fotografica-5-oficina-de-fotografia-digitalexposicao-fotografica-5-oficina-de-fotografia-digital\/#primaryimage\",\"url\":\"https:\/\/tremdavale.org\/wp-content\/uploads\/01_exposicao__4c2aa_oficina_de_fotografia_digital-300x199.jpg\",\"contentUrl\":\"https:\/\/tremdavale.org\/wp-content\/uploads\/01_exposicao__4c2aa_oficina_de_fotografia_digital-300x199.jpg\",\"width\":300,\"height\":199},{\"@type\":\"BreadcrumbList\",\"@id\":\"https:\/\/tremdavale.org\/pt\/exposicao-fotografica-5-oficina-de-fotografia-digitalexposicao-fotografica-5-oficina-de-fotografia-digital\/#breadcrumb\",\"itemListElement\":[{\"@type\":\"ListItem\",\"position\":1,\"name\":\"In\u00edcio\",\"item\":\"https:\/\/tremdavale.org\/pt\/\"},{\"@type\":\"ListItem\",\"position\":2,\"name\":\"Exposi\u00e7\u00e3o Fotogr\u00e1fica &#8211; \u201c5\u00aa Oficina de Fotografia Digital\u201d\"}]},{\"@type\":\"WebSite\",\"@id\":\"https:\/\/tremdavale.org\/pt\/#website\",\"url\":\"https:\/\/tremdavale.org\/pt\/\",\"name\":\"Trem da Vale\",\"description\":\"Programa de Educa\u00e7\u00e3o Patrimonial\",\"potentialAction\":[{\"@type\":\"SearchAction\",\"target\":{\"@type\":\"EntryPoint\",\"urlTemplate\":\"https:\/\/tremdavale.org\/pt\/?s={search_term_string}\"},\"query-input\":{\"@type\":\"PropertyValueSpecification\",\"valueRequired\":true,\"valueName\":\"search_term_string\"}}],\"inLanguage\":\"pt-PT\"},{\"@type\":\"Person\",\"@id\":\"https:\/\/tremdavale.org\/pt\/#\/schema\/person\/50912137d47426d31329f246d02eaeca\",\"name\":\"admin\",\"image\":{\"@type\":\"ImageObject\",\"inLanguage\":\"pt-PT\",\"@id\":\"https:\/\/tremdavale.org\/pt\/#\/schema\/person\/image\/\",\"url\":\"https:\/\/secure.gravatar.com\/avatar\/b3564f0fda6ea47959fe96a4217203e79a167568a37409758659bc3ba443b452?s=96&d=mm&r=g\",\"contentUrl\":\"https:\/\/secure.gravatar.com\/avatar\/b3564f0fda6ea47959fe96a4217203e79a167568a37409758659bc3ba443b452?s=96&d=mm&r=g\",\"caption\":\"admin\"},\"sameAs\":[\"https:\/\/tremdavale.org\"],\"url\":\"https:\/\/tremdavale.org\/pt\/author\/admin\/\"}]}<\/script>\n<!-- \/ Yoast SEO plugin. -->","yoast_head_json":{"title":"Exposi\u00e7\u00e3o Fotogr\u00e1fica - \u201c5\u00aa Oficina de Fotografia Digital\u201d &#8212; Trem da Vale","robots":{"index":"index","follow":"follow","max-snippet":"max-snippet:-1","max-image-preview":"max-image-preview:large","max-video-preview":"max-video-preview:-1"},"canonical":"https:\/\/tremdavale.org\/pt\/exposicao-fotografica-5-oficina-de-fotografia-digitalexposicao-fotografica-5-oficina-de-fotografia-digital\/","og_locale":"pt_PT","og_type":"article","og_title":"Exposi\u00e7\u00e3o Fotogr\u00e1fica - \u201c5\u00aa Oficina de Fotografia Digital\u201d &#8212; Trem da Vale","og_description":"No dia 05 de setembro de 2012, \u00e0s 10 horas, na Plataforma da Esta\u00e7\u00e3o de Ouro Preto ser\u00e1 aberta a Exposi\u00e7\u00e3o Fotogr\u00e1fica relativa \u00e0 5\u00aa Oficina de Fotografia Digital promovida pelo Vale Registrar. A 5\u00aa Oficina de Fotografia Digital do Vale Registrar foi realizada em duas etapas: de 11 a &hellip;","og_url":"https:\/\/tremdavale.org\/pt\/exposicao-fotografica-5-oficina-de-fotografia-digitalexposicao-fotografica-5-oficina-de-fotografia-digital\/","og_site_name":"Trem da Vale","article_published_time":"2013-08-25T05:11:00+00:00","article_modified_time":"2025-10-10T11:57:00+00:00","og_image":[{"width":300,"height":199,"url":"https:\/\/tremdavale.org\/wp-content\/uploads\/01_exposicao__4c2aa_oficina_de_fotografia_digital-300x199.jpg","type":"image\/jpeg"}],"author":"admin","twitter_card":"summary_large_image","twitter_misc":{"Escrito por":"admin","Tempo estimado de leitura":"2 minutos"},"schema":{"@context":"https:\/\/schema.org","@graph":[{"@type":"WebPage","@id":"https:\/\/tremdavale.org\/pt\/exposicao-fotografica-5-oficina-de-fotografia-digitalexposicao-fotografica-5-oficina-de-fotografia-digital\/","url":"https:\/\/tremdavale.org\/pt\/exposicao-fotografica-5-oficina-de-fotografia-digitalexposicao-fotografica-5-oficina-de-fotografia-digital\/","name":"Exposi\u00e7\u00e3o Fotogr\u00e1fica - \u201c5\u00aa Oficina de Fotografia Digital\u201d &#8212; Trem da Vale","isPartOf":{"@id":"https:\/\/tremdavale.org\/pt\/#website"},"primaryImageOfPage":{"@id":"https:\/\/tremdavale.org\/pt\/exposicao-fotografica-5-oficina-de-fotografia-digitalexposicao-fotografica-5-oficina-de-fotografia-digital\/#primaryimage"},"image":{"@id":"https:\/\/tremdavale.org\/pt\/exposicao-fotografica-5-oficina-de-fotografia-digitalexposicao-fotografica-5-oficina-de-fotografia-digital\/#primaryimage"},"thumbnailUrl":"https:\/\/tremdavale.org\/wp-content\/uploads\/01_exposicao__4c2aa_oficina_de_fotografia_digital-300x199.jpg","datePublished":"2013-08-25T05:11:00+00:00","dateModified":"2025-10-10T11:57:00+00:00","author":{"@id":"https:\/\/tremdavale.org\/pt\/#\/schema\/person\/50912137d47426d31329f246d02eaeca"},"breadcrumb":{"@id":"https:\/\/tremdavale.org\/pt\/exposicao-fotografica-5-oficina-de-fotografia-digitalexposicao-fotografica-5-oficina-de-fotografia-digital\/#breadcrumb"},"inLanguage":"pt-PT","potentialAction":[{"@type":"ReadAction","target":["https:\/\/tremdavale.org\/pt\/exposicao-fotografica-5-oficina-de-fotografia-digitalexposicao-fotografica-5-oficina-de-fotografia-digital\/"]}]},{"@type":"ImageObject","inLanguage":"pt-PT","@id":"https:\/\/tremdavale.org\/pt\/exposicao-fotografica-5-oficina-de-fotografia-digitalexposicao-fotografica-5-oficina-de-fotografia-digital\/#primaryimage","url":"https:\/\/tremdavale.org\/wp-content\/uploads\/01_exposicao__4c2aa_oficina_de_fotografia_digital-300x199.jpg","contentUrl":"https:\/\/tremdavale.org\/wp-content\/uploads\/01_exposicao__4c2aa_oficina_de_fotografia_digital-300x199.jpg","width":300,"height":199},{"@type":"BreadcrumbList","@id":"https:\/\/tremdavale.org\/pt\/exposicao-fotografica-5-oficina-de-fotografia-digitalexposicao-fotografica-5-oficina-de-fotografia-digital\/#breadcrumb","itemListElement":[{"@type":"ListItem","position":1,"name":"In\u00edcio","item":"https:\/\/tremdavale.org\/pt\/"},{"@type":"ListItem","position":2,"name":"Exposi\u00e7\u00e3o Fotogr\u00e1fica &#8211; \u201c5\u00aa Oficina de Fotografia Digital\u201d"}]},{"@type":"WebSite","@id":"https:\/\/tremdavale.org\/pt\/#website","url":"https:\/\/tremdavale.org\/pt\/","name":"Trem da Vale","description":"Programa de Educa\u00e7\u00e3o Patrimonial","potentialAction":[{"@type":"SearchAction","target":{"@type":"EntryPoint","urlTemplate":"https:\/\/tremdavale.org\/pt\/?s={search_term_string}"},"query-input":{"@type":"PropertyValueSpecification","valueRequired":true,"valueName":"search_term_string"}}],"inLanguage":"pt-PT"},{"@type":"Person","@id":"https:\/\/tremdavale.org\/pt\/#\/schema\/person\/50912137d47426d31329f246d02eaeca","name":"admin","image":{"@type":"ImageObject","inLanguage":"pt-PT","@id":"https:\/\/tremdavale.org\/pt\/#\/schema\/person\/image\/","url":"https:\/\/secure.gravatar.com\/avatar\/b3564f0fda6ea47959fe96a4217203e79a167568a37409758659bc3ba443b452?s=96&d=mm&r=g","contentUrl":"https:\/\/secure.gravatar.com\/avatar\/b3564f0fda6ea47959fe96a4217203e79a167568a37409758659bc3ba443b452?s=96&d=mm&r=g","caption":"admin"},"sameAs":["https:\/\/tremdavale.org"],"url":"https:\/\/tremdavale.org\/pt\/author\/admin\/"}]}},"_links":{"self":[{"href":"https:\/\/tremdavale.org\/pt\/wp-json\/wp\/v2\/posts\/140","targetHints":{"allow":["GET"]}}],"collection":[{"href":"https:\/\/tremdavale.org\/pt\/wp-json\/wp\/v2\/posts"}],"about":[{"href":"https:\/\/tremdavale.org\/pt\/wp-json\/wp\/v2\/types\/post"}],"author":[{"embeddable":true,"href":"https:\/\/tremdavale.org\/pt\/wp-json\/wp\/v2\/users\/1"}],"replies":[{"embeddable":true,"href":"https:\/\/tremdavale.org\/pt\/wp-json\/wp\/v2\/comments?post=140"}],"version-history":[{"count":0,"href":"https:\/\/tremdavale.org\/pt\/wp-json\/wp\/v2\/posts\/140\/revisions"}],"wp:featuredmedia":[{"embeddable":true,"href":"https:\/\/tremdavale.org\/pt\/wp-json\/wp\/v2\/media\/419"}],"wp:attachment":[{"href":"https:\/\/tremdavale.org\/pt\/wp-json\/wp\/v2\/media?parent=140"}],"wp:term":[{"taxonomy":"category","embeddable":true,"href":"https:\/\/tremdavale.org\/pt\/wp-json\/wp\/v2\/categories?post=140"},{"taxonomy":"post_tag","embeddable":true,"href":"https:\/\/tremdavale.org\/pt\/wp-json\/wp\/v2\/tags?post=140"}],"curies":[{"name":"wp","href":"https:\/\/api.w.org\/{rel}","templated":true}]}}