{"id":144,"date":"2014-04-30T00:00:00","date_gmt":"2014-04-30T00:00:00","guid":{"rendered":"https:\/\/tremdavale.org\/?p=144"},"modified":"2025-10-10T11:57:00","modified_gmt":"2025-10-10T11:57:00","slug":"exposicao-fotografica-da-7-oficina-de-fotografia-digital","status":"publish","type":"post","link":"https:\/\/tremdavale.org\/pt\/exposicao-fotografica-da-7-oficina-de-fotografia-digital\/","title":{"rendered":"Exposi\u00e7\u00e3o Fotogr\u00e1fica da 7\u00aa Oficina de Fotografia Digital"},"content":{"rendered":"<p>As Exposi\u00e7\u00f5es Fotogr\u00e1ficas apresentam o resultado da capacita\u00e7\u00e3o feita&nbsp;por&nbsp;alunos das Oficinas de Fotografia Digital realizadas pelo Vale Registrar nas Esta\u00e7\u00f5es Ferrovi\u00e1rias de Ouro Preto e de Mariana,&nbsp;sendo p\u00fablico-alvo preferencial os moradores locais.&nbsp;Ap\u00f3s cada oficina, s\u00e3o selecionadas e impressas tr\u00eas fotografias de cada&nbsp;participante, para compor em uma exposi\u00e7\u00e3o que \u00e9 montada nas&nbsp;duas Esta\u00e7\u00f5es. Assim, faz-se a divulga\u00e7\u00e3o p\u00fablica do registro fotogr\u00e1fico feito pelos alunos de diversos aspectos culturalmente reveladores das duas cidades.<\/p>\n<p>No dia 17 de setembro de 2013, \u00e0s 11 horas, na&nbsp;plataforma&nbsp;da Esta\u00e7\u00e3o de Ouro Preto ser\u00e1 aberta a Exposi\u00e7\u00e3o Fotogr\u00e1fica relativa \u00e0 7\u00aa Oficina de Fotografia Digital, que aconteceu durante o \u00faltimo m\u00eas de agosto.&nbsp;Esta capacita\u00e7\u00e3o ocorreu em duas etapas:&nbsp;de 19 a 24 de agosto, na Esta\u00e7\u00e3o de Ouro Preto; e de 26 a 31 de agosto, na Esta\u00e7\u00e3o de Mariana,&nbsp;com&nbsp;a&nbsp;participa\u00e7\u00e3o de 12 alunos em cada cidade.&nbsp;Foi direcionada para um p\u00fablico que j\u00e1 possu\u00eda a pr\u00e1tica fotogr\u00e1fica, seja profissional ou n\u00e3o, e teve como foco a composi\u00e7\u00e3o e o desenho na fotografia em preto e branco.<\/p>\n<p>A mostra ali permanecer\u00e1 at\u00e9 29 de setembro e, em seguida, passar\u00e1 a ocupar a plataforma da Esta\u00e7\u00e3o de Mariana, durante o per\u00edodo de 1\u00ba a 13 de outubro de 2013. Seu hor\u00e1rio de visita\u00e7\u00e3o ser\u00e1 de 3\u00aa a domingo, de 9 \u00e0s 17 horas, em ambas as esta\u00e7\u00f5es.<\/p>\n<p>&nbsp;<\/p>\n","protected":false},"excerpt":{"rendered":"<p>As Exposi\u00e7\u00f5es Fotogr\u00e1ficas apresentam o resultado da capacita\u00e7\u00e3o feita&nbsp;por&nbsp;alunos das Oficinas de Fotografia Digital realizadas pelo Vale Registrar nas Esta\u00e7\u00f5es Ferrovi\u00e1rias de Ouro Preto e de Mariana,&nbsp;sendo p\u00fablico-alvo preferencial os moradores locais.&nbsp;Ap\u00f3s cada oficina, s\u00e3o selecionadas e impressas tr\u00eas fotografias de cada&nbsp;participante, para compor em uma exposi\u00e7\u00e3o que \u00e9 montada &hellip;<\/p>\n","protected":false},"author":1,"featured_media":0,"comment_status":"open","ping_status":"closed","sticky":false,"template":"","format":"standard","meta":{"footnotes":""},"categories":[2],"tags":[],"class_list":["post-144","post","type-post","status-publish","format-standard","hentry","category-destaques-home"],"yoast_head":"<!-- This site is optimized with the Yoast SEO plugin v26.1.1 - https:\/\/yoast.com\/wordpress\/plugins\/seo\/ -->\n<title>Exposi\u00e7\u00e3o Fotogr\u00e1fica da 7\u00aa Oficina de Fotografia Digital &#8212; Trem da Vale<\/title>\n<meta name=\"robots\" content=\"index, follow, max-snippet:-1, max-image-preview:large, max-video-preview:-1\" \/>\n<link rel=\"canonical\" href=\"https:\/\/tremdavale.org\/pt\/exposicao-fotografica-da-7-oficina-de-fotografia-digital\/\" \/>\n<meta property=\"og:locale\" content=\"pt_PT\" \/>\n<meta property=\"og:type\" content=\"article\" \/>\n<meta property=\"og:title\" content=\"Exposi\u00e7\u00e3o Fotogr\u00e1fica da 7\u00aa Oficina de Fotografia Digital &#8212; Trem da Vale\" \/>\n<meta property=\"og:description\" content=\"As Exposi\u00e7\u00f5es Fotogr\u00e1ficas apresentam o resultado da capacita\u00e7\u00e3o feita&nbsp;por&nbsp;alunos das Oficinas de Fotografia Digital realizadas pelo Vale Registrar nas Esta\u00e7\u00f5es Ferrovi\u00e1rias de Ouro Preto e de Mariana,&nbsp;sendo p\u00fablico-alvo preferencial os moradores locais.&nbsp;Ap\u00f3s cada oficina, s\u00e3o selecionadas e impressas tr\u00eas fotografias de cada&nbsp;participante, para compor em uma exposi\u00e7\u00e3o que \u00e9 montada &hellip;\" \/>\n<meta property=\"og:url\" content=\"https:\/\/tremdavale.org\/pt\/exposicao-fotografica-da-7-oficina-de-fotografia-digital\/\" \/>\n<meta property=\"og:site_name\" content=\"Trem da Vale\" \/>\n<meta property=\"article:published_time\" content=\"2014-04-30T00:00:00+00:00\" \/>\n<meta property=\"article:modified_time\" content=\"2025-10-10T11:57:00+00:00\" \/>\n<meta name=\"author\" content=\"admin\" \/>\n<meta name=\"twitter:card\" content=\"summary_large_image\" \/>\n<meta name=\"twitter:label1\" content=\"Escrito por\" \/>\n\t<meta name=\"twitter:data1\" content=\"admin\" \/>\n\t<meta name=\"twitter:label2\" content=\"Tempo estimado de leitura\" \/>\n\t<meta name=\"twitter:data2\" content=\"1 minuto\" \/>\n<script type=\"application\/ld+json\" class=\"yoast-schema-graph\">{\"@context\":\"https:\/\/schema.org\",\"@graph\":[{\"@type\":\"WebPage\",\"@id\":\"https:\/\/tremdavale.org\/pt\/exposicao-fotografica-da-7-oficina-de-fotografia-digital\/\",\"url\":\"https:\/\/tremdavale.org\/pt\/exposicao-fotografica-da-7-oficina-de-fotografia-digital\/\",\"name\":\"Exposi\u00e7\u00e3o Fotogr\u00e1fica da 7\u00aa Oficina de Fotografia Digital &#8212; Trem da Vale\",\"isPartOf\":{\"@id\":\"https:\/\/tremdavale.org\/pt\/#website\"},\"datePublished\":\"2014-04-30T00:00:00+00:00\",\"dateModified\":\"2025-10-10T11:57:00+00:00\",\"author\":{\"@id\":\"https:\/\/tremdavale.org\/pt\/#\/schema\/person\/50912137d47426d31329f246d02eaeca\"},\"breadcrumb\":{\"@id\":\"https:\/\/tremdavale.org\/pt\/exposicao-fotografica-da-7-oficina-de-fotografia-digital\/#breadcrumb\"},\"inLanguage\":\"pt-PT\",\"potentialAction\":[{\"@type\":\"ReadAction\",\"target\":[\"https:\/\/tremdavale.org\/pt\/exposicao-fotografica-da-7-oficina-de-fotografia-digital\/\"]}]},{\"@type\":\"BreadcrumbList\",\"@id\":\"https:\/\/tremdavale.org\/pt\/exposicao-fotografica-da-7-oficina-de-fotografia-digital\/#breadcrumb\",\"itemListElement\":[{\"@type\":\"ListItem\",\"position\":1,\"name\":\"In\u00edcio\",\"item\":\"https:\/\/tremdavale.org\/pt\/\"},{\"@type\":\"ListItem\",\"position\":2,\"name\":\"Exposi\u00e7\u00e3o Fotogr\u00e1fica da 7\u00aa Oficina de Fotografia Digital\"}]},{\"@type\":\"WebSite\",\"@id\":\"https:\/\/tremdavale.org\/pt\/#website\",\"url\":\"https:\/\/tremdavale.org\/pt\/\",\"name\":\"Trem da Vale\",\"description\":\"Programa de Educa\u00e7\u00e3o Patrimonial\",\"potentialAction\":[{\"@type\":\"SearchAction\",\"target\":{\"@type\":\"EntryPoint\",\"urlTemplate\":\"https:\/\/tremdavale.org\/pt\/?s={search_term_string}\"},\"query-input\":{\"@type\":\"PropertyValueSpecification\",\"valueRequired\":true,\"valueName\":\"search_term_string\"}}],\"inLanguage\":\"pt-PT\"},{\"@type\":\"Person\",\"@id\":\"https:\/\/tremdavale.org\/pt\/#\/schema\/person\/50912137d47426d31329f246d02eaeca\",\"name\":\"admin\",\"image\":{\"@type\":\"ImageObject\",\"inLanguage\":\"pt-PT\",\"@id\":\"https:\/\/tremdavale.org\/pt\/#\/schema\/person\/image\/\",\"url\":\"https:\/\/secure.gravatar.com\/avatar\/b3564f0fda6ea47959fe96a4217203e79a167568a37409758659bc3ba443b452?s=96&d=mm&r=g\",\"contentUrl\":\"https:\/\/secure.gravatar.com\/avatar\/b3564f0fda6ea47959fe96a4217203e79a167568a37409758659bc3ba443b452?s=96&d=mm&r=g\",\"caption\":\"admin\"},\"sameAs\":[\"https:\/\/tremdavale.org\"],\"url\":\"https:\/\/tremdavale.org\/pt\/author\/admin\/\"}]}<\/script>\n<!-- \/ Yoast SEO plugin. -->","yoast_head_json":{"title":"Exposi\u00e7\u00e3o Fotogr\u00e1fica da 7\u00aa Oficina de Fotografia Digital &#8212; Trem da Vale","robots":{"index":"index","follow":"follow","max-snippet":"max-snippet:-1","max-image-preview":"max-image-preview:large","max-video-preview":"max-video-preview:-1"},"canonical":"https:\/\/tremdavale.org\/pt\/exposicao-fotografica-da-7-oficina-de-fotografia-digital\/","og_locale":"pt_PT","og_type":"article","og_title":"Exposi\u00e7\u00e3o Fotogr\u00e1fica da 7\u00aa Oficina de Fotografia Digital &#8212; Trem da Vale","og_description":"As Exposi\u00e7\u00f5es Fotogr\u00e1ficas apresentam o resultado da capacita\u00e7\u00e3o feita&nbsp;por&nbsp;alunos das Oficinas de Fotografia Digital realizadas pelo Vale Registrar nas Esta\u00e7\u00f5es Ferrovi\u00e1rias de Ouro Preto e de Mariana,&nbsp;sendo p\u00fablico-alvo preferencial os moradores locais.&nbsp;Ap\u00f3s cada oficina, s\u00e3o selecionadas e impressas tr\u00eas fotografias de cada&nbsp;participante, para compor em uma exposi\u00e7\u00e3o que \u00e9 montada &hellip;","og_url":"https:\/\/tremdavale.org\/pt\/exposicao-fotografica-da-7-oficina-de-fotografia-digital\/","og_site_name":"Trem da Vale","article_published_time":"2014-04-30T00:00:00+00:00","article_modified_time":"2025-10-10T11:57:00+00:00","author":"admin","twitter_card":"summary_large_image","twitter_misc":{"Escrito por":"admin","Tempo estimado de leitura":"1 minuto"},"schema":{"@context":"https:\/\/schema.org","@graph":[{"@type":"WebPage","@id":"https:\/\/tremdavale.org\/pt\/exposicao-fotografica-da-7-oficina-de-fotografia-digital\/","url":"https:\/\/tremdavale.org\/pt\/exposicao-fotografica-da-7-oficina-de-fotografia-digital\/","name":"Exposi\u00e7\u00e3o Fotogr\u00e1fica da 7\u00aa Oficina de Fotografia Digital &#8212; Trem da Vale","isPartOf":{"@id":"https:\/\/tremdavale.org\/pt\/#website"},"datePublished":"2014-04-30T00:00:00+00:00","dateModified":"2025-10-10T11:57:00+00:00","author":{"@id":"https:\/\/tremdavale.org\/pt\/#\/schema\/person\/50912137d47426d31329f246d02eaeca"},"breadcrumb":{"@id":"https:\/\/tremdavale.org\/pt\/exposicao-fotografica-da-7-oficina-de-fotografia-digital\/#breadcrumb"},"inLanguage":"pt-PT","potentialAction":[{"@type":"ReadAction","target":["https:\/\/tremdavale.org\/pt\/exposicao-fotografica-da-7-oficina-de-fotografia-digital\/"]}]},{"@type":"BreadcrumbList","@id":"https:\/\/tremdavale.org\/pt\/exposicao-fotografica-da-7-oficina-de-fotografia-digital\/#breadcrumb","itemListElement":[{"@type":"ListItem","position":1,"name":"In\u00edcio","item":"https:\/\/tremdavale.org\/pt\/"},{"@type":"ListItem","position":2,"name":"Exposi\u00e7\u00e3o Fotogr\u00e1fica da 7\u00aa Oficina de Fotografia Digital"}]},{"@type":"WebSite","@id":"https:\/\/tremdavale.org\/pt\/#website","url":"https:\/\/tremdavale.org\/pt\/","name":"Trem da Vale","description":"Programa de Educa\u00e7\u00e3o Patrimonial","potentialAction":[{"@type":"SearchAction","target":{"@type":"EntryPoint","urlTemplate":"https:\/\/tremdavale.org\/pt\/?s={search_term_string}"},"query-input":{"@type":"PropertyValueSpecification","valueRequired":true,"valueName":"search_term_string"}}],"inLanguage":"pt-PT"},{"@type":"Person","@id":"https:\/\/tremdavale.org\/pt\/#\/schema\/person\/50912137d47426d31329f246d02eaeca","name":"admin","image":{"@type":"ImageObject","inLanguage":"pt-PT","@id":"https:\/\/tremdavale.org\/pt\/#\/schema\/person\/image\/","url":"https:\/\/secure.gravatar.com\/avatar\/b3564f0fda6ea47959fe96a4217203e79a167568a37409758659bc3ba443b452?s=96&d=mm&r=g","contentUrl":"https:\/\/secure.gravatar.com\/avatar\/b3564f0fda6ea47959fe96a4217203e79a167568a37409758659bc3ba443b452?s=96&d=mm&r=g","caption":"admin"},"sameAs":["https:\/\/tremdavale.org"],"url":"https:\/\/tremdavale.org\/pt\/author\/admin\/"}]}},"_links":{"self":[{"href":"https:\/\/tremdavale.org\/pt\/wp-json\/wp\/v2\/posts\/144","targetHints":{"allow":["GET"]}}],"collection":[{"href":"https:\/\/tremdavale.org\/pt\/wp-json\/wp\/v2\/posts"}],"about":[{"href":"https:\/\/tremdavale.org\/pt\/wp-json\/wp\/v2\/types\/post"}],"author":[{"embeddable":true,"href":"https:\/\/tremdavale.org\/pt\/wp-json\/wp\/v2\/users\/1"}],"replies":[{"embeddable":true,"href":"https:\/\/tremdavale.org\/pt\/wp-json\/wp\/v2\/comments?post=144"}],"version-history":[{"count":0,"href":"https:\/\/tremdavale.org\/pt\/wp-json\/wp\/v2\/posts\/144\/revisions"}],"wp:attachment":[{"href":"https:\/\/tremdavale.org\/pt\/wp-json\/wp\/v2\/media?parent=144"}],"wp:term":[{"taxonomy":"category","embeddable":true,"href":"https:\/\/tremdavale.org\/pt\/wp-json\/wp\/v2\/categories?post=144"},{"taxonomy":"post_tag","embeddable":true,"href":"https:\/\/tremdavale.org\/pt\/wp-json\/wp\/v2\/tags?post=144"}],"curies":[{"name":"wp","href":"https:\/\/api.w.org\/{rel}","templated":true}]}}