{"id":145,"date":"2011-09-10T06:55:00","date_gmt":"2011-09-10T06:55:00","guid":{"rendered":"https:\/\/tremdavale.org\/?p=145"},"modified":"2025-10-10T11:57:00","modified_gmt":"2025-10-10T11:57:00","slug":"exposicao-fotografica-2-oficina-de-fotografia-digital-do-vale-registrar","status":"publish","type":"post","link":"https:\/\/tremdavale.org\/pt\/exposicao-fotografica-2-oficina-de-fotografia-digital-do-vale-registrar\/","title":{"rendered":"Exposi\u00e7\u00e3o Fotogr\u00e1fica da 2\u00aa Oficina de Fotografia Digital do Vale Registrar"},"content":{"rendered":"<p><img loading=\"lazy\" decoding=\"async\" class=\"size-medium\" title=\"Comunidade visita a exposi\u00e7\u00e3o\" src=\"\/wp-content\/uploads\/01-exposicao-fotografica-padre-faria-08-02-11-300x199.jpg\" alt=\"Comunidade visita a exposi\u00e7\u00e3o\" width=\"240\" height=\"159\"><\/p>\n<p>Comunidade visita a exposi\u00e7\u00e3o<\/p>\n<p>&nbsp;<\/p>\n<p>A exposi\u00e7\u00e3o fotogr\u00e1fica da 2\u00aa Oficina de Fotografia Digital que j\u00e1 passou pelas Esta\u00e7\u00f5es de Ouro Preto e Mariana e pelo Centro Cultural Comunit\u00e1rio Casa do Padre Faria, retorna \u00e0 Esta\u00e7\u00e3o de Ouro Preto durante o carnaval.<\/p>\n<p><!--more--><\/p>\n<p>A exposi\u00e7\u00e3o j\u00e1 foi realizada na plataforma da Esta\u00e7\u00e3o Ferrovi\u00e1ria de Ouro Preto, de 14 a 25 de janeiro de 2011; na Sala Multiuso da Esta\u00e7\u00e3o Ferrovi\u00e1ria de Mariana, de 26 de janeiro a 06 de fevereiro e no Centro Cultural Comunit\u00e1rio Casa do Padre Faria, em Ouro Preto, de 08 a 20 de fevereiro.<\/p>\n<p style=\"text-align: center;\"><span style=\"line-height: 17px;\"><\/span><\/p>\n<p><span style=\"line-height: 17px;\"><\/span><\/p>\n<p><img loading=\"lazy\" decoding=\"async\" class=\"size-medium\" title=\"02-exposicao-fotografica-padre-faria-08-02-111\" src=\"\/wp-content\/uploads\/02-exposicao-fotografica-padre-faria-08-02-111-300x199.jpg\" alt=\"Visitante registra sua visita\" width=\"270\" height=\"179\"><\/p>\n<p><span style=\"line-height: 17px;\">Visitante registra sua visita<\/span><\/p>\n<p>&nbsp;<\/p>\n<p><span style=\"line-height: 17px;\"><\/span><\/p>\n<p><span>No dia 22 de fevereiro, a exposi\u00e7\u00e3o fotogr\u00e1fica voltou a ocupar a plataforma da Esta\u00e7\u00e3o de Ouro Preto e fica<\/span><span>r\u00e1 at\u00e9 o dia 13 de mar\u00e7o de 2011, depois do Carnaval. Logo ap\u00f3s este per\u00edodo, e<\/span>la ser\u00e1 montada no Instituto de Ci\u00eancias Humanas e Sociais (ICHS\/UFOP), em Mariana, onde permanecer\u00e1 de 14 a 25 de mar\u00e7o de 2011; encerrando ent\u00e3o a mostra, que devido ao seu sucesso junto ao p\u00fablico j\u00e1 foi solicitada para ser realizada oportunamente em outros espa\u00e7os das cidades.<\/p>\n<p>&nbsp;<\/p>\n<p><img loading=\"lazy\" decoding=\"async\" class=\"size-medium\" title=\"03-exposicao-fotografica-padre-faria-08-02-11\" src=\"\/wp-content\/uploads\/03-exposicao-fotografica-padre-faria-08-02-11-300x199.jpg\" alt=\"M\u00ba Jos\u00e9 Azevedo fala sobre sua participa\u00e7\u00e3o na oficina para o jornal Tribuna Livre\" width=\"240\" height=\"159\"><\/p>\n<p>M\u00aa Jos\u00e9 Azevedo fala sobre sua participa\u00e7\u00e3o na oficina para o jornal Tribuna Livre<\/p>\n<p>&nbsp;<\/p>\n<p>A Esta\u00e7\u00e3o Ferrovi\u00e1ria de Ouro Preto est\u00e1 localizada na Pra\u00e7a Ces\u00e1rio Alvim, s\/n\u00ba. \u2013 bairro Barra, e funciona de 3\u00aa a domingo, de 09 \u00e0s 17 horas. O Instituto de Ci\u00eancias Humanas e Sociais (ICHS\/UFOP) localiza-se na Rua do Semin\u00e1rio, s\/n\u00ba. \u2013 bairro Centro, e est\u00e1 aberto de 2\u00aa \u00e0 6\u00aa, de 07 \u00e0s 22h30.<\/p>\n<p>&nbsp;<\/p>\n","protected":false},"excerpt":{"rendered":"<p>Comunidade visita a exposi\u00e7\u00e3o &nbsp; A exposi\u00e7\u00e3o fotogr\u00e1fica da 2\u00aa Oficina de Fotografia Digital que j\u00e1 passou pelas Esta\u00e7\u00f5es de Ouro Preto e Mariana e pelo Centro Cultural Comunit\u00e1rio Casa do Padre Faria, retorna \u00e0 Esta\u00e7\u00e3o de Ouro Preto durante o carnaval.<\/p>\n","protected":false},"author":1,"featured_media":423,"comment_status":"open","ping_status":"closed","sticky":false,"template":"","format":"standard","meta":{"footnotes":""},"categories":[2],"tags":[],"class_list":["post-145","post","type-post","status-publish","format-standard","has-post-thumbnail","hentry","category-destaques-home"],"yoast_head":"<!-- This site is optimized with the Yoast SEO plugin v26.1.1 - https:\/\/yoast.com\/wordpress\/plugins\/seo\/ -->\n<title>Exposi\u00e7\u00e3o Fotogr\u00e1fica da 2\u00aa Oficina de Fotografia Digital do Vale Registrar &#8212; Trem da Vale<\/title>\n<meta name=\"robots\" content=\"index, follow, max-snippet:-1, max-image-preview:large, max-video-preview:-1\" \/>\n<link rel=\"canonical\" href=\"https:\/\/tremdavale.org\/pt\/exposicao-fotografica-2-oficina-de-fotografia-digital-do-vale-registrar\/\" \/>\n<meta property=\"og:locale\" content=\"pt_PT\" \/>\n<meta property=\"og:type\" content=\"article\" \/>\n<meta property=\"og:title\" content=\"Exposi\u00e7\u00e3o Fotogr\u00e1fica da 2\u00aa Oficina de Fotografia Digital do Vale Registrar &#8212; Trem da Vale\" \/>\n<meta property=\"og:description\" content=\"Comunidade visita a exposi\u00e7\u00e3o &nbsp; A exposi\u00e7\u00e3o fotogr\u00e1fica da 2\u00aa Oficina de Fotografia Digital que j\u00e1 passou pelas Esta\u00e7\u00f5es de Ouro Preto e Mariana e pelo Centro Cultural Comunit\u00e1rio Casa do Padre Faria, retorna \u00e0 Esta\u00e7\u00e3o de Ouro Preto durante o carnaval.\" \/>\n<meta property=\"og:url\" content=\"https:\/\/tremdavale.org\/pt\/exposicao-fotografica-2-oficina-de-fotografia-digital-do-vale-registrar\/\" \/>\n<meta property=\"og:site_name\" content=\"Trem da Vale\" \/>\n<meta property=\"article:published_time\" content=\"2011-09-10T06:55:00+00:00\" \/>\n<meta property=\"article:modified_time\" content=\"2025-10-10T11:57:00+00:00\" \/>\n<meta property=\"og:image\" content=\"https:\/\/tremdavale.org\/wp-content\/uploads\/01-exposicao-fotografica-padre-faria-08-02-11-300x199.jpg\" \/>\n\t<meta property=\"og:image:width\" content=\"300\" \/>\n\t<meta property=\"og:image:height\" content=\"199\" \/>\n\t<meta property=\"og:image:type\" content=\"image\/jpeg\" \/>\n<meta name=\"author\" content=\"admin\" \/>\n<meta name=\"twitter:card\" content=\"summary_large_image\" \/>\n<meta name=\"twitter:label1\" content=\"Escrito por\" \/>\n\t<meta name=\"twitter:data1\" content=\"admin\" \/>\n\t<meta name=\"twitter:label2\" content=\"Tempo estimado de leitura\" \/>\n\t<meta name=\"twitter:data2\" content=\"1 minuto\" \/>\n<script type=\"application\/ld+json\" class=\"yoast-schema-graph\">{\"@context\":\"https:\/\/schema.org\",\"@graph\":[{\"@type\":\"WebPage\",\"@id\":\"https:\/\/tremdavale.org\/pt\/exposicao-fotografica-2-oficina-de-fotografia-digital-do-vale-registrar\/\",\"url\":\"https:\/\/tremdavale.org\/pt\/exposicao-fotografica-2-oficina-de-fotografia-digital-do-vale-registrar\/\",\"name\":\"Exposi\u00e7\u00e3o Fotogr\u00e1fica da 2\u00aa Oficina de Fotografia Digital do Vale Registrar &#8212; Trem da Vale\",\"isPartOf\":{\"@id\":\"https:\/\/tremdavale.org\/pt\/#website\"},\"primaryImageOfPage\":{\"@id\":\"https:\/\/tremdavale.org\/pt\/exposicao-fotografica-2-oficina-de-fotografia-digital-do-vale-registrar\/#primaryimage\"},\"image\":{\"@id\":\"https:\/\/tremdavale.org\/pt\/exposicao-fotografica-2-oficina-de-fotografia-digital-do-vale-registrar\/#primaryimage\"},\"thumbnailUrl\":\"https:\/\/tremdavale.org\/wp-content\/uploads\/01-exposicao-fotografica-padre-faria-08-02-11-300x199.jpg\",\"datePublished\":\"2011-09-10T06:55:00+00:00\",\"dateModified\":\"2025-10-10T11:57:00+00:00\",\"author\":{\"@id\":\"https:\/\/tremdavale.org\/pt\/#\/schema\/person\/50912137d47426d31329f246d02eaeca\"},\"breadcrumb\":{\"@id\":\"https:\/\/tremdavale.org\/pt\/exposicao-fotografica-2-oficina-de-fotografia-digital-do-vale-registrar\/#breadcrumb\"},\"inLanguage\":\"pt-PT\",\"potentialAction\":[{\"@type\":\"ReadAction\",\"target\":[\"https:\/\/tremdavale.org\/pt\/exposicao-fotografica-2-oficina-de-fotografia-digital-do-vale-registrar\/\"]}]},{\"@type\":\"ImageObject\",\"inLanguage\":\"pt-PT\",\"@id\":\"https:\/\/tremdavale.org\/pt\/exposicao-fotografica-2-oficina-de-fotografia-digital-do-vale-registrar\/#primaryimage\",\"url\":\"https:\/\/tremdavale.org\/wp-content\/uploads\/01-exposicao-fotografica-padre-faria-08-02-11-300x199.jpg\",\"contentUrl\":\"https:\/\/tremdavale.org\/wp-content\/uploads\/01-exposicao-fotografica-padre-faria-08-02-11-300x199.jpg\",\"width\":300,\"height\":199},{\"@type\":\"BreadcrumbList\",\"@id\":\"https:\/\/tremdavale.org\/pt\/exposicao-fotografica-2-oficina-de-fotografia-digital-do-vale-registrar\/#breadcrumb\",\"itemListElement\":[{\"@type\":\"ListItem\",\"position\":1,\"name\":\"In\u00edcio\",\"item\":\"https:\/\/tremdavale.org\/pt\/\"},{\"@type\":\"ListItem\",\"position\":2,\"name\":\"Exposi\u00e7\u00e3o Fotogr\u00e1fica da 2\u00aa Oficina de Fotografia Digital do Vale Registrar\"}]},{\"@type\":\"WebSite\",\"@id\":\"https:\/\/tremdavale.org\/pt\/#website\",\"url\":\"https:\/\/tremdavale.org\/pt\/\",\"name\":\"Trem da Vale\",\"description\":\"Programa de Educa\u00e7\u00e3o Patrimonial\",\"potentialAction\":[{\"@type\":\"SearchAction\",\"target\":{\"@type\":\"EntryPoint\",\"urlTemplate\":\"https:\/\/tremdavale.org\/pt\/?s={search_term_string}\"},\"query-input\":{\"@type\":\"PropertyValueSpecification\",\"valueRequired\":true,\"valueName\":\"search_term_string\"}}],\"inLanguage\":\"pt-PT\"},{\"@type\":\"Person\",\"@id\":\"https:\/\/tremdavale.org\/pt\/#\/schema\/person\/50912137d47426d31329f246d02eaeca\",\"name\":\"admin\",\"image\":{\"@type\":\"ImageObject\",\"inLanguage\":\"pt-PT\",\"@id\":\"https:\/\/tremdavale.org\/pt\/#\/schema\/person\/image\/\",\"url\":\"https:\/\/secure.gravatar.com\/avatar\/b3564f0fda6ea47959fe96a4217203e79a167568a37409758659bc3ba443b452?s=96&d=mm&r=g\",\"contentUrl\":\"https:\/\/secure.gravatar.com\/avatar\/b3564f0fda6ea47959fe96a4217203e79a167568a37409758659bc3ba443b452?s=96&d=mm&r=g\",\"caption\":\"admin\"},\"sameAs\":[\"https:\/\/tremdavale.org\"],\"url\":\"https:\/\/tremdavale.org\/pt\/author\/admin\/\"}]}<\/script>\n<!-- \/ Yoast SEO plugin. -->","yoast_head_json":{"title":"Exposi\u00e7\u00e3o Fotogr\u00e1fica da 2\u00aa Oficina de Fotografia Digital do Vale Registrar &#8212; Trem da Vale","robots":{"index":"index","follow":"follow","max-snippet":"max-snippet:-1","max-image-preview":"max-image-preview:large","max-video-preview":"max-video-preview:-1"},"canonical":"https:\/\/tremdavale.org\/pt\/exposicao-fotografica-2-oficina-de-fotografia-digital-do-vale-registrar\/","og_locale":"pt_PT","og_type":"article","og_title":"Exposi\u00e7\u00e3o Fotogr\u00e1fica da 2\u00aa Oficina de Fotografia Digital do Vale Registrar &#8212; Trem da Vale","og_description":"Comunidade visita a exposi\u00e7\u00e3o &nbsp; A exposi\u00e7\u00e3o fotogr\u00e1fica da 2\u00aa Oficina de Fotografia Digital que j\u00e1 passou pelas Esta\u00e7\u00f5es de Ouro Preto e Mariana e pelo Centro Cultural Comunit\u00e1rio Casa do Padre Faria, retorna \u00e0 Esta\u00e7\u00e3o de Ouro Preto durante o carnaval.","og_url":"https:\/\/tremdavale.org\/pt\/exposicao-fotografica-2-oficina-de-fotografia-digital-do-vale-registrar\/","og_site_name":"Trem da Vale","article_published_time":"2011-09-10T06:55:00+00:00","article_modified_time":"2025-10-10T11:57:00+00:00","og_image":[{"width":300,"height":199,"url":"https:\/\/tremdavale.org\/wp-content\/uploads\/01-exposicao-fotografica-padre-faria-08-02-11-300x199.jpg","type":"image\/jpeg"}],"author":"admin","twitter_card":"summary_large_image","twitter_misc":{"Escrito por":"admin","Tempo estimado de leitura":"1 minuto"},"schema":{"@context":"https:\/\/schema.org","@graph":[{"@type":"WebPage","@id":"https:\/\/tremdavale.org\/pt\/exposicao-fotografica-2-oficina-de-fotografia-digital-do-vale-registrar\/","url":"https:\/\/tremdavale.org\/pt\/exposicao-fotografica-2-oficina-de-fotografia-digital-do-vale-registrar\/","name":"Exposi\u00e7\u00e3o Fotogr\u00e1fica da 2\u00aa Oficina de Fotografia Digital do Vale Registrar &#8212; Trem da Vale","isPartOf":{"@id":"https:\/\/tremdavale.org\/pt\/#website"},"primaryImageOfPage":{"@id":"https:\/\/tremdavale.org\/pt\/exposicao-fotografica-2-oficina-de-fotografia-digital-do-vale-registrar\/#primaryimage"},"image":{"@id":"https:\/\/tremdavale.org\/pt\/exposicao-fotografica-2-oficina-de-fotografia-digital-do-vale-registrar\/#primaryimage"},"thumbnailUrl":"https:\/\/tremdavale.org\/wp-content\/uploads\/01-exposicao-fotografica-padre-faria-08-02-11-300x199.jpg","datePublished":"2011-09-10T06:55:00+00:00","dateModified":"2025-10-10T11:57:00+00:00","author":{"@id":"https:\/\/tremdavale.org\/pt\/#\/schema\/person\/50912137d47426d31329f246d02eaeca"},"breadcrumb":{"@id":"https:\/\/tremdavale.org\/pt\/exposicao-fotografica-2-oficina-de-fotografia-digital-do-vale-registrar\/#breadcrumb"},"inLanguage":"pt-PT","potentialAction":[{"@type":"ReadAction","target":["https:\/\/tremdavale.org\/pt\/exposicao-fotografica-2-oficina-de-fotografia-digital-do-vale-registrar\/"]}]},{"@type":"ImageObject","inLanguage":"pt-PT","@id":"https:\/\/tremdavale.org\/pt\/exposicao-fotografica-2-oficina-de-fotografia-digital-do-vale-registrar\/#primaryimage","url":"https:\/\/tremdavale.org\/wp-content\/uploads\/01-exposicao-fotografica-padre-faria-08-02-11-300x199.jpg","contentUrl":"https:\/\/tremdavale.org\/wp-content\/uploads\/01-exposicao-fotografica-padre-faria-08-02-11-300x199.jpg","width":300,"height":199},{"@type":"BreadcrumbList","@id":"https:\/\/tremdavale.org\/pt\/exposicao-fotografica-2-oficina-de-fotografia-digital-do-vale-registrar\/#breadcrumb","itemListElement":[{"@type":"ListItem","position":1,"name":"In\u00edcio","item":"https:\/\/tremdavale.org\/pt\/"},{"@type":"ListItem","position":2,"name":"Exposi\u00e7\u00e3o Fotogr\u00e1fica da 2\u00aa Oficina de Fotografia Digital do Vale Registrar"}]},{"@type":"WebSite","@id":"https:\/\/tremdavale.org\/pt\/#website","url":"https:\/\/tremdavale.org\/pt\/","name":"Trem da Vale","description":"Programa de Educa\u00e7\u00e3o Patrimonial","potentialAction":[{"@type":"SearchAction","target":{"@type":"EntryPoint","urlTemplate":"https:\/\/tremdavale.org\/pt\/?s={search_term_string}"},"query-input":{"@type":"PropertyValueSpecification","valueRequired":true,"valueName":"search_term_string"}}],"inLanguage":"pt-PT"},{"@type":"Person","@id":"https:\/\/tremdavale.org\/pt\/#\/schema\/person\/50912137d47426d31329f246d02eaeca","name":"admin","image":{"@type":"ImageObject","inLanguage":"pt-PT","@id":"https:\/\/tremdavale.org\/pt\/#\/schema\/person\/image\/","url":"https:\/\/secure.gravatar.com\/avatar\/b3564f0fda6ea47959fe96a4217203e79a167568a37409758659bc3ba443b452?s=96&d=mm&r=g","contentUrl":"https:\/\/secure.gravatar.com\/avatar\/b3564f0fda6ea47959fe96a4217203e79a167568a37409758659bc3ba443b452?s=96&d=mm&r=g","caption":"admin"},"sameAs":["https:\/\/tremdavale.org"],"url":"https:\/\/tremdavale.org\/pt\/author\/admin\/"}]}},"_links":{"self":[{"href":"https:\/\/tremdavale.org\/pt\/wp-json\/wp\/v2\/posts\/145","targetHints":{"allow":["GET"]}}],"collection":[{"href":"https:\/\/tremdavale.org\/pt\/wp-json\/wp\/v2\/posts"}],"about":[{"href":"https:\/\/tremdavale.org\/pt\/wp-json\/wp\/v2\/types\/post"}],"author":[{"embeddable":true,"href":"https:\/\/tremdavale.org\/pt\/wp-json\/wp\/v2\/users\/1"}],"replies":[{"embeddable":true,"href":"https:\/\/tremdavale.org\/pt\/wp-json\/wp\/v2\/comments?post=145"}],"version-history":[{"count":0,"href":"https:\/\/tremdavale.org\/pt\/wp-json\/wp\/v2\/posts\/145\/revisions"}],"wp:featuredmedia":[{"embeddable":true,"href":"https:\/\/tremdavale.org\/pt\/wp-json\/wp\/v2\/media\/423"}],"wp:attachment":[{"href":"https:\/\/tremdavale.org\/pt\/wp-json\/wp\/v2\/media?parent=145"}],"wp:term":[{"taxonomy":"category","embeddable":true,"href":"https:\/\/tremdavale.org\/pt\/wp-json\/wp\/v2\/categories?post=145"},{"taxonomy":"post_tag","embeddable":true,"href":"https:\/\/tremdavale.org\/pt\/wp-json\/wp\/v2\/tags?post=145"}],"curies":[{"name":"wp","href":"https:\/\/api.w.org\/{rel}","templated":true}]}}