{"id":146,"date":"2013-08-25T09:51:00","date_gmt":"2013-08-25T09:51:00","guid":{"rendered":"https:\/\/tremdavale.org\/?p=146"},"modified":"2025-10-10T11:57:00","modified_gmt":"2025-10-10T11:57:00","slug":"exposicao-fotografica-3-oficina-de-fotografia-digital-146","status":"publish","type":"post","link":"https:\/\/tremdavale.org\/pt\/exposicao-fotografica-3-oficina-de-fotografia-digital-146\/","title":{"rendered":"Exposi\u00e7\u00e3o Fotogr\u00e1fica \u2013 \u201c3\u00aa Oficina de Fotografia Digital\u201d"},"content":{"rendered":"<p><img loading=\"lazy\" decoding=\"async\" class=\"size-large\" title=\"02-exposic_a_o-faop\" src=\"\/wp-content\/uploads\/02-exposic_a_o-faop-1024x680.jpg\" alt=\"Vista do p\u00e1tio da FAOP, onde foi montada a exposi\u00e7\u00e3o da 3\u00aa Oficina de Fotografia Digital.\" width=\"368\" height=\"245\"><\/p>\n<p>Vista do p\u00e1tio da FAOP, onde foi montada a exposi\u00e7\u00e3o da 3\u00aa Oficina de Fotografia Digital.<\/p>\n<p>&nbsp;<\/p>\n<p>Na segunda-feira, dia 26 de setembro de 2011, as 10 horas, foi aberta a Exposi\u00e7\u00e3o Fotogr\u00e1fica da 3\u00aa Oficina de Fotografia Digital, do Vale Registrar, no pr\u00e9dio da Funda\u00e7\u00e3o de Arte de Ouro Preto (FAOP), situado na Rua Alvarenga n\u00ba. 794 (e Rua Irm\u00e3os Kennedy n\u00ba. 601), no bairro Cabe\u00e7as, em Ouro Preto. A exposi\u00e7\u00e3o integra a programa\u00e7\u00e3o do 5\u00ba Semin\u00e1rio Patrim\u00f4nio Cultural promovido pela institui\u00e7\u00e3o e poder\u00e1 ser apreciada de segunda a sexta-feira, de 09 as 18 horas, e aos s\u00e1bados de 09 as 14 horas.<\/p>\n<p>&nbsp;<\/p>\n<p><img loading=\"lazy\" decoding=\"async\" class=\"size-large\" title=\"01-exposic_a_o-faop\" src=\"\/wp-content\/uploads\/01-exposic_a_o-faop-1024x752.jpg\" alt=\"Visitantes e alunos da 3\u00aa Oficina de Fotografia Digital, observam a Exposi\u00e7\u00e3o das fotografias selecionadas, no p\u00e1tio da FAOP, em Ouro Preto.\" width=\"368\" height=\"271\"><\/p>\n<p>Visitantes e alunos da 3\u00aa Oficina de Fotografia Digital, observam a Exposi\u00e7\u00e3o das fotografias selecionadas, no p\u00e1tio da FAOP, em Ouro Preto.<\/p>\n<p>&nbsp;<\/p>\n<p>A exposi\u00e7\u00e3o fotogr\u00e1fica j\u00e1 foi realizada na Sala Multiuso da Esta\u00e7\u00e3o de Mariana do Trem da Vale, no per\u00edodo de 20 a 30 de agosto; no Centro Cultural SESI \u2013 Mariana, de 31 de Agosto a 13 de setembro; e na Plataforma da Esta\u00e7\u00e3o de Ouro Preto, de 14 a 25 de setembro de 2011. A exposi\u00e7\u00e3o permanecer\u00e1 na FAOP at\u00e9 o dia 09 de outubro de 2011, encerrando ent\u00e3o a mostra.<\/p>\n<p>&nbsp;<\/p>\n<p><img loading=\"lazy\" decoding=\"async\" class=\"size-large\" title=\"03-exposic_a_o-faop\" src=\"\/wp-content\/uploads\/03-exposic_a_o-faop-1024x680.jpg\" alt=\"Visitantes na Exposi\u00e7\u00e3o de Fotos da 3\u00aa Oficina de Fotografia Digital, realizada na FAOP, localizada no bairro Cabe\u00e7as em Ouro Preto.\" width=\"368\" height=\"245\"><\/p>\n<p>Visitantes na Exposi\u00e7\u00e3o de Fotos da 3\u00aa Oficina de Fotografia Digital, realizada na FAOP, localizada no bairro Cabe\u00e7as em Ouro Preto.<\/p>\n<p>&nbsp;<\/p>\n","protected":false},"excerpt":{"rendered":"<p>Vista do p\u00e1tio da FAOP, onde foi montada a exposi\u00e7\u00e3o da 3\u00aa Oficina de Fotografia Digital. &nbsp; Na segunda-feira, dia 26 de setembro de 2011, as 10 horas, foi aberta a Exposi\u00e7\u00e3o Fotogr\u00e1fica da 3\u00aa Oficina de Fotografia Digital, do Vale Registrar, no pr\u00e9dio da Funda\u00e7\u00e3o de Arte de Ouro &hellip;<\/p>\n","protected":false},"author":1,"featured_media":424,"comment_status":"open","ping_status":"closed","sticky":false,"template":"","format":"standard","meta":{"footnotes":""},"categories":[3],"tags":[],"class_list":["post-146","post","type-post","status-publish","format-standard","has-post-thumbnail","hentry","category-noticias"],"yoast_head":"<!-- This site is optimized with the Yoast SEO plugin v26.1.1 - https:\/\/yoast.com\/wordpress\/plugins\/seo\/ -->\n<title>Exposi\u00e7\u00e3o Fotogr\u00e1fica \u2013 \u201c3\u00aa Oficina de Fotografia Digital\u201d &#8212; Trem da Vale<\/title>\n<meta name=\"robots\" content=\"index, follow, max-snippet:-1, max-image-preview:large, max-video-preview:-1\" \/>\n<link rel=\"canonical\" href=\"https:\/\/tremdavale.org\/pt\/exposicao-fotografica-3-oficina-de-fotografia-digital-146\/\" \/>\n<meta property=\"og:locale\" content=\"pt_PT\" \/>\n<meta property=\"og:type\" content=\"article\" \/>\n<meta property=\"og:title\" content=\"Exposi\u00e7\u00e3o Fotogr\u00e1fica \u2013 \u201c3\u00aa Oficina de Fotografia Digital\u201d &#8212; Trem da Vale\" \/>\n<meta property=\"og:description\" content=\"Vista do p\u00e1tio da FAOP, onde foi montada a exposi\u00e7\u00e3o da 3\u00aa Oficina de Fotografia Digital. &nbsp; Na segunda-feira, dia 26 de setembro de 2011, as 10 horas, foi aberta a Exposi\u00e7\u00e3o Fotogr\u00e1fica da 3\u00aa Oficina de Fotografia Digital, do Vale Registrar, no pr\u00e9dio da Funda\u00e7\u00e3o de Arte de Ouro &hellip;\" \/>\n<meta property=\"og:url\" content=\"https:\/\/tremdavale.org\/pt\/exposicao-fotografica-3-oficina-de-fotografia-digital-146\/\" \/>\n<meta property=\"og:site_name\" content=\"Trem da Vale\" \/>\n<meta property=\"article:published_time\" content=\"2013-08-25T09:51:00+00:00\" \/>\n<meta property=\"article:modified_time\" content=\"2025-10-10T11:57:00+00:00\" \/>\n<meta property=\"og:image\" content=\"https:\/\/tremdavale.org\/wp-content\/uploads\/02-exposic_a_o-faop-1024x680.jpg\" \/>\n\t<meta property=\"og:image:width\" content=\"1024\" \/>\n\t<meta property=\"og:image:height\" content=\"680\" \/>\n\t<meta property=\"og:image:type\" content=\"image\/jpeg\" \/>\n<meta name=\"author\" content=\"admin\" \/>\n<meta name=\"twitter:card\" content=\"summary_large_image\" \/>\n<meta name=\"twitter:label1\" content=\"Escrito por\" \/>\n\t<meta name=\"twitter:data1\" content=\"admin\" \/>\n\t<meta name=\"twitter:label2\" content=\"Tempo estimado de leitura\" \/>\n\t<meta name=\"twitter:data2\" content=\"1 minuto\" \/>\n<script type=\"application\/ld+json\" class=\"yoast-schema-graph\">{\"@context\":\"https:\/\/schema.org\",\"@graph\":[{\"@type\":\"WebPage\",\"@id\":\"https:\/\/tremdavale.org\/pt\/exposicao-fotografica-3-oficina-de-fotografia-digital-146\/\",\"url\":\"https:\/\/tremdavale.org\/pt\/exposicao-fotografica-3-oficina-de-fotografia-digital-146\/\",\"name\":\"Exposi\u00e7\u00e3o Fotogr\u00e1fica \u2013 \u201c3\u00aa Oficina de Fotografia Digital\u201d &#8212; Trem da Vale\",\"isPartOf\":{\"@id\":\"https:\/\/tremdavale.org\/pt\/#website\"},\"primaryImageOfPage\":{\"@id\":\"https:\/\/tremdavale.org\/pt\/exposicao-fotografica-3-oficina-de-fotografia-digital-146\/#primaryimage\"},\"image\":{\"@id\":\"https:\/\/tremdavale.org\/pt\/exposicao-fotografica-3-oficina-de-fotografia-digital-146\/#primaryimage\"},\"thumbnailUrl\":\"https:\/\/tremdavale.org\/wp-content\/uploads\/02-exposic_a_o-faop-1024x680.jpg\",\"datePublished\":\"2013-08-25T09:51:00+00:00\",\"dateModified\":\"2025-10-10T11:57:00+00:00\",\"author\":{\"@id\":\"https:\/\/tremdavale.org\/pt\/#\/schema\/person\/50912137d47426d31329f246d02eaeca\"},\"breadcrumb\":{\"@id\":\"https:\/\/tremdavale.org\/pt\/exposicao-fotografica-3-oficina-de-fotografia-digital-146\/#breadcrumb\"},\"inLanguage\":\"pt-PT\",\"potentialAction\":[{\"@type\":\"ReadAction\",\"target\":[\"https:\/\/tremdavale.org\/pt\/exposicao-fotografica-3-oficina-de-fotografia-digital-146\/\"]}]},{\"@type\":\"ImageObject\",\"inLanguage\":\"pt-PT\",\"@id\":\"https:\/\/tremdavale.org\/pt\/exposicao-fotografica-3-oficina-de-fotografia-digital-146\/#primaryimage\",\"url\":\"https:\/\/tremdavale.org\/wp-content\/uploads\/02-exposic_a_o-faop-1024x680.jpg\",\"contentUrl\":\"https:\/\/tremdavale.org\/wp-content\/uploads\/02-exposic_a_o-faop-1024x680.jpg\",\"width\":1024,\"height\":680},{\"@type\":\"BreadcrumbList\",\"@id\":\"https:\/\/tremdavale.org\/pt\/exposicao-fotografica-3-oficina-de-fotografia-digital-146\/#breadcrumb\",\"itemListElement\":[{\"@type\":\"ListItem\",\"position\":1,\"name\":\"In\u00edcio\",\"item\":\"https:\/\/tremdavale.org\/pt\/\"},{\"@type\":\"ListItem\",\"position\":2,\"name\":\"Exposi\u00e7\u00e3o Fotogr\u00e1fica \u2013 \u201c3\u00aa Oficina de Fotografia Digital\u201d\"}]},{\"@type\":\"WebSite\",\"@id\":\"https:\/\/tremdavale.org\/pt\/#website\",\"url\":\"https:\/\/tremdavale.org\/pt\/\",\"name\":\"Trem da Vale\",\"description\":\"Programa de Educa\u00e7\u00e3o Patrimonial\",\"potentialAction\":[{\"@type\":\"SearchAction\",\"target\":{\"@type\":\"EntryPoint\",\"urlTemplate\":\"https:\/\/tremdavale.org\/pt\/?s={search_term_string}\"},\"query-input\":{\"@type\":\"PropertyValueSpecification\",\"valueRequired\":true,\"valueName\":\"search_term_string\"}}],\"inLanguage\":\"pt-PT\"},{\"@type\":\"Person\",\"@id\":\"https:\/\/tremdavale.org\/pt\/#\/schema\/person\/50912137d47426d31329f246d02eaeca\",\"name\":\"admin\",\"image\":{\"@type\":\"ImageObject\",\"inLanguage\":\"pt-PT\",\"@id\":\"https:\/\/tremdavale.org\/pt\/#\/schema\/person\/image\/\",\"url\":\"https:\/\/secure.gravatar.com\/avatar\/b3564f0fda6ea47959fe96a4217203e79a167568a37409758659bc3ba443b452?s=96&d=mm&r=g\",\"contentUrl\":\"https:\/\/secure.gravatar.com\/avatar\/b3564f0fda6ea47959fe96a4217203e79a167568a37409758659bc3ba443b452?s=96&d=mm&r=g\",\"caption\":\"admin\"},\"sameAs\":[\"https:\/\/tremdavale.org\"],\"url\":\"https:\/\/tremdavale.org\/pt\/author\/admin\/\"}]}<\/script>\n<!-- \/ Yoast SEO plugin. -->","yoast_head_json":{"title":"Exposi\u00e7\u00e3o Fotogr\u00e1fica \u2013 \u201c3\u00aa Oficina de Fotografia Digital\u201d &#8212; Trem da Vale","robots":{"index":"index","follow":"follow","max-snippet":"max-snippet:-1","max-image-preview":"max-image-preview:large","max-video-preview":"max-video-preview:-1"},"canonical":"https:\/\/tremdavale.org\/pt\/exposicao-fotografica-3-oficina-de-fotografia-digital-146\/","og_locale":"pt_PT","og_type":"article","og_title":"Exposi\u00e7\u00e3o Fotogr\u00e1fica \u2013 \u201c3\u00aa Oficina de Fotografia Digital\u201d &#8212; Trem da Vale","og_description":"Vista do p\u00e1tio da FAOP, onde foi montada a exposi\u00e7\u00e3o da 3\u00aa Oficina de Fotografia Digital. &nbsp; Na segunda-feira, dia 26 de setembro de 2011, as 10 horas, foi aberta a Exposi\u00e7\u00e3o Fotogr\u00e1fica da 3\u00aa Oficina de Fotografia Digital, do Vale Registrar, no pr\u00e9dio da Funda\u00e7\u00e3o de Arte de Ouro &hellip;","og_url":"https:\/\/tremdavale.org\/pt\/exposicao-fotografica-3-oficina-de-fotografia-digital-146\/","og_site_name":"Trem da Vale","article_published_time":"2013-08-25T09:51:00+00:00","article_modified_time":"2025-10-10T11:57:00+00:00","og_image":[{"width":1024,"height":680,"url":"https:\/\/tremdavale.org\/wp-content\/uploads\/02-exposic_a_o-faop-1024x680.jpg","type":"image\/jpeg"}],"author":"admin","twitter_card":"summary_large_image","twitter_misc":{"Escrito por":"admin","Tempo estimado de leitura":"1 minuto"},"schema":{"@context":"https:\/\/schema.org","@graph":[{"@type":"WebPage","@id":"https:\/\/tremdavale.org\/pt\/exposicao-fotografica-3-oficina-de-fotografia-digital-146\/","url":"https:\/\/tremdavale.org\/pt\/exposicao-fotografica-3-oficina-de-fotografia-digital-146\/","name":"Exposi\u00e7\u00e3o Fotogr\u00e1fica \u2013 \u201c3\u00aa Oficina de Fotografia Digital\u201d &#8212; Trem da Vale","isPartOf":{"@id":"https:\/\/tremdavale.org\/pt\/#website"},"primaryImageOfPage":{"@id":"https:\/\/tremdavale.org\/pt\/exposicao-fotografica-3-oficina-de-fotografia-digital-146\/#primaryimage"},"image":{"@id":"https:\/\/tremdavale.org\/pt\/exposicao-fotografica-3-oficina-de-fotografia-digital-146\/#primaryimage"},"thumbnailUrl":"https:\/\/tremdavale.org\/wp-content\/uploads\/02-exposic_a_o-faop-1024x680.jpg","datePublished":"2013-08-25T09:51:00+00:00","dateModified":"2025-10-10T11:57:00+00:00","author":{"@id":"https:\/\/tremdavale.org\/pt\/#\/schema\/person\/50912137d47426d31329f246d02eaeca"},"breadcrumb":{"@id":"https:\/\/tremdavale.org\/pt\/exposicao-fotografica-3-oficina-de-fotografia-digital-146\/#breadcrumb"},"inLanguage":"pt-PT","potentialAction":[{"@type":"ReadAction","target":["https:\/\/tremdavale.org\/pt\/exposicao-fotografica-3-oficina-de-fotografia-digital-146\/"]}]},{"@type":"ImageObject","inLanguage":"pt-PT","@id":"https:\/\/tremdavale.org\/pt\/exposicao-fotografica-3-oficina-de-fotografia-digital-146\/#primaryimage","url":"https:\/\/tremdavale.org\/wp-content\/uploads\/02-exposic_a_o-faop-1024x680.jpg","contentUrl":"https:\/\/tremdavale.org\/wp-content\/uploads\/02-exposic_a_o-faop-1024x680.jpg","width":1024,"height":680},{"@type":"BreadcrumbList","@id":"https:\/\/tremdavale.org\/pt\/exposicao-fotografica-3-oficina-de-fotografia-digital-146\/#breadcrumb","itemListElement":[{"@type":"ListItem","position":1,"name":"In\u00edcio","item":"https:\/\/tremdavale.org\/pt\/"},{"@type":"ListItem","position":2,"name":"Exposi\u00e7\u00e3o Fotogr\u00e1fica \u2013 \u201c3\u00aa Oficina de Fotografia Digital\u201d"}]},{"@type":"WebSite","@id":"https:\/\/tremdavale.org\/pt\/#website","url":"https:\/\/tremdavale.org\/pt\/","name":"Trem da Vale","description":"Programa de Educa\u00e7\u00e3o Patrimonial","potentialAction":[{"@type":"SearchAction","target":{"@type":"EntryPoint","urlTemplate":"https:\/\/tremdavale.org\/pt\/?s={search_term_string}"},"query-input":{"@type":"PropertyValueSpecification","valueRequired":true,"valueName":"search_term_string"}}],"inLanguage":"pt-PT"},{"@type":"Person","@id":"https:\/\/tremdavale.org\/pt\/#\/schema\/person\/50912137d47426d31329f246d02eaeca","name":"admin","image":{"@type":"ImageObject","inLanguage":"pt-PT","@id":"https:\/\/tremdavale.org\/pt\/#\/schema\/person\/image\/","url":"https:\/\/secure.gravatar.com\/avatar\/b3564f0fda6ea47959fe96a4217203e79a167568a37409758659bc3ba443b452?s=96&d=mm&r=g","contentUrl":"https:\/\/secure.gravatar.com\/avatar\/b3564f0fda6ea47959fe96a4217203e79a167568a37409758659bc3ba443b452?s=96&d=mm&r=g","caption":"admin"},"sameAs":["https:\/\/tremdavale.org"],"url":"https:\/\/tremdavale.org\/pt\/author\/admin\/"}]}},"_links":{"self":[{"href":"https:\/\/tremdavale.org\/pt\/wp-json\/wp\/v2\/posts\/146","targetHints":{"allow":["GET"]}}],"collection":[{"href":"https:\/\/tremdavale.org\/pt\/wp-json\/wp\/v2\/posts"}],"about":[{"href":"https:\/\/tremdavale.org\/pt\/wp-json\/wp\/v2\/types\/post"}],"author":[{"embeddable":true,"href":"https:\/\/tremdavale.org\/pt\/wp-json\/wp\/v2\/users\/1"}],"replies":[{"embeddable":true,"href":"https:\/\/tremdavale.org\/pt\/wp-json\/wp\/v2\/comments?post=146"}],"version-history":[{"count":0,"href":"https:\/\/tremdavale.org\/pt\/wp-json\/wp\/v2\/posts\/146\/revisions"}],"wp:featuredmedia":[{"embeddable":true,"href":"https:\/\/tremdavale.org\/pt\/wp-json\/wp\/v2\/media\/424"}],"wp:attachment":[{"href":"https:\/\/tremdavale.org\/pt\/wp-json\/wp\/v2\/media?parent=146"}],"wp:term":[{"taxonomy":"category","embeddable":true,"href":"https:\/\/tremdavale.org\/pt\/wp-json\/wp\/v2\/categories?post=146"},{"taxonomy":"post_tag","embeddable":true,"href":"https:\/\/tremdavale.org\/pt\/wp-json\/wp\/v2\/tags?post=146"}],"curies":[{"name":"wp","href":"https:\/\/api.w.org\/{rel}","templated":true}]}}