{"id":149,"date":"2011-09-12T00:52:00","date_gmt":"2011-09-12T00:52:00","guid":{"rendered":"https:\/\/tremdavale.org\/?p=149"},"modified":"2025-10-10T11:57:00","modified_gmt":"2025-10-10T11:57:00","slug":"ferias-nas-estacoes","status":"publish","type":"post","link":"https:\/\/tremdavale.org\/pt\/ferias-nas-estacoes\/","title":{"rendered":"F\u00e9rias nas Esta\u00e7\u00f5es!"},"content":{"rendered":"<p>Nos meses de janeiro e fevereiro os turistas poder\u00e3o passear pelos trilhos de Ouro Preto \u00e0 Mariana em hor\u00e1rios especiais.<\/p>\n<p>Nestes meses, tradicional \u00e9poca de f\u00e9rias escolares, as Esta\u00e7\u00f5es do Trem da Vale recebem grande n\u00famero de turistas, com hor\u00e1rios extras disponibilizados, aumentando ainda mais o fluxo de passageiros do Projeto. Uma programa\u00e7\u00e3o especial com brincadeiras e oficinas para crian\u00e7as e adolescentes, promete muita divers\u00e3o e conhecimento para tornar o passeio memor\u00e1vel.<\/p>\n<p>As viagens de Trem acontecem nas sextas, s\u00e1bados e domingos com hor\u00e1rios fixos, partindo de Ouro Preto \u00e0s 10h e de Mariana \u00e0s 14h. Os hor\u00e1rios extras, alternativa para quem deseja viajar mais cedo, partir\u00e3o de Mariana \u00e0s 08h30 e de Ouro Preto \u00e0s 15h30.<\/p>\n<p>Apoiando a iniciativa de integra\u00e7\u00e3o da comunidade com o Trem, o Programa de Educa\u00e7\u00e3o Patrimonial do Trem da Vale \u2013 Vale Promover, desenvolveu o <span>Circuito Comunidade, voltado para os moradores de Ouro Preto e Mariana, oferecendo viagens de ida e volta gratuita. Para aproveitar o Circuito Comunidade, \u00e9 necess\u00e1rio um agendamento, que pode ser realizado pelo telefone <strong>31 3551-7310<\/strong>.<\/span><\/p>\n<p><span>Confira o<\/span> <span style=\"text-decoration: underline;\">Calend\u00e1rio do Trem<\/span> e programe seu passeio. <span>Traga sua fam\u00edlia, seus amigos e aproveite!<\/span><\/p>\n<p>&nbsp;<\/p>\n","protected":false},"excerpt":{"rendered":"<p>Nos meses de janeiro e fevereiro os turistas poder\u00e3o passear pelos trilhos de Ouro Preto \u00e0 Mariana em hor\u00e1rios especiais. Nestes meses, tradicional \u00e9poca de f\u00e9rias escolares, as Esta\u00e7\u00f5es do Trem da Vale recebem grande n\u00famero de turistas, com hor\u00e1rios extras disponibilizados, aumentando ainda mais o fluxo de passageiros do &hellip;<\/p>\n","protected":false},"author":1,"featured_media":0,"comment_status":"open","ping_status":"closed","sticky":false,"template":"","format":"standard","meta":{"footnotes":""},"categories":[4],"tags":[],"class_list":["post-149","post","type-post","status-publish","format-standard","hentry","category-materia-news"],"yoast_head":"<!-- This site is optimized with the Yoast SEO plugin v26.1.1 - https:\/\/yoast.com\/wordpress\/plugins\/seo\/ -->\n<title>F\u00e9rias nas Esta\u00e7\u00f5es! &#8212; Trem da Vale<\/title>\n<meta name=\"robots\" content=\"index, follow, max-snippet:-1, max-image-preview:large, max-video-preview:-1\" \/>\n<link rel=\"canonical\" href=\"https:\/\/tremdavale.org\/pt\/ferias-nas-estacoes\/\" \/>\n<meta property=\"og:locale\" content=\"pt_PT\" \/>\n<meta property=\"og:type\" content=\"article\" \/>\n<meta property=\"og:title\" content=\"F\u00e9rias nas Esta\u00e7\u00f5es! &#8212; Trem da Vale\" \/>\n<meta property=\"og:description\" content=\"Nos meses de janeiro e fevereiro os turistas poder\u00e3o passear pelos trilhos de Ouro Preto \u00e0 Mariana em hor\u00e1rios especiais. Nestes meses, tradicional \u00e9poca de f\u00e9rias escolares, as Esta\u00e7\u00f5es do Trem da Vale recebem grande n\u00famero de turistas, com hor\u00e1rios extras disponibilizados, aumentando ainda mais o fluxo de passageiros do &hellip;\" \/>\n<meta property=\"og:url\" content=\"https:\/\/tremdavale.org\/pt\/ferias-nas-estacoes\/\" \/>\n<meta property=\"og:site_name\" content=\"Trem da Vale\" \/>\n<meta property=\"article:published_time\" content=\"2011-09-12T00:52:00+00:00\" \/>\n<meta property=\"article:modified_time\" content=\"2025-10-10T11:57:00+00:00\" \/>\n<meta name=\"author\" content=\"admin\" \/>\n<meta name=\"twitter:card\" content=\"summary_large_image\" \/>\n<meta name=\"twitter:label1\" content=\"Escrito por\" \/>\n\t<meta name=\"twitter:data1\" content=\"admin\" \/>\n\t<meta name=\"twitter:label2\" content=\"Tempo estimado de leitura\" \/>\n\t<meta name=\"twitter:data2\" content=\"1 minuto\" \/>\n<script type=\"application\/ld+json\" class=\"yoast-schema-graph\">{\"@context\":\"https:\/\/schema.org\",\"@graph\":[{\"@type\":\"WebPage\",\"@id\":\"https:\/\/tremdavale.org\/pt\/ferias-nas-estacoes\/\",\"url\":\"https:\/\/tremdavale.org\/pt\/ferias-nas-estacoes\/\",\"name\":\"F\u00e9rias nas Esta\u00e7\u00f5es! &#8212; Trem da Vale\",\"isPartOf\":{\"@id\":\"https:\/\/tremdavale.org\/pt\/#website\"},\"datePublished\":\"2011-09-12T00:52:00+00:00\",\"dateModified\":\"2025-10-10T11:57:00+00:00\",\"author\":{\"@id\":\"https:\/\/tremdavale.org\/pt\/#\/schema\/person\/50912137d47426d31329f246d02eaeca\"},\"breadcrumb\":{\"@id\":\"https:\/\/tremdavale.org\/pt\/ferias-nas-estacoes\/#breadcrumb\"},\"inLanguage\":\"pt-PT\",\"potentialAction\":[{\"@type\":\"ReadAction\",\"target\":[\"https:\/\/tremdavale.org\/pt\/ferias-nas-estacoes\/\"]}]},{\"@type\":\"BreadcrumbList\",\"@id\":\"https:\/\/tremdavale.org\/pt\/ferias-nas-estacoes\/#breadcrumb\",\"itemListElement\":[{\"@type\":\"ListItem\",\"position\":1,\"name\":\"In\u00edcio\",\"item\":\"https:\/\/tremdavale.org\/pt\/\"},{\"@type\":\"ListItem\",\"position\":2,\"name\":\"F\u00e9rias nas Esta\u00e7\u00f5es!\"}]},{\"@type\":\"WebSite\",\"@id\":\"https:\/\/tremdavale.org\/pt\/#website\",\"url\":\"https:\/\/tremdavale.org\/pt\/\",\"name\":\"Trem da Vale\",\"description\":\"Programa de Educa\u00e7\u00e3o Patrimonial\",\"potentialAction\":[{\"@type\":\"SearchAction\",\"target\":{\"@type\":\"EntryPoint\",\"urlTemplate\":\"https:\/\/tremdavale.org\/pt\/?s={search_term_string}\"},\"query-input\":{\"@type\":\"PropertyValueSpecification\",\"valueRequired\":true,\"valueName\":\"search_term_string\"}}],\"inLanguage\":\"pt-PT\"},{\"@type\":\"Person\",\"@id\":\"https:\/\/tremdavale.org\/pt\/#\/schema\/person\/50912137d47426d31329f246d02eaeca\",\"name\":\"admin\",\"image\":{\"@type\":\"ImageObject\",\"inLanguage\":\"pt-PT\",\"@id\":\"https:\/\/tremdavale.org\/pt\/#\/schema\/person\/image\/\",\"url\":\"https:\/\/secure.gravatar.com\/avatar\/b3564f0fda6ea47959fe96a4217203e79a167568a37409758659bc3ba443b452?s=96&d=mm&r=g\",\"contentUrl\":\"https:\/\/secure.gravatar.com\/avatar\/b3564f0fda6ea47959fe96a4217203e79a167568a37409758659bc3ba443b452?s=96&d=mm&r=g\",\"caption\":\"admin\"},\"sameAs\":[\"https:\/\/tremdavale.org\"],\"url\":\"https:\/\/tremdavale.org\/pt\/author\/admin\/\"}]}<\/script>\n<!-- \/ Yoast SEO plugin. -->","yoast_head_json":{"title":"F\u00e9rias nas Esta\u00e7\u00f5es! &#8212; Trem da Vale","robots":{"index":"index","follow":"follow","max-snippet":"max-snippet:-1","max-image-preview":"max-image-preview:large","max-video-preview":"max-video-preview:-1"},"canonical":"https:\/\/tremdavale.org\/pt\/ferias-nas-estacoes\/","og_locale":"pt_PT","og_type":"article","og_title":"F\u00e9rias nas Esta\u00e7\u00f5es! &#8212; Trem da Vale","og_description":"Nos meses de janeiro e fevereiro os turistas poder\u00e3o passear pelos trilhos de Ouro Preto \u00e0 Mariana em hor\u00e1rios especiais. Nestes meses, tradicional \u00e9poca de f\u00e9rias escolares, as Esta\u00e7\u00f5es do Trem da Vale recebem grande n\u00famero de turistas, com hor\u00e1rios extras disponibilizados, aumentando ainda mais o fluxo de passageiros do &hellip;","og_url":"https:\/\/tremdavale.org\/pt\/ferias-nas-estacoes\/","og_site_name":"Trem da Vale","article_published_time":"2011-09-12T00:52:00+00:00","article_modified_time":"2025-10-10T11:57:00+00:00","author":"admin","twitter_card":"summary_large_image","twitter_misc":{"Escrito por":"admin","Tempo estimado de leitura":"1 minuto"},"schema":{"@context":"https:\/\/schema.org","@graph":[{"@type":"WebPage","@id":"https:\/\/tremdavale.org\/pt\/ferias-nas-estacoes\/","url":"https:\/\/tremdavale.org\/pt\/ferias-nas-estacoes\/","name":"F\u00e9rias nas Esta\u00e7\u00f5es! &#8212; Trem da Vale","isPartOf":{"@id":"https:\/\/tremdavale.org\/pt\/#website"},"datePublished":"2011-09-12T00:52:00+00:00","dateModified":"2025-10-10T11:57:00+00:00","author":{"@id":"https:\/\/tremdavale.org\/pt\/#\/schema\/person\/50912137d47426d31329f246d02eaeca"},"breadcrumb":{"@id":"https:\/\/tremdavale.org\/pt\/ferias-nas-estacoes\/#breadcrumb"},"inLanguage":"pt-PT","potentialAction":[{"@type":"ReadAction","target":["https:\/\/tremdavale.org\/pt\/ferias-nas-estacoes\/"]}]},{"@type":"BreadcrumbList","@id":"https:\/\/tremdavale.org\/pt\/ferias-nas-estacoes\/#breadcrumb","itemListElement":[{"@type":"ListItem","position":1,"name":"In\u00edcio","item":"https:\/\/tremdavale.org\/pt\/"},{"@type":"ListItem","position":2,"name":"F\u00e9rias nas Esta\u00e7\u00f5es!"}]},{"@type":"WebSite","@id":"https:\/\/tremdavale.org\/pt\/#website","url":"https:\/\/tremdavale.org\/pt\/","name":"Trem da Vale","description":"Programa de Educa\u00e7\u00e3o Patrimonial","potentialAction":[{"@type":"SearchAction","target":{"@type":"EntryPoint","urlTemplate":"https:\/\/tremdavale.org\/pt\/?s={search_term_string}"},"query-input":{"@type":"PropertyValueSpecification","valueRequired":true,"valueName":"search_term_string"}}],"inLanguage":"pt-PT"},{"@type":"Person","@id":"https:\/\/tremdavale.org\/pt\/#\/schema\/person\/50912137d47426d31329f246d02eaeca","name":"admin","image":{"@type":"ImageObject","inLanguage":"pt-PT","@id":"https:\/\/tremdavale.org\/pt\/#\/schema\/person\/image\/","url":"https:\/\/secure.gravatar.com\/avatar\/b3564f0fda6ea47959fe96a4217203e79a167568a37409758659bc3ba443b452?s=96&d=mm&r=g","contentUrl":"https:\/\/secure.gravatar.com\/avatar\/b3564f0fda6ea47959fe96a4217203e79a167568a37409758659bc3ba443b452?s=96&d=mm&r=g","caption":"admin"},"sameAs":["https:\/\/tremdavale.org"],"url":"https:\/\/tremdavale.org\/pt\/author\/admin\/"}]}},"_links":{"self":[{"href":"https:\/\/tremdavale.org\/pt\/wp-json\/wp\/v2\/posts\/149","targetHints":{"allow":["GET"]}}],"collection":[{"href":"https:\/\/tremdavale.org\/pt\/wp-json\/wp\/v2\/posts"}],"about":[{"href":"https:\/\/tremdavale.org\/pt\/wp-json\/wp\/v2\/types\/post"}],"author":[{"embeddable":true,"href":"https:\/\/tremdavale.org\/pt\/wp-json\/wp\/v2\/users\/1"}],"replies":[{"embeddable":true,"href":"https:\/\/tremdavale.org\/pt\/wp-json\/wp\/v2\/comments?post=149"}],"version-history":[{"count":0,"href":"https:\/\/tremdavale.org\/pt\/wp-json\/wp\/v2\/posts\/149\/revisions"}],"wp:attachment":[{"href":"https:\/\/tremdavale.org\/pt\/wp-json\/wp\/v2\/media?parent=149"}],"wp:term":[{"taxonomy":"category","embeddable":true,"href":"https:\/\/tremdavale.org\/pt\/wp-json\/wp\/v2\/categories?post=149"},{"taxonomy":"post_tag","embeddable":true,"href":"https:\/\/tremdavale.org\/pt\/wp-json\/wp\/v2\/tags?post=149"}],"curies":[{"name":"wp","href":"https:\/\/api.w.org\/{rel}","templated":true}]}}