{"id":152,"date":"2013-08-25T04:47:00","date_gmt":"2013-08-25T04:47:00","guid":{"rendered":"https:\/\/tremdavale.org\/?p=152"},"modified":"2025-10-10T11:57:00","modified_gmt":"2025-10-10T11:57:00","slug":"filarmonica-de-minas-gerais-realiza-mostra-no-trem-da-vale","status":"publish","type":"post","link":"https:\/\/tremdavale.org\/pt\/filarmonica-de-minas-gerais-realiza-mostra-no-trem-da-vale\/","title":{"rendered":"Filarm\u00f4nica de Minas Gerais realiza Mostra no Trem da Vale"},"content":{"rendered":"<p><img loading=\"lazy\" decoding=\"async\" class=\"aligncenter size-full\" title=\"imagem_filarmonica2\" src=\"\/wp-content\/uploads\/imagem_filarmonica2.jpg\" alt=\"imagem_filarmonica2\" width=\"227\" height=\"101\"><\/p>\n<p><span>De 16 a 21 de julho, os visitantes do Trem da Vale, em Ouro Preto, poder\u00e3o ver, ouvir e conversar sobre m\u00fasica sinf\u00f4nica de um modo especial. Concertos executados pela Orquestra Filarm\u00f4nica de Minas Gerais ser\u00e3o exibidos no Vag\u00e3o Caf\u00e9, antecedidos por uma breve exposi\u00e7\u00e3o sobre seus compositores e obra em execu\u00e7\u00e3o. Berlioz, Haendel, Mahler, Mozart, Ravel, Schumann, Tchaikovsky, Wagner e os contempor\u00e2neos Oiliam Lanna e S\u00e9rgio Rodrigo est\u00e3o nesta mostra que conta, ainda, com uma s\u00e9rie de curtas-metragens sobre os bastidores, ensaios, prepara\u00e7\u00e3o dos m\u00fasicos e convidados e sobre a organiza\u00e7\u00e3o exigida antes de um concerto.<\/span><\/p>\n<p><span style=\"font-size: 13px; line-height: 19px;\">Como o momento m\u00e1ximo de sensibiliza\u00e7\u00e3o para a m\u00fasica sinf\u00f4nica s\u00f3 \u00e9 poss\u00edvel presencialmente, a parceria institucional e cultural entre a Filarm\u00f4nica de Minas Gerais e a Vale inclui concertos abertos ao p\u00fablico em geral.<\/span> <span style=\"font-size: 13px; line-height: 19px;\">No dia 21 de julho, na Pra\u00e7a Tiradentes, em sua Turn\u00ea Estadual \u2013 Ouro Preto, a Orquestra ir\u00e1 apresentar cl\u00e1ssicos da m\u00fasica brasileira escritos por Carlos Gomes, Claudio Santoro, Camargo Guarnieri, Heitor Villa-Lobos e Lorenzo Fernandez.<\/span><\/p>\n<p><span style=\"font-size: 13px; line-height: 19px;\">Em Belo Horizonte, acontecem os Concertos de C\u00e2mara no Memorial Minas Gerais \u2013 Vale.&nbsp; No dia 18 de julho ser\u00e1 a vez do Grupo de Percuss\u00e3o. Dia 08 de agosto,<\/span> <span style=\"font-size: 13px; line-height: 19px;\">Quarteto<\/span> <span style=\"font-size: 13px; line-height: 19px;\">de Cordas e, no dia 12 de setembro, o Quinteto de Sopros.<\/span><\/p>\n<p>&nbsp;<\/p>\n<p><strong>Sobre a Orquestra Filarm\u00f4nica de Minas Gerais<\/strong><\/p>\n<p><span style=\"font-size: 13px; line-height: 19px;\">A Orquestra Filarm\u00f4nica de Minas Gerais foi criada em 2008 pelo Governo de Minas com o intuito de inserir o Estado no circuito nacional e internacional da m\u00fasica cl\u00e1ssica. Excel\u00eancia art\u00edstica e vigorosa programa\u00e7\u00e3o \u2013 esse \u00e9 o perfil da Filarm\u00f4nica de Minas Gerais, formada por noventa m\u00fasicos provenientes de todo o Brasil, Europa, \u00c1sia e Am\u00e9ricas.<\/span><\/p>\n<p><span>A preo\u00adcupa\u00e7\u00e3o constante com a qualidade foi re\u00adconhecida por tr\u00eas importantes premia\u00e7\u00f5es: em 2012 recebeu o Pr\u00eamio Carlos Gomes de melhor orquestra brasileira; em 2010 foi eleita o melhor grupo musical erudito do ano pela Associa\u00e7\u00e3o Paulista de Cr\u00edticos de Artes (APCA); e seu diretor art\u00edstico e regente titular, maestro Fabio Mechetti, recebeu o Pr\u00eamio Carlos Gomes em 2009 como melhor regente brasileiro.<\/span><\/p>\n<p><span>A Filarm\u00f4nica de Minas Gerais apresenta-se regularmente em duas s\u00e9ries no Pal\u00e1cio das Artes, em Belo Horizonte, turn\u00eas por Minas Gerais, Concertos para a Juventude, Cl\u00e1ssicos no Parque e Concertos Did\u00e1ticos. Participa dos principais eventos de m\u00fasica cl\u00e1ssica do pa\u00eds, como Festival Internacional de Inverno de Campos do Jord\u00e3o, Festival Internacional de M\u00fasica Colonial Brasileira e M\u00fasica Antiga de Juiz de Fora, Rio Folle Journ\u00e9e e outros. Desde sua cria\u00e7\u00e3o, a Filarm\u00f4nica de Minas Gerais visitou 18 cidades brasileiras e <span>50<\/span> cidades mineiras, algumas delas mais de uma vez. Na Sala S\u00e3o Paulo, onde j\u00e1 esteve em anos anteriores, a Filarm\u00f4nica ser\u00e1 orquestra convidada da temporada 2013 da Osesp, com tr\u00eas concertos em outubro. A Filarm\u00f4nica tamb\u00e9m j\u00e1 se apresentou nos teatros municipais do Rio de Janeiro e de S\u00e3o Paulo, sempre com \u00f3tima receptividade do p\u00fablico e elogiosas cr\u00edticas. A Orquestra realizou sua primeira turn\u00ea internacional em 2012 com cinco concertos na Argentina e no Uruguai.<\/span><\/p>\n<p><span>Como a\u00e7\u00f5es de est\u00edmulo \u00e0 m\u00fasica, a Orquestra promove o Festival Tinta Fresca, concurso destinado a compositores de todo o pa\u00eds, e o Laborat\u00f3rio de Reg\u00eancia, atividade in\u00e9dita no Brasil que abre oportunidade para jovens regentes brasileiros.<\/span><\/p>\n<p>&nbsp;<\/p>\n","protected":false},"excerpt":{"rendered":"<p>De 16 a 21 de julho, os visitantes do Trem da Vale, em Ouro Preto, poder\u00e3o ver, ouvir e conversar sobre m\u00fasica sinf\u00f4nica de um modo especial. Concertos executados pela Orquestra Filarm\u00f4nica de Minas Gerais ser\u00e3o exibidos no Vag\u00e3o Caf\u00e9, antecedidos por uma breve exposi\u00e7\u00e3o sobre seus compositores e obra &hellip;<\/p>\n","protected":false},"author":1,"featured_media":427,"comment_status":"open","ping_status":"closed","sticky":false,"template":"","format":"standard","meta":{"footnotes":""},"categories":[2],"tags":[],"class_list":["post-152","post","type-post","status-publish","format-standard","has-post-thumbnail","hentry","category-destaques-home"],"yoast_head":"<!-- This site is optimized with the Yoast SEO plugin v26.1.1 - https:\/\/yoast.com\/wordpress\/plugins\/seo\/ -->\n<title>Filarm\u00f4nica de Minas Gerais realiza Mostra no Trem da Vale &#8212; Trem da Vale<\/title>\n<meta name=\"robots\" content=\"index, follow, max-snippet:-1, max-image-preview:large, max-video-preview:-1\" \/>\n<link rel=\"canonical\" href=\"https:\/\/tremdavale.org\/pt\/filarmonica-de-minas-gerais-realiza-mostra-no-trem-da-vale\/\" \/>\n<meta property=\"og:locale\" content=\"pt_PT\" \/>\n<meta property=\"og:type\" content=\"article\" \/>\n<meta property=\"og:title\" content=\"Filarm\u00f4nica de Minas Gerais realiza Mostra no Trem da Vale &#8212; Trem da Vale\" \/>\n<meta property=\"og:description\" content=\"De 16 a 21 de julho, os visitantes do Trem da Vale, em Ouro Preto, poder\u00e3o ver, ouvir e conversar sobre m\u00fasica sinf\u00f4nica de um modo especial. Concertos executados pela Orquestra Filarm\u00f4nica de Minas Gerais ser\u00e3o exibidos no Vag\u00e3o Caf\u00e9, antecedidos por uma breve exposi\u00e7\u00e3o sobre seus compositores e obra &hellip;\" \/>\n<meta property=\"og:url\" content=\"https:\/\/tremdavale.org\/pt\/filarmonica-de-minas-gerais-realiza-mostra-no-trem-da-vale\/\" \/>\n<meta property=\"og:site_name\" content=\"Trem da Vale\" \/>\n<meta property=\"article:published_time\" content=\"2013-08-25T04:47:00+00:00\" \/>\n<meta property=\"article:modified_time\" content=\"2025-10-10T11:57:00+00:00\" \/>\n<meta property=\"og:image\" content=\"https:\/\/tremdavale.org\/wp-content\/uploads\/imagem_filarmonica2.jpg\" \/>\n\t<meta property=\"og:image:width\" content=\"227\" \/>\n\t<meta property=\"og:image:height\" content=\"101\" \/>\n\t<meta property=\"og:image:type\" content=\"image\/jpeg\" \/>\n<meta name=\"author\" content=\"admin\" \/>\n<meta name=\"twitter:card\" content=\"summary_large_image\" \/>\n<meta name=\"twitter:label1\" content=\"Escrito por\" \/>\n\t<meta name=\"twitter:data1\" content=\"admin\" \/>\n\t<meta name=\"twitter:label2\" content=\"Tempo estimado de leitura\" \/>\n\t<meta name=\"twitter:data2\" content=\"3 minutos\" \/>\n<script type=\"application\/ld+json\" class=\"yoast-schema-graph\">{\"@context\":\"https:\/\/schema.org\",\"@graph\":[{\"@type\":\"WebPage\",\"@id\":\"https:\/\/tremdavale.org\/pt\/filarmonica-de-minas-gerais-realiza-mostra-no-trem-da-vale\/\",\"url\":\"https:\/\/tremdavale.org\/pt\/filarmonica-de-minas-gerais-realiza-mostra-no-trem-da-vale\/\",\"name\":\"Filarm\u00f4nica de Minas Gerais realiza Mostra no Trem da Vale &#8212; Trem da Vale\",\"isPartOf\":{\"@id\":\"https:\/\/tremdavale.org\/pt\/#website\"},\"primaryImageOfPage\":{\"@id\":\"https:\/\/tremdavale.org\/pt\/filarmonica-de-minas-gerais-realiza-mostra-no-trem-da-vale\/#primaryimage\"},\"image\":{\"@id\":\"https:\/\/tremdavale.org\/pt\/filarmonica-de-minas-gerais-realiza-mostra-no-trem-da-vale\/#primaryimage\"},\"thumbnailUrl\":\"https:\/\/tremdavale.org\/wp-content\/uploads\/imagem_filarmonica2.jpg\",\"datePublished\":\"2013-08-25T04:47:00+00:00\",\"dateModified\":\"2025-10-10T11:57:00+00:00\",\"author\":{\"@id\":\"https:\/\/tremdavale.org\/pt\/#\/schema\/person\/50912137d47426d31329f246d02eaeca\"},\"breadcrumb\":{\"@id\":\"https:\/\/tremdavale.org\/pt\/filarmonica-de-minas-gerais-realiza-mostra-no-trem-da-vale\/#breadcrumb\"},\"inLanguage\":\"pt-PT\",\"potentialAction\":[{\"@type\":\"ReadAction\",\"target\":[\"https:\/\/tremdavale.org\/pt\/filarmonica-de-minas-gerais-realiza-mostra-no-trem-da-vale\/\"]}]},{\"@type\":\"ImageObject\",\"inLanguage\":\"pt-PT\",\"@id\":\"https:\/\/tremdavale.org\/pt\/filarmonica-de-minas-gerais-realiza-mostra-no-trem-da-vale\/#primaryimage\",\"url\":\"https:\/\/tremdavale.org\/wp-content\/uploads\/imagem_filarmonica2.jpg\",\"contentUrl\":\"https:\/\/tremdavale.org\/wp-content\/uploads\/imagem_filarmonica2.jpg\",\"width\":227,\"height\":101},{\"@type\":\"BreadcrumbList\",\"@id\":\"https:\/\/tremdavale.org\/pt\/filarmonica-de-minas-gerais-realiza-mostra-no-trem-da-vale\/#breadcrumb\",\"itemListElement\":[{\"@type\":\"ListItem\",\"position\":1,\"name\":\"In\u00edcio\",\"item\":\"https:\/\/tremdavale.org\/pt\/\"},{\"@type\":\"ListItem\",\"position\":2,\"name\":\"Filarm\u00f4nica de Minas Gerais realiza Mostra no Trem da Vale\"}]},{\"@type\":\"WebSite\",\"@id\":\"https:\/\/tremdavale.org\/pt\/#website\",\"url\":\"https:\/\/tremdavale.org\/pt\/\",\"name\":\"Trem da Vale\",\"description\":\"Programa de Educa\u00e7\u00e3o Patrimonial\",\"potentialAction\":[{\"@type\":\"SearchAction\",\"target\":{\"@type\":\"EntryPoint\",\"urlTemplate\":\"https:\/\/tremdavale.org\/pt\/?s={search_term_string}\"},\"query-input\":{\"@type\":\"PropertyValueSpecification\",\"valueRequired\":true,\"valueName\":\"search_term_string\"}}],\"inLanguage\":\"pt-PT\"},{\"@type\":\"Person\",\"@id\":\"https:\/\/tremdavale.org\/pt\/#\/schema\/person\/50912137d47426d31329f246d02eaeca\",\"name\":\"admin\",\"image\":{\"@type\":\"ImageObject\",\"inLanguage\":\"pt-PT\",\"@id\":\"https:\/\/tremdavale.org\/pt\/#\/schema\/person\/image\/\",\"url\":\"https:\/\/secure.gravatar.com\/avatar\/b3564f0fda6ea47959fe96a4217203e79a167568a37409758659bc3ba443b452?s=96&d=mm&r=g\",\"contentUrl\":\"https:\/\/secure.gravatar.com\/avatar\/b3564f0fda6ea47959fe96a4217203e79a167568a37409758659bc3ba443b452?s=96&d=mm&r=g\",\"caption\":\"admin\"},\"sameAs\":[\"https:\/\/tremdavale.org\"],\"url\":\"https:\/\/tremdavale.org\/pt\/author\/admin\/\"}]}<\/script>\n<!-- \/ Yoast SEO plugin. -->","yoast_head_json":{"title":"Filarm\u00f4nica de Minas Gerais realiza Mostra no Trem da Vale &#8212; Trem da Vale","robots":{"index":"index","follow":"follow","max-snippet":"max-snippet:-1","max-image-preview":"max-image-preview:large","max-video-preview":"max-video-preview:-1"},"canonical":"https:\/\/tremdavale.org\/pt\/filarmonica-de-minas-gerais-realiza-mostra-no-trem-da-vale\/","og_locale":"pt_PT","og_type":"article","og_title":"Filarm\u00f4nica de Minas Gerais realiza Mostra no Trem da Vale &#8212; Trem da Vale","og_description":"De 16 a 21 de julho, os visitantes do Trem da Vale, em Ouro Preto, poder\u00e3o ver, ouvir e conversar sobre m\u00fasica sinf\u00f4nica de um modo especial. Concertos executados pela Orquestra Filarm\u00f4nica de Minas Gerais ser\u00e3o exibidos no Vag\u00e3o Caf\u00e9, antecedidos por uma breve exposi\u00e7\u00e3o sobre seus compositores e obra &hellip;","og_url":"https:\/\/tremdavale.org\/pt\/filarmonica-de-minas-gerais-realiza-mostra-no-trem-da-vale\/","og_site_name":"Trem da Vale","article_published_time":"2013-08-25T04:47:00+00:00","article_modified_time":"2025-10-10T11:57:00+00:00","og_image":[{"width":227,"height":101,"url":"https:\/\/tremdavale.org\/wp-content\/uploads\/imagem_filarmonica2.jpg","type":"image\/jpeg"}],"author":"admin","twitter_card":"summary_large_image","twitter_misc":{"Escrito por":"admin","Tempo estimado de leitura":"3 minutos"},"schema":{"@context":"https:\/\/schema.org","@graph":[{"@type":"WebPage","@id":"https:\/\/tremdavale.org\/pt\/filarmonica-de-minas-gerais-realiza-mostra-no-trem-da-vale\/","url":"https:\/\/tremdavale.org\/pt\/filarmonica-de-minas-gerais-realiza-mostra-no-trem-da-vale\/","name":"Filarm\u00f4nica de Minas Gerais realiza Mostra no Trem da Vale &#8212; Trem da Vale","isPartOf":{"@id":"https:\/\/tremdavale.org\/pt\/#website"},"primaryImageOfPage":{"@id":"https:\/\/tremdavale.org\/pt\/filarmonica-de-minas-gerais-realiza-mostra-no-trem-da-vale\/#primaryimage"},"image":{"@id":"https:\/\/tremdavale.org\/pt\/filarmonica-de-minas-gerais-realiza-mostra-no-trem-da-vale\/#primaryimage"},"thumbnailUrl":"https:\/\/tremdavale.org\/wp-content\/uploads\/imagem_filarmonica2.jpg","datePublished":"2013-08-25T04:47:00+00:00","dateModified":"2025-10-10T11:57:00+00:00","author":{"@id":"https:\/\/tremdavale.org\/pt\/#\/schema\/person\/50912137d47426d31329f246d02eaeca"},"breadcrumb":{"@id":"https:\/\/tremdavale.org\/pt\/filarmonica-de-minas-gerais-realiza-mostra-no-trem-da-vale\/#breadcrumb"},"inLanguage":"pt-PT","potentialAction":[{"@type":"ReadAction","target":["https:\/\/tremdavale.org\/pt\/filarmonica-de-minas-gerais-realiza-mostra-no-trem-da-vale\/"]}]},{"@type":"ImageObject","inLanguage":"pt-PT","@id":"https:\/\/tremdavale.org\/pt\/filarmonica-de-minas-gerais-realiza-mostra-no-trem-da-vale\/#primaryimage","url":"https:\/\/tremdavale.org\/wp-content\/uploads\/imagem_filarmonica2.jpg","contentUrl":"https:\/\/tremdavale.org\/wp-content\/uploads\/imagem_filarmonica2.jpg","width":227,"height":101},{"@type":"BreadcrumbList","@id":"https:\/\/tremdavale.org\/pt\/filarmonica-de-minas-gerais-realiza-mostra-no-trem-da-vale\/#breadcrumb","itemListElement":[{"@type":"ListItem","position":1,"name":"In\u00edcio","item":"https:\/\/tremdavale.org\/pt\/"},{"@type":"ListItem","position":2,"name":"Filarm\u00f4nica de Minas Gerais realiza Mostra no Trem da Vale"}]},{"@type":"WebSite","@id":"https:\/\/tremdavale.org\/pt\/#website","url":"https:\/\/tremdavale.org\/pt\/","name":"Trem da Vale","description":"Programa de Educa\u00e7\u00e3o Patrimonial","potentialAction":[{"@type":"SearchAction","target":{"@type":"EntryPoint","urlTemplate":"https:\/\/tremdavale.org\/pt\/?s={search_term_string}"},"query-input":{"@type":"PropertyValueSpecification","valueRequired":true,"valueName":"search_term_string"}}],"inLanguage":"pt-PT"},{"@type":"Person","@id":"https:\/\/tremdavale.org\/pt\/#\/schema\/person\/50912137d47426d31329f246d02eaeca","name":"admin","image":{"@type":"ImageObject","inLanguage":"pt-PT","@id":"https:\/\/tremdavale.org\/pt\/#\/schema\/person\/image\/","url":"https:\/\/secure.gravatar.com\/avatar\/b3564f0fda6ea47959fe96a4217203e79a167568a37409758659bc3ba443b452?s=96&d=mm&r=g","contentUrl":"https:\/\/secure.gravatar.com\/avatar\/b3564f0fda6ea47959fe96a4217203e79a167568a37409758659bc3ba443b452?s=96&d=mm&r=g","caption":"admin"},"sameAs":["https:\/\/tremdavale.org"],"url":"https:\/\/tremdavale.org\/pt\/author\/admin\/"}]}},"_links":{"self":[{"href":"https:\/\/tremdavale.org\/pt\/wp-json\/wp\/v2\/posts\/152","targetHints":{"allow":["GET"]}}],"collection":[{"href":"https:\/\/tremdavale.org\/pt\/wp-json\/wp\/v2\/posts"}],"about":[{"href":"https:\/\/tremdavale.org\/pt\/wp-json\/wp\/v2\/types\/post"}],"author":[{"embeddable":true,"href":"https:\/\/tremdavale.org\/pt\/wp-json\/wp\/v2\/users\/1"}],"replies":[{"embeddable":true,"href":"https:\/\/tremdavale.org\/pt\/wp-json\/wp\/v2\/comments?post=152"}],"version-history":[{"count":0,"href":"https:\/\/tremdavale.org\/pt\/wp-json\/wp\/v2\/posts\/152\/revisions"}],"wp:featuredmedia":[{"embeddable":true,"href":"https:\/\/tremdavale.org\/pt\/wp-json\/wp\/v2\/media\/427"}],"wp:attachment":[{"href":"https:\/\/tremdavale.org\/pt\/wp-json\/wp\/v2\/media?parent=152"}],"wp:term":[{"taxonomy":"category","embeddable":true,"href":"https:\/\/tremdavale.org\/pt\/wp-json\/wp\/v2\/categories?post=152"},{"taxonomy":"post_tag","embeddable":true,"href":"https:\/\/tremdavale.org\/pt\/wp-json\/wp\/v2\/tags?post=152"}],"curies":[{"name":"wp","href":"https:\/\/api.w.org\/{rel}","templated":true}]}}