{"id":153,"date":"2013-08-25T04:47:00","date_gmt":"2013-08-25T04:47:00","guid":{"rendered":"https:\/\/tremdavale.org\/?p=153"},"modified":"2025-10-10T11:57:00","modified_gmt":"2025-10-10T11:57:00","slug":"finalizacao-da-6-oficina-de-fotografia-digital-em-ouro-preto-e-abertura-da-oficina-em-mariana","status":"publish","type":"post","link":"https:\/\/tremdavale.org\/pt\/finalizacao-da-6-oficina-de-fotografia-digital-em-ouro-preto-e-abertura-da-oficina-em-mariana\/","title":{"rendered":"Finaliza\u00e7\u00e3o da 6\u00aa Oficina de Fotografia Digital em Ouro Preto e abertura da oficina em Mariana"},"content":{"rendered":"<p>A 6\u00aa Oficina de Fotografia Digital do Vale Registrar, etapa Ouro Preto, encerrou-se s\u00e1bado, dia 22 de setembro de 2012, na Esta\u00e7\u00e3o de Ouro Preto. A partir do aprendizado sobre o uso da c\u00e2mera digital que os 13 alunos tiveram durante a oficina, foram realizados registros fotogr\u00e1ficos de manifesta\u00e7\u00f5es, personagens, edifica\u00e7\u00f5es&nbsp;e lugares&nbsp;culturalmente representativos nos bairros Alto da Cruz e Centro.<\/p>\n<p>A etapa Mariana, teve in\u00edcio dia 24 de setembro, na Esta\u00e7\u00e3o de Mariana, sob a coordena\u00e7\u00e3o do fot\u00f3grafo Dimas Dario Guedes. As atividades acontecer\u00e3o at\u00e9 o dia 29 de setembro, de segunda a s\u00e1bado, de 08h \u00e0s 12h, com a participa\u00e7\u00e3o de 14 alunos selecionados.<\/p>\n<p>A oficina tem como objetivo explorar o olhar dos participantes sobre a composi\u00e7\u00e3o e o desenho na fotografia digital, abordando os seguintes t\u00f3picos: uso correto da c\u00e2mera digital; ponto, reta e plano; hist\u00f3ria da fotografia; erros mais comuns; import\u00e2ncia e treino do olhar; trabalho de aplica\u00e7\u00e3o pr\u00e1tica; sele\u00e7\u00e3o e tratamento das imagens; discuss\u00e3o dos resultados; amplia\u00e7\u00e3o e impress\u00e3o.&nbsp; A inten\u00e7\u00e3o \u00e9 que os participantes da oficina possam documentar pela fotografia os modos de viver existentes nos bairros selecionados, e a partir das imagens geradas, pessoas e espa\u00e7os de sua refer\u00eancia poder\u00e3o ser revelados e (re)conhecidos, com caracter\u00edsticas e peculiaridades que lhes representam e identificam.<\/p>\n<p>Ap\u00f3s a realiza\u00e7\u00e3o da oficina, est\u00e1 prevista uma exposi\u00e7\u00e3o com fotografias feitas pelos alunos, nas plataformas das Esta\u00e7\u00f5es de Mariana e de Ouro Preto e em espa\u00e7os de uso coletivo nos bairros registrados.<\/p>\n<p>&nbsp;<\/p>\n<p><img loading=\"lazy\" decoding=\"async\" class=\"size-medium\" title=\"01-6c2aa-ofifoto-op1\" src=\"\/wp-content\/uploads\/01-6c2aa-ofifoto-op1-300x212.jpg\" alt=\"01-6c2aa-ofifoto-op1\" width=\"300\" height=\"212\"><\/p>\n<p>Os alunos da 6\u00aa Oficina de Fotografia Digital editam as fotos selecionadas, na Sala Multiuso da Esta\u00e7\u00e3o Ferrovi\u00e1ria de Ouro Preto. Foto: Dalila Carneiro.<\/p>\n<p>&nbsp;<\/p>\n<p><img loading=\"lazy\" decoding=\"async\" class=\"size-medium\" title=\"02-6c2aa-ofifoto-op1\" src=\"\/wp-content\/uploads\/02-6c2aa-ofifoto-op1-300x199.jpg\" alt=\"02-6c2aa-ofifoto-op1\" width=\"300\" height=\"199\"><\/p>\n<p>O instrutor da 6\u00aa Oficina de Fotografia Digital, Dimas Guedes, analisa as fotos do aluno Leonardo Penna, na Sala Multiuso da Esta\u00e7\u00e3o Ferrovi\u00e1ria de Ouro Preto. Foto: Dalila Carneiro<\/p>\n<p>&nbsp;<\/p>\n<p><img loading=\"lazy\" decoding=\"async\" class=\"size-medium\" title=\"03-6c2aa-ofifoto-op2\" src=\"\/wp-content\/uploads\/03-6c2aa-ofifoto-op2-300x225.jpg\" alt=\"03-6c2aa-ofifoto-op2\" width=\"300\" height=\"225\"><\/p>\n<p>O instrutor da 6\u00aa Oficina de Fotografia Digital, Dimas Guedes, entrega o certificado de conclus\u00e3o da oficina para a aluna Bruna Gorete, na Sala Multiuso da Esta\u00e7\u00e3o Ferrovi\u00e1ria de Ouro Preto. Foto: Cristiane Evangelista<\/p>\n<p>&nbsp;<\/p>\n<p><img loading=\"lazy\" decoding=\"async\" class=\"size-medium\" title=\"03_-6c2aa_ofifoto_ma_menor\" src=\"\/wp-content\/uploads\/03_-6c2aa_ofifoto_ma_menor-300x189.jpg\" alt=\"03_-6c2aa_ofifoto_ma_menor\" width=\"300\" height=\"189\"><\/p>\n<p>O professor Dimas Guedes d\u00e1 in\u00edcio \u00e0s atividades te\u00f3ricas da 6\u00aa Oficina de Fotografia Digital na Sala Multiuso da Esta\u00e7\u00e3o Ferrovi\u00e1ria de Mariana. Data: 24.09.2012. Foto: Cristiane Evangelista<\/p>\n<p>&nbsp;<\/p>\n<p><img loading=\"lazy\" decoding=\"async\" class=\"size-medium\" title=\"01_-6c2aa_ofifoto_ma\" src=\"\/wp-content\/uploads\/01_-6c2aa_ofifoto_ma-300x199.jpg\" alt=\"01_-6c2aa_ofifoto_ma\" width=\"300\" height=\"199\"><\/p>\n<p>Os alunos da 6\u00aa Oficina de Fotografia Digital aguardam o in\u00edcio das atividades na Sala Multiuso da Esta\u00e7\u00e3o Ferrovi\u00e1ria de Mariana. Data: 24.09.2012. Foto: Leonardo Penna.<\/p>\n<p>&nbsp;<\/p>\n<p><img loading=\"lazy\" decoding=\"async\" class=\"size-medium\" title=\"02_-6c2aa_ofifoto_ma1\" src=\"\/wp-content\/uploads\/02_-6c2aa_ofifoto_ma1-300x222.jpg\" alt=\"02_-6c2aa_ofifoto_ma1\" width=\"300\" height=\"222\"><\/p>\n<p>A Gerente do Apoio T\u00e9cnico-Administrativo do Vale Registrar, Rosilene Figueiredo, faz a abertura da 6\u00aa Oficina de Fotografia Digital na Sala Multiuso da Esta\u00e7\u00e3o Ferrovi\u00e1ria de Mariana. Data: 24.09.2012. Foto: Cristiane Evangelista<\/p>\n<p>&nbsp;<\/p>\n<p><!--more--><\/p>\n<p>&nbsp;<\/p>\n","protected":false},"excerpt":{"rendered":"<p>A 6\u00aa Oficina de Fotografia Digital do Vale Registrar, etapa Ouro Preto, encerrou-se s\u00e1bado, dia 22 de setembro de 2012, na Esta\u00e7\u00e3o de Ouro Preto. A partir do aprendizado sobre o uso da c\u00e2mera digital que os 13 alunos tiveram durante a oficina, foram realizados registros fotogr\u00e1ficos de manifesta\u00e7\u00f5es, personagens, &hellip;<\/p>\n","protected":false},"author":1,"featured_media":428,"comment_status":"open","ping_status":"closed","sticky":false,"template":"","format":"standard","meta":{"footnotes":""},"categories":[2],"tags":[],"class_list":["post-153","post","type-post","status-publish","format-standard","has-post-thumbnail","hentry","category-destaques-home"],"yoast_head":"<!-- This site is optimized with the Yoast SEO plugin v26.1.1 - https:\/\/yoast.com\/wordpress\/plugins\/seo\/ -->\n<title>Finaliza\u00e7\u00e3o da 6\u00aa Oficina de Fotografia Digital em Ouro Preto e abertura da oficina em Mariana &#8212; Trem da Vale<\/title>\n<meta name=\"robots\" content=\"index, follow, max-snippet:-1, max-image-preview:large, max-video-preview:-1\" \/>\n<link rel=\"canonical\" href=\"https:\/\/tremdavale.org\/pt\/finalizacao-da-6-oficina-de-fotografia-digital-em-ouro-preto-e-abertura-da-oficina-em-mariana\/\" \/>\n<meta property=\"og:locale\" content=\"pt_PT\" \/>\n<meta property=\"og:type\" content=\"article\" \/>\n<meta property=\"og:title\" content=\"Finaliza\u00e7\u00e3o da 6\u00aa Oficina de Fotografia Digital em Ouro Preto e abertura da oficina em Mariana &#8212; Trem da Vale\" \/>\n<meta property=\"og:description\" content=\"A 6\u00aa Oficina de Fotografia Digital do Vale Registrar, etapa Ouro Preto, encerrou-se s\u00e1bado, dia 22 de setembro de 2012, na Esta\u00e7\u00e3o de Ouro Preto. A partir do aprendizado sobre o uso da c\u00e2mera digital que os 13 alunos tiveram durante a oficina, foram realizados registros fotogr\u00e1ficos de manifesta\u00e7\u00f5es, personagens, &hellip;\" \/>\n<meta property=\"og:url\" content=\"https:\/\/tremdavale.org\/pt\/finalizacao-da-6-oficina-de-fotografia-digital-em-ouro-preto-e-abertura-da-oficina-em-mariana\/\" \/>\n<meta property=\"og:site_name\" content=\"Trem da Vale\" \/>\n<meta property=\"article:published_time\" content=\"2013-08-25T04:47:00+00:00\" \/>\n<meta property=\"article:modified_time\" content=\"2025-10-10T11:57:00+00:00\" \/>\n<meta property=\"og:image\" content=\"https:\/\/tremdavale.org\/wp-content\/uploads\/01-6c2aa-ofifoto-op1-300x212.jpg\" \/>\n\t<meta property=\"og:image:width\" content=\"300\" \/>\n\t<meta property=\"og:image:height\" content=\"212\" \/>\n\t<meta property=\"og:image:type\" content=\"image\/jpeg\" \/>\n<meta name=\"author\" content=\"admin\" \/>\n<meta name=\"twitter:card\" content=\"summary_large_image\" \/>\n<meta name=\"twitter:label1\" content=\"Escrito por\" \/>\n\t<meta name=\"twitter:data1\" content=\"admin\" \/>\n\t<meta name=\"twitter:label2\" content=\"Tempo estimado de leitura\" \/>\n\t<meta name=\"twitter:data2\" content=\"2 minutos\" \/>\n<script type=\"application\/ld+json\" class=\"yoast-schema-graph\">{\"@context\":\"https:\/\/schema.org\",\"@graph\":[{\"@type\":\"WebPage\",\"@id\":\"https:\/\/tremdavale.org\/pt\/finalizacao-da-6-oficina-de-fotografia-digital-em-ouro-preto-e-abertura-da-oficina-em-mariana\/\",\"url\":\"https:\/\/tremdavale.org\/pt\/finalizacao-da-6-oficina-de-fotografia-digital-em-ouro-preto-e-abertura-da-oficina-em-mariana\/\",\"name\":\"Finaliza\u00e7\u00e3o da 6\u00aa Oficina de Fotografia Digital em Ouro Preto e abertura da oficina em Mariana &#8212; Trem da Vale\",\"isPartOf\":{\"@id\":\"https:\/\/tremdavale.org\/pt\/#website\"},\"primaryImageOfPage\":{\"@id\":\"https:\/\/tremdavale.org\/pt\/finalizacao-da-6-oficina-de-fotografia-digital-em-ouro-preto-e-abertura-da-oficina-em-mariana\/#primaryimage\"},\"image\":{\"@id\":\"https:\/\/tremdavale.org\/pt\/finalizacao-da-6-oficina-de-fotografia-digital-em-ouro-preto-e-abertura-da-oficina-em-mariana\/#primaryimage\"},\"thumbnailUrl\":\"https:\/\/tremdavale.org\/wp-content\/uploads\/01-6c2aa-ofifoto-op1-300x212.jpg\",\"datePublished\":\"2013-08-25T04:47:00+00:00\",\"dateModified\":\"2025-10-10T11:57:00+00:00\",\"author\":{\"@id\":\"https:\/\/tremdavale.org\/pt\/#\/schema\/person\/50912137d47426d31329f246d02eaeca\"},\"breadcrumb\":{\"@id\":\"https:\/\/tremdavale.org\/pt\/finalizacao-da-6-oficina-de-fotografia-digital-em-ouro-preto-e-abertura-da-oficina-em-mariana\/#breadcrumb\"},\"inLanguage\":\"pt-PT\",\"potentialAction\":[{\"@type\":\"ReadAction\",\"target\":[\"https:\/\/tremdavale.org\/pt\/finalizacao-da-6-oficina-de-fotografia-digital-em-ouro-preto-e-abertura-da-oficina-em-mariana\/\"]}]},{\"@type\":\"ImageObject\",\"inLanguage\":\"pt-PT\",\"@id\":\"https:\/\/tremdavale.org\/pt\/finalizacao-da-6-oficina-de-fotografia-digital-em-ouro-preto-e-abertura-da-oficina-em-mariana\/#primaryimage\",\"url\":\"https:\/\/tremdavale.org\/wp-content\/uploads\/01-6c2aa-ofifoto-op1-300x212.jpg\",\"contentUrl\":\"https:\/\/tremdavale.org\/wp-content\/uploads\/01-6c2aa-ofifoto-op1-300x212.jpg\",\"width\":300,\"height\":212},{\"@type\":\"BreadcrumbList\",\"@id\":\"https:\/\/tremdavale.org\/pt\/finalizacao-da-6-oficina-de-fotografia-digital-em-ouro-preto-e-abertura-da-oficina-em-mariana\/#breadcrumb\",\"itemListElement\":[{\"@type\":\"ListItem\",\"position\":1,\"name\":\"In\u00edcio\",\"item\":\"https:\/\/tremdavale.org\/pt\/\"},{\"@type\":\"ListItem\",\"position\":2,\"name\":\"Finaliza\u00e7\u00e3o da 6\u00aa Oficina de Fotografia Digital em Ouro Preto e abertura da oficina em Mariana\"}]},{\"@type\":\"WebSite\",\"@id\":\"https:\/\/tremdavale.org\/pt\/#website\",\"url\":\"https:\/\/tremdavale.org\/pt\/\",\"name\":\"Trem da Vale\",\"description\":\"Programa de Educa\u00e7\u00e3o Patrimonial\",\"potentialAction\":[{\"@type\":\"SearchAction\",\"target\":{\"@type\":\"EntryPoint\",\"urlTemplate\":\"https:\/\/tremdavale.org\/pt\/?s={search_term_string}\"},\"query-input\":{\"@type\":\"PropertyValueSpecification\",\"valueRequired\":true,\"valueName\":\"search_term_string\"}}],\"inLanguage\":\"pt-PT\"},{\"@type\":\"Person\",\"@id\":\"https:\/\/tremdavale.org\/pt\/#\/schema\/person\/50912137d47426d31329f246d02eaeca\",\"name\":\"admin\",\"image\":{\"@type\":\"ImageObject\",\"inLanguage\":\"pt-PT\",\"@id\":\"https:\/\/tremdavale.org\/pt\/#\/schema\/person\/image\/\",\"url\":\"https:\/\/secure.gravatar.com\/avatar\/b3564f0fda6ea47959fe96a4217203e79a167568a37409758659bc3ba443b452?s=96&d=mm&r=g\",\"contentUrl\":\"https:\/\/secure.gravatar.com\/avatar\/b3564f0fda6ea47959fe96a4217203e79a167568a37409758659bc3ba443b452?s=96&d=mm&r=g\",\"caption\":\"admin\"},\"sameAs\":[\"https:\/\/tremdavale.org\"],\"url\":\"https:\/\/tremdavale.org\/pt\/author\/admin\/\"}]}<\/script>\n<!-- \/ Yoast SEO plugin. -->","yoast_head_json":{"title":"Finaliza\u00e7\u00e3o da 6\u00aa Oficina de Fotografia Digital em Ouro Preto e abertura da oficina em Mariana &#8212; Trem da Vale","robots":{"index":"index","follow":"follow","max-snippet":"max-snippet:-1","max-image-preview":"max-image-preview:large","max-video-preview":"max-video-preview:-1"},"canonical":"https:\/\/tremdavale.org\/pt\/finalizacao-da-6-oficina-de-fotografia-digital-em-ouro-preto-e-abertura-da-oficina-em-mariana\/","og_locale":"pt_PT","og_type":"article","og_title":"Finaliza\u00e7\u00e3o da 6\u00aa Oficina de Fotografia Digital em Ouro Preto e abertura da oficina em Mariana &#8212; Trem da Vale","og_description":"A 6\u00aa Oficina de Fotografia Digital do Vale Registrar, etapa Ouro Preto, encerrou-se s\u00e1bado, dia 22 de setembro de 2012, na Esta\u00e7\u00e3o de Ouro Preto. A partir do aprendizado sobre o uso da c\u00e2mera digital que os 13 alunos tiveram durante a oficina, foram realizados registros fotogr\u00e1ficos de manifesta\u00e7\u00f5es, personagens, &hellip;","og_url":"https:\/\/tremdavale.org\/pt\/finalizacao-da-6-oficina-de-fotografia-digital-em-ouro-preto-e-abertura-da-oficina-em-mariana\/","og_site_name":"Trem da Vale","article_published_time":"2013-08-25T04:47:00+00:00","article_modified_time":"2025-10-10T11:57:00+00:00","og_image":[{"width":300,"height":212,"url":"https:\/\/tremdavale.org\/wp-content\/uploads\/01-6c2aa-ofifoto-op1-300x212.jpg","type":"image\/jpeg"}],"author":"admin","twitter_card":"summary_large_image","twitter_misc":{"Escrito por":"admin","Tempo estimado de leitura":"2 minutos"},"schema":{"@context":"https:\/\/schema.org","@graph":[{"@type":"WebPage","@id":"https:\/\/tremdavale.org\/pt\/finalizacao-da-6-oficina-de-fotografia-digital-em-ouro-preto-e-abertura-da-oficina-em-mariana\/","url":"https:\/\/tremdavale.org\/pt\/finalizacao-da-6-oficina-de-fotografia-digital-em-ouro-preto-e-abertura-da-oficina-em-mariana\/","name":"Finaliza\u00e7\u00e3o da 6\u00aa Oficina de Fotografia Digital em Ouro Preto e abertura da oficina em Mariana &#8212; Trem da Vale","isPartOf":{"@id":"https:\/\/tremdavale.org\/pt\/#website"},"primaryImageOfPage":{"@id":"https:\/\/tremdavale.org\/pt\/finalizacao-da-6-oficina-de-fotografia-digital-em-ouro-preto-e-abertura-da-oficina-em-mariana\/#primaryimage"},"image":{"@id":"https:\/\/tremdavale.org\/pt\/finalizacao-da-6-oficina-de-fotografia-digital-em-ouro-preto-e-abertura-da-oficina-em-mariana\/#primaryimage"},"thumbnailUrl":"https:\/\/tremdavale.org\/wp-content\/uploads\/01-6c2aa-ofifoto-op1-300x212.jpg","datePublished":"2013-08-25T04:47:00+00:00","dateModified":"2025-10-10T11:57:00+00:00","author":{"@id":"https:\/\/tremdavale.org\/pt\/#\/schema\/person\/50912137d47426d31329f246d02eaeca"},"breadcrumb":{"@id":"https:\/\/tremdavale.org\/pt\/finalizacao-da-6-oficina-de-fotografia-digital-em-ouro-preto-e-abertura-da-oficina-em-mariana\/#breadcrumb"},"inLanguage":"pt-PT","potentialAction":[{"@type":"ReadAction","target":["https:\/\/tremdavale.org\/pt\/finalizacao-da-6-oficina-de-fotografia-digital-em-ouro-preto-e-abertura-da-oficina-em-mariana\/"]}]},{"@type":"ImageObject","inLanguage":"pt-PT","@id":"https:\/\/tremdavale.org\/pt\/finalizacao-da-6-oficina-de-fotografia-digital-em-ouro-preto-e-abertura-da-oficina-em-mariana\/#primaryimage","url":"https:\/\/tremdavale.org\/wp-content\/uploads\/01-6c2aa-ofifoto-op1-300x212.jpg","contentUrl":"https:\/\/tremdavale.org\/wp-content\/uploads\/01-6c2aa-ofifoto-op1-300x212.jpg","width":300,"height":212},{"@type":"BreadcrumbList","@id":"https:\/\/tremdavale.org\/pt\/finalizacao-da-6-oficina-de-fotografia-digital-em-ouro-preto-e-abertura-da-oficina-em-mariana\/#breadcrumb","itemListElement":[{"@type":"ListItem","position":1,"name":"In\u00edcio","item":"https:\/\/tremdavale.org\/pt\/"},{"@type":"ListItem","position":2,"name":"Finaliza\u00e7\u00e3o da 6\u00aa Oficina de Fotografia Digital em Ouro Preto e abertura da oficina em Mariana"}]},{"@type":"WebSite","@id":"https:\/\/tremdavale.org\/pt\/#website","url":"https:\/\/tremdavale.org\/pt\/","name":"Trem da Vale","description":"Programa de Educa\u00e7\u00e3o Patrimonial","potentialAction":[{"@type":"SearchAction","target":{"@type":"EntryPoint","urlTemplate":"https:\/\/tremdavale.org\/pt\/?s={search_term_string}"},"query-input":{"@type":"PropertyValueSpecification","valueRequired":true,"valueName":"search_term_string"}}],"inLanguage":"pt-PT"},{"@type":"Person","@id":"https:\/\/tremdavale.org\/pt\/#\/schema\/person\/50912137d47426d31329f246d02eaeca","name":"admin","image":{"@type":"ImageObject","inLanguage":"pt-PT","@id":"https:\/\/tremdavale.org\/pt\/#\/schema\/person\/image\/","url":"https:\/\/secure.gravatar.com\/avatar\/b3564f0fda6ea47959fe96a4217203e79a167568a37409758659bc3ba443b452?s=96&d=mm&r=g","contentUrl":"https:\/\/secure.gravatar.com\/avatar\/b3564f0fda6ea47959fe96a4217203e79a167568a37409758659bc3ba443b452?s=96&d=mm&r=g","caption":"admin"},"sameAs":["https:\/\/tremdavale.org"],"url":"https:\/\/tremdavale.org\/pt\/author\/admin\/"}]}},"_links":{"self":[{"href":"https:\/\/tremdavale.org\/pt\/wp-json\/wp\/v2\/posts\/153","targetHints":{"allow":["GET"]}}],"collection":[{"href":"https:\/\/tremdavale.org\/pt\/wp-json\/wp\/v2\/posts"}],"about":[{"href":"https:\/\/tremdavale.org\/pt\/wp-json\/wp\/v2\/types\/post"}],"author":[{"embeddable":true,"href":"https:\/\/tremdavale.org\/pt\/wp-json\/wp\/v2\/users\/1"}],"replies":[{"embeddable":true,"href":"https:\/\/tremdavale.org\/pt\/wp-json\/wp\/v2\/comments?post=153"}],"version-history":[{"count":0,"href":"https:\/\/tremdavale.org\/pt\/wp-json\/wp\/v2\/posts\/153\/revisions"}],"wp:featuredmedia":[{"embeddable":true,"href":"https:\/\/tremdavale.org\/pt\/wp-json\/wp\/v2\/media\/428"}],"wp:attachment":[{"href":"https:\/\/tremdavale.org\/pt\/wp-json\/wp\/v2\/media?parent=153"}],"wp:term":[{"taxonomy":"category","embeddable":true,"href":"https:\/\/tremdavale.org\/pt\/wp-json\/wp\/v2\/categories?post=153"},{"taxonomy":"post_tag","embeddable":true,"href":"https:\/\/tremdavale.org\/pt\/wp-json\/wp\/v2\/tags?post=153"}],"curies":[{"name":"wp","href":"https:\/\/api.w.org\/{rel}","templated":true}]}}