{"id":155,"date":"2013-08-25T05:11:00","date_gmt":"2013-08-25T05:11:00","guid":{"rendered":"https:\/\/tremdavale.org\/?p=155"},"modified":"2025-10-10T11:57:00","modified_gmt":"2025-10-10T11:57:00","slug":"flutuar-orquestra-de-flautas-se-apresenta-nas-estacoes-ferroviarias-de-ouro-preto-e-de-mariana","status":"publish","type":"post","link":"https:\/\/tremdavale.org\/pt\/flutuar-orquestra-de-flautas-se-apresenta-nas-estacoes-ferroviarias-de-ouro-preto-e-de-mariana\/","title":{"rendered":"Flutuar Orquestra de Flautas se apresenta nas Esta\u00e7\u00f5es Ferrovi\u00e1rias de Ouro Preto e de Mariana"},"content":{"rendered":"<p><span><span>A Flutuar Orquestra de Flautas, em seu mais recente projeto, Trens para Flutuar, consolida um percurso de seis anos de vida e convida a todos para uma turn\u00ea, um passeio por cidades que tiveram, e t\u00eam, sua hist\u00f3ria ligada \u00e0 hist\u00f3ria dos trens em Minas Gerais. Todas as apresenta\u00e7\u00f5es ser\u00e3o gratuitas, sendo as primeiras em Ouro Preto, no dia 1\u00b0, e em Mariana, no dia 2 de setembro. Em se<\/span><\/span><span><span>guida, ser\u00e1 a vez de Itabirito, dia 23 de setembro, S\u00e3o Jo\u00e3o del Rei, dia 29 de setembro e Tiradentes 30 de setembro. Os concertos acontecer\u00e3o nas esta\u00e7\u00f5es ferrovi\u00e1rias de cada cidade e a viagem pelos trilhos mineiros se encerra em Belo Horizonte, no dia 05 de outubro no Museu de Artes e Of\u00edcios.<\/span><\/span><\/p>\n<p><span><\/span><\/p>\n<p><span>O repert\u00f3rio desses concertos \u00e9 composto por m\u00fasicas in\u00e9ditas, encomendadas a importantes compositores do Estado e inspiradas no tema \u201co trem de ferro\u201d, e por arranjos de can\u00e7\u00f5es mineiras que fazem refer\u00eancias a trens. Entre essas can\u00e7\u00f5es destacam-se \u201cPonta de areia\u201d, de Milton Nascimento, e \u201cTrem azul\u201d, de L\u00f4 Borges, al\u00e9m da conhecida melodia de \u201cO Trenzinho caipira\u201d, de Villa-Lobos.\u201d<\/span><\/p>\n<p><span>Mais informa\u00e7\u00f5es:&nbsp;<a href=\"\" target=\"_blank\">flutuar@flutuar.org<\/a> ewww.flutuar.org<\/span><\/p>\n<p><span><\/span><\/p>\n<p><span><\/span><\/p>\n<p><span><span><strong>Em Ouro Preto:<\/strong><\/span><\/span><\/p>\n<p><span><strong>&#8211; S\u00e1bado, dia 1\u00ba de setembro, \u00e0s 15:30 na Tenda Cultural da Esta\u00e7\u00e3o<\/strong><\/span><\/p>\n<p><span><strong>&#8211; Domingo, dia 2 de setembro, \u00e0s 11h, na Plataforma da Esta\u00e7\u00e3o Ferrovi\u00e1ria de Mariana<\/strong><\/span><\/p>\n<p style=\"text-align: center;\"><span><strong><img loading=\"lazy\" decoding=\"async\" class=\"aligncenter size-medium\" title=\"orquestra-flautas-flutuar-foto-netum-lima\" src=\"\/wp-content\/uploads\/orquestra-flautas-flutuar-foto-netum-lima-300x200.jpg\" alt=\"orquestra-flautas-flutuar-foto-netum-lima\" width=\"300\" height=\"200\"><\/strong><\/span><\/p>\n<p><span><strong><\/strong><\/span><\/p>\n<p><span><\/span><\/p>\n<p>&nbsp;<\/p>\n","protected":false},"excerpt":{"rendered":"<p>A Flutuar Orquestra de Flautas, em seu mais recente projeto, Trens para Flutuar, consolida um percurso de seis anos de vida e convida a todos para uma turn\u00ea, um passeio por cidades que tiveram, e t\u00eam, sua hist\u00f3ria ligada \u00e0 hist\u00f3ria dos trens em Minas Gerais. Todas as apresenta\u00e7\u00f5es ser\u00e3o &hellip;<\/p>\n","protected":false},"author":1,"featured_media":430,"comment_status":"open","ping_status":"closed","sticky":false,"template":"","format":"standard","meta":{"footnotes":""},"categories":[2],"tags":[],"class_list":["post-155","post","type-post","status-publish","format-standard","has-post-thumbnail","hentry","category-destaques-home"],"yoast_head":"<!-- This site is optimized with the Yoast SEO plugin v26.1.1 - https:\/\/yoast.com\/wordpress\/plugins\/seo\/ -->\n<title>Flutuar Orquestra de Flautas se apresenta nas Esta\u00e7\u00f5es Ferrovi\u00e1rias de Ouro Preto e de Mariana &#8212; Trem da Vale<\/title>\n<meta name=\"robots\" content=\"index, follow, max-snippet:-1, max-image-preview:large, max-video-preview:-1\" \/>\n<link rel=\"canonical\" href=\"https:\/\/tremdavale.org\/pt\/flutuar-orquestra-de-flautas-se-apresenta-nas-estacoes-ferroviarias-de-ouro-preto-e-de-mariana\/\" \/>\n<meta property=\"og:locale\" content=\"pt_PT\" \/>\n<meta property=\"og:type\" content=\"article\" \/>\n<meta property=\"og:title\" content=\"Flutuar Orquestra de Flautas se apresenta nas Esta\u00e7\u00f5es Ferrovi\u00e1rias de Ouro Preto e de Mariana &#8212; Trem da Vale\" \/>\n<meta property=\"og:description\" content=\"A Flutuar Orquestra de Flautas, em seu mais recente projeto, Trens para Flutuar, consolida um percurso de seis anos de vida e convida a todos para uma turn\u00ea, um passeio por cidades que tiveram, e t\u00eam, sua hist\u00f3ria ligada \u00e0 hist\u00f3ria dos trens em Minas Gerais. Todas as apresenta\u00e7\u00f5es ser\u00e3o &hellip;\" \/>\n<meta property=\"og:url\" content=\"https:\/\/tremdavale.org\/pt\/flutuar-orquestra-de-flautas-se-apresenta-nas-estacoes-ferroviarias-de-ouro-preto-e-de-mariana\/\" \/>\n<meta property=\"og:site_name\" content=\"Trem da Vale\" \/>\n<meta property=\"article:published_time\" content=\"2013-08-25T05:11:00+00:00\" \/>\n<meta property=\"article:modified_time\" content=\"2025-10-10T11:57:00+00:00\" \/>\n<meta property=\"og:image\" content=\"https:\/\/tremdavale.org\/wp-content\/uploads\/orquestra-flautas-flutuar-foto-netum-lima-300x200.jpg\" \/>\n\t<meta property=\"og:image:width\" content=\"300\" \/>\n\t<meta property=\"og:image:height\" content=\"200\" \/>\n\t<meta property=\"og:image:type\" content=\"image\/jpeg\" \/>\n<meta name=\"author\" content=\"admin\" \/>\n<meta name=\"twitter:card\" content=\"summary_large_image\" \/>\n<meta name=\"twitter:label1\" content=\"Escrito por\" \/>\n\t<meta name=\"twitter:data1\" content=\"admin\" \/>\n\t<meta name=\"twitter:label2\" content=\"Tempo estimado de leitura\" \/>\n\t<meta name=\"twitter:data2\" content=\"1 minuto\" \/>\n<script type=\"application\/ld+json\" class=\"yoast-schema-graph\">{\"@context\":\"https:\/\/schema.org\",\"@graph\":[{\"@type\":\"WebPage\",\"@id\":\"https:\/\/tremdavale.org\/pt\/flutuar-orquestra-de-flautas-se-apresenta-nas-estacoes-ferroviarias-de-ouro-preto-e-de-mariana\/\",\"url\":\"https:\/\/tremdavale.org\/pt\/flutuar-orquestra-de-flautas-se-apresenta-nas-estacoes-ferroviarias-de-ouro-preto-e-de-mariana\/\",\"name\":\"Flutuar Orquestra de Flautas se apresenta nas Esta\u00e7\u00f5es Ferrovi\u00e1rias de Ouro Preto e de Mariana &#8212; Trem da Vale\",\"isPartOf\":{\"@id\":\"https:\/\/tremdavale.org\/pt\/#website\"},\"primaryImageOfPage\":{\"@id\":\"https:\/\/tremdavale.org\/pt\/flutuar-orquestra-de-flautas-se-apresenta-nas-estacoes-ferroviarias-de-ouro-preto-e-de-mariana\/#primaryimage\"},\"image\":{\"@id\":\"https:\/\/tremdavale.org\/pt\/flutuar-orquestra-de-flautas-se-apresenta-nas-estacoes-ferroviarias-de-ouro-preto-e-de-mariana\/#primaryimage\"},\"thumbnailUrl\":\"https:\/\/tremdavale.org\/wp-content\/uploads\/orquestra-flautas-flutuar-foto-netum-lima-300x200.jpg\",\"datePublished\":\"2013-08-25T05:11:00+00:00\",\"dateModified\":\"2025-10-10T11:57:00+00:00\",\"author\":{\"@id\":\"https:\/\/tremdavale.org\/pt\/#\/schema\/person\/50912137d47426d31329f246d02eaeca\"},\"breadcrumb\":{\"@id\":\"https:\/\/tremdavale.org\/pt\/flutuar-orquestra-de-flautas-se-apresenta-nas-estacoes-ferroviarias-de-ouro-preto-e-de-mariana\/#breadcrumb\"},\"inLanguage\":\"pt-PT\",\"potentialAction\":[{\"@type\":\"ReadAction\",\"target\":[\"https:\/\/tremdavale.org\/pt\/flutuar-orquestra-de-flautas-se-apresenta-nas-estacoes-ferroviarias-de-ouro-preto-e-de-mariana\/\"]}]},{\"@type\":\"ImageObject\",\"inLanguage\":\"pt-PT\",\"@id\":\"https:\/\/tremdavale.org\/pt\/flutuar-orquestra-de-flautas-se-apresenta-nas-estacoes-ferroviarias-de-ouro-preto-e-de-mariana\/#primaryimage\",\"url\":\"https:\/\/tremdavale.org\/wp-content\/uploads\/orquestra-flautas-flutuar-foto-netum-lima-300x200.jpg\",\"contentUrl\":\"https:\/\/tremdavale.org\/wp-content\/uploads\/orquestra-flautas-flutuar-foto-netum-lima-300x200.jpg\",\"width\":300,\"height\":200},{\"@type\":\"BreadcrumbList\",\"@id\":\"https:\/\/tremdavale.org\/pt\/flutuar-orquestra-de-flautas-se-apresenta-nas-estacoes-ferroviarias-de-ouro-preto-e-de-mariana\/#breadcrumb\",\"itemListElement\":[{\"@type\":\"ListItem\",\"position\":1,\"name\":\"In\u00edcio\",\"item\":\"https:\/\/tremdavale.org\/pt\/\"},{\"@type\":\"ListItem\",\"position\":2,\"name\":\"Flutuar Orquestra de Flautas se apresenta nas Esta\u00e7\u00f5es Ferrovi\u00e1rias de Ouro Preto e de Mariana\"}]},{\"@type\":\"WebSite\",\"@id\":\"https:\/\/tremdavale.org\/pt\/#website\",\"url\":\"https:\/\/tremdavale.org\/pt\/\",\"name\":\"Trem da Vale\",\"description\":\"Programa de Educa\u00e7\u00e3o Patrimonial\",\"potentialAction\":[{\"@type\":\"SearchAction\",\"target\":{\"@type\":\"EntryPoint\",\"urlTemplate\":\"https:\/\/tremdavale.org\/pt\/?s={search_term_string}\"},\"query-input\":{\"@type\":\"PropertyValueSpecification\",\"valueRequired\":true,\"valueName\":\"search_term_string\"}}],\"inLanguage\":\"pt-PT\"},{\"@type\":\"Person\",\"@id\":\"https:\/\/tremdavale.org\/pt\/#\/schema\/person\/50912137d47426d31329f246d02eaeca\",\"name\":\"admin\",\"image\":{\"@type\":\"ImageObject\",\"inLanguage\":\"pt-PT\",\"@id\":\"https:\/\/tremdavale.org\/pt\/#\/schema\/person\/image\/\",\"url\":\"https:\/\/secure.gravatar.com\/avatar\/b3564f0fda6ea47959fe96a4217203e79a167568a37409758659bc3ba443b452?s=96&d=mm&r=g\",\"contentUrl\":\"https:\/\/secure.gravatar.com\/avatar\/b3564f0fda6ea47959fe96a4217203e79a167568a37409758659bc3ba443b452?s=96&d=mm&r=g\",\"caption\":\"admin\"},\"sameAs\":[\"https:\/\/tremdavale.org\"],\"url\":\"https:\/\/tremdavale.org\/pt\/author\/admin\/\"}]}<\/script>\n<!-- \/ Yoast SEO plugin. -->","yoast_head_json":{"title":"Flutuar Orquestra de Flautas se apresenta nas Esta\u00e7\u00f5es Ferrovi\u00e1rias de Ouro Preto e de Mariana &#8212; Trem da Vale","robots":{"index":"index","follow":"follow","max-snippet":"max-snippet:-1","max-image-preview":"max-image-preview:large","max-video-preview":"max-video-preview:-1"},"canonical":"https:\/\/tremdavale.org\/pt\/flutuar-orquestra-de-flautas-se-apresenta-nas-estacoes-ferroviarias-de-ouro-preto-e-de-mariana\/","og_locale":"pt_PT","og_type":"article","og_title":"Flutuar Orquestra de Flautas se apresenta nas Esta\u00e7\u00f5es Ferrovi\u00e1rias de Ouro Preto e de Mariana &#8212; Trem da Vale","og_description":"A Flutuar Orquestra de Flautas, em seu mais recente projeto, Trens para Flutuar, consolida um percurso de seis anos de vida e convida a todos para uma turn\u00ea, um passeio por cidades que tiveram, e t\u00eam, sua hist\u00f3ria ligada \u00e0 hist\u00f3ria dos trens em Minas Gerais. Todas as apresenta\u00e7\u00f5es ser\u00e3o &hellip;","og_url":"https:\/\/tremdavale.org\/pt\/flutuar-orquestra-de-flautas-se-apresenta-nas-estacoes-ferroviarias-de-ouro-preto-e-de-mariana\/","og_site_name":"Trem da Vale","article_published_time":"2013-08-25T05:11:00+00:00","article_modified_time":"2025-10-10T11:57:00+00:00","og_image":[{"width":300,"height":200,"url":"https:\/\/tremdavale.org\/wp-content\/uploads\/orquestra-flautas-flutuar-foto-netum-lima-300x200.jpg","type":"image\/jpeg"}],"author":"admin","twitter_card":"summary_large_image","twitter_misc":{"Escrito por":"admin","Tempo estimado de leitura":"1 minuto"},"schema":{"@context":"https:\/\/schema.org","@graph":[{"@type":"WebPage","@id":"https:\/\/tremdavale.org\/pt\/flutuar-orquestra-de-flautas-se-apresenta-nas-estacoes-ferroviarias-de-ouro-preto-e-de-mariana\/","url":"https:\/\/tremdavale.org\/pt\/flutuar-orquestra-de-flautas-se-apresenta-nas-estacoes-ferroviarias-de-ouro-preto-e-de-mariana\/","name":"Flutuar Orquestra de Flautas se apresenta nas Esta\u00e7\u00f5es Ferrovi\u00e1rias de Ouro Preto e de Mariana &#8212; Trem da Vale","isPartOf":{"@id":"https:\/\/tremdavale.org\/pt\/#website"},"primaryImageOfPage":{"@id":"https:\/\/tremdavale.org\/pt\/flutuar-orquestra-de-flautas-se-apresenta-nas-estacoes-ferroviarias-de-ouro-preto-e-de-mariana\/#primaryimage"},"image":{"@id":"https:\/\/tremdavale.org\/pt\/flutuar-orquestra-de-flautas-se-apresenta-nas-estacoes-ferroviarias-de-ouro-preto-e-de-mariana\/#primaryimage"},"thumbnailUrl":"https:\/\/tremdavale.org\/wp-content\/uploads\/orquestra-flautas-flutuar-foto-netum-lima-300x200.jpg","datePublished":"2013-08-25T05:11:00+00:00","dateModified":"2025-10-10T11:57:00+00:00","author":{"@id":"https:\/\/tremdavale.org\/pt\/#\/schema\/person\/50912137d47426d31329f246d02eaeca"},"breadcrumb":{"@id":"https:\/\/tremdavale.org\/pt\/flutuar-orquestra-de-flautas-se-apresenta-nas-estacoes-ferroviarias-de-ouro-preto-e-de-mariana\/#breadcrumb"},"inLanguage":"pt-PT","potentialAction":[{"@type":"ReadAction","target":["https:\/\/tremdavale.org\/pt\/flutuar-orquestra-de-flautas-se-apresenta-nas-estacoes-ferroviarias-de-ouro-preto-e-de-mariana\/"]}]},{"@type":"ImageObject","inLanguage":"pt-PT","@id":"https:\/\/tremdavale.org\/pt\/flutuar-orquestra-de-flautas-se-apresenta-nas-estacoes-ferroviarias-de-ouro-preto-e-de-mariana\/#primaryimage","url":"https:\/\/tremdavale.org\/wp-content\/uploads\/orquestra-flautas-flutuar-foto-netum-lima-300x200.jpg","contentUrl":"https:\/\/tremdavale.org\/wp-content\/uploads\/orquestra-flautas-flutuar-foto-netum-lima-300x200.jpg","width":300,"height":200},{"@type":"BreadcrumbList","@id":"https:\/\/tremdavale.org\/pt\/flutuar-orquestra-de-flautas-se-apresenta-nas-estacoes-ferroviarias-de-ouro-preto-e-de-mariana\/#breadcrumb","itemListElement":[{"@type":"ListItem","position":1,"name":"In\u00edcio","item":"https:\/\/tremdavale.org\/pt\/"},{"@type":"ListItem","position":2,"name":"Flutuar Orquestra de Flautas se apresenta nas Esta\u00e7\u00f5es Ferrovi\u00e1rias de Ouro Preto e de Mariana"}]},{"@type":"WebSite","@id":"https:\/\/tremdavale.org\/pt\/#website","url":"https:\/\/tremdavale.org\/pt\/","name":"Trem da Vale","description":"Programa de Educa\u00e7\u00e3o Patrimonial","potentialAction":[{"@type":"SearchAction","target":{"@type":"EntryPoint","urlTemplate":"https:\/\/tremdavale.org\/pt\/?s={search_term_string}"},"query-input":{"@type":"PropertyValueSpecification","valueRequired":true,"valueName":"search_term_string"}}],"inLanguage":"pt-PT"},{"@type":"Person","@id":"https:\/\/tremdavale.org\/pt\/#\/schema\/person\/50912137d47426d31329f246d02eaeca","name":"admin","image":{"@type":"ImageObject","inLanguage":"pt-PT","@id":"https:\/\/tremdavale.org\/pt\/#\/schema\/person\/image\/","url":"https:\/\/secure.gravatar.com\/avatar\/b3564f0fda6ea47959fe96a4217203e79a167568a37409758659bc3ba443b452?s=96&d=mm&r=g","contentUrl":"https:\/\/secure.gravatar.com\/avatar\/b3564f0fda6ea47959fe96a4217203e79a167568a37409758659bc3ba443b452?s=96&d=mm&r=g","caption":"admin"},"sameAs":["https:\/\/tremdavale.org"],"url":"https:\/\/tremdavale.org\/pt\/author\/admin\/"}]}},"_links":{"self":[{"href":"https:\/\/tremdavale.org\/pt\/wp-json\/wp\/v2\/posts\/155","targetHints":{"allow":["GET"]}}],"collection":[{"href":"https:\/\/tremdavale.org\/pt\/wp-json\/wp\/v2\/posts"}],"about":[{"href":"https:\/\/tremdavale.org\/pt\/wp-json\/wp\/v2\/types\/post"}],"author":[{"embeddable":true,"href":"https:\/\/tremdavale.org\/pt\/wp-json\/wp\/v2\/users\/1"}],"replies":[{"embeddable":true,"href":"https:\/\/tremdavale.org\/pt\/wp-json\/wp\/v2\/comments?post=155"}],"version-history":[{"count":0,"href":"https:\/\/tremdavale.org\/pt\/wp-json\/wp\/v2\/posts\/155\/revisions"}],"wp:featuredmedia":[{"embeddable":true,"href":"https:\/\/tremdavale.org\/pt\/wp-json\/wp\/v2\/media\/430"}],"wp:attachment":[{"href":"https:\/\/tremdavale.org\/pt\/wp-json\/wp\/v2\/media?parent=155"}],"wp:term":[{"taxonomy":"category","embeddable":true,"href":"https:\/\/tremdavale.org\/pt\/wp-json\/wp\/v2\/categories?post=155"},{"taxonomy":"post_tag","embeddable":true,"href":"https:\/\/tremdavale.org\/pt\/wp-json\/wp\/v2\/tags?post=155"}],"curies":[{"name":"wp","href":"https:\/\/api.w.org\/{rel}","templated":true}]}}