{"id":156,"date":"2011-09-12T07:49:00","date_gmt":"2011-09-12T07:49:00","guid":{"rendered":"https:\/\/tremdavale.org\/?p=156"},"modified":"2025-10-10T11:57:00","modified_gmt":"2025-10-10T11:57:00","slug":"folclore-na-estacao","status":"publish","type":"post","link":"https:\/\/tremdavale.org\/pt\/folclore-na-estacao\/","title":{"rendered":"Folclore na Esta\u00e7\u00e3o"},"content":{"rendered":"<p>No dia 22 de agosto \u00e9 comemorado no Brasil o Dia do Folclore, data que celebra a sabedoria popular transmitida oralmente de gera\u00e7\u00e3o em gera\u00e7\u00e3o. O folclore \u00e9 constitu\u00eddo por costumes, crendices, supersti\u00e7\u00f5es, lendas, mitos e festas que fazem parte da cultura de um povo.<\/p>\n<p>Para festejar o Dia do Folclore, o Trem da Vale preparou uma programa\u00e7\u00e3o especial. No s\u00e1bado, dia 29 de agosto, haver\u00e1 apresenta\u00e7\u00f5es de grupos folcl\u00f3ricos, oficina de conta\u00e7\u00e3o de hist\u00f3rias, oficina de estandarte e exposi\u00e7\u00e3o fotogr\u00e1fica nas esta\u00e7\u00f5es de Ouro Preto e Mariana.<\/p>\n<p>Teremos tamb\u00e9m a exposi\u00e7\u00e3o dos estandartes confeccionados pelos alunos da APAE, em oficinas realizadas nos dias 18, 19, 25 e 26 de agosto.<\/p>\n<p><img loading=\"lazy\" decoding=\"async\" class=\"size-medium alignnone\" title=\"imagem-009\" src=\"\/wp-content\/uploads\/imagem-009-300x279.jpg\" alt=\"imagem-009\" width=\"240\" height=\"223\"><\/p>\n<p>&nbsp;<\/p>\n<h6>Programa\u00e7\u00e3o Folclore na Esta\u00e7\u00e3o<\/h6>\n<p>Data: 29\/08\/2009 (s\u00e1bado)<\/p>\n<p>Local: Esta\u00e7\u00f5es de Mariana e Ouro Preto<\/p>\n<p>Hor\u00e1rio: das 9 \u00e0s 17 horas<\/p>\n<p>&nbsp;<\/p>\n<h5>Em Ouro Preto:<\/h5>\n<p>&#8211; 9h30min &#8211; Apresenta\u00e7\u00e3o do Grupo Folcl\u00f3rico Boi de Minas<\/p>\n<p>&#8211; 10h &#8211; Chegada do Grupo da Cavalhada Mirim de Amarantina<\/p>\n<p>&#8211; 14h &#8211; Oficina de Conta\u00e7\u00e3o de Hist\u00f3rias<\/p>\n<p>&#8211; 15h &#8211; Apresenta\u00e7\u00e3o do Grupo de Cavalhada Mirim de Amarantina<\/p>\n<p>&#8211; 15h30 &#8211; Apresenta\u00e7\u00e3o do Grupo de Capoeira da E. E. Eng. Sim\u00e3o Lacerda.<\/p>\n<p>&#8211; 16h &#8211; Apresenta\u00e7\u00e3o do Grupo \u201cSeresteiros de Ouro Preto\u201d<\/p>\n<h5>Em Mariana:<\/h5>\n<p>&#8211; 9h \u00e0s 17h &#8211; Varal Fotogr\u00e1fico<\/p>\n<p>&#8211; 9h30min &#8211; Oficina de Confec\u00e7\u00e3o de Estandarte<\/p>\n<p>&#8211; 11h &#8211; Apresenta\u00e7\u00e3o do grupo de Cavalhada Mirim de Amarantina<\/p>\n<p>&#8211; 15h &#8211; Apresenta\u00e7\u00e3o do Grupo de Capoeira<\/p>\n<p>&nbsp;<\/p>\n","protected":false},"excerpt":{"rendered":"<p>No dia 22 de agosto \u00e9 comemorado no Brasil o Dia do Folclore, data que celebra a sabedoria popular transmitida oralmente de gera\u00e7\u00e3o em gera\u00e7\u00e3o. O folclore \u00e9 constitu\u00eddo por costumes, crendices, supersti\u00e7\u00f5es, lendas, mitos e festas que fazem parte da cultura de um povo. Para festejar o Dia do &hellip;<\/p>\n","protected":false},"author":1,"featured_media":431,"comment_status":"open","ping_status":"closed","sticky":false,"template":"","format":"standard","meta":{"footnotes":""},"categories":[3],"tags":[],"class_list":["post-156","post","type-post","status-publish","format-standard","has-post-thumbnail","hentry","category-noticias"],"yoast_head":"<!-- This site is optimized with the Yoast SEO plugin v26.1.1 - https:\/\/yoast.com\/wordpress\/plugins\/seo\/ -->\n<title>Folclore na Esta\u00e7\u00e3o &#8212; Trem da Vale<\/title>\n<meta name=\"robots\" content=\"index, follow, max-snippet:-1, max-image-preview:large, max-video-preview:-1\" \/>\n<link rel=\"canonical\" href=\"https:\/\/tremdavale.org\/pt\/folclore-na-estacao\/\" \/>\n<meta property=\"og:locale\" content=\"pt_PT\" \/>\n<meta property=\"og:type\" content=\"article\" \/>\n<meta property=\"og:title\" content=\"Folclore na Esta\u00e7\u00e3o &#8212; Trem da Vale\" \/>\n<meta property=\"og:description\" content=\"No dia 22 de agosto \u00e9 comemorado no Brasil o Dia do Folclore, data que celebra a sabedoria popular transmitida oralmente de gera\u00e7\u00e3o em gera\u00e7\u00e3o. O folclore \u00e9 constitu\u00eddo por costumes, crendices, supersti\u00e7\u00f5es, lendas, mitos e festas que fazem parte da cultura de um povo. Para festejar o Dia do &hellip;\" \/>\n<meta property=\"og:url\" content=\"https:\/\/tremdavale.org\/pt\/folclore-na-estacao\/\" \/>\n<meta property=\"og:site_name\" content=\"Trem da Vale\" \/>\n<meta property=\"article:published_time\" content=\"2011-09-12T07:49:00+00:00\" \/>\n<meta property=\"article:modified_time\" content=\"2025-10-10T11:57:00+00:00\" \/>\n<meta property=\"og:image\" content=\"https:\/\/tremdavale.org\/wp-content\/uploads\/imagem-009-300x279.jpg\" \/>\n\t<meta property=\"og:image:width\" content=\"300\" \/>\n\t<meta property=\"og:image:height\" content=\"279\" \/>\n\t<meta property=\"og:image:type\" content=\"image\/jpeg\" \/>\n<meta name=\"author\" content=\"admin\" \/>\n<meta name=\"twitter:card\" content=\"summary_large_image\" \/>\n<meta name=\"twitter:label1\" content=\"Escrito por\" \/>\n\t<meta name=\"twitter:data1\" content=\"admin\" \/>\n\t<meta name=\"twitter:label2\" content=\"Tempo estimado de leitura\" \/>\n\t<meta name=\"twitter:data2\" content=\"1 minuto\" \/>\n<script type=\"application\/ld+json\" class=\"yoast-schema-graph\">{\"@context\":\"https:\/\/schema.org\",\"@graph\":[{\"@type\":\"WebPage\",\"@id\":\"https:\/\/tremdavale.org\/pt\/folclore-na-estacao\/\",\"url\":\"https:\/\/tremdavale.org\/pt\/folclore-na-estacao\/\",\"name\":\"Folclore na Esta\u00e7\u00e3o &#8212; Trem da Vale\",\"isPartOf\":{\"@id\":\"https:\/\/tremdavale.org\/pt\/#website\"},\"primaryImageOfPage\":{\"@id\":\"https:\/\/tremdavale.org\/pt\/folclore-na-estacao\/#primaryimage\"},\"image\":{\"@id\":\"https:\/\/tremdavale.org\/pt\/folclore-na-estacao\/#primaryimage\"},\"thumbnailUrl\":\"https:\/\/tremdavale.org\/wp-content\/uploads\/imagem-009-300x279.jpg\",\"datePublished\":\"2011-09-12T07:49:00+00:00\",\"dateModified\":\"2025-10-10T11:57:00+00:00\",\"author\":{\"@id\":\"https:\/\/tremdavale.org\/pt\/#\/schema\/person\/50912137d47426d31329f246d02eaeca\"},\"breadcrumb\":{\"@id\":\"https:\/\/tremdavale.org\/pt\/folclore-na-estacao\/#breadcrumb\"},\"inLanguage\":\"pt-PT\",\"potentialAction\":[{\"@type\":\"ReadAction\",\"target\":[\"https:\/\/tremdavale.org\/pt\/folclore-na-estacao\/\"]}]},{\"@type\":\"ImageObject\",\"inLanguage\":\"pt-PT\",\"@id\":\"https:\/\/tremdavale.org\/pt\/folclore-na-estacao\/#primaryimage\",\"url\":\"https:\/\/tremdavale.org\/wp-content\/uploads\/imagem-009-300x279.jpg\",\"contentUrl\":\"https:\/\/tremdavale.org\/wp-content\/uploads\/imagem-009-300x279.jpg\",\"width\":300,\"height\":279},{\"@type\":\"BreadcrumbList\",\"@id\":\"https:\/\/tremdavale.org\/pt\/folclore-na-estacao\/#breadcrumb\",\"itemListElement\":[{\"@type\":\"ListItem\",\"position\":1,\"name\":\"In\u00edcio\",\"item\":\"https:\/\/tremdavale.org\/pt\/\"},{\"@type\":\"ListItem\",\"position\":2,\"name\":\"Folclore na Esta\u00e7\u00e3o\"}]},{\"@type\":\"WebSite\",\"@id\":\"https:\/\/tremdavale.org\/pt\/#website\",\"url\":\"https:\/\/tremdavale.org\/pt\/\",\"name\":\"Trem da Vale\",\"description\":\"Programa de Educa\u00e7\u00e3o Patrimonial\",\"potentialAction\":[{\"@type\":\"SearchAction\",\"target\":{\"@type\":\"EntryPoint\",\"urlTemplate\":\"https:\/\/tremdavale.org\/pt\/?s={search_term_string}\"},\"query-input\":{\"@type\":\"PropertyValueSpecification\",\"valueRequired\":true,\"valueName\":\"search_term_string\"}}],\"inLanguage\":\"pt-PT\"},{\"@type\":\"Person\",\"@id\":\"https:\/\/tremdavale.org\/pt\/#\/schema\/person\/50912137d47426d31329f246d02eaeca\",\"name\":\"admin\",\"image\":{\"@type\":\"ImageObject\",\"inLanguage\":\"pt-PT\",\"@id\":\"https:\/\/tremdavale.org\/pt\/#\/schema\/person\/image\/\",\"url\":\"https:\/\/secure.gravatar.com\/avatar\/b3564f0fda6ea47959fe96a4217203e79a167568a37409758659bc3ba443b452?s=96&d=mm&r=g\",\"contentUrl\":\"https:\/\/secure.gravatar.com\/avatar\/b3564f0fda6ea47959fe96a4217203e79a167568a37409758659bc3ba443b452?s=96&d=mm&r=g\",\"caption\":\"admin\"},\"sameAs\":[\"https:\/\/tremdavale.org\"],\"url\":\"https:\/\/tremdavale.org\/pt\/author\/admin\/\"}]}<\/script>\n<!-- \/ Yoast SEO plugin. -->","yoast_head_json":{"title":"Folclore na Esta\u00e7\u00e3o &#8212; Trem da Vale","robots":{"index":"index","follow":"follow","max-snippet":"max-snippet:-1","max-image-preview":"max-image-preview:large","max-video-preview":"max-video-preview:-1"},"canonical":"https:\/\/tremdavale.org\/pt\/folclore-na-estacao\/","og_locale":"pt_PT","og_type":"article","og_title":"Folclore na Esta\u00e7\u00e3o &#8212; Trem da Vale","og_description":"No dia 22 de agosto \u00e9 comemorado no Brasil o Dia do Folclore, data que celebra a sabedoria popular transmitida oralmente de gera\u00e7\u00e3o em gera\u00e7\u00e3o. O folclore \u00e9 constitu\u00eddo por costumes, crendices, supersti\u00e7\u00f5es, lendas, mitos e festas que fazem parte da cultura de um povo. Para festejar o Dia do &hellip;","og_url":"https:\/\/tremdavale.org\/pt\/folclore-na-estacao\/","og_site_name":"Trem da Vale","article_published_time":"2011-09-12T07:49:00+00:00","article_modified_time":"2025-10-10T11:57:00+00:00","og_image":[{"width":300,"height":279,"url":"https:\/\/tremdavale.org\/wp-content\/uploads\/imagem-009-300x279.jpg","type":"image\/jpeg"}],"author":"admin","twitter_card":"summary_large_image","twitter_misc":{"Escrito por":"admin","Tempo estimado de leitura":"1 minuto"},"schema":{"@context":"https:\/\/schema.org","@graph":[{"@type":"WebPage","@id":"https:\/\/tremdavale.org\/pt\/folclore-na-estacao\/","url":"https:\/\/tremdavale.org\/pt\/folclore-na-estacao\/","name":"Folclore na Esta\u00e7\u00e3o &#8212; Trem da Vale","isPartOf":{"@id":"https:\/\/tremdavale.org\/pt\/#website"},"primaryImageOfPage":{"@id":"https:\/\/tremdavale.org\/pt\/folclore-na-estacao\/#primaryimage"},"image":{"@id":"https:\/\/tremdavale.org\/pt\/folclore-na-estacao\/#primaryimage"},"thumbnailUrl":"https:\/\/tremdavale.org\/wp-content\/uploads\/imagem-009-300x279.jpg","datePublished":"2011-09-12T07:49:00+00:00","dateModified":"2025-10-10T11:57:00+00:00","author":{"@id":"https:\/\/tremdavale.org\/pt\/#\/schema\/person\/50912137d47426d31329f246d02eaeca"},"breadcrumb":{"@id":"https:\/\/tremdavale.org\/pt\/folclore-na-estacao\/#breadcrumb"},"inLanguage":"pt-PT","potentialAction":[{"@type":"ReadAction","target":["https:\/\/tremdavale.org\/pt\/folclore-na-estacao\/"]}]},{"@type":"ImageObject","inLanguage":"pt-PT","@id":"https:\/\/tremdavale.org\/pt\/folclore-na-estacao\/#primaryimage","url":"https:\/\/tremdavale.org\/wp-content\/uploads\/imagem-009-300x279.jpg","contentUrl":"https:\/\/tremdavale.org\/wp-content\/uploads\/imagem-009-300x279.jpg","width":300,"height":279},{"@type":"BreadcrumbList","@id":"https:\/\/tremdavale.org\/pt\/folclore-na-estacao\/#breadcrumb","itemListElement":[{"@type":"ListItem","position":1,"name":"In\u00edcio","item":"https:\/\/tremdavale.org\/pt\/"},{"@type":"ListItem","position":2,"name":"Folclore na Esta\u00e7\u00e3o"}]},{"@type":"WebSite","@id":"https:\/\/tremdavale.org\/pt\/#website","url":"https:\/\/tremdavale.org\/pt\/","name":"Trem da Vale","description":"Programa de Educa\u00e7\u00e3o Patrimonial","potentialAction":[{"@type":"SearchAction","target":{"@type":"EntryPoint","urlTemplate":"https:\/\/tremdavale.org\/pt\/?s={search_term_string}"},"query-input":{"@type":"PropertyValueSpecification","valueRequired":true,"valueName":"search_term_string"}}],"inLanguage":"pt-PT"},{"@type":"Person","@id":"https:\/\/tremdavale.org\/pt\/#\/schema\/person\/50912137d47426d31329f246d02eaeca","name":"admin","image":{"@type":"ImageObject","inLanguage":"pt-PT","@id":"https:\/\/tremdavale.org\/pt\/#\/schema\/person\/image\/","url":"https:\/\/secure.gravatar.com\/avatar\/b3564f0fda6ea47959fe96a4217203e79a167568a37409758659bc3ba443b452?s=96&d=mm&r=g","contentUrl":"https:\/\/secure.gravatar.com\/avatar\/b3564f0fda6ea47959fe96a4217203e79a167568a37409758659bc3ba443b452?s=96&d=mm&r=g","caption":"admin"},"sameAs":["https:\/\/tremdavale.org"],"url":"https:\/\/tremdavale.org\/pt\/author\/admin\/"}]}},"_links":{"self":[{"href":"https:\/\/tremdavale.org\/pt\/wp-json\/wp\/v2\/posts\/156","targetHints":{"allow":["GET"]}}],"collection":[{"href":"https:\/\/tremdavale.org\/pt\/wp-json\/wp\/v2\/posts"}],"about":[{"href":"https:\/\/tremdavale.org\/pt\/wp-json\/wp\/v2\/types\/post"}],"author":[{"embeddable":true,"href":"https:\/\/tremdavale.org\/pt\/wp-json\/wp\/v2\/users\/1"}],"replies":[{"embeddable":true,"href":"https:\/\/tremdavale.org\/pt\/wp-json\/wp\/v2\/comments?post=156"}],"version-history":[{"count":0,"href":"https:\/\/tremdavale.org\/pt\/wp-json\/wp\/v2\/posts\/156\/revisions"}],"wp:featuredmedia":[{"embeddable":true,"href":"https:\/\/tremdavale.org\/pt\/wp-json\/wp\/v2\/media\/431"}],"wp:attachment":[{"href":"https:\/\/tremdavale.org\/pt\/wp-json\/wp\/v2\/media?parent=156"}],"wp:term":[{"taxonomy":"category","embeddable":true,"href":"https:\/\/tremdavale.org\/pt\/wp-json\/wp\/v2\/categories?post=156"},{"taxonomy":"post_tag","embeddable":true,"href":"https:\/\/tremdavale.org\/pt\/wp-json\/wp\/v2\/tags?post=156"}],"curies":[{"name":"wp","href":"https:\/\/api.w.org\/{rel}","templated":true}]}}