{"id":160,"date":"2013-08-25T05:11:00","date_gmt":"2013-08-25T05:11:00","guid":{"rendered":"https:\/\/tremdavale.org\/?p=160"},"modified":"2025-10-10T11:57:00","modified_gmt":"2025-10-10T11:57:00","slug":"gravacao-de-videocabine-datas-comemorativas","status":"publish","type":"post","link":"https:\/\/tremdavale.org\/pt\/gravacao-de-videocabine-datas-comemorativas\/","title":{"rendered":"Grava\u00e7\u00e3o de videocabine \u201cDATAS COMEMORATIVAS I &#8211; Dia de Nossa Senhora da Concei\u00e7\u00e3o\u201d, em Ouro Preto"},"content":{"rendered":"<p><img loading=\"lazy\" decoding=\"async\" class=\"size-medium\" title=\"024\" src=\"\/wp-content\/uploads\/024-300x199.jpg\" alt=\"024\" width=\"300\" height=\"199\"><\/p>\n<p>La\u00eds da Concei\u00e7\u00e3o Moraes Rodrigues, musicista da Banda Santa Cec\u00edlia, presta depoimento para a equipe do Vale Registrar, no Sal\u00e3o Paroquial do Santu\u00e1rio de Nossa Senhora da Concei\u00e7\u00e3o, no bairro Ant\u00f4nio Dias, em Ouro Preto. Foto: Fl\u00e1via Pupo<\/p>\n<p>&nbsp;<\/p>\n<p>No dia 08 de dezembro de 2012, a equipe do N\u00facleo de Audiovisual do Vale Registrar, composta por Rafael Bou\u00e7as, Leonardo Penna e Fl\u00e1via Pupo, acompanhados por Cristiane Evangelista, do Apoio T\u00e9cnico-Administrativo, realizou a grava\u00e7\u00e3o da videocabine \u201cDATAS COMEMORATIVAS I &#8211; Dia de Nossa Senhora da Concei\u00e7\u00e3o\u201d. A cabine de depoimentos foi montada no Sal\u00e3o Paroquial do Santu\u00e1rio de Nossa Senhora da Concei\u00e7\u00e3o, no bairro Ant\u00f4nio Dias, em Ouro Preto. A escolha do local foi devido \u00e0 forte chuva que ca\u00eda na ocasi\u00e3o da chegada da equipe, mas que cessou cerca de uma hora ap\u00f3s.<\/p>\n<p>Durante a tarde, a equipe registrou 13 depoimentos, contendo os mais diversos pontos de vista sobre a comemora\u00e7\u00e3o. Ap\u00f3s a grava\u00e7\u00e3o dos depoimentos, a equipe realizou o registro videogr\u00e1fico da prociss\u00e3o comemorativa a Nossa Senhora da Concei\u00e7\u00e3o, que percorreu por todo o Bairro Ant\u00f4nio Dias, retornando ao santu\u00e1rio para execu\u00e7\u00e3o do <em>Te Deum<\/em>, hino lit\u00fargico cat\u00f3lico.<\/p>\n<p>&nbsp;<\/p>\n<p><img loading=\"lazy\" decoding=\"async\" class=\"size-medium\" title=\"035\" src=\"\/wp-content\/uploads\/035-300x199.jpg\" alt=\"035\" width=\"300\" height=\"199\"><\/p>\n<p>O Assistente Administrativo do N\u00facleo de Audiovisual do Vale Registrar, Leonardo Penna, realiza registro videogr\u00e1fico da Prociss\u00e3o em homenagem \u00e0 Nossa Senhora da Concei\u00e7\u00e3o, no bairro Ant\u00f4nio Dias, em Ouro Preto. Foto: Rafael Bou\u00e7as<\/p>\n<p>&nbsp;<\/p>\n","protected":false},"excerpt":{"rendered":"<p>La\u00eds da Concei\u00e7\u00e3o Moraes Rodrigues, musicista da Banda Santa Cec\u00edlia, presta depoimento para a equipe do Vale Registrar, no Sal\u00e3o Paroquial do Santu\u00e1rio de Nossa Senhora da Concei\u00e7\u00e3o, no bairro Ant\u00f4nio Dias, em Ouro Preto. Foto: Fl\u00e1via Pupo &nbsp; No dia 08 de dezembro de 2012, a equipe do N\u00facleo &hellip;<\/p>\n","protected":false},"author":1,"featured_media":434,"comment_status":"open","ping_status":"closed","sticky":false,"template":"","format":"standard","meta":{"footnotes":""},"categories":[2],"tags":[],"class_list":["post-160","post","type-post","status-publish","format-standard","has-post-thumbnail","hentry","category-destaques-home"],"yoast_head":"<!-- This site is optimized with the Yoast SEO plugin v26.1.1 - https:\/\/yoast.com\/wordpress\/plugins\/seo\/ -->\n<title>Grava\u00e7\u00e3o de videocabine \u201cDATAS COMEMORATIVAS I - Dia de Nossa Senhora da Concei\u00e7\u00e3o\u201d, em Ouro Preto &#8212; Trem da Vale<\/title>\n<meta name=\"robots\" content=\"index, follow, max-snippet:-1, max-image-preview:large, max-video-preview:-1\" \/>\n<link rel=\"canonical\" href=\"https:\/\/tremdavale.org\/pt\/gravacao-de-videocabine-datas-comemorativas\/\" \/>\n<meta property=\"og:locale\" content=\"pt_PT\" \/>\n<meta property=\"og:type\" content=\"article\" \/>\n<meta property=\"og:title\" content=\"Grava\u00e7\u00e3o de videocabine \u201cDATAS COMEMORATIVAS I - Dia de Nossa Senhora da Concei\u00e7\u00e3o\u201d, em Ouro Preto &#8212; Trem da Vale\" \/>\n<meta property=\"og:description\" content=\"La\u00eds da Concei\u00e7\u00e3o Moraes Rodrigues, musicista da Banda Santa Cec\u00edlia, presta depoimento para a equipe do Vale Registrar, no Sal\u00e3o Paroquial do Santu\u00e1rio de Nossa Senhora da Concei\u00e7\u00e3o, no bairro Ant\u00f4nio Dias, em Ouro Preto. Foto: Fl\u00e1via Pupo &nbsp; No dia 08 de dezembro de 2012, a equipe do N\u00facleo &hellip;\" \/>\n<meta property=\"og:url\" content=\"https:\/\/tremdavale.org\/pt\/gravacao-de-videocabine-datas-comemorativas\/\" \/>\n<meta property=\"og:site_name\" content=\"Trem da Vale\" \/>\n<meta property=\"article:published_time\" content=\"2013-08-25T05:11:00+00:00\" \/>\n<meta property=\"article:modified_time\" content=\"2025-10-10T11:57:00+00:00\" \/>\n<meta property=\"og:image\" content=\"https:\/\/tremdavale.org\/wp-content\/uploads\/024-300x199.jpg\" \/>\n\t<meta property=\"og:image:width\" content=\"300\" \/>\n\t<meta property=\"og:image:height\" content=\"199\" \/>\n\t<meta property=\"og:image:type\" content=\"image\/jpeg\" \/>\n<meta name=\"author\" content=\"admin\" \/>\n<meta name=\"twitter:card\" content=\"summary_large_image\" \/>\n<meta name=\"twitter:label1\" content=\"Escrito por\" \/>\n\t<meta name=\"twitter:data1\" content=\"admin\" \/>\n\t<meta name=\"twitter:label2\" content=\"Tempo estimado de leitura\" \/>\n\t<meta name=\"twitter:data2\" content=\"1 minuto\" \/>\n<script type=\"application\/ld+json\" class=\"yoast-schema-graph\">{\"@context\":\"https:\/\/schema.org\",\"@graph\":[{\"@type\":\"WebPage\",\"@id\":\"https:\/\/tremdavale.org\/pt\/gravacao-de-videocabine-datas-comemorativas\/\",\"url\":\"https:\/\/tremdavale.org\/pt\/gravacao-de-videocabine-datas-comemorativas\/\",\"name\":\"Grava\u00e7\u00e3o de videocabine \u201cDATAS COMEMORATIVAS I - Dia de Nossa Senhora da Concei\u00e7\u00e3o\u201d, em Ouro Preto &#8212; Trem da Vale\",\"isPartOf\":{\"@id\":\"https:\/\/tremdavale.org\/pt\/#website\"},\"primaryImageOfPage\":{\"@id\":\"https:\/\/tremdavale.org\/pt\/gravacao-de-videocabine-datas-comemorativas\/#primaryimage\"},\"image\":{\"@id\":\"https:\/\/tremdavale.org\/pt\/gravacao-de-videocabine-datas-comemorativas\/#primaryimage\"},\"thumbnailUrl\":\"https:\/\/tremdavale.org\/wp-content\/uploads\/024-300x199.jpg\",\"datePublished\":\"2013-08-25T05:11:00+00:00\",\"dateModified\":\"2025-10-10T11:57:00+00:00\",\"author\":{\"@id\":\"https:\/\/tremdavale.org\/pt\/#\/schema\/person\/50912137d47426d31329f246d02eaeca\"},\"breadcrumb\":{\"@id\":\"https:\/\/tremdavale.org\/pt\/gravacao-de-videocabine-datas-comemorativas\/#breadcrumb\"},\"inLanguage\":\"pt-PT\",\"potentialAction\":[{\"@type\":\"ReadAction\",\"target\":[\"https:\/\/tremdavale.org\/pt\/gravacao-de-videocabine-datas-comemorativas\/\"]}]},{\"@type\":\"ImageObject\",\"inLanguage\":\"pt-PT\",\"@id\":\"https:\/\/tremdavale.org\/pt\/gravacao-de-videocabine-datas-comemorativas\/#primaryimage\",\"url\":\"https:\/\/tremdavale.org\/wp-content\/uploads\/024-300x199.jpg\",\"contentUrl\":\"https:\/\/tremdavale.org\/wp-content\/uploads\/024-300x199.jpg\",\"width\":300,\"height\":199},{\"@type\":\"BreadcrumbList\",\"@id\":\"https:\/\/tremdavale.org\/pt\/gravacao-de-videocabine-datas-comemorativas\/#breadcrumb\",\"itemListElement\":[{\"@type\":\"ListItem\",\"position\":1,\"name\":\"In\u00edcio\",\"item\":\"https:\/\/tremdavale.org\/pt\/\"},{\"@type\":\"ListItem\",\"position\":2,\"name\":\"Grava\u00e7\u00e3o de videocabine \u201cDATAS COMEMORATIVAS I &#8211; Dia de Nossa Senhora da Concei\u00e7\u00e3o\u201d, em Ouro Preto\"}]},{\"@type\":\"WebSite\",\"@id\":\"https:\/\/tremdavale.org\/pt\/#website\",\"url\":\"https:\/\/tremdavale.org\/pt\/\",\"name\":\"Trem da Vale\",\"description\":\"Programa de Educa\u00e7\u00e3o Patrimonial\",\"potentialAction\":[{\"@type\":\"SearchAction\",\"target\":{\"@type\":\"EntryPoint\",\"urlTemplate\":\"https:\/\/tremdavale.org\/pt\/?s={search_term_string}\"},\"query-input\":{\"@type\":\"PropertyValueSpecification\",\"valueRequired\":true,\"valueName\":\"search_term_string\"}}],\"inLanguage\":\"pt-PT\"},{\"@type\":\"Person\",\"@id\":\"https:\/\/tremdavale.org\/pt\/#\/schema\/person\/50912137d47426d31329f246d02eaeca\",\"name\":\"admin\",\"image\":{\"@type\":\"ImageObject\",\"inLanguage\":\"pt-PT\",\"@id\":\"https:\/\/tremdavale.org\/pt\/#\/schema\/person\/image\/\",\"url\":\"https:\/\/secure.gravatar.com\/avatar\/b3564f0fda6ea47959fe96a4217203e79a167568a37409758659bc3ba443b452?s=96&d=mm&r=g\",\"contentUrl\":\"https:\/\/secure.gravatar.com\/avatar\/b3564f0fda6ea47959fe96a4217203e79a167568a37409758659bc3ba443b452?s=96&d=mm&r=g\",\"caption\":\"admin\"},\"sameAs\":[\"https:\/\/tremdavale.org\"],\"url\":\"https:\/\/tremdavale.org\/pt\/author\/admin\/\"}]}<\/script>\n<!-- \/ Yoast SEO plugin. -->","yoast_head_json":{"title":"Grava\u00e7\u00e3o de videocabine \u201cDATAS COMEMORATIVAS I - Dia de Nossa Senhora da Concei\u00e7\u00e3o\u201d, em Ouro Preto &#8212; Trem da Vale","robots":{"index":"index","follow":"follow","max-snippet":"max-snippet:-1","max-image-preview":"max-image-preview:large","max-video-preview":"max-video-preview:-1"},"canonical":"https:\/\/tremdavale.org\/pt\/gravacao-de-videocabine-datas-comemorativas\/","og_locale":"pt_PT","og_type":"article","og_title":"Grava\u00e7\u00e3o de videocabine \u201cDATAS COMEMORATIVAS I - Dia de Nossa Senhora da Concei\u00e7\u00e3o\u201d, em Ouro Preto &#8212; Trem da Vale","og_description":"La\u00eds da Concei\u00e7\u00e3o Moraes Rodrigues, musicista da Banda Santa Cec\u00edlia, presta depoimento para a equipe do Vale Registrar, no Sal\u00e3o Paroquial do Santu\u00e1rio de Nossa Senhora da Concei\u00e7\u00e3o, no bairro Ant\u00f4nio Dias, em Ouro Preto. Foto: Fl\u00e1via Pupo &nbsp; No dia 08 de dezembro de 2012, a equipe do N\u00facleo &hellip;","og_url":"https:\/\/tremdavale.org\/pt\/gravacao-de-videocabine-datas-comemorativas\/","og_site_name":"Trem da Vale","article_published_time":"2013-08-25T05:11:00+00:00","article_modified_time":"2025-10-10T11:57:00+00:00","og_image":[{"width":300,"height":199,"url":"https:\/\/tremdavale.org\/wp-content\/uploads\/024-300x199.jpg","type":"image\/jpeg"}],"author":"admin","twitter_card":"summary_large_image","twitter_misc":{"Escrito por":"admin","Tempo estimado de leitura":"1 minuto"},"schema":{"@context":"https:\/\/schema.org","@graph":[{"@type":"WebPage","@id":"https:\/\/tremdavale.org\/pt\/gravacao-de-videocabine-datas-comemorativas\/","url":"https:\/\/tremdavale.org\/pt\/gravacao-de-videocabine-datas-comemorativas\/","name":"Grava\u00e7\u00e3o de videocabine \u201cDATAS COMEMORATIVAS I - Dia de Nossa Senhora da Concei\u00e7\u00e3o\u201d, em Ouro Preto &#8212; Trem da Vale","isPartOf":{"@id":"https:\/\/tremdavale.org\/pt\/#website"},"primaryImageOfPage":{"@id":"https:\/\/tremdavale.org\/pt\/gravacao-de-videocabine-datas-comemorativas\/#primaryimage"},"image":{"@id":"https:\/\/tremdavale.org\/pt\/gravacao-de-videocabine-datas-comemorativas\/#primaryimage"},"thumbnailUrl":"https:\/\/tremdavale.org\/wp-content\/uploads\/024-300x199.jpg","datePublished":"2013-08-25T05:11:00+00:00","dateModified":"2025-10-10T11:57:00+00:00","author":{"@id":"https:\/\/tremdavale.org\/pt\/#\/schema\/person\/50912137d47426d31329f246d02eaeca"},"breadcrumb":{"@id":"https:\/\/tremdavale.org\/pt\/gravacao-de-videocabine-datas-comemorativas\/#breadcrumb"},"inLanguage":"pt-PT","potentialAction":[{"@type":"ReadAction","target":["https:\/\/tremdavale.org\/pt\/gravacao-de-videocabine-datas-comemorativas\/"]}]},{"@type":"ImageObject","inLanguage":"pt-PT","@id":"https:\/\/tremdavale.org\/pt\/gravacao-de-videocabine-datas-comemorativas\/#primaryimage","url":"https:\/\/tremdavale.org\/wp-content\/uploads\/024-300x199.jpg","contentUrl":"https:\/\/tremdavale.org\/wp-content\/uploads\/024-300x199.jpg","width":300,"height":199},{"@type":"BreadcrumbList","@id":"https:\/\/tremdavale.org\/pt\/gravacao-de-videocabine-datas-comemorativas\/#breadcrumb","itemListElement":[{"@type":"ListItem","position":1,"name":"In\u00edcio","item":"https:\/\/tremdavale.org\/pt\/"},{"@type":"ListItem","position":2,"name":"Grava\u00e7\u00e3o de videocabine \u201cDATAS COMEMORATIVAS I &#8211; Dia de Nossa Senhora da Concei\u00e7\u00e3o\u201d, em Ouro Preto"}]},{"@type":"WebSite","@id":"https:\/\/tremdavale.org\/pt\/#website","url":"https:\/\/tremdavale.org\/pt\/","name":"Trem da Vale","description":"Programa de Educa\u00e7\u00e3o Patrimonial","potentialAction":[{"@type":"SearchAction","target":{"@type":"EntryPoint","urlTemplate":"https:\/\/tremdavale.org\/pt\/?s={search_term_string}"},"query-input":{"@type":"PropertyValueSpecification","valueRequired":true,"valueName":"search_term_string"}}],"inLanguage":"pt-PT"},{"@type":"Person","@id":"https:\/\/tremdavale.org\/pt\/#\/schema\/person\/50912137d47426d31329f246d02eaeca","name":"admin","image":{"@type":"ImageObject","inLanguage":"pt-PT","@id":"https:\/\/tremdavale.org\/pt\/#\/schema\/person\/image\/","url":"https:\/\/secure.gravatar.com\/avatar\/b3564f0fda6ea47959fe96a4217203e79a167568a37409758659bc3ba443b452?s=96&d=mm&r=g","contentUrl":"https:\/\/secure.gravatar.com\/avatar\/b3564f0fda6ea47959fe96a4217203e79a167568a37409758659bc3ba443b452?s=96&d=mm&r=g","caption":"admin"},"sameAs":["https:\/\/tremdavale.org"],"url":"https:\/\/tremdavale.org\/pt\/author\/admin\/"}]}},"_links":{"self":[{"href":"https:\/\/tremdavale.org\/pt\/wp-json\/wp\/v2\/posts\/160","targetHints":{"allow":["GET"]}}],"collection":[{"href":"https:\/\/tremdavale.org\/pt\/wp-json\/wp\/v2\/posts"}],"about":[{"href":"https:\/\/tremdavale.org\/pt\/wp-json\/wp\/v2\/types\/post"}],"author":[{"embeddable":true,"href":"https:\/\/tremdavale.org\/pt\/wp-json\/wp\/v2\/users\/1"}],"replies":[{"embeddable":true,"href":"https:\/\/tremdavale.org\/pt\/wp-json\/wp\/v2\/comments?post=160"}],"version-history":[{"count":0,"href":"https:\/\/tremdavale.org\/pt\/wp-json\/wp\/v2\/posts\/160\/revisions"}],"wp:featuredmedia":[{"embeddable":true,"href":"https:\/\/tremdavale.org\/pt\/wp-json\/wp\/v2\/media\/434"}],"wp:attachment":[{"href":"https:\/\/tremdavale.org\/pt\/wp-json\/wp\/v2\/media?parent=160"}],"wp:term":[{"taxonomy":"category","embeddable":true,"href":"https:\/\/tremdavale.org\/pt\/wp-json\/wp\/v2\/categories?post=160"},{"taxonomy":"post_tag","embeddable":true,"href":"https:\/\/tremdavale.org\/pt\/wp-json\/wp\/v2\/tags?post=160"}],"curies":[{"name":"wp","href":"https:\/\/api.w.org\/{rel}","templated":true}]}}