{"id":164,"date":"2011-09-12T08:45:00","date_gmt":"2011-09-12T08:45:00","guid":{"rendered":"https:\/\/tremdavale.org\/?p=164"},"modified":"2025-10-10T11:57:00","modified_gmt":"2025-10-10T11:57:00","slug":"historias-de-moteiro-lobato-encantam-criancas","status":"publish","type":"post","link":"https:\/\/tremdavale.org\/pt\/historias-de-moteiro-lobato-encantam-criancas\/","title":{"rendered":"Hist\u00f3rias de Monteiro Lobato encantam crian\u00e7as"},"content":{"rendered":"<p><img loading=\"lazy\" decoding=\"async\" class=\"size-medium\" title=\"contacao-de-historias-sitio-do-pica-pau-amarelo-16-04-10-ouro-preto-8\" src=\"\/wp-content\/uploads\/contacao-de-historias-sitio-do-pica-pau-amarelo-16-04-10-ouro-preto-8-300x200.jpg\" alt=\"Grupo Reciclinove na Tenda Cultural\" width=\"300\" height=\"200\"><\/p>\n<p>Grupo Reciclinove na Tenda Cultural<\/p>\n<p>&nbsp;<\/p>\n<p>A Conta\u00e7\u00e3o de Hist\u00f3rias Monteiro Lobato atraiu grande p\u00fablico nas esta\u00e7\u00f5es. No dia 16 de abril, mais de 200 crian\u00e7as de escolas p\u00fablicas de Ouro Preto se reuniram na Tenda Cultural para ouvir algumas das hist\u00f3rias criadas pelo autor. Nos dias 17 e 18, foi a vez das crian\u00e7as de Mariana assistir \u00e0 conta\u00e7\u00e3o na Biblioteca Infanto-Juvenil. Os olhares atentos e curiosos revelaram o encanto que os personagens do S\u00edtio do Pica-pau Amarelo exercem sobre as crian\u00e7as.<\/p>\n<p>O evento contou com a participa\u00e7\u00e3o de Maria Em\u00edlia Magalh\u00e3es, contadora de hist\u00f3ria de Mariana, e do Grupo de Teatro \u201cReciclinove\u201d, formado por Henrique de Castro, Jaqueline Stampone, Bruna Rosa e Marina Rainho, todos estudantes de artes c\u00eanicas da Universidade Federal de Ouro Preto.<\/p>\n<p>Para o m\u00eas de abril, o Trem da Vale ainda preparou mais uma atividade especial. No pr\u00f3ximo final de semana, haver\u00e1 Conta\u00e7\u00e3o de \u201cHist\u00f3rias Ind\u00edgenas\u201d na Biblioteca de Mariana. Confira os hor\u00e1rios:<\/p>\n<p><span><span>\u00b7<\/span><\/span><strong><span>Conta\u00e7\u00e3o de Hist\u00f3rias Ind\u00edgenas na Biblioteca de Mariana<\/span><\/strong><\/p>\n<p>&nbsp;<\/p>\n<p><span>Data: 24\/04 (s\u00e1bado), no per\u00edodo da manh\u00e3<\/span><\/p>\n<p><span>Data: 25\/04 (domingo), no per\u00edodo da tarde<\/span><\/p>\n<p>&nbsp;<\/p>\n","protected":false},"excerpt":{"rendered":"<p>Grupo Reciclinove na Tenda Cultural &nbsp; A Conta\u00e7\u00e3o de Hist\u00f3rias Monteiro Lobato atraiu grande p\u00fablico nas esta\u00e7\u00f5es. No dia 16 de abril, mais de 200 crian\u00e7as de escolas p\u00fablicas de Ouro Preto se reuniram na Tenda Cultural para ouvir algumas das hist\u00f3rias criadas pelo autor. Nos dias 17 e 18, &hellip;<\/p>\n","protected":false},"author":1,"featured_media":437,"comment_status":"open","ping_status":"closed","sticky":false,"template":"","format":"standard","meta":{"footnotes":""},"categories":[3],"tags":[],"class_list":["post-164","post","type-post","status-publish","format-standard","has-post-thumbnail","hentry","category-noticias"],"yoast_head":"<!-- This site is optimized with the Yoast SEO plugin v26.1.1 - https:\/\/yoast.com\/wordpress\/plugins\/seo\/ -->\n<title>Hist\u00f3rias de Monteiro Lobato encantam crian\u00e7as &#8212; Trem da Vale<\/title>\n<meta name=\"robots\" content=\"index, follow, max-snippet:-1, max-image-preview:large, max-video-preview:-1\" \/>\n<link rel=\"canonical\" href=\"https:\/\/tremdavale.org\/pt\/historias-de-moteiro-lobato-encantam-criancas\/\" \/>\n<meta property=\"og:locale\" content=\"pt_PT\" \/>\n<meta property=\"og:type\" content=\"article\" \/>\n<meta property=\"og:title\" content=\"Hist\u00f3rias de Monteiro Lobato encantam crian\u00e7as &#8212; Trem da Vale\" \/>\n<meta property=\"og:description\" content=\"Grupo Reciclinove na Tenda Cultural &nbsp; A Conta\u00e7\u00e3o de Hist\u00f3rias Monteiro Lobato atraiu grande p\u00fablico nas esta\u00e7\u00f5es. No dia 16 de abril, mais de 200 crian\u00e7as de escolas p\u00fablicas de Ouro Preto se reuniram na Tenda Cultural para ouvir algumas das hist\u00f3rias criadas pelo autor. Nos dias 17 e 18, &hellip;\" \/>\n<meta property=\"og:url\" content=\"https:\/\/tremdavale.org\/pt\/historias-de-moteiro-lobato-encantam-criancas\/\" \/>\n<meta property=\"og:site_name\" content=\"Trem da Vale\" \/>\n<meta property=\"article:published_time\" content=\"2011-09-12T08:45:00+00:00\" \/>\n<meta property=\"article:modified_time\" content=\"2025-10-10T11:57:00+00:00\" \/>\n<meta property=\"og:image\" content=\"https:\/\/tremdavale.org\/wp-content\/uploads\/contacao-de-historias-sitio-do-pica-pau-amarelo-16-04-10-ouro-preto-8-300x200.jpg\" \/>\n\t<meta property=\"og:image:width\" content=\"300\" \/>\n\t<meta property=\"og:image:height\" content=\"200\" \/>\n\t<meta property=\"og:image:type\" content=\"image\/jpeg\" \/>\n<meta name=\"author\" content=\"admin\" \/>\n<meta name=\"twitter:card\" content=\"summary_large_image\" \/>\n<meta name=\"twitter:label1\" content=\"Escrito por\" \/>\n\t<meta name=\"twitter:data1\" content=\"admin\" \/>\n\t<meta name=\"twitter:label2\" content=\"Tempo estimado de leitura\" \/>\n\t<meta name=\"twitter:data2\" content=\"1 minuto\" \/>\n<script type=\"application\/ld+json\" class=\"yoast-schema-graph\">{\"@context\":\"https:\/\/schema.org\",\"@graph\":[{\"@type\":\"WebPage\",\"@id\":\"https:\/\/tremdavale.org\/pt\/historias-de-moteiro-lobato-encantam-criancas\/\",\"url\":\"https:\/\/tremdavale.org\/pt\/historias-de-moteiro-lobato-encantam-criancas\/\",\"name\":\"Hist\u00f3rias de Monteiro Lobato encantam crian\u00e7as &#8212; Trem da Vale\",\"isPartOf\":{\"@id\":\"https:\/\/tremdavale.org\/pt\/#website\"},\"primaryImageOfPage\":{\"@id\":\"https:\/\/tremdavale.org\/pt\/historias-de-moteiro-lobato-encantam-criancas\/#primaryimage\"},\"image\":{\"@id\":\"https:\/\/tremdavale.org\/pt\/historias-de-moteiro-lobato-encantam-criancas\/#primaryimage\"},\"thumbnailUrl\":\"https:\/\/tremdavale.org\/wp-content\/uploads\/contacao-de-historias-sitio-do-pica-pau-amarelo-16-04-10-ouro-preto-8-300x200.jpg\",\"datePublished\":\"2011-09-12T08:45:00+00:00\",\"dateModified\":\"2025-10-10T11:57:00+00:00\",\"author\":{\"@id\":\"https:\/\/tremdavale.org\/pt\/#\/schema\/person\/50912137d47426d31329f246d02eaeca\"},\"breadcrumb\":{\"@id\":\"https:\/\/tremdavale.org\/pt\/historias-de-moteiro-lobato-encantam-criancas\/#breadcrumb\"},\"inLanguage\":\"pt-PT\",\"potentialAction\":[{\"@type\":\"ReadAction\",\"target\":[\"https:\/\/tremdavale.org\/pt\/historias-de-moteiro-lobato-encantam-criancas\/\"]}]},{\"@type\":\"ImageObject\",\"inLanguage\":\"pt-PT\",\"@id\":\"https:\/\/tremdavale.org\/pt\/historias-de-moteiro-lobato-encantam-criancas\/#primaryimage\",\"url\":\"https:\/\/tremdavale.org\/wp-content\/uploads\/contacao-de-historias-sitio-do-pica-pau-amarelo-16-04-10-ouro-preto-8-300x200.jpg\",\"contentUrl\":\"https:\/\/tremdavale.org\/wp-content\/uploads\/contacao-de-historias-sitio-do-pica-pau-amarelo-16-04-10-ouro-preto-8-300x200.jpg\",\"width\":300,\"height\":200},{\"@type\":\"BreadcrumbList\",\"@id\":\"https:\/\/tremdavale.org\/pt\/historias-de-moteiro-lobato-encantam-criancas\/#breadcrumb\",\"itemListElement\":[{\"@type\":\"ListItem\",\"position\":1,\"name\":\"In\u00edcio\",\"item\":\"https:\/\/tremdavale.org\/pt\/\"},{\"@type\":\"ListItem\",\"position\":2,\"name\":\"Hist\u00f3rias de Monteiro Lobato encantam crian\u00e7as\"}]},{\"@type\":\"WebSite\",\"@id\":\"https:\/\/tremdavale.org\/pt\/#website\",\"url\":\"https:\/\/tremdavale.org\/pt\/\",\"name\":\"Trem da Vale\",\"description\":\"Programa de Educa\u00e7\u00e3o Patrimonial\",\"potentialAction\":[{\"@type\":\"SearchAction\",\"target\":{\"@type\":\"EntryPoint\",\"urlTemplate\":\"https:\/\/tremdavale.org\/pt\/?s={search_term_string}\"},\"query-input\":{\"@type\":\"PropertyValueSpecification\",\"valueRequired\":true,\"valueName\":\"search_term_string\"}}],\"inLanguage\":\"pt-PT\"},{\"@type\":\"Person\",\"@id\":\"https:\/\/tremdavale.org\/pt\/#\/schema\/person\/50912137d47426d31329f246d02eaeca\",\"name\":\"admin\",\"image\":{\"@type\":\"ImageObject\",\"inLanguage\":\"pt-PT\",\"@id\":\"https:\/\/tremdavale.org\/pt\/#\/schema\/person\/image\/\",\"url\":\"https:\/\/secure.gravatar.com\/avatar\/b3564f0fda6ea47959fe96a4217203e79a167568a37409758659bc3ba443b452?s=96&d=mm&r=g\",\"contentUrl\":\"https:\/\/secure.gravatar.com\/avatar\/b3564f0fda6ea47959fe96a4217203e79a167568a37409758659bc3ba443b452?s=96&d=mm&r=g\",\"caption\":\"admin\"},\"sameAs\":[\"https:\/\/tremdavale.org\"],\"url\":\"https:\/\/tremdavale.org\/pt\/author\/admin\/\"}]}<\/script>\n<!-- \/ Yoast SEO plugin. -->","yoast_head_json":{"title":"Hist\u00f3rias de Monteiro Lobato encantam crian\u00e7as &#8212; Trem da Vale","robots":{"index":"index","follow":"follow","max-snippet":"max-snippet:-1","max-image-preview":"max-image-preview:large","max-video-preview":"max-video-preview:-1"},"canonical":"https:\/\/tremdavale.org\/pt\/historias-de-moteiro-lobato-encantam-criancas\/","og_locale":"pt_PT","og_type":"article","og_title":"Hist\u00f3rias de Monteiro Lobato encantam crian\u00e7as &#8212; Trem da Vale","og_description":"Grupo Reciclinove na Tenda Cultural &nbsp; A Conta\u00e7\u00e3o de Hist\u00f3rias Monteiro Lobato atraiu grande p\u00fablico nas esta\u00e7\u00f5es. No dia 16 de abril, mais de 200 crian\u00e7as de escolas p\u00fablicas de Ouro Preto se reuniram na Tenda Cultural para ouvir algumas das hist\u00f3rias criadas pelo autor. Nos dias 17 e 18, &hellip;","og_url":"https:\/\/tremdavale.org\/pt\/historias-de-moteiro-lobato-encantam-criancas\/","og_site_name":"Trem da Vale","article_published_time":"2011-09-12T08:45:00+00:00","article_modified_time":"2025-10-10T11:57:00+00:00","og_image":[{"width":300,"height":200,"url":"https:\/\/tremdavale.org\/wp-content\/uploads\/contacao-de-historias-sitio-do-pica-pau-amarelo-16-04-10-ouro-preto-8-300x200.jpg","type":"image\/jpeg"}],"author":"admin","twitter_card":"summary_large_image","twitter_misc":{"Escrito por":"admin","Tempo estimado de leitura":"1 minuto"},"schema":{"@context":"https:\/\/schema.org","@graph":[{"@type":"WebPage","@id":"https:\/\/tremdavale.org\/pt\/historias-de-moteiro-lobato-encantam-criancas\/","url":"https:\/\/tremdavale.org\/pt\/historias-de-moteiro-lobato-encantam-criancas\/","name":"Hist\u00f3rias de Monteiro Lobato encantam crian\u00e7as &#8212; Trem da Vale","isPartOf":{"@id":"https:\/\/tremdavale.org\/pt\/#website"},"primaryImageOfPage":{"@id":"https:\/\/tremdavale.org\/pt\/historias-de-moteiro-lobato-encantam-criancas\/#primaryimage"},"image":{"@id":"https:\/\/tremdavale.org\/pt\/historias-de-moteiro-lobato-encantam-criancas\/#primaryimage"},"thumbnailUrl":"https:\/\/tremdavale.org\/wp-content\/uploads\/contacao-de-historias-sitio-do-pica-pau-amarelo-16-04-10-ouro-preto-8-300x200.jpg","datePublished":"2011-09-12T08:45:00+00:00","dateModified":"2025-10-10T11:57:00+00:00","author":{"@id":"https:\/\/tremdavale.org\/pt\/#\/schema\/person\/50912137d47426d31329f246d02eaeca"},"breadcrumb":{"@id":"https:\/\/tremdavale.org\/pt\/historias-de-moteiro-lobato-encantam-criancas\/#breadcrumb"},"inLanguage":"pt-PT","potentialAction":[{"@type":"ReadAction","target":["https:\/\/tremdavale.org\/pt\/historias-de-moteiro-lobato-encantam-criancas\/"]}]},{"@type":"ImageObject","inLanguage":"pt-PT","@id":"https:\/\/tremdavale.org\/pt\/historias-de-moteiro-lobato-encantam-criancas\/#primaryimage","url":"https:\/\/tremdavale.org\/wp-content\/uploads\/contacao-de-historias-sitio-do-pica-pau-amarelo-16-04-10-ouro-preto-8-300x200.jpg","contentUrl":"https:\/\/tremdavale.org\/wp-content\/uploads\/contacao-de-historias-sitio-do-pica-pau-amarelo-16-04-10-ouro-preto-8-300x200.jpg","width":300,"height":200},{"@type":"BreadcrumbList","@id":"https:\/\/tremdavale.org\/pt\/historias-de-moteiro-lobato-encantam-criancas\/#breadcrumb","itemListElement":[{"@type":"ListItem","position":1,"name":"In\u00edcio","item":"https:\/\/tremdavale.org\/pt\/"},{"@type":"ListItem","position":2,"name":"Hist\u00f3rias de Monteiro Lobato encantam crian\u00e7as"}]},{"@type":"WebSite","@id":"https:\/\/tremdavale.org\/pt\/#website","url":"https:\/\/tremdavale.org\/pt\/","name":"Trem da Vale","description":"Programa de Educa\u00e7\u00e3o Patrimonial","potentialAction":[{"@type":"SearchAction","target":{"@type":"EntryPoint","urlTemplate":"https:\/\/tremdavale.org\/pt\/?s={search_term_string}"},"query-input":{"@type":"PropertyValueSpecification","valueRequired":true,"valueName":"search_term_string"}}],"inLanguage":"pt-PT"},{"@type":"Person","@id":"https:\/\/tremdavale.org\/pt\/#\/schema\/person\/50912137d47426d31329f246d02eaeca","name":"admin","image":{"@type":"ImageObject","inLanguage":"pt-PT","@id":"https:\/\/tremdavale.org\/pt\/#\/schema\/person\/image\/","url":"https:\/\/secure.gravatar.com\/avatar\/b3564f0fda6ea47959fe96a4217203e79a167568a37409758659bc3ba443b452?s=96&d=mm&r=g","contentUrl":"https:\/\/secure.gravatar.com\/avatar\/b3564f0fda6ea47959fe96a4217203e79a167568a37409758659bc3ba443b452?s=96&d=mm&r=g","caption":"admin"},"sameAs":["https:\/\/tremdavale.org"],"url":"https:\/\/tremdavale.org\/pt\/author\/admin\/"}]}},"_links":{"self":[{"href":"https:\/\/tremdavale.org\/pt\/wp-json\/wp\/v2\/posts\/164","targetHints":{"allow":["GET"]}}],"collection":[{"href":"https:\/\/tremdavale.org\/pt\/wp-json\/wp\/v2\/posts"}],"about":[{"href":"https:\/\/tremdavale.org\/pt\/wp-json\/wp\/v2\/types\/post"}],"author":[{"embeddable":true,"href":"https:\/\/tremdavale.org\/pt\/wp-json\/wp\/v2\/users\/1"}],"replies":[{"embeddable":true,"href":"https:\/\/tremdavale.org\/pt\/wp-json\/wp\/v2\/comments?post=164"}],"version-history":[{"count":0,"href":"https:\/\/tremdavale.org\/pt\/wp-json\/wp\/v2\/posts\/164\/revisions"}],"wp:featuredmedia":[{"embeddable":true,"href":"https:\/\/tremdavale.org\/pt\/wp-json\/wp\/v2\/media\/437"}],"wp:attachment":[{"href":"https:\/\/tremdavale.org\/pt\/wp-json\/wp\/v2\/media?parent=164"}],"wp:term":[{"taxonomy":"category","embeddable":true,"href":"https:\/\/tremdavale.org\/pt\/wp-json\/wp\/v2\/categories?post=164"},{"taxonomy":"post_tag","embeddable":true,"href":"https:\/\/tremdavale.org\/pt\/wp-json\/wp\/v2\/tags?post=164"}],"curies":[{"name":"wp","href":"https:\/\/api.w.org\/{rel}","templated":true}]}}