{"id":167,"date":"2011-09-10T18:43:00","date_gmt":"2011-09-10T18:43:00","guid":{"rendered":"https:\/\/tremdavale.org\/?p=167"},"modified":"2025-10-10T11:57:00","modified_gmt":"2025-10-10T11:57:00","slug":"ii-encontro-nacional-de-educacao-patrimonial","status":"publish","type":"post","link":"https:\/\/tremdavale.org\/pt\/ii-encontro-nacional-de-educacao-patrimonial\/","title":{"rendered":"II Encontro Nacional de Educa\u00e7\u00e3o Patrimonial"},"content":{"rendered":"<p>Tela de Sandro Jos\u00e9 da Silva.<\/p>\n<p>&nbsp;<\/p>\n<p style=\"text-align: left;\">Acontece entre os dias 17 e 21 de julho, o Segundo Encontro Nacional de Educa\u00e7\u00e3o Patrimonial, realizado no Centro de Artes e Conven\u00e7\u00f5es da UFOP. Promovido pelo IPHAN, em parceria com o Trem da Vale e a Universidade Federal de Ouro Preto, com o objetivo de organizar, discutir e congregar estrat\u00e9gias para a pol\u00edtica de Educa\u00e7\u00e3o Patrimonial, buscando fortalecer e consolidar o Sistema Nacional do Patrim\u00f4nio Cultural.<\/p>\n<p style=\"text-align: left;\">O Encontro \u00e9 uma oportunidade de ampliar e fortalecer uma rede &#8211; de profissionais, institui\u00e7\u00f5es p\u00fablicas e privadas, estudantes e grupos da comunidade &#8211; capaz de protagonizar e multiplicar a\u00e7\u00f5es que privilegiem o patrim\u00f4nio cultural brasileiro como bem fundamental \u00e0 mem\u00f3ria e identidade nacional, elemento imprescind\u00edvel de uma sociedade sustent\u00e1vel.<\/p>\n<p style=\"text-align: left;\">Al\u00e9m do Encontro, o IPHAN oferece, tamb\u00e9m, uma sele\u00e7\u00e3o de oficinas, instala\u00e7\u00f5es e exposi\u00e7\u00f5es que contemplam a diversidade cultural e oferecem ao p\u00fablico a possibilidade de vivenciar e refletir sobre as quest\u00f5es referentes ao patrim\u00f4nio cultural brasileiro.<\/p>\n<p style=\"text-align: left;\">A programa\u00e7\u00e3o completa voc\u00ea confere clicando AQUI.<\/p>\n<p>&nbsp;<\/p>\n","protected":false},"excerpt":{"rendered":"<p>Tela de Sandro Jos\u00e9 da Silva. &nbsp; Acontece entre os dias 17 e 21 de julho, o Segundo Encontro Nacional de Educa\u00e7\u00e3o Patrimonial, realizado no Centro de Artes e Conven\u00e7\u00f5es da UFOP. Promovido pelo IPHAN, em parceria com o Trem da Vale e a Universidade Federal de Ouro Preto, com &hellip;<\/p>\n","protected":false},"author":1,"featured_media":0,"comment_status":"open","ping_status":"closed","sticky":false,"template":"","format":"standard","meta":{"footnotes":""},"categories":[4],"tags":[],"class_list":["post-167","post","type-post","status-publish","format-standard","hentry","category-materia-news"],"yoast_head":"<!-- This site is optimized with the Yoast SEO plugin v26.1.1 - https:\/\/yoast.com\/wordpress\/plugins\/seo\/ -->\n<title>II Encontro Nacional de Educa\u00e7\u00e3o Patrimonial &#8212; Trem da Vale<\/title>\n<meta name=\"robots\" content=\"index, follow, max-snippet:-1, max-image-preview:large, max-video-preview:-1\" \/>\n<link rel=\"canonical\" href=\"https:\/\/tremdavale.org\/pt\/ii-encontro-nacional-de-educacao-patrimonial\/\" \/>\n<meta property=\"og:locale\" content=\"pt_PT\" \/>\n<meta property=\"og:type\" content=\"article\" \/>\n<meta property=\"og:title\" content=\"II Encontro Nacional de Educa\u00e7\u00e3o Patrimonial &#8212; Trem da Vale\" \/>\n<meta property=\"og:description\" content=\"Tela de Sandro Jos\u00e9 da Silva. &nbsp; Acontece entre os dias 17 e 21 de julho, o Segundo Encontro Nacional de Educa\u00e7\u00e3o Patrimonial, realizado no Centro de Artes e Conven\u00e7\u00f5es da UFOP. Promovido pelo IPHAN, em parceria com o Trem da Vale e a Universidade Federal de Ouro Preto, com &hellip;\" \/>\n<meta property=\"og:url\" content=\"https:\/\/tremdavale.org\/pt\/ii-encontro-nacional-de-educacao-patrimonial\/\" \/>\n<meta property=\"og:site_name\" content=\"Trem da Vale\" \/>\n<meta property=\"article:published_time\" content=\"2011-09-10T18:43:00+00:00\" \/>\n<meta property=\"article:modified_time\" content=\"2025-10-10T11:57:00+00:00\" \/>\n<meta name=\"author\" content=\"admin\" \/>\n<meta name=\"twitter:card\" content=\"summary_large_image\" \/>\n<meta name=\"twitter:label1\" content=\"Escrito por\" \/>\n\t<meta name=\"twitter:data1\" content=\"admin\" \/>\n\t<meta name=\"twitter:label2\" content=\"Tempo estimado de leitura\" \/>\n\t<meta name=\"twitter:data2\" content=\"1 minuto\" \/>\n<script type=\"application\/ld+json\" class=\"yoast-schema-graph\">{\"@context\":\"https:\/\/schema.org\",\"@graph\":[{\"@type\":\"WebPage\",\"@id\":\"https:\/\/tremdavale.org\/pt\/ii-encontro-nacional-de-educacao-patrimonial\/\",\"url\":\"https:\/\/tremdavale.org\/pt\/ii-encontro-nacional-de-educacao-patrimonial\/\",\"name\":\"II Encontro Nacional de Educa\u00e7\u00e3o Patrimonial &#8212; Trem da Vale\",\"isPartOf\":{\"@id\":\"https:\/\/tremdavale.org\/pt\/#website\"},\"datePublished\":\"2011-09-10T18:43:00+00:00\",\"dateModified\":\"2025-10-10T11:57:00+00:00\",\"author\":{\"@id\":\"https:\/\/tremdavale.org\/pt\/#\/schema\/person\/50912137d47426d31329f246d02eaeca\"},\"breadcrumb\":{\"@id\":\"https:\/\/tremdavale.org\/pt\/ii-encontro-nacional-de-educacao-patrimonial\/#breadcrumb\"},\"inLanguage\":\"pt-PT\",\"potentialAction\":[{\"@type\":\"ReadAction\",\"target\":[\"https:\/\/tremdavale.org\/pt\/ii-encontro-nacional-de-educacao-patrimonial\/\"]}]},{\"@type\":\"BreadcrumbList\",\"@id\":\"https:\/\/tremdavale.org\/pt\/ii-encontro-nacional-de-educacao-patrimonial\/#breadcrumb\",\"itemListElement\":[{\"@type\":\"ListItem\",\"position\":1,\"name\":\"In\u00edcio\",\"item\":\"https:\/\/tremdavale.org\/pt\/\"},{\"@type\":\"ListItem\",\"position\":2,\"name\":\"II Encontro Nacional de Educa\u00e7\u00e3o Patrimonial\"}]},{\"@type\":\"WebSite\",\"@id\":\"https:\/\/tremdavale.org\/pt\/#website\",\"url\":\"https:\/\/tremdavale.org\/pt\/\",\"name\":\"Trem da Vale\",\"description\":\"Programa de Educa\u00e7\u00e3o Patrimonial\",\"potentialAction\":[{\"@type\":\"SearchAction\",\"target\":{\"@type\":\"EntryPoint\",\"urlTemplate\":\"https:\/\/tremdavale.org\/pt\/?s={search_term_string}\"},\"query-input\":{\"@type\":\"PropertyValueSpecification\",\"valueRequired\":true,\"valueName\":\"search_term_string\"}}],\"inLanguage\":\"pt-PT\"},{\"@type\":\"Person\",\"@id\":\"https:\/\/tremdavale.org\/pt\/#\/schema\/person\/50912137d47426d31329f246d02eaeca\",\"name\":\"admin\",\"image\":{\"@type\":\"ImageObject\",\"inLanguage\":\"pt-PT\",\"@id\":\"https:\/\/tremdavale.org\/pt\/#\/schema\/person\/image\/\",\"url\":\"https:\/\/secure.gravatar.com\/avatar\/b3564f0fda6ea47959fe96a4217203e79a167568a37409758659bc3ba443b452?s=96&d=mm&r=g\",\"contentUrl\":\"https:\/\/secure.gravatar.com\/avatar\/b3564f0fda6ea47959fe96a4217203e79a167568a37409758659bc3ba443b452?s=96&d=mm&r=g\",\"caption\":\"admin\"},\"sameAs\":[\"https:\/\/tremdavale.org\"],\"url\":\"https:\/\/tremdavale.org\/pt\/author\/admin\/\"}]}<\/script>\n<!-- \/ Yoast SEO plugin. -->","yoast_head_json":{"title":"II Encontro Nacional de Educa\u00e7\u00e3o Patrimonial &#8212; Trem da Vale","robots":{"index":"index","follow":"follow","max-snippet":"max-snippet:-1","max-image-preview":"max-image-preview:large","max-video-preview":"max-video-preview:-1"},"canonical":"https:\/\/tremdavale.org\/pt\/ii-encontro-nacional-de-educacao-patrimonial\/","og_locale":"pt_PT","og_type":"article","og_title":"II Encontro Nacional de Educa\u00e7\u00e3o Patrimonial &#8212; Trem da Vale","og_description":"Tela de Sandro Jos\u00e9 da Silva. &nbsp; Acontece entre os dias 17 e 21 de julho, o Segundo Encontro Nacional de Educa\u00e7\u00e3o Patrimonial, realizado no Centro de Artes e Conven\u00e7\u00f5es da UFOP. Promovido pelo IPHAN, em parceria com o Trem da Vale e a Universidade Federal de Ouro Preto, com &hellip;","og_url":"https:\/\/tremdavale.org\/pt\/ii-encontro-nacional-de-educacao-patrimonial\/","og_site_name":"Trem da Vale","article_published_time":"2011-09-10T18:43:00+00:00","article_modified_time":"2025-10-10T11:57:00+00:00","author":"admin","twitter_card":"summary_large_image","twitter_misc":{"Escrito por":"admin","Tempo estimado de leitura":"1 minuto"},"schema":{"@context":"https:\/\/schema.org","@graph":[{"@type":"WebPage","@id":"https:\/\/tremdavale.org\/pt\/ii-encontro-nacional-de-educacao-patrimonial\/","url":"https:\/\/tremdavale.org\/pt\/ii-encontro-nacional-de-educacao-patrimonial\/","name":"II Encontro Nacional de Educa\u00e7\u00e3o Patrimonial &#8212; Trem da Vale","isPartOf":{"@id":"https:\/\/tremdavale.org\/pt\/#website"},"datePublished":"2011-09-10T18:43:00+00:00","dateModified":"2025-10-10T11:57:00+00:00","author":{"@id":"https:\/\/tremdavale.org\/pt\/#\/schema\/person\/50912137d47426d31329f246d02eaeca"},"breadcrumb":{"@id":"https:\/\/tremdavale.org\/pt\/ii-encontro-nacional-de-educacao-patrimonial\/#breadcrumb"},"inLanguage":"pt-PT","potentialAction":[{"@type":"ReadAction","target":["https:\/\/tremdavale.org\/pt\/ii-encontro-nacional-de-educacao-patrimonial\/"]}]},{"@type":"BreadcrumbList","@id":"https:\/\/tremdavale.org\/pt\/ii-encontro-nacional-de-educacao-patrimonial\/#breadcrumb","itemListElement":[{"@type":"ListItem","position":1,"name":"In\u00edcio","item":"https:\/\/tremdavale.org\/pt\/"},{"@type":"ListItem","position":2,"name":"II Encontro Nacional de Educa\u00e7\u00e3o Patrimonial"}]},{"@type":"WebSite","@id":"https:\/\/tremdavale.org\/pt\/#website","url":"https:\/\/tremdavale.org\/pt\/","name":"Trem da Vale","description":"Programa de Educa\u00e7\u00e3o Patrimonial","potentialAction":[{"@type":"SearchAction","target":{"@type":"EntryPoint","urlTemplate":"https:\/\/tremdavale.org\/pt\/?s={search_term_string}"},"query-input":{"@type":"PropertyValueSpecification","valueRequired":true,"valueName":"search_term_string"}}],"inLanguage":"pt-PT"},{"@type":"Person","@id":"https:\/\/tremdavale.org\/pt\/#\/schema\/person\/50912137d47426d31329f246d02eaeca","name":"admin","image":{"@type":"ImageObject","inLanguage":"pt-PT","@id":"https:\/\/tremdavale.org\/pt\/#\/schema\/person\/image\/","url":"https:\/\/secure.gravatar.com\/avatar\/b3564f0fda6ea47959fe96a4217203e79a167568a37409758659bc3ba443b452?s=96&d=mm&r=g","contentUrl":"https:\/\/secure.gravatar.com\/avatar\/b3564f0fda6ea47959fe96a4217203e79a167568a37409758659bc3ba443b452?s=96&d=mm&r=g","caption":"admin"},"sameAs":["https:\/\/tremdavale.org"],"url":"https:\/\/tremdavale.org\/pt\/author\/admin\/"}]}},"_links":{"self":[{"href":"https:\/\/tremdavale.org\/pt\/wp-json\/wp\/v2\/posts\/167","targetHints":{"allow":["GET"]}}],"collection":[{"href":"https:\/\/tremdavale.org\/pt\/wp-json\/wp\/v2\/posts"}],"about":[{"href":"https:\/\/tremdavale.org\/pt\/wp-json\/wp\/v2\/types\/post"}],"author":[{"embeddable":true,"href":"https:\/\/tremdavale.org\/pt\/wp-json\/wp\/v2\/users\/1"}],"replies":[{"embeddable":true,"href":"https:\/\/tremdavale.org\/pt\/wp-json\/wp\/v2\/comments?post=167"}],"version-history":[{"count":0,"href":"https:\/\/tremdavale.org\/pt\/wp-json\/wp\/v2\/posts\/167\/revisions"}],"wp:attachment":[{"href":"https:\/\/tremdavale.org\/pt\/wp-json\/wp\/v2\/media?parent=167"}],"wp:term":[{"taxonomy":"category","embeddable":true,"href":"https:\/\/tremdavale.org\/pt\/wp-json\/wp\/v2\/categories?post=167"},{"taxonomy":"post_tag","embeddable":true,"href":"https:\/\/tremdavale.org\/pt\/wp-json\/wp\/v2\/tags?post=167"}],"curies":[{"name":"wp","href":"https:\/\/api.w.org\/{rel}","templated":true}]}}