{"id":168,"date":"2013-08-25T04:48:00","date_gmt":"2013-08-25T04:48:00","guid":{"rendered":"https:\/\/tremdavale.org\/?p=168"},"modified":"2025-10-10T11:57:00","modified_gmt":"2025-10-10T11:57:00","slug":"iii-mostra-intermunicipal-de-educacao-patrimonial-fortalecendo-as-bases-integrando-as-comunidades","status":"publish","type":"post","link":"https:\/\/tremdavale.org\/pt\/iii-mostra-intermunicipal-de-educacao-patrimonial-fortalecendo-as-bases-integrando-as-comunidades\/","title":{"rendered":"III Mostra Intermunicipal de Educa\u00e7\u00e3o Patrimonial"},"content":{"rendered":"<p>A Mostra Intermunicipal de Educa\u00e7\u00e3o Patrimonial, realizada anualmente, este ano sob o tema \u201c<strong>Educa\u00e7\u00e3o e Cultura\u201d,<\/strong> faz parte das a\u00e7\u00f5es do Programa de Educa\u00e7\u00e3o Patrimonial Trem da Vale e tem o intuito de promover e socializar as a\u00e7\u00f5es em beneficio do patrim\u00f4nio cultural, desenvolvidas pelos membros da comunidade, especialmente a comunidade escolar.<\/p>\n<p>Realizando a Mostra, o Programa de Educa\u00e7\u00e3o Patrimonial busca integrar as comunidades de Ouro Preto e Mariana, por meio da apresenta\u00e7\u00e3o de projetos e trabalhos sobre educa\u00e7\u00e3o patrimonial e preserva\u00e7\u00e3o patrimonial desenvolvidos pelas escolas das redes municipal e estadual dos munic\u00edpios, e pelos grupos e institui\u00e7\u00f5es representantes das comunidades das duas cidades.<\/p>\n<p style=\"text-align: center;\"><img loading=\"lazy\" decoding=\"async\" class=\"size-medium\" title=\"3c2ba-mostra-05-11-11-foto-suelem-louzada-21\" src=\"\/wp-content\/uploads\/3c2ba-mostra-05-11-11-foto-suelem-louzada-21-300x199.jpg\" alt=\"3c2ba-mostra-05-11-11-foto-suelem-louzada-21\" width=\"300\" height=\"200\"><\/p>\n<p>Em comemora\u00e7\u00e3o ao Dia Nacional da Cultura &#8211; 05 de novembro, a Mostra tamb\u00e9m celebrou a data com a realiza\u00e7\u00e3o de oficinas, interven\u00e7\u00f5es culturais que valorizaram e destacaram a cultura marianense e ouro-pretana em suas diversas manifesta\u00e7\u00f5es.<\/p>\n<p>A programa\u00e7\u00e3o do dia 5 incluiu apresenta\u00e7\u00f5es de Congado, Dan\u00e7a da Fita e Folia de Reis, Cavalhada Mirim, apresentadas por alunos e membros das comunidades em geral, al\u00e9m de oficinas vivas interativas: cestaria em taquara, bonecos Z\u00e9 Pereira, Tape\u00e7aria em Sisal, Flores e Doces Artesanais &#8211; realizadas na plataforma da Esta\u00e7\u00e3o e na Tenda Cultural. O objetivo das atividades \u00e9 oferecer uma oportunidade de visitar e vivenciar alguns dos of\u00edcios da regi\u00e3o, celebrando as diversas formas de atua\u00e7\u00e3o promovidas pelos projetos e institui\u00e7\u00f5es locais.<\/p>\n<p>Consideramos o resultado da Mostra um sucesso devido \u00e0 participa\u00e7\u00e3o e envolvimento de todos (participantes, p\u00fablico em geral e equipe PEPTV) e \u00e0 qualidade dos trabalhos e projetos apresentados. Tivemos a visita de diversas crian\u00e7as, jovens, professores e membros da comunidade escolar de Ouro Preto e Mariana, al\u00e9m de pessoas da comunidade em geral, turistas e visitantes; contabilizando esses, mais os grupos que apresentaram n\u00fameros culturais, os grupos de alunos das escolas concorrentes ao pr\u00eamio, oficineiros, dentre outros, ao todo, cerca de 600 pessoas participaram do evento.<\/p>\n<p style=\"text-align: center;\"><img loading=\"lazy\" decoding=\"async\" class=\"size-medium\" title=\"3c2ba-mostra-05-11-11-foto-suelem-louzada-38\" src=\"\/wp-content\/uploads\/3c2ba-mostra-05-11-11-foto-suelem-louzada-38-300x199.jpg\" alt=\"3c2ba-mostra-05-11-11-foto-suelem-louzada-38\" width=\"300\" height=\"199\"><\/p>\n<p style=\"text-align: center;\"><img loading=\"lazy\" decoding=\"async\" class=\"size-medium\" title=\"3c2ba-mostra-05-11-11-foto-suelem-louzada-141\" src=\"\/wp-content\/uploads\/3c2ba-mostra-05-11-11-foto-suelem-louzada-141-300x199.jpg\" alt=\"3c2ba-mostra-05-11-11-foto-suelem-louzada-141\" width=\"300\" height=\"199\"><\/p>\n<p style=\"text-align: center;\"><img loading=\"lazy\" decoding=\"async\" class=\"size-medium\" title=\"3c2ba-mostra-05-11-11-foto-suelem-louzada-56\" src=\"\/wp-content\/uploads\/3c2ba-mostra-05-11-11-foto-suelem-louzada-56-300x182.jpg\" alt=\"3c2ba-mostra-05-11-11-foto-suelem-louzada-56\" width=\"300\" height=\"182\"><\/p>\n<p style=\"text-align: center;\"><img loading=\"lazy\" decoding=\"async\" class=\"size-medium\" title=\"3c2ba-mostra-05-11-11-foto-suelem-louzada-40\" src=\"\/wp-content\/uploads\/3c2ba-mostra-05-11-11-foto-suelem-louzada-40-300x199.jpg\" alt=\"3c2ba-mostra-05-11-11-foto-suelem-louzada-40\" width=\"300\" height=\"199\"><\/p>\n<p><strong><span style=\"font-family: mceinline;\">Grupos e institui\u00e7\u00f5es premiadas:<\/span><\/strong><\/p>\n<p><strong><span style=\"font-family: mceinline;\">Institui\u00e7\u00f5es Escolares<\/span><\/strong><\/p>\n<p><span style=\"font-family: mceinline;\">&#8211; 1\u00ba lugar institui\u00e7\u00e3o escolar de Mariana: <em>E. M. Passagem de Mariana<\/em>, com o projeto \u201c<em>Preserva\u00e7\u00e3o do Meio Ambiente<\/em>\u201c;<\/span><\/p>\n<p>&#8211; 1\u00ba lugar institui\u00e7\u00e3o escolar de Ouro Preto: <em>E. M. Monsenhor Jo\u00e3o Castilho Barbosa<\/em>, com o projeto \u201c<em>Lugar de Mem\u00f3ria: 300 anos de cidadania ouro-pretana<\/em>\u201c;<\/p>\n<p><strong>Men\u00e7\u00f5es Honrosas Institui\u00e7\u00f5es Escolares:<\/strong><\/p>\n<p><span style=\"font-family: mceinline;\">&#8211; 1\u00ba Lugar: <em>E. M. Ren\u00ea Giannetti (OP)<\/em>, com o projeto \u201c<em>Piiiuuu\u00ed\u00ed\u00ed pelas janelas do trem<\/em>, Tarsila do Amaral apresenta o patrim\u00f4nio cultural ouropretano na Escola Municipal Ren\u00ea Giannetti (pr\u00eamio: 01 aparelho DVD e uma c\u00e2mera fotogr\u00e1fica digital)<\/span><\/p>\n<p>&#8211; 2\u00ba Lugar: <em>E. M. Professssora Juventina Drummond<\/em> (OP), com o projeto \u201c<em>Sou do Morro eu tamb\u00e9m sou Patrim\u00f4nio<\/em>\u201d<\/p>\n<p><span style=\"font-family: mceinline;\"><strong>Institui\u00e7\u00f5es n\u00e3o-escolares \/ grupos organizados de Ouro Preto:<\/strong><\/span><\/p>\n<p><span style=\"font-family: mceinline;\">&#8211; 1\u00ba lugar: FAOP, com o projeto \u201cAro &#8211; Forma\u00e7\u00e3o em Arte, Restauro e Of\u00edcios;<\/span><\/p>\n<p>&#8211; 2\u00ba lugar: Associa\u00e7\u00e3o dos Doceiros e Agricultores Familiares de S\u00e3o Bartolomeu, com o projeto \u201cDoces de S\u00e3o Bartolomeu\u201d<\/p>\n<p>&#8211; 3\u00ba lugar: APAE Ouro Preto, com o projeto \u201cCongado de Nossa Senhora do Ros\u00e1rio e Nossa Senhora das Gra\u00e7as\u201d<\/p>\n<p>&#8211; Men\u00e7\u00e3o Honrosa (e uma c\u00e2mera fotogr\u00e1fica): <em>Museu das Redu\u00e7\u00f5es<\/em>, com o projeto \u201c<em>Educa\u00e7\u00e3o Patrimonial com Inclus\u00e3o Digital<\/em>\u201c<\/p>\n<p>&nbsp;<\/p>\n","protected":false},"excerpt":{"rendered":"<p>A Mostra Intermunicipal de Educa\u00e7\u00e3o Patrimonial, realizada anualmente, este ano sob o tema \u201cEduca\u00e7\u00e3o e Cultura\u201d, faz parte das a\u00e7\u00f5es do Programa de Educa\u00e7\u00e3o Patrimonial Trem da Vale e tem o intuito de promover e socializar as a\u00e7\u00f5es em beneficio do patrim\u00f4nio cultural, desenvolvidas pelos membros da comunidade, especialmente a &hellip;<\/p>\n","protected":false},"author":1,"featured_media":439,"comment_status":"open","ping_status":"closed","sticky":false,"template":"","format":"standard","meta":{"footnotes":""},"categories":[2],"tags":[],"class_list":["post-168","post","type-post","status-publish","format-standard","has-post-thumbnail","hentry","category-destaques-home"],"yoast_head":"<!-- This site is optimized with the Yoast SEO plugin v26.1.1 - https:\/\/yoast.com\/wordpress\/plugins\/seo\/ -->\n<title>III Mostra Intermunicipal de Educa\u00e7\u00e3o Patrimonial &#8212; Trem da Vale<\/title>\n<meta name=\"robots\" content=\"index, follow, max-snippet:-1, max-image-preview:large, max-video-preview:-1\" \/>\n<link rel=\"canonical\" href=\"https:\/\/tremdavale.org\/pt\/iii-mostra-intermunicipal-de-educacao-patrimonial-fortalecendo-as-bases-integrando-as-comunidades\/\" \/>\n<meta property=\"og:locale\" content=\"pt_PT\" \/>\n<meta property=\"og:type\" content=\"article\" \/>\n<meta property=\"og:title\" content=\"III Mostra Intermunicipal de Educa\u00e7\u00e3o Patrimonial &#8212; Trem da Vale\" \/>\n<meta property=\"og:description\" content=\"A Mostra Intermunicipal de Educa\u00e7\u00e3o Patrimonial, realizada anualmente, este ano sob o tema \u201cEduca\u00e7\u00e3o e Cultura\u201d, faz parte das a\u00e7\u00f5es do Programa de Educa\u00e7\u00e3o Patrimonial Trem da Vale e tem o intuito de promover e socializar as a\u00e7\u00f5es em beneficio do patrim\u00f4nio cultural, desenvolvidas pelos membros da comunidade, especialmente a &hellip;\" \/>\n<meta property=\"og:url\" content=\"https:\/\/tremdavale.org\/pt\/iii-mostra-intermunicipal-de-educacao-patrimonial-fortalecendo-as-bases-integrando-as-comunidades\/\" \/>\n<meta property=\"og:site_name\" content=\"Trem da Vale\" \/>\n<meta property=\"article:published_time\" content=\"2013-08-25T04:48:00+00:00\" \/>\n<meta property=\"article:modified_time\" content=\"2025-10-10T11:57:00+00:00\" \/>\n<meta property=\"og:image\" content=\"https:\/\/tremdavale.org\/wp-content\/uploads\/3c2ba-mostra-05-11-11-foto-suelem-louzada-21-300x199.jpg\" \/>\n\t<meta property=\"og:image:width\" content=\"300\" \/>\n\t<meta property=\"og:image:height\" content=\"199\" \/>\n\t<meta property=\"og:image:type\" content=\"image\/jpeg\" \/>\n<meta name=\"author\" content=\"admin\" \/>\n<meta name=\"twitter:card\" content=\"summary_large_image\" \/>\n<meta name=\"twitter:label1\" content=\"Escrito por\" \/>\n\t<meta name=\"twitter:data1\" content=\"admin\" \/>\n\t<meta name=\"twitter:label2\" content=\"Tempo estimado de leitura\" \/>\n\t<meta name=\"twitter:data2\" content=\"3 minutos\" \/>\n<script type=\"application\/ld+json\" class=\"yoast-schema-graph\">{\"@context\":\"https:\/\/schema.org\",\"@graph\":[{\"@type\":\"WebPage\",\"@id\":\"https:\/\/tremdavale.org\/pt\/iii-mostra-intermunicipal-de-educacao-patrimonial-fortalecendo-as-bases-integrando-as-comunidades\/\",\"url\":\"https:\/\/tremdavale.org\/pt\/iii-mostra-intermunicipal-de-educacao-patrimonial-fortalecendo-as-bases-integrando-as-comunidades\/\",\"name\":\"III Mostra Intermunicipal de Educa\u00e7\u00e3o Patrimonial &#8212; Trem da Vale\",\"isPartOf\":{\"@id\":\"https:\/\/tremdavale.org\/pt\/#website\"},\"primaryImageOfPage\":{\"@id\":\"https:\/\/tremdavale.org\/pt\/iii-mostra-intermunicipal-de-educacao-patrimonial-fortalecendo-as-bases-integrando-as-comunidades\/#primaryimage\"},\"image\":{\"@id\":\"https:\/\/tremdavale.org\/pt\/iii-mostra-intermunicipal-de-educacao-patrimonial-fortalecendo-as-bases-integrando-as-comunidades\/#primaryimage\"},\"thumbnailUrl\":\"https:\/\/tremdavale.org\/wp-content\/uploads\/3c2ba-mostra-05-11-11-foto-suelem-louzada-21-300x199.jpg\",\"datePublished\":\"2013-08-25T04:48:00+00:00\",\"dateModified\":\"2025-10-10T11:57:00+00:00\",\"author\":{\"@id\":\"https:\/\/tremdavale.org\/pt\/#\/schema\/person\/50912137d47426d31329f246d02eaeca\"},\"breadcrumb\":{\"@id\":\"https:\/\/tremdavale.org\/pt\/iii-mostra-intermunicipal-de-educacao-patrimonial-fortalecendo-as-bases-integrando-as-comunidades\/#breadcrumb\"},\"inLanguage\":\"pt-PT\",\"potentialAction\":[{\"@type\":\"ReadAction\",\"target\":[\"https:\/\/tremdavale.org\/pt\/iii-mostra-intermunicipal-de-educacao-patrimonial-fortalecendo-as-bases-integrando-as-comunidades\/\"]}]},{\"@type\":\"ImageObject\",\"inLanguage\":\"pt-PT\",\"@id\":\"https:\/\/tremdavale.org\/pt\/iii-mostra-intermunicipal-de-educacao-patrimonial-fortalecendo-as-bases-integrando-as-comunidades\/#primaryimage\",\"url\":\"https:\/\/tremdavale.org\/wp-content\/uploads\/3c2ba-mostra-05-11-11-foto-suelem-louzada-21-300x199.jpg\",\"contentUrl\":\"https:\/\/tremdavale.org\/wp-content\/uploads\/3c2ba-mostra-05-11-11-foto-suelem-louzada-21-300x199.jpg\",\"width\":300,\"height\":199},{\"@type\":\"BreadcrumbList\",\"@id\":\"https:\/\/tremdavale.org\/pt\/iii-mostra-intermunicipal-de-educacao-patrimonial-fortalecendo-as-bases-integrando-as-comunidades\/#breadcrumb\",\"itemListElement\":[{\"@type\":\"ListItem\",\"position\":1,\"name\":\"In\u00edcio\",\"item\":\"https:\/\/tremdavale.org\/pt\/\"},{\"@type\":\"ListItem\",\"position\":2,\"name\":\"III Mostra Intermunicipal de Educa\u00e7\u00e3o Patrimonial\"}]},{\"@type\":\"WebSite\",\"@id\":\"https:\/\/tremdavale.org\/pt\/#website\",\"url\":\"https:\/\/tremdavale.org\/pt\/\",\"name\":\"Trem da Vale\",\"description\":\"Programa de Educa\u00e7\u00e3o Patrimonial\",\"potentialAction\":[{\"@type\":\"SearchAction\",\"target\":{\"@type\":\"EntryPoint\",\"urlTemplate\":\"https:\/\/tremdavale.org\/pt\/?s={search_term_string}\"},\"query-input\":{\"@type\":\"PropertyValueSpecification\",\"valueRequired\":true,\"valueName\":\"search_term_string\"}}],\"inLanguage\":\"pt-PT\"},{\"@type\":\"Person\",\"@id\":\"https:\/\/tremdavale.org\/pt\/#\/schema\/person\/50912137d47426d31329f246d02eaeca\",\"name\":\"admin\",\"image\":{\"@type\":\"ImageObject\",\"inLanguage\":\"pt-PT\",\"@id\":\"https:\/\/tremdavale.org\/pt\/#\/schema\/person\/image\/\",\"url\":\"https:\/\/secure.gravatar.com\/avatar\/b3564f0fda6ea47959fe96a4217203e79a167568a37409758659bc3ba443b452?s=96&d=mm&r=g\",\"contentUrl\":\"https:\/\/secure.gravatar.com\/avatar\/b3564f0fda6ea47959fe96a4217203e79a167568a37409758659bc3ba443b452?s=96&d=mm&r=g\",\"caption\":\"admin\"},\"sameAs\":[\"https:\/\/tremdavale.org\"],\"url\":\"https:\/\/tremdavale.org\/pt\/author\/admin\/\"}]}<\/script>\n<!-- \/ Yoast SEO plugin. -->","yoast_head_json":{"title":"III Mostra Intermunicipal de Educa\u00e7\u00e3o Patrimonial &#8212; Trem da Vale","robots":{"index":"index","follow":"follow","max-snippet":"max-snippet:-1","max-image-preview":"max-image-preview:large","max-video-preview":"max-video-preview:-1"},"canonical":"https:\/\/tremdavale.org\/pt\/iii-mostra-intermunicipal-de-educacao-patrimonial-fortalecendo-as-bases-integrando-as-comunidades\/","og_locale":"pt_PT","og_type":"article","og_title":"III Mostra Intermunicipal de Educa\u00e7\u00e3o Patrimonial &#8212; Trem da Vale","og_description":"A Mostra Intermunicipal de Educa\u00e7\u00e3o Patrimonial, realizada anualmente, este ano sob o tema \u201cEduca\u00e7\u00e3o e Cultura\u201d, faz parte das a\u00e7\u00f5es do Programa de Educa\u00e7\u00e3o Patrimonial Trem da Vale e tem o intuito de promover e socializar as a\u00e7\u00f5es em beneficio do patrim\u00f4nio cultural, desenvolvidas pelos membros da comunidade, especialmente a &hellip;","og_url":"https:\/\/tremdavale.org\/pt\/iii-mostra-intermunicipal-de-educacao-patrimonial-fortalecendo-as-bases-integrando-as-comunidades\/","og_site_name":"Trem da Vale","article_published_time":"2013-08-25T04:48:00+00:00","article_modified_time":"2025-10-10T11:57:00+00:00","og_image":[{"width":300,"height":199,"url":"https:\/\/tremdavale.org\/wp-content\/uploads\/3c2ba-mostra-05-11-11-foto-suelem-louzada-21-300x199.jpg","type":"image\/jpeg"}],"author":"admin","twitter_card":"summary_large_image","twitter_misc":{"Escrito por":"admin","Tempo estimado de leitura":"3 minutos"},"schema":{"@context":"https:\/\/schema.org","@graph":[{"@type":"WebPage","@id":"https:\/\/tremdavale.org\/pt\/iii-mostra-intermunicipal-de-educacao-patrimonial-fortalecendo-as-bases-integrando-as-comunidades\/","url":"https:\/\/tremdavale.org\/pt\/iii-mostra-intermunicipal-de-educacao-patrimonial-fortalecendo-as-bases-integrando-as-comunidades\/","name":"III Mostra Intermunicipal de Educa\u00e7\u00e3o Patrimonial &#8212; Trem da Vale","isPartOf":{"@id":"https:\/\/tremdavale.org\/pt\/#website"},"primaryImageOfPage":{"@id":"https:\/\/tremdavale.org\/pt\/iii-mostra-intermunicipal-de-educacao-patrimonial-fortalecendo-as-bases-integrando-as-comunidades\/#primaryimage"},"image":{"@id":"https:\/\/tremdavale.org\/pt\/iii-mostra-intermunicipal-de-educacao-patrimonial-fortalecendo-as-bases-integrando-as-comunidades\/#primaryimage"},"thumbnailUrl":"https:\/\/tremdavale.org\/wp-content\/uploads\/3c2ba-mostra-05-11-11-foto-suelem-louzada-21-300x199.jpg","datePublished":"2013-08-25T04:48:00+00:00","dateModified":"2025-10-10T11:57:00+00:00","author":{"@id":"https:\/\/tremdavale.org\/pt\/#\/schema\/person\/50912137d47426d31329f246d02eaeca"},"breadcrumb":{"@id":"https:\/\/tremdavale.org\/pt\/iii-mostra-intermunicipal-de-educacao-patrimonial-fortalecendo-as-bases-integrando-as-comunidades\/#breadcrumb"},"inLanguage":"pt-PT","potentialAction":[{"@type":"ReadAction","target":["https:\/\/tremdavale.org\/pt\/iii-mostra-intermunicipal-de-educacao-patrimonial-fortalecendo-as-bases-integrando-as-comunidades\/"]}]},{"@type":"ImageObject","inLanguage":"pt-PT","@id":"https:\/\/tremdavale.org\/pt\/iii-mostra-intermunicipal-de-educacao-patrimonial-fortalecendo-as-bases-integrando-as-comunidades\/#primaryimage","url":"https:\/\/tremdavale.org\/wp-content\/uploads\/3c2ba-mostra-05-11-11-foto-suelem-louzada-21-300x199.jpg","contentUrl":"https:\/\/tremdavale.org\/wp-content\/uploads\/3c2ba-mostra-05-11-11-foto-suelem-louzada-21-300x199.jpg","width":300,"height":199},{"@type":"BreadcrumbList","@id":"https:\/\/tremdavale.org\/pt\/iii-mostra-intermunicipal-de-educacao-patrimonial-fortalecendo-as-bases-integrando-as-comunidades\/#breadcrumb","itemListElement":[{"@type":"ListItem","position":1,"name":"In\u00edcio","item":"https:\/\/tremdavale.org\/pt\/"},{"@type":"ListItem","position":2,"name":"III Mostra Intermunicipal de Educa\u00e7\u00e3o Patrimonial"}]},{"@type":"WebSite","@id":"https:\/\/tremdavale.org\/pt\/#website","url":"https:\/\/tremdavale.org\/pt\/","name":"Trem da Vale","description":"Programa de Educa\u00e7\u00e3o Patrimonial","potentialAction":[{"@type":"SearchAction","target":{"@type":"EntryPoint","urlTemplate":"https:\/\/tremdavale.org\/pt\/?s={search_term_string}"},"query-input":{"@type":"PropertyValueSpecification","valueRequired":true,"valueName":"search_term_string"}}],"inLanguage":"pt-PT"},{"@type":"Person","@id":"https:\/\/tremdavale.org\/pt\/#\/schema\/person\/50912137d47426d31329f246d02eaeca","name":"admin","image":{"@type":"ImageObject","inLanguage":"pt-PT","@id":"https:\/\/tremdavale.org\/pt\/#\/schema\/person\/image\/","url":"https:\/\/secure.gravatar.com\/avatar\/b3564f0fda6ea47959fe96a4217203e79a167568a37409758659bc3ba443b452?s=96&d=mm&r=g","contentUrl":"https:\/\/secure.gravatar.com\/avatar\/b3564f0fda6ea47959fe96a4217203e79a167568a37409758659bc3ba443b452?s=96&d=mm&r=g","caption":"admin"},"sameAs":["https:\/\/tremdavale.org"],"url":"https:\/\/tremdavale.org\/pt\/author\/admin\/"}]}},"_links":{"self":[{"href":"https:\/\/tremdavale.org\/pt\/wp-json\/wp\/v2\/posts\/168","targetHints":{"allow":["GET"]}}],"collection":[{"href":"https:\/\/tremdavale.org\/pt\/wp-json\/wp\/v2\/posts"}],"about":[{"href":"https:\/\/tremdavale.org\/pt\/wp-json\/wp\/v2\/types\/post"}],"author":[{"embeddable":true,"href":"https:\/\/tremdavale.org\/pt\/wp-json\/wp\/v2\/users\/1"}],"replies":[{"embeddable":true,"href":"https:\/\/tremdavale.org\/pt\/wp-json\/wp\/v2\/comments?post=168"}],"version-history":[{"count":0,"href":"https:\/\/tremdavale.org\/pt\/wp-json\/wp\/v2\/posts\/168\/revisions"}],"wp:featuredmedia":[{"embeddable":true,"href":"https:\/\/tremdavale.org\/pt\/wp-json\/wp\/v2\/media\/439"}],"wp:attachment":[{"href":"https:\/\/tremdavale.org\/pt\/wp-json\/wp\/v2\/media?parent=168"}],"wp:term":[{"taxonomy":"category","embeddable":true,"href":"https:\/\/tremdavale.org\/pt\/wp-json\/wp\/v2\/categories?post=168"},{"taxonomy":"post_tag","embeddable":true,"href":"https:\/\/tremdavale.org\/pt\/wp-json\/wp\/v2\/tags?post=168"}],"curies":[{"name":"wp","href":"https:\/\/api.w.org\/{rel}","templated":true}]}}