{"id":170,"date":"2013-08-25T04:48:00","date_gmt":"2013-08-25T04:48:00","guid":{"rendered":"https:\/\/tremdavale.org\/?p=170"},"modified":"2025-10-10T11:57:00","modified_gmt":"2025-10-10T11:57:00","slug":"inauguracao-da-exposicao-fotografica-4-oficina-de-fotografia-digital-no-bairro-morro-santana-em-ouro-preto","status":"publish","type":"post","link":"https:\/\/tremdavale.org\/pt\/inauguracao-da-exposicao-fotografica-4-oficina-de-fotografia-digital-no-bairro-morro-santana-em-ouro-preto\/","title":{"rendered":"Inaugura\u00e7\u00e3o da exposi\u00e7\u00e3o fotogr\u00e1fica \u201c4\u00aa Oficina de Fotografia Digital\u201d no bairro Morro Santana em Ouro Preto"},"content":{"rendered":"<p><img loading=\"lazy\" decoding=\"async\" class=\"size-medium\" title=\"01-exposicao-4c2aa-oficina-de-fotografia-digital-gaas-op1\" src=\"\/wp-content\/uploads\/01-exposicao-4c2aa-oficina-de-fotografia-digital-gaas-op1-300x200.jpg\" alt=\"01-exposicao-4c2aa-oficina-de-fotografia-digital-gaas-op1\" width=\"300\" height=\"200\"><\/p>\n<p>Visitantes observam as fotografias selecionadas para a Exposi\u00e7\u00e3o de Fotos da 4\u00aa Oficina de Fotografia Digital. Foto: Marcello Nicolato<\/p>\n<p>&nbsp;<\/p>\n<p style=\"text-align: justify;\"><span>No dia 02 de fevereiro de 2012, \u00e0s 10 horas, foi aberta no Grupo Assistencial Auta de Souza, localizado \u00e0 Rua 24 de Junho n\u00ba. 185, bairro Morro Santana, em Ouro Preto, a Exposi\u00e7\u00e3o Fotogr\u00e1fica relativa \u00e0 4\u00aa Oficina de Fotografia Digital, promovida pelo Vale Registrar.&nbsp; Na ocasi\u00e3o, compareceram alunos da oficina e moradores da comunidade local. Esta exposi\u00e7\u00e3o poder\u00e1 ser apreciada de segunda a sexta, de 08 as 17 horas, at\u00e9 o dia 16 de fevereiro de 2012.<\/span><\/p>\n<p>&nbsp;<\/p>\n<p><img loading=\"lazy\" decoding=\"async\" class=\"size-medium\" title=\"03-exposicao-4c2aa-oficina-de-fotografia-digital-gaas-op\" src=\"\/wp-content\/uploads\/03-exposicao-4c2aa-oficina-de-fotografia-digital-gaas-op-300x200.jpg\" alt=\"03-exposicao-4c2aa-oficina-de-fotografia-digital-gaas-op\" width=\"300\" height=\"200\"><\/p>\n<p>Crian\u00e7as e adultos participam da abertura da Exposi\u00e7\u00e3o de Fotos da 4\u00aa Oficina de Fotografia Digital, montada no GAAS (Grupo Assistencial Auta de Souza), localizado bem no centro do bairro do Morro Santana. Foto: Marcello Nicolato.<\/p>\n<p>&nbsp;<\/p>\n<p style=\"text-align: justify;\">Ap\u00f3s ser realizada em Ouro Preto, a mostra ocupar\u00e1 a Sala Multiuso na Esta\u00e7\u00e3o de Mariana do Trem da Vale, no per\u00edodo de 17 de fevereiro a 04 de mar\u00e7o. Logo depois, ela estar\u00e1 exposta no pr\u00e9dio da Escola Municipal Monsenhor Jos\u00e9 Cotta, situado na Rua Diamantina, s\/n\u00ba, bairro Cabanas, em Mariana, de 05 a 23 de mar\u00e7o de 2012.<\/p>\n<p>&nbsp;<\/p>\n","protected":false},"excerpt":{"rendered":"<p>Visitantes observam as fotografias selecionadas para a Exposi\u00e7\u00e3o de Fotos da 4\u00aa Oficina de Fotografia Digital. Foto: Marcello Nicolato &nbsp; No dia 02 de fevereiro de 2012, \u00e0s 10 horas, foi aberta no Grupo Assistencial Auta de Souza, localizado \u00e0 Rua 24 de Junho n\u00ba. 185, bairro Morro Santana, em &hellip;<\/p>\n","protected":false},"author":1,"featured_media":441,"comment_status":"open","ping_status":"closed","sticky":false,"template":"","format":"standard","meta":{"footnotes":""},"categories":[3],"tags":[],"class_list":["post-170","post","type-post","status-publish","format-standard","has-post-thumbnail","hentry","category-noticias"],"yoast_head":"<!-- This site is optimized with the Yoast SEO plugin v26.1.1 - https:\/\/yoast.com\/wordpress\/plugins\/seo\/ -->\n<title>Inaugura\u00e7\u00e3o da exposi\u00e7\u00e3o fotogr\u00e1fica \u201c4\u00aa Oficina de Fotografia Digital\u201d no bairro Morro Santana em Ouro Preto &#8212; Trem da Vale<\/title>\n<meta name=\"robots\" content=\"index, follow, max-snippet:-1, max-image-preview:large, max-video-preview:-1\" \/>\n<link rel=\"canonical\" href=\"https:\/\/tremdavale.org\/pt\/inauguracao-da-exposicao-fotografica-4-oficina-de-fotografia-digital-no-bairro-morro-santana-em-ouro-preto\/\" \/>\n<meta property=\"og:locale\" content=\"pt_PT\" \/>\n<meta property=\"og:type\" content=\"article\" \/>\n<meta property=\"og:title\" content=\"Inaugura\u00e7\u00e3o da exposi\u00e7\u00e3o fotogr\u00e1fica \u201c4\u00aa Oficina de Fotografia Digital\u201d no bairro Morro Santana em Ouro Preto &#8212; Trem da Vale\" \/>\n<meta property=\"og:description\" content=\"Visitantes observam as fotografias selecionadas para a Exposi\u00e7\u00e3o de Fotos da 4\u00aa Oficina de Fotografia Digital. Foto: Marcello Nicolato &nbsp; No dia 02 de fevereiro de 2012, \u00e0s 10 horas, foi aberta no Grupo Assistencial Auta de Souza, localizado \u00e0 Rua 24 de Junho n\u00ba. 185, bairro Morro Santana, em &hellip;\" \/>\n<meta property=\"og:url\" content=\"https:\/\/tremdavale.org\/pt\/inauguracao-da-exposicao-fotografica-4-oficina-de-fotografia-digital-no-bairro-morro-santana-em-ouro-preto\/\" \/>\n<meta property=\"og:site_name\" content=\"Trem da Vale\" \/>\n<meta property=\"article:published_time\" content=\"2013-08-25T04:48:00+00:00\" \/>\n<meta property=\"article:modified_time\" content=\"2025-10-10T11:57:00+00:00\" \/>\n<meta property=\"og:image\" content=\"https:\/\/tremdavale.org\/wp-content\/uploads\/01-exposicao-4c2aa-oficina-de-fotografia-digital-gaas-op1-300x200.jpg\" \/>\n\t<meta property=\"og:image:width\" content=\"300\" \/>\n\t<meta property=\"og:image:height\" content=\"200\" \/>\n\t<meta property=\"og:image:type\" content=\"image\/jpeg\" \/>\n<meta name=\"author\" content=\"admin\" \/>\n<meta name=\"twitter:card\" content=\"summary_large_image\" \/>\n<meta name=\"twitter:label1\" content=\"Escrito por\" \/>\n\t<meta name=\"twitter:data1\" content=\"admin\" \/>\n\t<meta name=\"twitter:label2\" content=\"Tempo estimado de leitura\" \/>\n\t<meta name=\"twitter:data2\" content=\"1 minuto\" \/>\n<script type=\"application\/ld+json\" class=\"yoast-schema-graph\">{\"@context\":\"https:\/\/schema.org\",\"@graph\":[{\"@type\":\"WebPage\",\"@id\":\"https:\/\/tremdavale.org\/pt\/inauguracao-da-exposicao-fotografica-4-oficina-de-fotografia-digital-no-bairro-morro-santana-em-ouro-preto\/\",\"url\":\"https:\/\/tremdavale.org\/pt\/inauguracao-da-exposicao-fotografica-4-oficina-de-fotografia-digital-no-bairro-morro-santana-em-ouro-preto\/\",\"name\":\"Inaugura\u00e7\u00e3o da exposi\u00e7\u00e3o fotogr\u00e1fica \u201c4\u00aa Oficina de Fotografia Digital\u201d no bairro Morro Santana em Ouro Preto &#8212; Trem da Vale\",\"isPartOf\":{\"@id\":\"https:\/\/tremdavale.org\/pt\/#website\"},\"primaryImageOfPage\":{\"@id\":\"https:\/\/tremdavale.org\/pt\/inauguracao-da-exposicao-fotografica-4-oficina-de-fotografia-digital-no-bairro-morro-santana-em-ouro-preto\/#primaryimage\"},\"image\":{\"@id\":\"https:\/\/tremdavale.org\/pt\/inauguracao-da-exposicao-fotografica-4-oficina-de-fotografia-digital-no-bairro-morro-santana-em-ouro-preto\/#primaryimage\"},\"thumbnailUrl\":\"https:\/\/tremdavale.org\/wp-content\/uploads\/01-exposicao-4c2aa-oficina-de-fotografia-digital-gaas-op1-300x200.jpg\",\"datePublished\":\"2013-08-25T04:48:00+00:00\",\"dateModified\":\"2025-10-10T11:57:00+00:00\",\"author\":{\"@id\":\"https:\/\/tremdavale.org\/pt\/#\/schema\/person\/50912137d47426d31329f246d02eaeca\"},\"breadcrumb\":{\"@id\":\"https:\/\/tremdavale.org\/pt\/inauguracao-da-exposicao-fotografica-4-oficina-de-fotografia-digital-no-bairro-morro-santana-em-ouro-preto\/#breadcrumb\"},\"inLanguage\":\"pt-PT\",\"potentialAction\":[{\"@type\":\"ReadAction\",\"target\":[\"https:\/\/tremdavale.org\/pt\/inauguracao-da-exposicao-fotografica-4-oficina-de-fotografia-digital-no-bairro-morro-santana-em-ouro-preto\/\"]}]},{\"@type\":\"ImageObject\",\"inLanguage\":\"pt-PT\",\"@id\":\"https:\/\/tremdavale.org\/pt\/inauguracao-da-exposicao-fotografica-4-oficina-de-fotografia-digital-no-bairro-morro-santana-em-ouro-preto\/#primaryimage\",\"url\":\"https:\/\/tremdavale.org\/wp-content\/uploads\/01-exposicao-4c2aa-oficina-de-fotografia-digital-gaas-op1-300x200.jpg\",\"contentUrl\":\"https:\/\/tremdavale.org\/wp-content\/uploads\/01-exposicao-4c2aa-oficina-de-fotografia-digital-gaas-op1-300x200.jpg\",\"width\":300,\"height\":200},{\"@type\":\"BreadcrumbList\",\"@id\":\"https:\/\/tremdavale.org\/pt\/inauguracao-da-exposicao-fotografica-4-oficina-de-fotografia-digital-no-bairro-morro-santana-em-ouro-preto\/#breadcrumb\",\"itemListElement\":[{\"@type\":\"ListItem\",\"position\":1,\"name\":\"In\u00edcio\",\"item\":\"https:\/\/tremdavale.org\/pt\/\"},{\"@type\":\"ListItem\",\"position\":2,\"name\":\"Inaugura\u00e7\u00e3o da exposi\u00e7\u00e3o fotogr\u00e1fica \u201c4\u00aa Oficina de Fotografia Digital\u201d no bairro Morro Santana em Ouro Preto\"}]},{\"@type\":\"WebSite\",\"@id\":\"https:\/\/tremdavale.org\/pt\/#website\",\"url\":\"https:\/\/tremdavale.org\/pt\/\",\"name\":\"Trem da Vale\",\"description\":\"Programa de Educa\u00e7\u00e3o Patrimonial\",\"potentialAction\":[{\"@type\":\"SearchAction\",\"target\":{\"@type\":\"EntryPoint\",\"urlTemplate\":\"https:\/\/tremdavale.org\/pt\/?s={search_term_string}\"},\"query-input\":{\"@type\":\"PropertyValueSpecification\",\"valueRequired\":true,\"valueName\":\"search_term_string\"}}],\"inLanguage\":\"pt-PT\"},{\"@type\":\"Person\",\"@id\":\"https:\/\/tremdavale.org\/pt\/#\/schema\/person\/50912137d47426d31329f246d02eaeca\",\"name\":\"admin\",\"image\":{\"@type\":\"ImageObject\",\"inLanguage\":\"pt-PT\",\"@id\":\"https:\/\/tremdavale.org\/pt\/#\/schema\/person\/image\/\",\"url\":\"https:\/\/secure.gravatar.com\/avatar\/b3564f0fda6ea47959fe96a4217203e79a167568a37409758659bc3ba443b452?s=96&d=mm&r=g\",\"contentUrl\":\"https:\/\/secure.gravatar.com\/avatar\/b3564f0fda6ea47959fe96a4217203e79a167568a37409758659bc3ba443b452?s=96&d=mm&r=g\",\"caption\":\"admin\"},\"sameAs\":[\"https:\/\/tremdavale.org\"],\"url\":\"https:\/\/tremdavale.org\/pt\/author\/admin\/\"}]}<\/script>\n<!-- \/ Yoast SEO plugin. -->","yoast_head_json":{"title":"Inaugura\u00e7\u00e3o da exposi\u00e7\u00e3o fotogr\u00e1fica \u201c4\u00aa Oficina de Fotografia Digital\u201d no bairro Morro Santana em Ouro Preto &#8212; Trem da Vale","robots":{"index":"index","follow":"follow","max-snippet":"max-snippet:-1","max-image-preview":"max-image-preview:large","max-video-preview":"max-video-preview:-1"},"canonical":"https:\/\/tremdavale.org\/pt\/inauguracao-da-exposicao-fotografica-4-oficina-de-fotografia-digital-no-bairro-morro-santana-em-ouro-preto\/","og_locale":"pt_PT","og_type":"article","og_title":"Inaugura\u00e7\u00e3o da exposi\u00e7\u00e3o fotogr\u00e1fica \u201c4\u00aa Oficina de Fotografia Digital\u201d no bairro Morro Santana em Ouro Preto &#8212; Trem da Vale","og_description":"Visitantes observam as fotografias selecionadas para a Exposi\u00e7\u00e3o de Fotos da 4\u00aa Oficina de Fotografia Digital. Foto: Marcello Nicolato &nbsp; No dia 02 de fevereiro de 2012, \u00e0s 10 horas, foi aberta no Grupo Assistencial Auta de Souza, localizado \u00e0 Rua 24 de Junho n\u00ba. 185, bairro Morro Santana, em &hellip;","og_url":"https:\/\/tremdavale.org\/pt\/inauguracao-da-exposicao-fotografica-4-oficina-de-fotografia-digital-no-bairro-morro-santana-em-ouro-preto\/","og_site_name":"Trem da Vale","article_published_time":"2013-08-25T04:48:00+00:00","article_modified_time":"2025-10-10T11:57:00+00:00","og_image":[{"width":300,"height":200,"url":"https:\/\/tremdavale.org\/wp-content\/uploads\/01-exposicao-4c2aa-oficina-de-fotografia-digital-gaas-op1-300x200.jpg","type":"image\/jpeg"}],"author":"admin","twitter_card":"summary_large_image","twitter_misc":{"Escrito por":"admin","Tempo estimado de leitura":"1 minuto"},"schema":{"@context":"https:\/\/schema.org","@graph":[{"@type":"WebPage","@id":"https:\/\/tremdavale.org\/pt\/inauguracao-da-exposicao-fotografica-4-oficina-de-fotografia-digital-no-bairro-morro-santana-em-ouro-preto\/","url":"https:\/\/tremdavale.org\/pt\/inauguracao-da-exposicao-fotografica-4-oficina-de-fotografia-digital-no-bairro-morro-santana-em-ouro-preto\/","name":"Inaugura\u00e7\u00e3o da exposi\u00e7\u00e3o fotogr\u00e1fica \u201c4\u00aa Oficina de Fotografia Digital\u201d no bairro Morro Santana em Ouro Preto &#8212; Trem da Vale","isPartOf":{"@id":"https:\/\/tremdavale.org\/pt\/#website"},"primaryImageOfPage":{"@id":"https:\/\/tremdavale.org\/pt\/inauguracao-da-exposicao-fotografica-4-oficina-de-fotografia-digital-no-bairro-morro-santana-em-ouro-preto\/#primaryimage"},"image":{"@id":"https:\/\/tremdavale.org\/pt\/inauguracao-da-exposicao-fotografica-4-oficina-de-fotografia-digital-no-bairro-morro-santana-em-ouro-preto\/#primaryimage"},"thumbnailUrl":"https:\/\/tremdavale.org\/wp-content\/uploads\/01-exposicao-4c2aa-oficina-de-fotografia-digital-gaas-op1-300x200.jpg","datePublished":"2013-08-25T04:48:00+00:00","dateModified":"2025-10-10T11:57:00+00:00","author":{"@id":"https:\/\/tremdavale.org\/pt\/#\/schema\/person\/50912137d47426d31329f246d02eaeca"},"breadcrumb":{"@id":"https:\/\/tremdavale.org\/pt\/inauguracao-da-exposicao-fotografica-4-oficina-de-fotografia-digital-no-bairro-morro-santana-em-ouro-preto\/#breadcrumb"},"inLanguage":"pt-PT","potentialAction":[{"@type":"ReadAction","target":["https:\/\/tremdavale.org\/pt\/inauguracao-da-exposicao-fotografica-4-oficina-de-fotografia-digital-no-bairro-morro-santana-em-ouro-preto\/"]}]},{"@type":"ImageObject","inLanguage":"pt-PT","@id":"https:\/\/tremdavale.org\/pt\/inauguracao-da-exposicao-fotografica-4-oficina-de-fotografia-digital-no-bairro-morro-santana-em-ouro-preto\/#primaryimage","url":"https:\/\/tremdavale.org\/wp-content\/uploads\/01-exposicao-4c2aa-oficina-de-fotografia-digital-gaas-op1-300x200.jpg","contentUrl":"https:\/\/tremdavale.org\/wp-content\/uploads\/01-exposicao-4c2aa-oficina-de-fotografia-digital-gaas-op1-300x200.jpg","width":300,"height":200},{"@type":"BreadcrumbList","@id":"https:\/\/tremdavale.org\/pt\/inauguracao-da-exposicao-fotografica-4-oficina-de-fotografia-digital-no-bairro-morro-santana-em-ouro-preto\/#breadcrumb","itemListElement":[{"@type":"ListItem","position":1,"name":"In\u00edcio","item":"https:\/\/tremdavale.org\/pt\/"},{"@type":"ListItem","position":2,"name":"Inaugura\u00e7\u00e3o da exposi\u00e7\u00e3o fotogr\u00e1fica \u201c4\u00aa Oficina de Fotografia Digital\u201d no bairro Morro Santana em Ouro Preto"}]},{"@type":"WebSite","@id":"https:\/\/tremdavale.org\/pt\/#website","url":"https:\/\/tremdavale.org\/pt\/","name":"Trem da Vale","description":"Programa de Educa\u00e7\u00e3o Patrimonial","potentialAction":[{"@type":"SearchAction","target":{"@type":"EntryPoint","urlTemplate":"https:\/\/tremdavale.org\/pt\/?s={search_term_string}"},"query-input":{"@type":"PropertyValueSpecification","valueRequired":true,"valueName":"search_term_string"}}],"inLanguage":"pt-PT"},{"@type":"Person","@id":"https:\/\/tremdavale.org\/pt\/#\/schema\/person\/50912137d47426d31329f246d02eaeca","name":"admin","image":{"@type":"ImageObject","inLanguage":"pt-PT","@id":"https:\/\/tremdavale.org\/pt\/#\/schema\/person\/image\/","url":"https:\/\/secure.gravatar.com\/avatar\/b3564f0fda6ea47959fe96a4217203e79a167568a37409758659bc3ba443b452?s=96&d=mm&r=g","contentUrl":"https:\/\/secure.gravatar.com\/avatar\/b3564f0fda6ea47959fe96a4217203e79a167568a37409758659bc3ba443b452?s=96&d=mm&r=g","caption":"admin"},"sameAs":["https:\/\/tremdavale.org"],"url":"https:\/\/tremdavale.org\/pt\/author\/admin\/"}]}},"_links":{"self":[{"href":"https:\/\/tremdavale.org\/pt\/wp-json\/wp\/v2\/posts\/170","targetHints":{"allow":["GET"]}}],"collection":[{"href":"https:\/\/tremdavale.org\/pt\/wp-json\/wp\/v2\/posts"}],"about":[{"href":"https:\/\/tremdavale.org\/pt\/wp-json\/wp\/v2\/types\/post"}],"author":[{"embeddable":true,"href":"https:\/\/tremdavale.org\/pt\/wp-json\/wp\/v2\/users\/1"}],"replies":[{"embeddable":true,"href":"https:\/\/tremdavale.org\/pt\/wp-json\/wp\/v2\/comments?post=170"}],"version-history":[{"count":0,"href":"https:\/\/tremdavale.org\/pt\/wp-json\/wp\/v2\/posts\/170\/revisions"}],"wp:featuredmedia":[{"embeddable":true,"href":"https:\/\/tremdavale.org\/pt\/wp-json\/wp\/v2\/media\/441"}],"wp:attachment":[{"href":"https:\/\/tremdavale.org\/pt\/wp-json\/wp\/v2\/media?parent=170"}],"wp:term":[{"taxonomy":"category","embeddable":true,"href":"https:\/\/tremdavale.org\/pt\/wp-json\/wp\/v2\/categories?post=170"},{"taxonomy":"post_tag","embeddable":true,"href":"https:\/\/tremdavale.org\/pt\/wp-json\/wp\/v2\/tags?post=170"}],"curies":[{"name":"wp","href":"https:\/\/api.w.org\/{rel}","templated":true}]}}