{"id":172,"date":"2013-08-25T04:48:00","date_gmt":"2013-08-25T04:48:00","guid":{"rendered":"https:\/\/tremdavale.org\/?p=172"},"modified":"2025-10-10T11:57:00","modified_gmt":"2025-10-10T11:57:00","slug":"inauguracao-da-sala-de-memorias","status":"publish","type":"post","link":"https:\/\/tremdavale.org\/pt\/inauguracao-da-sala-de-memorias\/","title":{"rendered":"Inaugura\u00e7\u00e3o da Sala de Mem\u00f3rias"},"content":{"rendered":"<p><img loading=\"lazy\" decoding=\"async\" class=\"alignleft size-medium\" title=\"03-sala-de-memorias1\" src=\"\/wp-content\/uploads\/03-sala-de-memorias1-300x199.jpg\" alt=\"03-sala-de-memorias1\" width=\"300\" height=\"199\"><\/p>\n<p>Em 1\u00ba de setembro de 2011, o Programa de Educa\u00e7\u00e3o Patrimonial Trem da Vale inaugurou, na Esta\u00e7\u00e3o Ferrovi\u00e1ria de Ouro Preto, a Sala de Mem\u00f3rias. Constitui esse espa\u00e7o uma importante ferramenta para o reconhecimento e a valoriza\u00e7\u00e3o do patrim\u00f4nio cultural de Mariana e Ouro Preto, sob a perspectiva de sua apropria\u00e7\u00e3o e preserva\u00e7\u00e3o.<\/p>\n<p>A concep\u00e7\u00e3o e elabora\u00e7\u00e3o desta sala baseou-se no amplo acervo hist\u00f3rico, de car\u00e1ter principalmente audiovisual, obtido a partir de depoimentos dos moradores das referidas cidades ao longo dos cinco anos de exist\u00eancia do Trem da Vale. Projetada como um espa\u00e7o museogr\u00e1fico contempor\u00e2neo, em que os visitantes s\u00e3o apresentados \u00e0 produ\u00e7\u00e3o do Vale Registrar, congrega hist\u00f3ria, tradi\u00e7\u00e3o, conhecimento e sabedoria popular adquirida no cotidiano da vida.<\/p>\n<p><img loading=\"lazy\" decoding=\"async\" class=\"alignleft size-medium\" title=\"04-sala-de-memorias1\" src=\"\/wp-content\/uploads\/04-sala-de-memorias1-300x199.jpg\" alt=\"04-sala-de-memorias1\" width=\"300\" height=\"199\"><\/p>\n<p>O evento contou com a participa\u00e7\u00e3o de, aproximadamente, 300 pessoas. Compareceram \u00e0 inaugura\u00e7\u00e3o 70 entrevistados do Vale Registrar, seus familiares e convidados, autoridades locais, representantes da Vale, da Funda\u00e7\u00e3o Vale, do Santa Rosa Bureau Cultural, membros da equipe do Programa e todos os integrantes do Vale Registrar.<\/p>\n<p>Depois de receber a ben\u00e7\u00e3o do Padre Jos\u00e9 Eudes Campos do Nascimento, vig\u00e1rio da Igreja de Nossa Senhora do Ros\u00e1rio dos Pretos, de Ouro Preto, a Sala de Mem\u00f3rias foi aberta ao p\u00fablico, que se encantou e se emocionou com o material ali exposto.<\/p>\n<p>Na plataforma da Esta\u00e7\u00e3o, os convidados se serviram de caldos, salgadinhos e biscoitos, e, ao som do conjunto musical marianense \u201cUns e Outros\u201d, alguns dos presentes se animaram a dan\u00e7ar.<\/p>\n<p><strong><em>A Sala de Mem\u00f3rias est\u00e1 aberta para visita\u00e7\u00e3o de ter\u00e7a a domingo, de 09 \u00e0s 17 horas, na Esta\u00e7\u00e3o Ferrovi\u00e1ria de Ouro Preto.<\/em><\/strong><\/p>\n<p>&nbsp;<\/p>\n<p><img loading=\"lazy\" decoding=\"async\" class=\"size-medium\" title=\"01-inauguracao-da-sala-de-memorias1\" src=\"\/wp-content\/uploads\/01-inauguracao-da-sala-de-memorias1-300x199.jpg\" alt=\"Convidados acompanham a b\u00ean\u00e7\u00e3o do Pe. Jos\u00e9 Eudes, vig\u00e1rio da Igreja de Nossa Senhora do Ros\u00e1rio dos Pretos.\" width=\"300\" height=\"199\"><\/p>\n<p>Convidados acompanham a b\u00ean\u00e7\u00e3o do Pe. Jos\u00e9 Eudes, vig\u00e1rio da Igreja de Nossa Senhora do Ros\u00e1rio dos Pretos.<\/p>\n<p>&nbsp;<\/p>\n<p><img loading=\"lazy\" decoding=\"async\" class=\"size-medium\" title=\"02-inauguraccca7acc83o-da-sala-de-memocc81rias1\" src=\"\/wp-content\/uploads\/02-inauguraccca7acc83o-da-sala-de-memocc81rias1-300x216.jpg\" alt=\"Solenidade de inaugura\u00e7\u00e3o da Sala de Mem\u00f3rias\" width=\"300\" height=\"216\"><\/p>\n<p>Solenidade de inaugura\u00e7\u00e3o da Sala de Mem\u00f3rias<\/p>\n<p>&nbsp;<\/p>\n","protected":false},"excerpt":{"rendered":"<p>Em 1\u00ba de setembro de 2011, o Programa de Educa\u00e7\u00e3o Patrimonial Trem da Vale inaugurou, na Esta\u00e7\u00e3o Ferrovi\u00e1ria de Ouro Preto, a Sala de Mem\u00f3rias. Constitui esse espa\u00e7o uma importante ferramenta para o reconhecimento e a valoriza\u00e7\u00e3o do patrim\u00f4nio cultural de Mariana e Ouro Preto, sob a perspectiva de sua &hellip;<\/p>\n","protected":false},"author":1,"featured_media":443,"comment_status":"open","ping_status":"closed","sticky":false,"template":"","format":"standard","meta":{"footnotes":""},"categories":[2],"tags":[],"class_list":["post-172","post","type-post","status-publish","format-standard","has-post-thumbnail","hentry","category-destaques-home"],"yoast_head":"<!-- This site is optimized with the Yoast SEO plugin v26.1.1 - https:\/\/yoast.com\/wordpress\/plugins\/seo\/ -->\n<title>Inaugura\u00e7\u00e3o da Sala de Mem\u00f3rias &#8212; Trem da Vale<\/title>\n<meta name=\"robots\" content=\"index, follow, max-snippet:-1, max-image-preview:large, max-video-preview:-1\" \/>\n<link rel=\"canonical\" href=\"https:\/\/tremdavale.org\/pt\/inauguracao-da-sala-de-memorias\/\" \/>\n<meta property=\"og:locale\" content=\"pt_PT\" \/>\n<meta property=\"og:type\" content=\"article\" \/>\n<meta property=\"og:title\" content=\"Inaugura\u00e7\u00e3o da Sala de Mem\u00f3rias &#8212; Trem da Vale\" \/>\n<meta property=\"og:description\" content=\"Em 1\u00ba de setembro de 2011, o Programa de Educa\u00e7\u00e3o Patrimonial Trem da Vale inaugurou, na Esta\u00e7\u00e3o Ferrovi\u00e1ria de Ouro Preto, a Sala de Mem\u00f3rias. Constitui esse espa\u00e7o uma importante ferramenta para o reconhecimento e a valoriza\u00e7\u00e3o do patrim\u00f4nio cultural de Mariana e Ouro Preto, sob a perspectiva de sua &hellip;\" \/>\n<meta property=\"og:url\" content=\"https:\/\/tremdavale.org\/pt\/inauguracao-da-sala-de-memorias\/\" \/>\n<meta property=\"og:site_name\" content=\"Trem da Vale\" \/>\n<meta property=\"article:published_time\" content=\"2013-08-25T04:48:00+00:00\" \/>\n<meta property=\"article:modified_time\" content=\"2025-10-10T11:57:00+00:00\" \/>\n<meta property=\"og:image\" content=\"https:\/\/tremdavale.org\/wp-content\/uploads\/03-sala-de-memorias1-300x199.jpg\" \/>\n\t<meta property=\"og:image:width\" content=\"300\" \/>\n\t<meta property=\"og:image:height\" content=\"199\" \/>\n\t<meta property=\"og:image:type\" content=\"image\/jpeg\" \/>\n<meta name=\"author\" content=\"admin\" \/>\n<meta name=\"twitter:card\" content=\"summary_large_image\" \/>\n<meta name=\"twitter:label1\" content=\"Escrito por\" \/>\n\t<meta name=\"twitter:data1\" content=\"admin\" \/>\n\t<meta name=\"twitter:label2\" content=\"Tempo estimado de leitura\" \/>\n\t<meta name=\"twitter:data2\" content=\"2 minutos\" \/>\n<script type=\"application\/ld+json\" class=\"yoast-schema-graph\">{\"@context\":\"https:\/\/schema.org\",\"@graph\":[{\"@type\":\"WebPage\",\"@id\":\"https:\/\/tremdavale.org\/pt\/inauguracao-da-sala-de-memorias\/\",\"url\":\"https:\/\/tremdavale.org\/pt\/inauguracao-da-sala-de-memorias\/\",\"name\":\"Inaugura\u00e7\u00e3o da Sala de Mem\u00f3rias &#8212; Trem da Vale\",\"isPartOf\":{\"@id\":\"https:\/\/tremdavale.org\/pt\/#website\"},\"primaryImageOfPage\":{\"@id\":\"https:\/\/tremdavale.org\/pt\/inauguracao-da-sala-de-memorias\/#primaryimage\"},\"image\":{\"@id\":\"https:\/\/tremdavale.org\/pt\/inauguracao-da-sala-de-memorias\/#primaryimage\"},\"thumbnailUrl\":\"https:\/\/tremdavale.org\/wp-content\/uploads\/03-sala-de-memorias1-300x199.jpg\",\"datePublished\":\"2013-08-25T04:48:00+00:00\",\"dateModified\":\"2025-10-10T11:57:00+00:00\",\"author\":{\"@id\":\"https:\/\/tremdavale.org\/pt\/#\/schema\/person\/50912137d47426d31329f246d02eaeca\"},\"breadcrumb\":{\"@id\":\"https:\/\/tremdavale.org\/pt\/inauguracao-da-sala-de-memorias\/#breadcrumb\"},\"inLanguage\":\"pt-PT\",\"potentialAction\":[{\"@type\":\"ReadAction\",\"target\":[\"https:\/\/tremdavale.org\/pt\/inauguracao-da-sala-de-memorias\/\"]}]},{\"@type\":\"ImageObject\",\"inLanguage\":\"pt-PT\",\"@id\":\"https:\/\/tremdavale.org\/pt\/inauguracao-da-sala-de-memorias\/#primaryimage\",\"url\":\"https:\/\/tremdavale.org\/wp-content\/uploads\/03-sala-de-memorias1-300x199.jpg\",\"contentUrl\":\"https:\/\/tremdavale.org\/wp-content\/uploads\/03-sala-de-memorias1-300x199.jpg\",\"width\":300,\"height\":199},{\"@type\":\"BreadcrumbList\",\"@id\":\"https:\/\/tremdavale.org\/pt\/inauguracao-da-sala-de-memorias\/#breadcrumb\",\"itemListElement\":[{\"@type\":\"ListItem\",\"position\":1,\"name\":\"In\u00edcio\",\"item\":\"https:\/\/tremdavale.org\/pt\/\"},{\"@type\":\"ListItem\",\"position\":2,\"name\":\"Inaugura\u00e7\u00e3o da Sala de Mem\u00f3rias\"}]},{\"@type\":\"WebSite\",\"@id\":\"https:\/\/tremdavale.org\/pt\/#website\",\"url\":\"https:\/\/tremdavale.org\/pt\/\",\"name\":\"Trem da Vale\",\"description\":\"Programa de Educa\u00e7\u00e3o Patrimonial\",\"potentialAction\":[{\"@type\":\"SearchAction\",\"target\":{\"@type\":\"EntryPoint\",\"urlTemplate\":\"https:\/\/tremdavale.org\/pt\/?s={search_term_string}\"},\"query-input\":{\"@type\":\"PropertyValueSpecification\",\"valueRequired\":true,\"valueName\":\"search_term_string\"}}],\"inLanguage\":\"pt-PT\"},{\"@type\":\"Person\",\"@id\":\"https:\/\/tremdavale.org\/pt\/#\/schema\/person\/50912137d47426d31329f246d02eaeca\",\"name\":\"admin\",\"image\":{\"@type\":\"ImageObject\",\"inLanguage\":\"pt-PT\",\"@id\":\"https:\/\/tremdavale.org\/pt\/#\/schema\/person\/image\/\",\"url\":\"https:\/\/secure.gravatar.com\/avatar\/b3564f0fda6ea47959fe96a4217203e79a167568a37409758659bc3ba443b452?s=96&d=mm&r=g\",\"contentUrl\":\"https:\/\/secure.gravatar.com\/avatar\/b3564f0fda6ea47959fe96a4217203e79a167568a37409758659bc3ba443b452?s=96&d=mm&r=g\",\"caption\":\"admin\"},\"sameAs\":[\"https:\/\/tremdavale.org\"],\"url\":\"https:\/\/tremdavale.org\/pt\/author\/admin\/\"}]}<\/script>\n<!-- \/ Yoast SEO plugin. -->","yoast_head_json":{"title":"Inaugura\u00e7\u00e3o da Sala de Mem\u00f3rias &#8212; Trem da Vale","robots":{"index":"index","follow":"follow","max-snippet":"max-snippet:-1","max-image-preview":"max-image-preview:large","max-video-preview":"max-video-preview:-1"},"canonical":"https:\/\/tremdavale.org\/pt\/inauguracao-da-sala-de-memorias\/","og_locale":"pt_PT","og_type":"article","og_title":"Inaugura\u00e7\u00e3o da Sala de Mem\u00f3rias &#8212; Trem da Vale","og_description":"Em 1\u00ba de setembro de 2011, o Programa de Educa\u00e7\u00e3o Patrimonial Trem da Vale inaugurou, na Esta\u00e7\u00e3o Ferrovi\u00e1ria de Ouro Preto, a Sala de Mem\u00f3rias. Constitui esse espa\u00e7o uma importante ferramenta para o reconhecimento e a valoriza\u00e7\u00e3o do patrim\u00f4nio cultural de Mariana e Ouro Preto, sob a perspectiva de sua &hellip;","og_url":"https:\/\/tremdavale.org\/pt\/inauguracao-da-sala-de-memorias\/","og_site_name":"Trem da Vale","article_published_time":"2013-08-25T04:48:00+00:00","article_modified_time":"2025-10-10T11:57:00+00:00","og_image":[{"width":300,"height":199,"url":"https:\/\/tremdavale.org\/wp-content\/uploads\/03-sala-de-memorias1-300x199.jpg","type":"image\/jpeg"}],"author":"admin","twitter_card":"summary_large_image","twitter_misc":{"Escrito por":"admin","Tempo estimado de leitura":"2 minutos"},"schema":{"@context":"https:\/\/schema.org","@graph":[{"@type":"WebPage","@id":"https:\/\/tremdavale.org\/pt\/inauguracao-da-sala-de-memorias\/","url":"https:\/\/tremdavale.org\/pt\/inauguracao-da-sala-de-memorias\/","name":"Inaugura\u00e7\u00e3o da Sala de Mem\u00f3rias &#8212; Trem da Vale","isPartOf":{"@id":"https:\/\/tremdavale.org\/pt\/#website"},"primaryImageOfPage":{"@id":"https:\/\/tremdavale.org\/pt\/inauguracao-da-sala-de-memorias\/#primaryimage"},"image":{"@id":"https:\/\/tremdavale.org\/pt\/inauguracao-da-sala-de-memorias\/#primaryimage"},"thumbnailUrl":"https:\/\/tremdavale.org\/wp-content\/uploads\/03-sala-de-memorias1-300x199.jpg","datePublished":"2013-08-25T04:48:00+00:00","dateModified":"2025-10-10T11:57:00+00:00","author":{"@id":"https:\/\/tremdavale.org\/pt\/#\/schema\/person\/50912137d47426d31329f246d02eaeca"},"breadcrumb":{"@id":"https:\/\/tremdavale.org\/pt\/inauguracao-da-sala-de-memorias\/#breadcrumb"},"inLanguage":"pt-PT","potentialAction":[{"@type":"ReadAction","target":["https:\/\/tremdavale.org\/pt\/inauguracao-da-sala-de-memorias\/"]}]},{"@type":"ImageObject","inLanguage":"pt-PT","@id":"https:\/\/tremdavale.org\/pt\/inauguracao-da-sala-de-memorias\/#primaryimage","url":"https:\/\/tremdavale.org\/wp-content\/uploads\/03-sala-de-memorias1-300x199.jpg","contentUrl":"https:\/\/tremdavale.org\/wp-content\/uploads\/03-sala-de-memorias1-300x199.jpg","width":300,"height":199},{"@type":"BreadcrumbList","@id":"https:\/\/tremdavale.org\/pt\/inauguracao-da-sala-de-memorias\/#breadcrumb","itemListElement":[{"@type":"ListItem","position":1,"name":"In\u00edcio","item":"https:\/\/tremdavale.org\/pt\/"},{"@type":"ListItem","position":2,"name":"Inaugura\u00e7\u00e3o da Sala de Mem\u00f3rias"}]},{"@type":"WebSite","@id":"https:\/\/tremdavale.org\/pt\/#website","url":"https:\/\/tremdavale.org\/pt\/","name":"Trem da Vale","description":"Programa de Educa\u00e7\u00e3o Patrimonial","potentialAction":[{"@type":"SearchAction","target":{"@type":"EntryPoint","urlTemplate":"https:\/\/tremdavale.org\/pt\/?s={search_term_string}"},"query-input":{"@type":"PropertyValueSpecification","valueRequired":true,"valueName":"search_term_string"}}],"inLanguage":"pt-PT"},{"@type":"Person","@id":"https:\/\/tremdavale.org\/pt\/#\/schema\/person\/50912137d47426d31329f246d02eaeca","name":"admin","image":{"@type":"ImageObject","inLanguage":"pt-PT","@id":"https:\/\/tremdavale.org\/pt\/#\/schema\/person\/image\/","url":"https:\/\/secure.gravatar.com\/avatar\/b3564f0fda6ea47959fe96a4217203e79a167568a37409758659bc3ba443b452?s=96&d=mm&r=g","contentUrl":"https:\/\/secure.gravatar.com\/avatar\/b3564f0fda6ea47959fe96a4217203e79a167568a37409758659bc3ba443b452?s=96&d=mm&r=g","caption":"admin"},"sameAs":["https:\/\/tremdavale.org"],"url":"https:\/\/tremdavale.org\/pt\/author\/admin\/"}]}},"_links":{"self":[{"href":"https:\/\/tremdavale.org\/pt\/wp-json\/wp\/v2\/posts\/172","targetHints":{"allow":["GET"]}}],"collection":[{"href":"https:\/\/tremdavale.org\/pt\/wp-json\/wp\/v2\/posts"}],"about":[{"href":"https:\/\/tremdavale.org\/pt\/wp-json\/wp\/v2\/types\/post"}],"author":[{"embeddable":true,"href":"https:\/\/tremdavale.org\/pt\/wp-json\/wp\/v2\/users\/1"}],"replies":[{"embeddable":true,"href":"https:\/\/tremdavale.org\/pt\/wp-json\/wp\/v2\/comments?post=172"}],"version-history":[{"count":0,"href":"https:\/\/tremdavale.org\/pt\/wp-json\/wp\/v2\/posts\/172\/revisions"}],"wp:featuredmedia":[{"embeddable":true,"href":"https:\/\/tremdavale.org\/pt\/wp-json\/wp\/v2\/media\/443"}],"wp:attachment":[{"href":"https:\/\/tremdavale.org\/pt\/wp-json\/wp\/v2\/media?parent=172"}],"wp:term":[{"taxonomy":"category","embeddable":true,"href":"https:\/\/tremdavale.org\/pt\/wp-json\/wp\/v2\/categories?post=172"},{"taxonomy":"post_tag","embeddable":true,"href":"https:\/\/tremdavale.org\/pt\/wp-json\/wp\/v2\/tags?post=172"}],"curies":[{"name":"wp","href":"https:\/\/api.w.org\/{rel}","templated":true}]}}