{"id":177,"date":"2013-08-25T05:12:00","date_gmt":"2013-08-25T05:12:00","guid":{"rendered":"https:\/\/tremdavale.org\/?p=177"},"modified":"2025-10-10T11:57:00","modified_gmt":"2025-10-10T11:57:00","slug":"inscricoes-prorrogadas-4-mostra-intermunicipal-de-preservacao-patrimonia","status":"publish","type":"post","link":"https:\/\/tremdavale.org\/pt\/inscricoes-prorrogadas-4-mostra-intermunicipal-de-preservacao-patrimonia\/","title":{"rendered":"INSCRI\u00c7\u00d5ES PRORROGADAS &#8211; 4\u00aa Mostra Intermunicipal de Preserva\u00e7\u00e3o Patrimonial"},"content":{"rendered":"<p>Est\u00e3o abertas as inscri\u00e7\u00f5es da 4\u00aa Mostra Intermunicipal de Preserva\u00e7\u00e3o Patrimonial. Este ano o tema \u00e9: <strong>Patrim\u00f4nio e Educa\u00e7\u00e3o das Sensibilidades.<\/strong> A Mostra \u00e9 uma iniciativa do Programa de Educa\u00e7\u00e3o Patrimonial Trem da Vale, designado no Regulamento\/Edital como Organizador; em parceria com as Secretarias Municipais de Educa\u00e7\u00e3o de Mariana e Ouro Preto.<\/p>\n<p><span style=\"text-decoration: underline;\"><strong>O per\u00edodo de inscri\u00e7\u00f5es&nbsp;foi prorrogado<\/strong> <strong>at\u00e9 o dia 23 de outubro de 2012.<\/strong><\/span><\/p>\n<p>Poder\u00e3o participar da Mostra e concorrer ao pr\u00eamio todas as Escolas de Ensino Fundamental e\/ou M\u00e9dio, de car\u00e1ter p\u00fablico, bem como grupos organizados representativos das comunidades locais, que realizem trabalho de Educa\u00e7\u00e3o\/Preserva\u00e7\u00e3o Patrimonial com a participa\u00e7\u00e3o de alunos regularmente matriculados e\/ou membros da comunidade (associa\u00e7\u00f5es de bairros, centros culturais, etc.).<\/p>\n<p>Para mais informa\u00e7\u00f5es sobre a Mostra, acesse o Edital aqui. Para inscri\u00e7\u00e3o preencha o formulario de inscri\u00e7\u00e3o para escolas ou a ficha de inscri\u00e7\u00e3o para grupos organizados representativos, das comunidades locais (aqueles que realizem trabalho de Educa\u00e7\u00e3o\/Preserva\u00e7\u00e3o Patrimonial) e siga as orienta\u00e7\u00f5es descritas no edital.<\/p>\n<p>A inscri\u00e7\u00e3o ser\u00e1 gratuita e limitada a 01 (um) \u00fanico Projeto por Escola ou grupo organizado. Participem!<\/p>\n<p>&nbsp;<\/p>\n","protected":false},"excerpt":{"rendered":"<p>Est\u00e3o abertas as inscri\u00e7\u00f5es da 4\u00aa Mostra Intermunicipal de Preserva\u00e7\u00e3o Patrimonial. Este ano o tema \u00e9: Patrim\u00f4nio e Educa\u00e7\u00e3o das Sensibilidades. A Mostra \u00e9 uma iniciativa do Programa de Educa\u00e7\u00e3o Patrimonial Trem da Vale, designado no Regulamento\/Edital como Organizador; em parceria com as Secretarias Municipais de Educa\u00e7\u00e3o de Mariana e &hellip;<\/p>\n","protected":false},"author":1,"featured_media":0,"comment_status":"open","ping_status":"closed","sticky":false,"template":"","format":"standard","meta":{"footnotes":""},"categories":[3],"tags":[],"class_list":["post-177","post","type-post","status-publish","format-standard","hentry","category-noticias"],"yoast_head":"<!-- This site is optimized with the Yoast SEO plugin v26.1.1 - https:\/\/yoast.com\/wordpress\/plugins\/seo\/ -->\n<title>INSCRI\u00c7\u00d5ES PRORROGADAS - 4\u00aa Mostra Intermunicipal de Preserva\u00e7\u00e3o Patrimonial &#8212; Trem da Vale<\/title>\n<meta name=\"robots\" content=\"index, follow, max-snippet:-1, max-image-preview:large, max-video-preview:-1\" \/>\n<link rel=\"canonical\" href=\"https:\/\/tremdavale.org\/pt\/inscricoes-prorrogadas-4-mostra-intermunicipal-de-preservacao-patrimonia\/\" \/>\n<meta property=\"og:locale\" content=\"pt_PT\" \/>\n<meta property=\"og:type\" content=\"article\" \/>\n<meta property=\"og:title\" content=\"INSCRI\u00c7\u00d5ES PRORROGADAS - 4\u00aa Mostra Intermunicipal de Preserva\u00e7\u00e3o Patrimonial &#8212; Trem da Vale\" \/>\n<meta property=\"og:description\" content=\"Est\u00e3o abertas as inscri\u00e7\u00f5es da 4\u00aa Mostra Intermunicipal de Preserva\u00e7\u00e3o Patrimonial. Este ano o tema \u00e9: Patrim\u00f4nio e Educa\u00e7\u00e3o das Sensibilidades. A Mostra \u00e9 uma iniciativa do Programa de Educa\u00e7\u00e3o Patrimonial Trem da Vale, designado no Regulamento\/Edital como Organizador; em parceria com as Secretarias Municipais de Educa\u00e7\u00e3o de Mariana e &hellip;\" \/>\n<meta property=\"og:url\" content=\"https:\/\/tremdavale.org\/pt\/inscricoes-prorrogadas-4-mostra-intermunicipal-de-preservacao-patrimonia\/\" \/>\n<meta property=\"og:site_name\" content=\"Trem da Vale\" \/>\n<meta property=\"article:published_time\" content=\"2013-08-25T05:12:00+00:00\" \/>\n<meta property=\"article:modified_time\" content=\"2025-10-10T11:57:00+00:00\" \/>\n<meta name=\"author\" content=\"admin\" \/>\n<meta name=\"twitter:card\" content=\"summary_large_image\" \/>\n<meta name=\"twitter:label1\" content=\"Escrito por\" \/>\n\t<meta name=\"twitter:data1\" content=\"admin\" \/>\n\t<meta name=\"twitter:label2\" content=\"Tempo estimado de leitura\" \/>\n\t<meta name=\"twitter:data2\" content=\"1 minuto\" \/>\n<script type=\"application\/ld+json\" class=\"yoast-schema-graph\">{\"@context\":\"https:\/\/schema.org\",\"@graph\":[{\"@type\":\"WebPage\",\"@id\":\"https:\/\/tremdavale.org\/pt\/inscricoes-prorrogadas-4-mostra-intermunicipal-de-preservacao-patrimonia\/\",\"url\":\"https:\/\/tremdavale.org\/pt\/inscricoes-prorrogadas-4-mostra-intermunicipal-de-preservacao-patrimonia\/\",\"name\":\"INSCRI\u00c7\u00d5ES PRORROGADAS - 4\u00aa Mostra Intermunicipal de Preserva\u00e7\u00e3o Patrimonial &#8212; Trem da Vale\",\"isPartOf\":{\"@id\":\"https:\/\/tremdavale.org\/pt\/#website\"},\"datePublished\":\"2013-08-25T05:12:00+00:00\",\"dateModified\":\"2025-10-10T11:57:00+00:00\",\"author\":{\"@id\":\"https:\/\/tremdavale.org\/pt\/#\/schema\/person\/50912137d47426d31329f246d02eaeca\"},\"breadcrumb\":{\"@id\":\"https:\/\/tremdavale.org\/pt\/inscricoes-prorrogadas-4-mostra-intermunicipal-de-preservacao-patrimonia\/#breadcrumb\"},\"inLanguage\":\"pt-PT\",\"potentialAction\":[{\"@type\":\"ReadAction\",\"target\":[\"https:\/\/tremdavale.org\/pt\/inscricoes-prorrogadas-4-mostra-intermunicipal-de-preservacao-patrimonia\/\"]}]},{\"@type\":\"BreadcrumbList\",\"@id\":\"https:\/\/tremdavale.org\/pt\/inscricoes-prorrogadas-4-mostra-intermunicipal-de-preservacao-patrimonia\/#breadcrumb\",\"itemListElement\":[{\"@type\":\"ListItem\",\"position\":1,\"name\":\"In\u00edcio\",\"item\":\"https:\/\/tremdavale.org\/pt\/\"},{\"@type\":\"ListItem\",\"position\":2,\"name\":\"INSCRI\u00c7\u00d5ES PRORROGADAS &#8211; 4\u00aa Mostra Intermunicipal de Preserva\u00e7\u00e3o Patrimonial\"}]},{\"@type\":\"WebSite\",\"@id\":\"https:\/\/tremdavale.org\/pt\/#website\",\"url\":\"https:\/\/tremdavale.org\/pt\/\",\"name\":\"Trem da Vale\",\"description\":\"Programa de Educa\u00e7\u00e3o Patrimonial\",\"potentialAction\":[{\"@type\":\"SearchAction\",\"target\":{\"@type\":\"EntryPoint\",\"urlTemplate\":\"https:\/\/tremdavale.org\/pt\/?s={search_term_string}\"},\"query-input\":{\"@type\":\"PropertyValueSpecification\",\"valueRequired\":true,\"valueName\":\"search_term_string\"}}],\"inLanguage\":\"pt-PT\"},{\"@type\":\"Person\",\"@id\":\"https:\/\/tremdavale.org\/pt\/#\/schema\/person\/50912137d47426d31329f246d02eaeca\",\"name\":\"admin\",\"image\":{\"@type\":\"ImageObject\",\"inLanguage\":\"pt-PT\",\"@id\":\"https:\/\/tremdavale.org\/pt\/#\/schema\/person\/image\/\",\"url\":\"https:\/\/secure.gravatar.com\/avatar\/b3564f0fda6ea47959fe96a4217203e79a167568a37409758659bc3ba443b452?s=96&d=mm&r=g\",\"contentUrl\":\"https:\/\/secure.gravatar.com\/avatar\/b3564f0fda6ea47959fe96a4217203e79a167568a37409758659bc3ba443b452?s=96&d=mm&r=g\",\"caption\":\"admin\"},\"sameAs\":[\"https:\/\/tremdavale.org\"],\"url\":\"https:\/\/tremdavale.org\/pt\/author\/admin\/\"}]}<\/script>\n<!-- \/ Yoast SEO plugin. -->","yoast_head_json":{"title":"INSCRI\u00c7\u00d5ES PRORROGADAS - 4\u00aa Mostra Intermunicipal de Preserva\u00e7\u00e3o Patrimonial &#8212; Trem da Vale","robots":{"index":"index","follow":"follow","max-snippet":"max-snippet:-1","max-image-preview":"max-image-preview:large","max-video-preview":"max-video-preview:-1"},"canonical":"https:\/\/tremdavale.org\/pt\/inscricoes-prorrogadas-4-mostra-intermunicipal-de-preservacao-patrimonia\/","og_locale":"pt_PT","og_type":"article","og_title":"INSCRI\u00c7\u00d5ES PRORROGADAS - 4\u00aa Mostra Intermunicipal de Preserva\u00e7\u00e3o Patrimonial &#8212; Trem da Vale","og_description":"Est\u00e3o abertas as inscri\u00e7\u00f5es da 4\u00aa Mostra Intermunicipal de Preserva\u00e7\u00e3o Patrimonial. Este ano o tema \u00e9: Patrim\u00f4nio e Educa\u00e7\u00e3o das Sensibilidades. A Mostra \u00e9 uma iniciativa do Programa de Educa\u00e7\u00e3o Patrimonial Trem da Vale, designado no Regulamento\/Edital como Organizador; em parceria com as Secretarias Municipais de Educa\u00e7\u00e3o de Mariana e &hellip;","og_url":"https:\/\/tremdavale.org\/pt\/inscricoes-prorrogadas-4-mostra-intermunicipal-de-preservacao-patrimonia\/","og_site_name":"Trem da Vale","article_published_time":"2013-08-25T05:12:00+00:00","article_modified_time":"2025-10-10T11:57:00+00:00","author":"admin","twitter_card":"summary_large_image","twitter_misc":{"Escrito por":"admin","Tempo estimado de leitura":"1 minuto"},"schema":{"@context":"https:\/\/schema.org","@graph":[{"@type":"WebPage","@id":"https:\/\/tremdavale.org\/pt\/inscricoes-prorrogadas-4-mostra-intermunicipal-de-preservacao-patrimonia\/","url":"https:\/\/tremdavale.org\/pt\/inscricoes-prorrogadas-4-mostra-intermunicipal-de-preservacao-patrimonia\/","name":"INSCRI\u00c7\u00d5ES PRORROGADAS - 4\u00aa Mostra Intermunicipal de Preserva\u00e7\u00e3o Patrimonial &#8212; Trem da Vale","isPartOf":{"@id":"https:\/\/tremdavale.org\/pt\/#website"},"datePublished":"2013-08-25T05:12:00+00:00","dateModified":"2025-10-10T11:57:00+00:00","author":{"@id":"https:\/\/tremdavale.org\/pt\/#\/schema\/person\/50912137d47426d31329f246d02eaeca"},"breadcrumb":{"@id":"https:\/\/tremdavale.org\/pt\/inscricoes-prorrogadas-4-mostra-intermunicipal-de-preservacao-patrimonia\/#breadcrumb"},"inLanguage":"pt-PT","potentialAction":[{"@type":"ReadAction","target":["https:\/\/tremdavale.org\/pt\/inscricoes-prorrogadas-4-mostra-intermunicipal-de-preservacao-patrimonia\/"]}]},{"@type":"BreadcrumbList","@id":"https:\/\/tremdavale.org\/pt\/inscricoes-prorrogadas-4-mostra-intermunicipal-de-preservacao-patrimonia\/#breadcrumb","itemListElement":[{"@type":"ListItem","position":1,"name":"In\u00edcio","item":"https:\/\/tremdavale.org\/pt\/"},{"@type":"ListItem","position":2,"name":"INSCRI\u00c7\u00d5ES PRORROGADAS &#8211; 4\u00aa Mostra Intermunicipal de Preserva\u00e7\u00e3o Patrimonial"}]},{"@type":"WebSite","@id":"https:\/\/tremdavale.org\/pt\/#website","url":"https:\/\/tremdavale.org\/pt\/","name":"Trem da Vale","description":"Programa de Educa\u00e7\u00e3o Patrimonial","potentialAction":[{"@type":"SearchAction","target":{"@type":"EntryPoint","urlTemplate":"https:\/\/tremdavale.org\/pt\/?s={search_term_string}"},"query-input":{"@type":"PropertyValueSpecification","valueRequired":true,"valueName":"search_term_string"}}],"inLanguage":"pt-PT"},{"@type":"Person","@id":"https:\/\/tremdavale.org\/pt\/#\/schema\/person\/50912137d47426d31329f246d02eaeca","name":"admin","image":{"@type":"ImageObject","inLanguage":"pt-PT","@id":"https:\/\/tremdavale.org\/pt\/#\/schema\/person\/image\/","url":"https:\/\/secure.gravatar.com\/avatar\/b3564f0fda6ea47959fe96a4217203e79a167568a37409758659bc3ba443b452?s=96&d=mm&r=g","contentUrl":"https:\/\/secure.gravatar.com\/avatar\/b3564f0fda6ea47959fe96a4217203e79a167568a37409758659bc3ba443b452?s=96&d=mm&r=g","caption":"admin"},"sameAs":["https:\/\/tremdavale.org"],"url":"https:\/\/tremdavale.org\/pt\/author\/admin\/"}]}},"_links":{"self":[{"href":"https:\/\/tremdavale.org\/pt\/wp-json\/wp\/v2\/posts\/177","targetHints":{"allow":["GET"]}}],"collection":[{"href":"https:\/\/tremdavale.org\/pt\/wp-json\/wp\/v2\/posts"}],"about":[{"href":"https:\/\/tremdavale.org\/pt\/wp-json\/wp\/v2\/types\/post"}],"author":[{"embeddable":true,"href":"https:\/\/tremdavale.org\/pt\/wp-json\/wp\/v2\/users\/1"}],"replies":[{"embeddable":true,"href":"https:\/\/tremdavale.org\/pt\/wp-json\/wp\/v2\/comments?post=177"}],"version-history":[{"count":0,"href":"https:\/\/tremdavale.org\/pt\/wp-json\/wp\/v2\/posts\/177\/revisions"}],"wp:attachment":[{"href":"https:\/\/tremdavale.org\/pt\/wp-json\/wp\/v2\/media?parent=177"}],"wp:term":[{"taxonomy":"category","embeddable":true,"href":"https:\/\/tremdavale.org\/pt\/wp-json\/wp\/v2\/categories?post=177"},{"taxonomy":"post_tag","embeddable":true,"href":"https:\/\/tremdavale.org\/pt\/wp-json\/wp\/v2\/tags?post=177"}],"curies":[{"name":"wp","href":"https:\/\/api.w.org\/{rel}","templated":true}]}}