{"id":180,"date":"2011-09-10T19:00:00","date_gmt":"2011-09-10T19:00:00","guid":{"rendered":"https:\/\/tremdavale.org\/?p=180"},"modified":"2025-10-10T11:57:00","modified_gmt":"2025-10-10T11:57:00","slug":"lancamento-do-documentario-sobre-o-centenario-da-banda-sao-sebastiao","status":"publish","type":"post","link":"https:\/\/tremdavale.org\/pt\/lancamento-do-documentario-sobre-o-centenario-da-banda-sao-sebastiao\/","title":{"rendered":"Lan\u00e7amento do document\u00e1rio sobre o centen\u00e1rio da Banda S\u00e3o Sebasti\u00e3o."},"content":{"rendered":"<p style=\"text-align: justify;\"><span>No dia 06 de novembro de 2010, s\u00e1bado, \u00e0s 19h30, logo ap\u00f3s a tradicional missa da Igreja Nossa Senhora da Gl\u00f3ria, em Passagem de Mariana, aconteceu, no Sal\u00e3o Paroquial, a primeira exibi\u00e7\u00e3o p\u00fablica do videodocument\u00e1rio \u201cBanda S\u00e3o Sebasti\u00e3o \u2013 100 anos de m\u00fasica\u201d.<!--more--><\/span><\/p>\n<p style=\"text-align: justify;\"><span>Em homenagem ao centen\u00e1rio da Sociedade Musical de S\u00e3o Sebasti\u00e3o o<\/span> document\u00e1rio foi realizado pelo N\u00facleo de Audiovisual do Vale Registrar, do Programa de Educa\u00e7\u00e3o Patrimonial Trem da Vale, com a colabora\u00e7\u00e3o do jornalista de Passagem de Mariana, Leandro Henrique dos Santos, diretor do Jornal \u201cO Espeto\u201d. Leandro, que participou de alguns cursos de v\u00eddeo oferecidos pelo Vale Registrar, foi quem apresentou o argumento e atuou como co-diretor do document\u00e1rio.<\/p>\n<p style=\"text-align: justify;\">No in\u00edcio do evento, os m\u00fasicos integrantes da Banda S\u00e3o Sebasti\u00e3o, devidamente uniformizados, chegaram em frente do Sal\u00e3o Paroquial, tocando um dobrado. Ali, fizeram uma breve apresenta\u00e7\u00e3o, regidos pelo maestro Daltro Novais.<\/p>\n<p style=\"text-align: justify;\">Apesar da chuva, compareceram ao lan\u00e7amento do videodocument\u00e1rio cerca de cento e vinte pessoas da comunidade local. Dentre elas, o Sr. Jos\u00e9 Lu\u00eds Papa, presidente da Sociedade Musical Santa Cec\u00edlia, o Sr. Ant\u00f4nio Pessoa, antigo membro da diretoria da Banda S\u00e3o Sebasti\u00e3o, integrantes da fam\u00edlia do Sr. Hou\u00edlio Assump\u00e7\u00e3o, ex-presidente da Banda, e a vereadora Aida Anacleto.<\/p>\n<p style=\"text-align: justify;\"><span>O supervisor do Vale Registrar, Jason Barroso Santa Rosa, abriu o evento parabenizando a Banda e agradecendo a presen\u00e7a de todos. Falou sobre as atividades desenvolvidas pelo subprograma, e, em seguida, passou a palavra para Cristina Aun, gerente executiva do Programa.<\/span><\/p>\n<dl id=\"attachment_2038\" class=\"wp-caption alignleft\" style=\"width: 310px;\">\n<dt class=\"wp-caption-dt\"><img loading=\"lazy\" decoding=\"async\" class=\"size-medium\" src=\"\/wp-content\/uploads\/jason-e-lancamento1-300x199.jpg\" alt=\"O Supervisor do Vale Registrar, Jason Barroso Santa Rosa, faz a abertura do Lan\u00e7amento do videodocument\u00e1rio \u201cBANDA S\u00c3O SEBASTI\u00c3O \u2013 100 anos de m\u00fasica\u201d. Foto: Rafael Santos\" width=\"300\" height=\"199\"><\/dt>\n<dd>Jason Barroso Santa Rosa, na abertura do Lan\u00e7amento do videodocument\u00e1rio. Foto: Rafael Santos<\/dd>\n<\/dl>\n<p>&nbsp;<\/p>\n<p style=\"text-align: justify;\">O v\u00eddeo, que tem a dura\u00e7\u00e3o de 33 minutos, foi projetado em um tel\u00e3o montado em cima do palco existente no Sal\u00e3o Paroquial. Durante a exibi\u00e7\u00e3o, o document\u00e1rio prendeu a aten\u00e7\u00e3o de todos, fazendo o p\u00fablico rir e se emocionar, com alguns trechos do filme. Ao final da exibi\u00e7\u00e3o, os integrantes da banda e outros convidados ali presentes aplaudiram de p\u00e9.<\/p>\n<p style=\"text-align: justify;\">Depois da exibi\u00e7\u00e3o do v\u00eddeo, o assessor t\u00e9cnico do N\u00facleo de Audiovisual do Vale Registrar, e co-diretor do v\u00eddeo, Rafael Almeida Santos, solicitou uma salva de palmas pela memor\u00e1vel participa\u00e7\u00e3o do Sr. Hou\u00edlio Raimundo Assump\u00e7\u00e3o, recentemente falecido, e que foi homenageado no document\u00e1rio.<\/p>\n<p style=\"text-align: justify;\">O jornalista Leandro Henrique falou do processo de execu\u00e7\u00e3o do document\u00e1rio, das muitas horas de grava\u00e7\u00f5es que foram realizadas e aproveitou para agradecer a grande abertura e colabora\u00e7\u00e3o da Sociedade Musical S\u00e3o Sebasti\u00e3o. Muito emocionado, o presidente da Banda S\u00e3o Sebasti\u00e3o, Sr. Amauri dos Santos, ressaltou a qualidade do document\u00e1rio e agradeceu a iniciativa de sua produ\u00e7\u00e3o. A vereadora Aida Anacleto e o regente da Banda S\u00e3o Sebasti\u00e3o, Daltro Novais, falaram da import\u00e2ncia, do engrandecimento e do orgulho que o document\u00e1rio trouxe para a comunidade de Passagem de Mariana.<\/p>\n<dl id=\"attachment_2039\" class=\"wp-caption alignleft\" style=\"width: 310px;\">\n<dt class=\"wp-caption-dt\"><img loading=\"lazy\" decoding=\"async\" class=\"size-medium\" src=\"\/wp-content\/uploads\/apresentacao-do-video1-300x199.jpg\" alt=\"Integrantes da Banda de S\u00e3o Sebasti\u00e3o assistem \u00e0 primeira exibi\u00e7\u00e3o do document\u00e1rio comemorativo de seus 100 anos. Foto: Rosilene Figueiredo\" width=\"300\" height=\"199\"><\/dt>\n<dd>Integrantes da Banda S\u00e3o Sebasti\u00e3o assistem \u00e0 primeira exibi\u00e7\u00e3o do document\u00e1rio. Foto: Rosilene Figueiredo<\/dd>\n<\/dl>\n<p>&nbsp;<\/p>\n<p style=\"text-align: justify;\">No encerramento do evento, enquanto a Banda S\u00e3o Sebasti\u00e3o tocava dentro do Sal\u00e3o Paroquial, havia pipoca e refrigerante servidos para todos. E a equipe do Vale Registrar pode-se confraternizar e receber o reconhecimento emocionado dos integrantes da Banda S\u00e3o Sebasti\u00e3o e da comunidade de Passagem de Mariana pelo trabalho realizado.<\/p>\n<p>&nbsp;<\/p>\n","protected":false},"excerpt":{"rendered":"<p>No dia 06 de novembro de 2010, s\u00e1bado, \u00e0s 19h30, logo ap\u00f3s a tradicional missa da Igreja Nossa Senhora da Gl\u00f3ria, em Passagem de Mariana, aconteceu, no Sal\u00e3o Paroquial, a primeira exibi\u00e7\u00e3o p\u00fablica do videodocument\u00e1rio \u201cBanda S\u00e3o Sebasti\u00e3o \u2013 100 anos de m\u00fasica\u201d.<\/p>\n","protected":false},"author":1,"featured_media":447,"comment_status":"open","ping_status":"closed","sticky":false,"template":"","format":"standard","meta":{"footnotes":""},"categories":[2],"tags":[],"class_list":["post-180","post","type-post","status-publish","format-standard","has-post-thumbnail","hentry","category-destaques-home"],"yoast_head":"<!-- This site is optimized with the Yoast SEO plugin v26.1.1 - https:\/\/yoast.com\/wordpress\/plugins\/seo\/ -->\n<title>Lan\u00e7amento do document\u00e1rio sobre o centen\u00e1rio da Banda S\u00e3o Sebasti\u00e3o. &#8212; Trem da Vale<\/title>\n<meta name=\"robots\" content=\"index, follow, max-snippet:-1, max-image-preview:large, max-video-preview:-1\" \/>\n<link rel=\"canonical\" href=\"https:\/\/tremdavale.org\/pt\/lancamento-do-documentario-sobre-o-centenario-da-banda-sao-sebastiao\/\" \/>\n<meta property=\"og:locale\" content=\"pt_PT\" \/>\n<meta property=\"og:type\" content=\"article\" \/>\n<meta property=\"og:title\" content=\"Lan\u00e7amento do document\u00e1rio sobre o centen\u00e1rio da Banda S\u00e3o Sebasti\u00e3o. &#8212; Trem da Vale\" \/>\n<meta property=\"og:description\" content=\"No dia 06 de novembro de 2010, s\u00e1bado, \u00e0s 19h30, logo ap\u00f3s a tradicional missa da Igreja Nossa Senhora da Gl\u00f3ria, em Passagem de Mariana, aconteceu, no Sal\u00e3o Paroquial, a primeira exibi\u00e7\u00e3o p\u00fablica do videodocument\u00e1rio \u201cBanda S\u00e3o Sebasti\u00e3o \u2013 100 anos de m\u00fasica\u201d.\" \/>\n<meta property=\"og:url\" content=\"https:\/\/tremdavale.org\/pt\/lancamento-do-documentario-sobre-o-centenario-da-banda-sao-sebastiao\/\" \/>\n<meta property=\"og:site_name\" content=\"Trem da Vale\" \/>\n<meta property=\"article:published_time\" content=\"2011-09-10T19:00:00+00:00\" \/>\n<meta property=\"article:modified_time\" content=\"2025-10-10T11:57:00+00:00\" \/>\n<meta property=\"og:image\" content=\"https:\/\/tremdavale.org\/wp-content\/uploads\/jason-e-lancamento1-300x199.jpg\" \/>\n\t<meta property=\"og:image:width\" content=\"300\" \/>\n\t<meta property=\"og:image:height\" content=\"199\" \/>\n\t<meta property=\"og:image:type\" content=\"image\/jpeg\" \/>\n<meta name=\"author\" content=\"admin\" \/>\n<meta name=\"twitter:card\" content=\"summary_large_image\" \/>\n<meta name=\"twitter:label1\" content=\"Escrito por\" \/>\n\t<meta name=\"twitter:data1\" content=\"admin\" \/>\n\t<meta name=\"twitter:label2\" content=\"Tempo estimado de leitura\" \/>\n\t<meta name=\"twitter:data2\" content=\"3 minutos\" \/>\n<script type=\"application\/ld+json\" class=\"yoast-schema-graph\">{\"@context\":\"https:\/\/schema.org\",\"@graph\":[{\"@type\":\"WebPage\",\"@id\":\"https:\/\/tremdavale.org\/pt\/lancamento-do-documentario-sobre-o-centenario-da-banda-sao-sebastiao\/\",\"url\":\"https:\/\/tremdavale.org\/pt\/lancamento-do-documentario-sobre-o-centenario-da-banda-sao-sebastiao\/\",\"name\":\"Lan\u00e7amento do document\u00e1rio sobre o centen\u00e1rio da Banda S\u00e3o Sebasti\u00e3o. &#8212; Trem da Vale\",\"isPartOf\":{\"@id\":\"https:\/\/tremdavale.org\/pt\/#website\"},\"primaryImageOfPage\":{\"@id\":\"https:\/\/tremdavale.org\/pt\/lancamento-do-documentario-sobre-o-centenario-da-banda-sao-sebastiao\/#primaryimage\"},\"image\":{\"@id\":\"https:\/\/tremdavale.org\/pt\/lancamento-do-documentario-sobre-o-centenario-da-banda-sao-sebastiao\/#primaryimage\"},\"thumbnailUrl\":\"https:\/\/tremdavale.org\/wp-content\/uploads\/jason-e-lancamento1-300x199.jpg\",\"datePublished\":\"2011-09-10T19:00:00+00:00\",\"dateModified\":\"2025-10-10T11:57:00+00:00\",\"author\":{\"@id\":\"https:\/\/tremdavale.org\/pt\/#\/schema\/person\/50912137d47426d31329f246d02eaeca\"},\"breadcrumb\":{\"@id\":\"https:\/\/tremdavale.org\/pt\/lancamento-do-documentario-sobre-o-centenario-da-banda-sao-sebastiao\/#breadcrumb\"},\"inLanguage\":\"pt-PT\",\"potentialAction\":[{\"@type\":\"ReadAction\",\"target\":[\"https:\/\/tremdavale.org\/pt\/lancamento-do-documentario-sobre-o-centenario-da-banda-sao-sebastiao\/\"]}]},{\"@type\":\"ImageObject\",\"inLanguage\":\"pt-PT\",\"@id\":\"https:\/\/tremdavale.org\/pt\/lancamento-do-documentario-sobre-o-centenario-da-banda-sao-sebastiao\/#primaryimage\",\"url\":\"https:\/\/tremdavale.org\/wp-content\/uploads\/jason-e-lancamento1-300x199.jpg\",\"contentUrl\":\"https:\/\/tremdavale.org\/wp-content\/uploads\/jason-e-lancamento1-300x199.jpg\",\"width\":300,\"height\":199},{\"@type\":\"BreadcrumbList\",\"@id\":\"https:\/\/tremdavale.org\/pt\/lancamento-do-documentario-sobre-o-centenario-da-banda-sao-sebastiao\/#breadcrumb\",\"itemListElement\":[{\"@type\":\"ListItem\",\"position\":1,\"name\":\"In\u00edcio\",\"item\":\"https:\/\/tremdavale.org\/pt\/\"},{\"@type\":\"ListItem\",\"position\":2,\"name\":\"Lan\u00e7amento do document\u00e1rio sobre o centen\u00e1rio da Banda S\u00e3o Sebasti\u00e3o.\"}]},{\"@type\":\"WebSite\",\"@id\":\"https:\/\/tremdavale.org\/pt\/#website\",\"url\":\"https:\/\/tremdavale.org\/pt\/\",\"name\":\"Trem da Vale\",\"description\":\"Programa de Educa\u00e7\u00e3o Patrimonial\",\"potentialAction\":[{\"@type\":\"SearchAction\",\"target\":{\"@type\":\"EntryPoint\",\"urlTemplate\":\"https:\/\/tremdavale.org\/pt\/?s={search_term_string}\"},\"query-input\":{\"@type\":\"PropertyValueSpecification\",\"valueRequired\":true,\"valueName\":\"search_term_string\"}}],\"inLanguage\":\"pt-PT\"},{\"@type\":\"Person\",\"@id\":\"https:\/\/tremdavale.org\/pt\/#\/schema\/person\/50912137d47426d31329f246d02eaeca\",\"name\":\"admin\",\"image\":{\"@type\":\"ImageObject\",\"inLanguage\":\"pt-PT\",\"@id\":\"https:\/\/tremdavale.org\/pt\/#\/schema\/person\/image\/\",\"url\":\"https:\/\/secure.gravatar.com\/avatar\/b3564f0fda6ea47959fe96a4217203e79a167568a37409758659bc3ba443b452?s=96&d=mm&r=g\",\"contentUrl\":\"https:\/\/secure.gravatar.com\/avatar\/b3564f0fda6ea47959fe96a4217203e79a167568a37409758659bc3ba443b452?s=96&d=mm&r=g\",\"caption\":\"admin\"},\"sameAs\":[\"https:\/\/tremdavale.org\"],\"url\":\"https:\/\/tremdavale.org\/pt\/author\/admin\/\"}]}<\/script>\n<!-- \/ Yoast SEO plugin. -->","yoast_head_json":{"title":"Lan\u00e7amento do document\u00e1rio sobre o centen\u00e1rio da Banda S\u00e3o Sebasti\u00e3o. &#8212; Trem da Vale","robots":{"index":"index","follow":"follow","max-snippet":"max-snippet:-1","max-image-preview":"max-image-preview:large","max-video-preview":"max-video-preview:-1"},"canonical":"https:\/\/tremdavale.org\/pt\/lancamento-do-documentario-sobre-o-centenario-da-banda-sao-sebastiao\/","og_locale":"pt_PT","og_type":"article","og_title":"Lan\u00e7amento do document\u00e1rio sobre o centen\u00e1rio da Banda S\u00e3o Sebasti\u00e3o. &#8212; Trem da Vale","og_description":"No dia 06 de novembro de 2010, s\u00e1bado, \u00e0s 19h30, logo ap\u00f3s a tradicional missa da Igreja Nossa Senhora da Gl\u00f3ria, em Passagem de Mariana, aconteceu, no Sal\u00e3o Paroquial, a primeira exibi\u00e7\u00e3o p\u00fablica do videodocument\u00e1rio \u201cBanda S\u00e3o Sebasti\u00e3o \u2013 100 anos de m\u00fasica\u201d.","og_url":"https:\/\/tremdavale.org\/pt\/lancamento-do-documentario-sobre-o-centenario-da-banda-sao-sebastiao\/","og_site_name":"Trem da Vale","article_published_time":"2011-09-10T19:00:00+00:00","article_modified_time":"2025-10-10T11:57:00+00:00","og_image":[{"width":300,"height":199,"url":"https:\/\/tremdavale.org\/wp-content\/uploads\/jason-e-lancamento1-300x199.jpg","type":"image\/jpeg"}],"author":"admin","twitter_card":"summary_large_image","twitter_misc":{"Escrito por":"admin","Tempo estimado de leitura":"3 minutos"},"schema":{"@context":"https:\/\/schema.org","@graph":[{"@type":"WebPage","@id":"https:\/\/tremdavale.org\/pt\/lancamento-do-documentario-sobre-o-centenario-da-banda-sao-sebastiao\/","url":"https:\/\/tremdavale.org\/pt\/lancamento-do-documentario-sobre-o-centenario-da-banda-sao-sebastiao\/","name":"Lan\u00e7amento do document\u00e1rio sobre o centen\u00e1rio da Banda S\u00e3o Sebasti\u00e3o. &#8212; Trem da Vale","isPartOf":{"@id":"https:\/\/tremdavale.org\/pt\/#website"},"primaryImageOfPage":{"@id":"https:\/\/tremdavale.org\/pt\/lancamento-do-documentario-sobre-o-centenario-da-banda-sao-sebastiao\/#primaryimage"},"image":{"@id":"https:\/\/tremdavale.org\/pt\/lancamento-do-documentario-sobre-o-centenario-da-banda-sao-sebastiao\/#primaryimage"},"thumbnailUrl":"https:\/\/tremdavale.org\/wp-content\/uploads\/jason-e-lancamento1-300x199.jpg","datePublished":"2011-09-10T19:00:00+00:00","dateModified":"2025-10-10T11:57:00+00:00","author":{"@id":"https:\/\/tremdavale.org\/pt\/#\/schema\/person\/50912137d47426d31329f246d02eaeca"},"breadcrumb":{"@id":"https:\/\/tremdavale.org\/pt\/lancamento-do-documentario-sobre-o-centenario-da-banda-sao-sebastiao\/#breadcrumb"},"inLanguage":"pt-PT","potentialAction":[{"@type":"ReadAction","target":["https:\/\/tremdavale.org\/pt\/lancamento-do-documentario-sobre-o-centenario-da-banda-sao-sebastiao\/"]}]},{"@type":"ImageObject","inLanguage":"pt-PT","@id":"https:\/\/tremdavale.org\/pt\/lancamento-do-documentario-sobre-o-centenario-da-banda-sao-sebastiao\/#primaryimage","url":"https:\/\/tremdavale.org\/wp-content\/uploads\/jason-e-lancamento1-300x199.jpg","contentUrl":"https:\/\/tremdavale.org\/wp-content\/uploads\/jason-e-lancamento1-300x199.jpg","width":300,"height":199},{"@type":"BreadcrumbList","@id":"https:\/\/tremdavale.org\/pt\/lancamento-do-documentario-sobre-o-centenario-da-banda-sao-sebastiao\/#breadcrumb","itemListElement":[{"@type":"ListItem","position":1,"name":"In\u00edcio","item":"https:\/\/tremdavale.org\/pt\/"},{"@type":"ListItem","position":2,"name":"Lan\u00e7amento do document\u00e1rio sobre o centen\u00e1rio da Banda S\u00e3o Sebasti\u00e3o."}]},{"@type":"WebSite","@id":"https:\/\/tremdavale.org\/pt\/#website","url":"https:\/\/tremdavale.org\/pt\/","name":"Trem da Vale","description":"Programa de Educa\u00e7\u00e3o Patrimonial","potentialAction":[{"@type":"SearchAction","target":{"@type":"EntryPoint","urlTemplate":"https:\/\/tremdavale.org\/pt\/?s={search_term_string}"},"query-input":{"@type":"PropertyValueSpecification","valueRequired":true,"valueName":"search_term_string"}}],"inLanguage":"pt-PT"},{"@type":"Person","@id":"https:\/\/tremdavale.org\/pt\/#\/schema\/person\/50912137d47426d31329f246d02eaeca","name":"admin","image":{"@type":"ImageObject","inLanguage":"pt-PT","@id":"https:\/\/tremdavale.org\/pt\/#\/schema\/person\/image\/","url":"https:\/\/secure.gravatar.com\/avatar\/b3564f0fda6ea47959fe96a4217203e79a167568a37409758659bc3ba443b452?s=96&d=mm&r=g","contentUrl":"https:\/\/secure.gravatar.com\/avatar\/b3564f0fda6ea47959fe96a4217203e79a167568a37409758659bc3ba443b452?s=96&d=mm&r=g","caption":"admin"},"sameAs":["https:\/\/tremdavale.org"],"url":"https:\/\/tremdavale.org\/pt\/author\/admin\/"}]}},"_links":{"self":[{"href":"https:\/\/tremdavale.org\/pt\/wp-json\/wp\/v2\/posts\/180","targetHints":{"allow":["GET"]}}],"collection":[{"href":"https:\/\/tremdavale.org\/pt\/wp-json\/wp\/v2\/posts"}],"about":[{"href":"https:\/\/tremdavale.org\/pt\/wp-json\/wp\/v2\/types\/post"}],"author":[{"embeddable":true,"href":"https:\/\/tremdavale.org\/pt\/wp-json\/wp\/v2\/users\/1"}],"replies":[{"embeddable":true,"href":"https:\/\/tremdavale.org\/pt\/wp-json\/wp\/v2\/comments?post=180"}],"version-history":[{"count":0,"href":"https:\/\/tremdavale.org\/pt\/wp-json\/wp\/v2\/posts\/180\/revisions"}],"wp:featuredmedia":[{"embeddable":true,"href":"https:\/\/tremdavale.org\/pt\/wp-json\/wp\/v2\/media\/447"}],"wp:attachment":[{"href":"https:\/\/tremdavale.org\/pt\/wp-json\/wp\/v2\/media?parent=180"}],"wp:term":[{"taxonomy":"category","embeddable":true,"href":"https:\/\/tremdavale.org\/pt\/wp-json\/wp\/v2\/categories?post=180"},{"taxonomy":"post_tag","embeddable":true,"href":"https:\/\/tremdavale.org\/pt\/wp-json\/wp\/v2\/tags?post=180"}],"curies":[{"name":"wp","href":"https:\/\/api.w.org\/{rel}","templated":true}]}}