{"id":183,"date":"2011-09-12T00:53:00","date_gmt":"2011-09-12T00:53:00","guid":{"rendered":"https:\/\/tremdavale.org\/?p=183"},"modified":"2025-10-10T11:57:00","modified_gmt":"2025-10-10T11:57:00","slug":"mais-cultura-no-trem-da-vale","status":"publish","type":"post","link":"https:\/\/tremdavale.org\/pt\/mais-cultura-no-trem-da-vale\/","title":{"rendered":"Mais Cultura no Trem da Vale"},"content":{"rendered":"<p>Popularizar materiais de leitura, estimular o h\u00e1bito da leitura e despertar o pensamento cr\u00edtico. Sob essa diretriz, o governo federal investiu cerca de 5 milh\u00f5es para distribuir publica\u00e7\u00f5es peri\u00f3dicas impressas de qualidade aos mais de 7000 Pontos de Cultura, Pontos de Leitura e Bibliotecas P\u00fablicas agraciados pelo Programa Mais Cultura.<!--more--><\/p>\n<p>Segundo a coordenadora executiva do Programa, Silvana Meireles, a inten\u00e7\u00e3o \u00e9 oferecer \u201cdiferentes linguagens e formatos que atendam aos mais diversos p\u00fablicos, oferecendo desde jornais at\u00e9 cl\u00e1ssicos da literatura nacional e internacional\u201d.<\/p>\n<p style=\"text-align: center;\"><img loading=\"lazy\" decoding=\"async\" class=\"size-medium aligncenter\" title=\"biblioteca-da-estacao-2-mariana1\" src=\"\/wp-content\/uploads\/biblioteca-da-estacao-2-mariana1-300x200.jpg\" alt=\"biblioteca-da-estacao-2-mariana1\" width=\"300\" height=\"200\"><\/p>\n<p>De fevereiro de 2011 a janeiro de 2012, as bibliotecas infanto-juvenis das esta\u00e7\u00f5es de Ouro Preto e Mariana receber\u00e3o, sem \u00f4nus, as seguintes revistas: &nbsp;<em>Brasileiros<\/em>, &nbsp;<em>Cult<\/em>, &nbsp;<em>Vira\u00e7\u00e3o<\/em>, &nbsp;<em>Rolling Stone<\/em>, &nbsp;<em>Ra\u00e7a Brasil<\/em>, &nbsp;<em>Piau\u00ed<\/em>, &nbsp;<em>Carta na Escola<\/em>, &nbsp;<em>F\u00f3rum<\/em>, &nbsp;<em>Le Monde Diplomatique Brasil<\/em>, &nbsp;<em>Caros Amigos<\/em>, &nbsp;al\u00e9m do&nbsp;<em>Jornal Rascunho<\/em> e do&nbsp;<em>Almanaque Brasil de Cultura Popular<\/em>.<\/p>\n<p>Tais publica\u00e7\u00f5es dinamizam e refor\u00e7am o acervo das bibliotecas, que j\u00e1 contam com mais de 6100 t\u00edtulos e ser\u00e3o disponibilizadas para empr\u00e9stimo ao p\u00fablico geral. Para efetuar o empr\u00e9stimo, \u00e9 necess\u00e1rio apresentar a carteirinha da Biblioteca, que pode ser requerida mediante apresenta\u00e7\u00e3o de foto 3\u00d74 e documentos de identidade, CPF e comprovante de resid\u00eancia atual. Para os menores de 18 anos, \u00e9 necess\u00e1rio o acompanhamento de um respons\u00e1vel e apresenta\u00e7\u00e3o de documentos do mesmo.<\/p>\n<p>Hor\u00e1rio de funcionamento das bibliotecas: Ter\u00e7a a domingo, de 9h \u00e0s 17h.<\/p>\n<p>&nbsp;<\/p>\n","protected":false},"excerpt":{"rendered":"<p>Popularizar materiais de leitura, estimular o h\u00e1bito da leitura e despertar o pensamento cr\u00edtico. Sob essa diretriz, o governo federal investiu cerca de 5 milh\u00f5es para distribuir publica\u00e7\u00f5es peri\u00f3dicas impressas de qualidade aos mais de 7000 Pontos de Cultura, Pontos de Leitura e Bibliotecas P\u00fablicas agraciados pelo Programa Mais Cultura.<\/p>\n","protected":false},"author":1,"featured_media":450,"comment_status":"open","ping_status":"closed","sticky":false,"template":"","format":"standard","meta":{"footnotes":""},"categories":[3],"tags":[],"class_list":["post-183","post","type-post","status-publish","format-standard","has-post-thumbnail","hentry","category-noticias"],"yoast_head":"<!-- This site is optimized with the Yoast SEO plugin v26.1.1 - https:\/\/yoast.com\/wordpress\/plugins\/seo\/ -->\n<title>Mais Cultura no Trem da Vale &#8212; Trem da Vale<\/title>\n<meta name=\"robots\" content=\"index, follow, max-snippet:-1, max-image-preview:large, max-video-preview:-1\" \/>\n<link rel=\"canonical\" href=\"https:\/\/tremdavale.org\/pt\/mais-cultura-no-trem-da-vale\/\" \/>\n<meta property=\"og:locale\" content=\"pt_PT\" \/>\n<meta property=\"og:type\" content=\"article\" \/>\n<meta property=\"og:title\" content=\"Mais Cultura no Trem da Vale &#8212; Trem da Vale\" \/>\n<meta property=\"og:description\" content=\"Popularizar materiais de leitura, estimular o h\u00e1bito da leitura e despertar o pensamento cr\u00edtico. Sob essa diretriz, o governo federal investiu cerca de 5 milh\u00f5es para distribuir publica\u00e7\u00f5es peri\u00f3dicas impressas de qualidade aos mais de 7000 Pontos de Cultura, Pontos de Leitura e Bibliotecas P\u00fablicas agraciados pelo Programa Mais Cultura.\" \/>\n<meta property=\"og:url\" content=\"https:\/\/tremdavale.org\/pt\/mais-cultura-no-trem-da-vale\/\" \/>\n<meta property=\"og:site_name\" content=\"Trem da Vale\" \/>\n<meta property=\"article:published_time\" content=\"2011-09-12T00:53:00+00:00\" \/>\n<meta property=\"article:modified_time\" content=\"2025-10-10T11:57:00+00:00\" \/>\n<meta property=\"og:image\" content=\"https:\/\/tremdavale.org\/wp-content\/uploads\/biblioteca-da-estacao-2-mariana1-300x200.jpg\" \/>\n\t<meta property=\"og:image:width\" content=\"300\" \/>\n\t<meta property=\"og:image:height\" content=\"200\" \/>\n\t<meta property=\"og:image:type\" content=\"image\/jpeg\" \/>\n<meta name=\"author\" content=\"admin\" \/>\n<meta name=\"twitter:card\" content=\"summary_large_image\" \/>\n<meta name=\"twitter:label1\" content=\"Escrito por\" \/>\n\t<meta name=\"twitter:data1\" content=\"admin\" \/>\n\t<meta name=\"twitter:label2\" content=\"Tempo estimado de leitura\" \/>\n\t<meta name=\"twitter:data2\" content=\"1 minuto\" \/>\n<script type=\"application\/ld+json\" class=\"yoast-schema-graph\">{\"@context\":\"https:\/\/schema.org\",\"@graph\":[{\"@type\":\"WebPage\",\"@id\":\"https:\/\/tremdavale.org\/pt\/mais-cultura-no-trem-da-vale\/\",\"url\":\"https:\/\/tremdavale.org\/pt\/mais-cultura-no-trem-da-vale\/\",\"name\":\"Mais Cultura no Trem da Vale &#8212; Trem da Vale\",\"isPartOf\":{\"@id\":\"https:\/\/tremdavale.org\/pt\/#website\"},\"primaryImageOfPage\":{\"@id\":\"https:\/\/tremdavale.org\/pt\/mais-cultura-no-trem-da-vale\/#primaryimage\"},\"image\":{\"@id\":\"https:\/\/tremdavale.org\/pt\/mais-cultura-no-trem-da-vale\/#primaryimage\"},\"thumbnailUrl\":\"https:\/\/tremdavale.org\/wp-content\/uploads\/biblioteca-da-estacao-2-mariana1-300x200.jpg\",\"datePublished\":\"2011-09-12T00:53:00+00:00\",\"dateModified\":\"2025-10-10T11:57:00+00:00\",\"author\":{\"@id\":\"https:\/\/tremdavale.org\/pt\/#\/schema\/person\/50912137d47426d31329f246d02eaeca\"},\"breadcrumb\":{\"@id\":\"https:\/\/tremdavale.org\/pt\/mais-cultura-no-trem-da-vale\/#breadcrumb\"},\"inLanguage\":\"pt-PT\",\"potentialAction\":[{\"@type\":\"ReadAction\",\"target\":[\"https:\/\/tremdavale.org\/pt\/mais-cultura-no-trem-da-vale\/\"]}]},{\"@type\":\"ImageObject\",\"inLanguage\":\"pt-PT\",\"@id\":\"https:\/\/tremdavale.org\/pt\/mais-cultura-no-trem-da-vale\/#primaryimage\",\"url\":\"https:\/\/tremdavale.org\/wp-content\/uploads\/biblioteca-da-estacao-2-mariana1-300x200.jpg\",\"contentUrl\":\"https:\/\/tremdavale.org\/wp-content\/uploads\/biblioteca-da-estacao-2-mariana1-300x200.jpg\",\"width\":300,\"height\":200},{\"@type\":\"BreadcrumbList\",\"@id\":\"https:\/\/tremdavale.org\/pt\/mais-cultura-no-trem-da-vale\/#breadcrumb\",\"itemListElement\":[{\"@type\":\"ListItem\",\"position\":1,\"name\":\"In\u00edcio\",\"item\":\"https:\/\/tremdavale.org\/pt\/\"},{\"@type\":\"ListItem\",\"position\":2,\"name\":\"Mais Cultura no Trem da Vale\"}]},{\"@type\":\"WebSite\",\"@id\":\"https:\/\/tremdavale.org\/pt\/#website\",\"url\":\"https:\/\/tremdavale.org\/pt\/\",\"name\":\"Trem da Vale\",\"description\":\"Programa de Educa\u00e7\u00e3o Patrimonial\",\"potentialAction\":[{\"@type\":\"SearchAction\",\"target\":{\"@type\":\"EntryPoint\",\"urlTemplate\":\"https:\/\/tremdavale.org\/pt\/?s={search_term_string}\"},\"query-input\":{\"@type\":\"PropertyValueSpecification\",\"valueRequired\":true,\"valueName\":\"search_term_string\"}}],\"inLanguage\":\"pt-PT\"},{\"@type\":\"Person\",\"@id\":\"https:\/\/tremdavale.org\/pt\/#\/schema\/person\/50912137d47426d31329f246d02eaeca\",\"name\":\"admin\",\"image\":{\"@type\":\"ImageObject\",\"inLanguage\":\"pt-PT\",\"@id\":\"https:\/\/tremdavale.org\/pt\/#\/schema\/person\/image\/\",\"url\":\"https:\/\/secure.gravatar.com\/avatar\/b3564f0fda6ea47959fe96a4217203e79a167568a37409758659bc3ba443b452?s=96&d=mm&r=g\",\"contentUrl\":\"https:\/\/secure.gravatar.com\/avatar\/b3564f0fda6ea47959fe96a4217203e79a167568a37409758659bc3ba443b452?s=96&d=mm&r=g\",\"caption\":\"admin\"},\"sameAs\":[\"https:\/\/tremdavale.org\"],\"url\":\"https:\/\/tremdavale.org\/pt\/author\/admin\/\"}]}<\/script>\n<!-- \/ Yoast SEO plugin. -->","yoast_head_json":{"title":"Mais Cultura no Trem da Vale &#8212; Trem da Vale","robots":{"index":"index","follow":"follow","max-snippet":"max-snippet:-1","max-image-preview":"max-image-preview:large","max-video-preview":"max-video-preview:-1"},"canonical":"https:\/\/tremdavale.org\/pt\/mais-cultura-no-trem-da-vale\/","og_locale":"pt_PT","og_type":"article","og_title":"Mais Cultura no Trem da Vale &#8212; Trem da Vale","og_description":"Popularizar materiais de leitura, estimular o h\u00e1bito da leitura e despertar o pensamento cr\u00edtico. Sob essa diretriz, o governo federal investiu cerca de 5 milh\u00f5es para distribuir publica\u00e7\u00f5es peri\u00f3dicas impressas de qualidade aos mais de 7000 Pontos de Cultura, Pontos de Leitura e Bibliotecas P\u00fablicas agraciados pelo Programa Mais Cultura.","og_url":"https:\/\/tremdavale.org\/pt\/mais-cultura-no-trem-da-vale\/","og_site_name":"Trem da Vale","article_published_time":"2011-09-12T00:53:00+00:00","article_modified_time":"2025-10-10T11:57:00+00:00","og_image":[{"width":300,"height":200,"url":"https:\/\/tremdavale.org\/wp-content\/uploads\/biblioteca-da-estacao-2-mariana1-300x200.jpg","type":"image\/jpeg"}],"author":"admin","twitter_card":"summary_large_image","twitter_misc":{"Escrito por":"admin","Tempo estimado de leitura":"1 minuto"},"schema":{"@context":"https:\/\/schema.org","@graph":[{"@type":"WebPage","@id":"https:\/\/tremdavale.org\/pt\/mais-cultura-no-trem-da-vale\/","url":"https:\/\/tremdavale.org\/pt\/mais-cultura-no-trem-da-vale\/","name":"Mais Cultura no Trem da Vale &#8212; Trem da Vale","isPartOf":{"@id":"https:\/\/tremdavale.org\/pt\/#website"},"primaryImageOfPage":{"@id":"https:\/\/tremdavale.org\/pt\/mais-cultura-no-trem-da-vale\/#primaryimage"},"image":{"@id":"https:\/\/tremdavale.org\/pt\/mais-cultura-no-trem-da-vale\/#primaryimage"},"thumbnailUrl":"https:\/\/tremdavale.org\/wp-content\/uploads\/biblioteca-da-estacao-2-mariana1-300x200.jpg","datePublished":"2011-09-12T00:53:00+00:00","dateModified":"2025-10-10T11:57:00+00:00","author":{"@id":"https:\/\/tremdavale.org\/pt\/#\/schema\/person\/50912137d47426d31329f246d02eaeca"},"breadcrumb":{"@id":"https:\/\/tremdavale.org\/pt\/mais-cultura-no-trem-da-vale\/#breadcrumb"},"inLanguage":"pt-PT","potentialAction":[{"@type":"ReadAction","target":["https:\/\/tremdavale.org\/pt\/mais-cultura-no-trem-da-vale\/"]}]},{"@type":"ImageObject","inLanguage":"pt-PT","@id":"https:\/\/tremdavale.org\/pt\/mais-cultura-no-trem-da-vale\/#primaryimage","url":"https:\/\/tremdavale.org\/wp-content\/uploads\/biblioteca-da-estacao-2-mariana1-300x200.jpg","contentUrl":"https:\/\/tremdavale.org\/wp-content\/uploads\/biblioteca-da-estacao-2-mariana1-300x200.jpg","width":300,"height":200},{"@type":"BreadcrumbList","@id":"https:\/\/tremdavale.org\/pt\/mais-cultura-no-trem-da-vale\/#breadcrumb","itemListElement":[{"@type":"ListItem","position":1,"name":"In\u00edcio","item":"https:\/\/tremdavale.org\/pt\/"},{"@type":"ListItem","position":2,"name":"Mais Cultura no Trem da Vale"}]},{"@type":"WebSite","@id":"https:\/\/tremdavale.org\/pt\/#website","url":"https:\/\/tremdavale.org\/pt\/","name":"Trem da Vale","description":"Programa de Educa\u00e7\u00e3o Patrimonial","potentialAction":[{"@type":"SearchAction","target":{"@type":"EntryPoint","urlTemplate":"https:\/\/tremdavale.org\/pt\/?s={search_term_string}"},"query-input":{"@type":"PropertyValueSpecification","valueRequired":true,"valueName":"search_term_string"}}],"inLanguage":"pt-PT"},{"@type":"Person","@id":"https:\/\/tremdavale.org\/pt\/#\/schema\/person\/50912137d47426d31329f246d02eaeca","name":"admin","image":{"@type":"ImageObject","inLanguage":"pt-PT","@id":"https:\/\/tremdavale.org\/pt\/#\/schema\/person\/image\/","url":"https:\/\/secure.gravatar.com\/avatar\/b3564f0fda6ea47959fe96a4217203e79a167568a37409758659bc3ba443b452?s=96&d=mm&r=g","contentUrl":"https:\/\/secure.gravatar.com\/avatar\/b3564f0fda6ea47959fe96a4217203e79a167568a37409758659bc3ba443b452?s=96&d=mm&r=g","caption":"admin"},"sameAs":["https:\/\/tremdavale.org"],"url":"https:\/\/tremdavale.org\/pt\/author\/admin\/"}]}},"_links":{"self":[{"href":"https:\/\/tremdavale.org\/pt\/wp-json\/wp\/v2\/posts\/183","targetHints":{"allow":["GET"]}}],"collection":[{"href":"https:\/\/tremdavale.org\/pt\/wp-json\/wp\/v2\/posts"}],"about":[{"href":"https:\/\/tremdavale.org\/pt\/wp-json\/wp\/v2\/types\/post"}],"author":[{"embeddable":true,"href":"https:\/\/tremdavale.org\/pt\/wp-json\/wp\/v2\/users\/1"}],"replies":[{"embeddable":true,"href":"https:\/\/tremdavale.org\/pt\/wp-json\/wp\/v2\/comments?post=183"}],"version-history":[{"count":0,"href":"https:\/\/tremdavale.org\/pt\/wp-json\/wp\/v2\/posts\/183\/revisions"}],"wp:featuredmedia":[{"embeddable":true,"href":"https:\/\/tremdavale.org\/pt\/wp-json\/wp\/v2\/media\/450"}],"wp:attachment":[{"href":"https:\/\/tremdavale.org\/pt\/wp-json\/wp\/v2\/media?parent=183"}],"wp:term":[{"taxonomy":"category","embeddable":true,"href":"https:\/\/tremdavale.org\/pt\/wp-json\/wp\/v2\/categories?post=183"},{"taxonomy":"post_tag","embeddable":true,"href":"https:\/\/tremdavale.org\/pt\/wp-json\/wp\/v2\/tags?post=183"}],"curies":[{"name":"wp","href":"https:\/\/api.w.org\/{rel}","templated":true}]}}