{"id":186,"date":"2011-09-13T15:42:00","date_gmt":"2011-09-13T15:42:00","guid":{"rendered":"https:\/\/tremdavale.org\/?p=186"},"modified":"2025-10-10T11:57:00","modified_gmt":"2025-10-10T11:57:00","slug":"maria-fumaca-completa-60-anos","status":"publish","type":"post","link":"https:\/\/tremdavale.org\/pt\/maria-fumaca-completa-60-anos\/","title":{"rendered":"Maria-fuma\u00e7a completa 60 anos"},"content":{"rendered":"<p><img loading=\"lazy\" decoding=\"async\" class=\"size-medium\" title=\"maria-fumaca-em-baixa1\" src=\"\/wp-content\/uploads\/maria-fumaca-em-baixa1-300x200.jpg\" alt=\"Maria-fuma\u00e7a do Trem da Vale \" width=\"300\" height=\"200\"><\/p>\n<p>Maria-fuma\u00e7a do Trem da Vale<\/p>\n<p>&nbsp;<\/p>\n<p>Em 2009, a maria-fuma\u00e7a do Trem da Vale completa sessenta anos. O modelo foi fabricado no final da d\u00e9cada de 1940 pela Skoda, da Rep\u00fablica Tcheca, sob encomenda da ferrovia Santa F\u00e9, dos Estados Unidos e comprado pela Ferrocarril, da Argentina. Em 1980, a Rede Ferrovi\u00e1ria Federal (RFF) comprou a locomotiva para trabalhar em Santa Catarina, de onde foi trazida para as viagens do Trem da Vale.<\/p>\n<p>Atualmente, a m\u00e1quina passa por manuten\u00e7\u00e3o nas oficinas da Ferrovia Centro-Atl\u00e2ntica (FCA), com previs\u00e3o de retorno para novembro de 2010. Por se tratar de um equipamento hist\u00f3rico, a m\u00e1quina necessita de manuten\u00e7\u00f5es peri\u00f3dicas para garantir a seguran\u00e7a e conforto dos passageiros.<\/p>\n<p>Al\u00e9m disso, o trecho Mariana-Ouro Preto possui um desn\u00edvel de 300 metros, o que \u00e9 considerado dif\u00edcil para a subida de uma locomotiva a vapor. Em fun\u00e7\u00e3o do desn\u00edvel, a maria-fuma\u00e7a, que originalmente se movimenta a velocidade m\u00e9dia de 60 km\/h, circula a 25 km\/h no trecho entre as duas cidades do programa Trem da Vale. Em fun\u00e7\u00e3o dessas dificuldades, alguns problemas t\u00e9cnicos ocorrem com freq\u00fc\u00eancia, o que exige a observa\u00e7\u00e3o e manuten\u00e7\u00e3o constante dos equipamentos.<\/p>\n<p>Enquanto o equipamento se encontra em manuten\u00e7\u00e3o, as viagens s\u00e3o realizadas pela locomotiva a Diesel G8, \u00e0s sextas, s\u00e1bados, domingos e feriados.<\/p>\n<p>Confira os hor\u00e1rios das viagens de trem<\/p>\n<p>&nbsp;<\/p>\n","protected":false},"excerpt":{"rendered":"<p>Maria-fuma\u00e7a do Trem da Vale &nbsp; Em 2009, a maria-fuma\u00e7a do Trem da Vale completa sessenta anos. O modelo foi fabricado no final da d\u00e9cada de 1940 pela Skoda, da Rep\u00fablica Tcheca, sob encomenda da ferrovia Santa F\u00e9, dos Estados Unidos e comprado pela Ferrocarril, da Argentina. Em 1980, a &hellip;<\/p>\n","protected":false},"author":1,"featured_media":453,"comment_status":"open","ping_status":"closed","sticky":false,"template":"","format":"standard","meta":{"footnotes":""},"categories":[3],"tags":[],"class_list":["post-186","post","type-post","status-publish","format-standard","has-post-thumbnail","hentry","category-noticias"],"yoast_head":"<!-- This site is optimized with the Yoast SEO plugin v26.1.1 - https:\/\/yoast.com\/wordpress\/plugins\/seo\/ -->\n<title>Maria-fuma\u00e7a completa 60 anos &#8212; Trem da Vale<\/title>\n<meta name=\"robots\" content=\"index, follow, max-snippet:-1, max-image-preview:large, max-video-preview:-1\" \/>\n<link rel=\"canonical\" href=\"https:\/\/tremdavale.org\/pt\/maria-fumaca-completa-60-anos\/\" \/>\n<meta property=\"og:locale\" content=\"pt_PT\" \/>\n<meta property=\"og:type\" content=\"article\" \/>\n<meta property=\"og:title\" content=\"Maria-fuma\u00e7a completa 60 anos &#8212; Trem da Vale\" \/>\n<meta property=\"og:description\" content=\"Maria-fuma\u00e7a do Trem da Vale &nbsp; Em 2009, a maria-fuma\u00e7a do Trem da Vale completa sessenta anos. O modelo foi fabricado no final da d\u00e9cada de 1940 pela Skoda, da Rep\u00fablica Tcheca, sob encomenda da ferrovia Santa F\u00e9, dos Estados Unidos e comprado pela Ferrocarril, da Argentina. Em 1980, a &hellip;\" \/>\n<meta property=\"og:url\" content=\"https:\/\/tremdavale.org\/pt\/maria-fumaca-completa-60-anos\/\" \/>\n<meta property=\"og:site_name\" content=\"Trem da Vale\" \/>\n<meta property=\"article:published_time\" content=\"2011-09-13T15:42:00+00:00\" \/>\n<meta property=\"article:modified_time\" content=\"2025-10-10T11:57:00+00:00\" \/>\n<meta property=\"og:image\" content=\"https:\/\/tremdavale.org\/wp-content\/uploads\/maria-fumaca-em-baixa1-300x200.jpg\" \/>\n\t<meta property=\"og:image:width\" content=\"300\" \/>\n\t<meta property=\"og:image:height\" content=\"200\" \/>\n\t<meta property=\"og:image:type\" content=\"image\/jpeg\" \/>\n<meta name=\"author\" content=\"admin\" \/>\n<meta name=\"twitter:card\" content=\"summary_large_image\" \/>\n<meta name=\"twitter:label1\" content=\"Escrito por\" \/>\n\t<meta name=\"twitter:data1\" content=\"admin\" \/>\n\t<meta name=\"twitter:label2\" content=\"Tempo estimado de leitura\" \/>\n\t<meta name=\"twitter:data2\" content=\"1 minuto\" \/>\n<script type=\"application\/ld+json\" class=\"yoast-schema-graph\">{\"@context\":\"https:\/\/schema.org\",\"@graph\":[{\"@type\":\"WebPage\",\"@id\":\"https:\/\/tremdavale.org\/pt\/maria-fumaca-completa-60-anos\/\",\"url\":\"https:\/\/tremdavale.org\/pt\/maria-fumaca-completa-60-anos\/\",\"name\":\"Maria-fuma\u00e7a completa 60 anos &#8212; Trem da Vale\",\"isPartOf\":{\"@id\":\"https:\/\/tremdavale.org\/pt\/#website\"},\"primaryImageOfPage\":{\"@id\":\"https:\/\/tremdavale.org\/pt\/maria-fumaca-completa-60-anos\/#primaryimage\"},\"image\":{\"@id\":\"https:\/\/tremdavale.org\/pt\/maria-fumaca-completa-60-anos\/#primaryimage\"},\"thumbnailUrl\":\"https:\/\/tremdavale.org\/wp-content\/uploads\/maria-fumaca-em-baixa1-300x200.jpg\",\"datePublished\":\"2011-09-13T15:42:00+00:00\",\"dateModified\":\"2025-10-10T11:57:00+00:00\",\"author\":{\"@id\":\"https:\/\/tremdavale.org\/pt\/#\/schema\/person\/50912137d47426d31329f246d02eaeca\"},\"breadcrumb\":{\"@id\":\"https:\/\/tremdavale.org\/pt\/maria-fumaca-completa-60-anos\/#breadcrumb\"},\"inLanguage\":\"pt-PT\",\"potentialAction\":[{\"@type\":\"ReadAction\",\"target\":[\"https:\/\/tremdavale.org\/pt\/maria-fumaca-completa-60-anos\/\"]}]},{\"@type\":\"ImageObject\",\"inLanguage\":\"pt-PT\",\"@id\":\"https:\/\/tremdavale.org\/pt\/maria-fumaca-completa-60-anos\/#primaryimage\",\"url\":\"https:\/\/tremdavale.org\/wp-content\/uploads\/maria-fumaca-em-baixa1-300x200.jpg\",\"contentUrl\":\"https:\/\/tremdavale.org\/wp-content\/uploads\/maria-fumaca-em-baixa1-300x200.jpg\",\"width\":300,\"height\":200},{\"@type\":\"BreadcrumbList\",\"@id\":\"https:\/\/tremdavale.org\/pt\/maria-fumaca-completa-60-anos\/#breadcrumb\",\"itemListElement\":[{\"@type\":\"ListItem\",\"position\":1,\"name\":\"In\u00edcio\",\"item\":\"https:\/\/tremdavale.org\/pt\/\"},{\"@type\":\"ListItem\",\"position\":2,\"name\":\"Maria-fuma\u00e7a completa 60 anos\"}]},{\"@type\":\"WebSite\",\"@id\":\"https:\/\/tremdavale.org\/pt\/#website\",\"url\":\"https:\/\/tremdavale.org\/pt\/\",\"name\":\"Trem da Vale\",\"description\":\"Programa de Educa\u00e7\u00e3o Patrimonial\",\"potentialAction\":[{\"@type\":\"SearchAction\",\"target\":{\"@type\":\"EntryPoint\",\"urlTemplate\":\"https:\/\/tremdavale.org\/pt\/?s={search_term_string}\"},\"query-input\":{\"@type\":\"PropertyValueSpecification\",\"valueRequired\":true,\"valueName\":\"search_term_string\"}}],\"inLanguage\":\"pt-PT\"},{\"@type\":\"Person\",\"@id\":\"https:\/\/tremdavale.org\/pt\/#\/schema\/person\/50912137d47426d31329f246d02eaeca\",\"name\":\"admin\",\"image\":{\"@type\":\"ImageObject\",\"inLanguage\":\"pt-PT\",\"@id\":\"https:\/\/tremdavale.org\/pt\/#\/schema\/person\/image\/\",\"url\":\"https:\/\/secure.gravatar.com\/avatar\/b3564f0fda6ea47959fe96a4217203e79a167568a37409758659bc3ba443b452?s=96&d=mm&r=g\",\"contentUrl\":\"https:\/\/secure.gravatar.com\/avatar\/b3564f0fda6ea47959fe96a4217203e79a167568a37409758659bc3ba443b452?s=96&d=mm&r=g\",\"caption\":\"admin\"},\"sameAs\":[\"https:\/\/tremdavale.org\"],\"url\":\"https:\/\/tremdavale.org\/pt\/author\/admin\/\"}]}<\/script>\n<!-- \/ Yoast SEO plugin. -->","yoast_head_json":{"title":"Maria-fuma\u00e7a completa 60 anos &#8212; Trem da Vale","robots":{"index":"index","follow":"follow","max-snippet":"max-snippet:-1","max-image-preview":"max-image-preview:large","max-video-preview":"max-video-preview:-1"},"canonical":"https:\/\/tremdavale.org\/pt\/maria-fumaca-completa-60-anos\/","og_locale":"pt_PT","og_type":"article","og_title":"Maria-fuma\u00e7a completa 60 anos &#8212; Trem da Vale","og_description":"Maria-fuma\u00e7a do Trem da Vale &nbsp; Em 2009, a maria-fuma\u00e7a do Trem da Vale completa sessenta anos. O modelo foi fabricado no final da d\u00e9cada de 1940 pela Skoda, da Rep\u00fablica Tcheca, sob encomenda da ferrovia Santa F\u00e9, dos Estados Unidos e comprado pela Ferrocarril, da Argentina. Em 1980, a &hellip;","og_url":"https:\/\/tremdavale.org\/pt\/maria-fumaca-completa-60-anos\/","og_site_name":"Trem da Vale","article_published_time":"2011-09-13T15:42:00+00:00","article_modified_time":"2025-10-10T11:57:00+00:00","og_image":[{"width":300,"height":200,"url":"https:\/\/tremdavale.org\/wp-content\/uploads\/maria-fumaca-em-baixa1-300x200.jpg","type":"image\/jpeg"}],"author":"admin","twitter_card":"summary_large_image","twitter_misc":{"Escrito por":"admin","Tempo estimado de leitura":"1 minuto"},"schema":{"@context":"https:\/\/schema.org","@graph":[{"@type":"WebPage","@id":"https:\/\/tremdavale.org\/pt\/maria-fumaca-completa-60-anos\/","url":"https:\/\/tremdavale.org\/pt\/maria-fumaca-completa-60-anos\/","name":"Maria-fuma\u00e7a completa 60 anos &#8212; Trem da Vale","isPartOf":{"@id":"https:\/\/tremdavale.org\/pt\/#website"},"primaryImageOfPage":{"@id":"https:\/\/tremdavale.org\/pt\/maria-fumaca-completa-60-anos\/#primaryimage"},"image":{"@id":"https:\/\/tremdavale.org\/pt\/maria-fumaca-completa-60-anos\/#primaryimage"},"thumbnailUrl":"https:\/\/tremdavale.org\/wp-content\/uploads\/maria-fumaca-em-baixa1-300x200.jpg","datePublished":"2011-09-13T15:42:00+00:00","dateModified":"2025-10-10T11:57:00+00:00","author":{"@id":"https:\/\/tremdavale.org\/pt\/#\/schema\/person\/50912137d47426d31329f246d02eaeca"},"breadcrumb":{"@id":"https:\/\/tremdavale.org\/pt\/maria-fumaca-completa-60-anos\/#breadcrumb"},"inLanguage":"pt-PT","potentialAction":[{"@type":"ReadAction","target":["https:\/\/tremdavale.org\/pt\/maria-fumaca-completa-60-anos\/"]}]},{"@type":"ImageObject","inLanguage":"pt-PT","@id":"https:\/\/tremdavale.org\/pt\/maria-fumaca-completa-60-anos\/#primaryimage","url":"https:\/\/tremdavale.org\/wp-content\/uploads\/maria-fumaca-em-baixa1-300x200.jpg","contentUrl":"https:\/\/tremdavale.org\/wp-content\/uploads\/maria-fumaca-em-baixa1-300x200.jpg","width":300,"height":200},{"@type":"BreadcrumbList","@id":"https:\/\/tremdavale.org\/pt\/maria-fumaca-completa-60-anos\/#breadcrumb","itemListElement":[{"@type":"ListItem","position":1,"name":"In\u00edcio","item":"https:\/\/tremdavale.org\/pt\/"},{"@type":"ListItem","position":2,"name":"Maria-fuma\u00e7a completa 60 anos"}]},{"@type":"WebSite","@id":"https:\/\/tremdavale.org\/pt\/#website","url":"https:\/\/tremdavale.org\/pt\/","name":"Trem da Vale","description":"Programa de Educa\u00e7\u00e3o Patrimonial","potentialAction":[{"@type":"SearchAction","target":{"@type":"EntryPoint","urlTemplate":"https:\/\/tremdavale.org\/pt\/?s={search_term_string}"},"query-input":{"@type":"PropertyValueSpecification","valueRequired":true,"valueName":"search_term_string"}}],"inLanguage":"pt-PT"},{"@type":"Person","@id":"https:\/\/tremdavale.org\/pt\/#\/schema\/person\/50912137d47426d31329f246d02eaeca","name":"admin","image":{"@type":"ImageObject","inLanguage":"pt-PT","@id":"https:\/\/tremdavale.org\/pt\/#\/schema\/person\/image\/","url":"https:\/\/secure.gravatar.com\/avatar\/b3564f0fda6ea47959fe96a4217203e79a167568a37409758659bc3ba443b452?s=96&d=mm&r=g","contentUrl":"https:\/\/secure.gravatar.com\/avatar\/b3564f0fda6ea47959fe96a4217203e79a167568a37409758659bc3ba443b452?s=96&d=mm&r=g","caption":"admin"},"sameAs":["https:\/\/tremdavale.org"],"url":"https:\/\/tremdavale.org\/pt\/author\/admin\/"}]}},"_links":{"self":[{"href":"https:\/\/tremdavale.org\/pt\/wp-json\/wp\/v2\/posts\/186","targetHints":{"allow":["GET"]}}],"collection":[{"href":"https:\/\/tremdavale.org\/pt\/wp-json\/wp\/v2\/posts"}],"about":[{"href":"https:\/\/tremdavale.org\/pt\/wp-json\/wp\/v2\/types\/post"}],"author":[{"embeddable":true,"href":"https:\/\/tremdavale.org\/pt\/wp-json\/wp\/v2\/users\/1"}],"replies":[{"embeddable":true,"href":"https:\/\/tremdavale.org\/pt\/wp-json\/wp\/v2\/comments?post=186"}],"version-history":[{"count":0,"href":"https:\/\/tremdavale.org\/pt\/wp-json\/wp\/v2\/posts\/186\/revisions"}],"wp:featuredmedia":[{"embeddable":true,"href":"https:\/\/tremdavale.org\/pt\/wp-json\/wp\/v2\/media\/453"}],"wp:attachment":[{"href":"https:\/\/tremdavale.org\/pt\/wp-json\/wp\/v2\/media?parent=186"}],"wp:term":[{"taxonomy":"category","embeddable":true,"href":"https:\/\/tremdavale.org\/pt\/wp-json\/wp\/v2\/categories?post=186"},{"taxonomy":"post_tag","embeddable":true,"href":"https:\/\/tremdavale.org\/pt\/wp-json\/wp\/v2\/tags?post=186"}],"curies":[{"name":"wp","href":"https:\/\/api.w.org\/{rel}","templated":true}]}}