{"id":188,"date":"2011-09-12T01:03:00","date_gmt":"2011-09-12T01:03:00","guid":{"rendered":"https:\/\/tremdavale.org\/?p=188"},"modified":"2025-10-10T11:57:00","modified_gmt":"2025-10-10T11:57:00","slug":"maria-fumaca-de-volta-aos-trilhos","status":"publish","type":"post","link":"https:\/\/tremdavale.org\/pt\/maria-fumaca-de-volta-aos-trilhos\/","title":{"rendered":"Maria-fuma\u00e7a de volta aos trilhos"},"content":{"rendered":"<p align=\"justify\">Durante o feriado de 1\u00ba de maio, a maria-fuma\u00e7a retorna \u00e0s viagens do trecho Ouro Preto e Mariana. Nos dias 01, 02 e 03 de maio, as viagens acontecem em hor\u00e1rios extras visando atender ao aumento do fluxo de visitantes no per\u00edodo. Ser\u00e3o duas viagens saindo de Mariana, \u00e0s 8h30 e \u00e0s 14h, e duas partidas de Ouro Preto, \u00e0s 10h e \u00e0s 16h.<\/p>\n<p align=\"justify\">Durante o m\u00eas de abril, a maria-fuma\u00e7a esteve em manuten\u00e7\u00e3o nas oficinas da Ferrovia Centro-Atl\u00e2ntica (FCA) &#8211; empresa respons\u00e1vel pela opera\u00e7\u00e3o da locomotiva. Como o trecho Mariana-Ouro Preto possui um desn\u00edvel de 300 metros e \u00e9 considerado dif\u00edcil para a subida da locomotiva a vapor, os problemas t\u00e9cnicos ocorrem com freq\u00fc\u00eancia. Por essa raz\u00e3o, \u00e9 necess\u00e1rio realizar a manuten\u00e7\u00e3o peri\u00f3dica dos equipamentos da locomotiva, visando garantir a seguran\u00e7a e conforto dos passageiros. A cada ano, a m\u00e1quina permanece na oficina durante pelo menos 30 dias.<\/p>\n<p>&nbsp;<\/p>\n","protected":false},"excerpt":{"rendered":"<p>Durante o feriado de 1\u00ba de maio, a maria-fuma\u00e7a retorna \u00e0s viagens do trecho Ouro Preto e Mariana. Nos dias 01, 02 e 03 de maio, as viagens acontecem em hor\u00e1rios extras visando atender ao aumento do fluxo de visitantes no per\u00edodo. Ser\u00e3o duas viagens saindo de Mariana, \u00e0s 8h30 &hellip;<\/p>\n","protected":false},"author":1,"featured_media":0,"comment_status":"open","ping_status":"closed","sticky":false,"template":"","format":"standard","meta":{"footnotes":""},"categories":[3],"tags":[],"class_list":["post-188","post","type-post","status-publish","format-standard","hentry","category-noticias"],"yoast_head":"<!-- This site is optimized with the Yoast SEO plugin v26.1.1 - https:\/\/yoast.com\/wordpress\/plugins\/seo\/ -->\n<title>Maria-fuma\u00e7a de volta aos trilhos &#8212; Trem da Vale<\/title>\n<meta name=\"robots\" content=\"index, follow, max-snippet:-1, max-image-preview:large, max-video-preview:-1\" \/>\n<link rel=\"canonical\" href=\"https:\/\/tremdavale.org\/pt\/maria-fumaca-de-volta-aos-trilhos\/\" \/>\n<meta property=\"og:locale\" content=\"pt_PT\" \/>\n<meta property=\"og:type\" content=\"article\" \/>\n<meta property=\"og:title\" content=\"Maria-fuma\u00e7a de volta aos trilhos &#8212; Trem da Vale\" \/>\n<meta property=\"og:description\" content=\"Durante o feriado de 1\u00ba de maio, a maria-fuma\u00e7a retorna \u00e0s viagens do trecho Ouro Preto e Mariana. Nos dias 01, 02 e 03 de maio, as viagens acontecem em hor\u00e1rios extras visando atender ao aumento do fluxo de visitantes no per\u00edodo. Ser\u00e3o duas viagens saindo de Mariana, \u00e0s 8h30 &hellip;\" \/>\n<meta property=\"og:url\" content=\"https:\/\/tremdavale.org\/pt\/maria-fumaca-de-volta-aos-trilhos\/\" \/>\n<meta property=\"og:site_name\" content=\"Trem da Vale\" \/>\n<meta property=\"article:published_time\" content=\"2011-09-12T01:03:00+00:00\" \/>\n<meta property=\"article:modified_time\" content=\"2025-10-10T11:57:00+00:00\" \/>\n<meta name=\"author\" content=\"admin\" \/>\n<meta name=\"twitter:card\" content=\"summary_large_image\" \/>\n<meta name=\"twitter:label1\" content=\"Escrito por\" \/>\n\t<meta name=\"twitter:data1\" content=\"admin\" \/>\n\t<meta name=\"twitter:label2\" content=\"Tempo estimado de leitura\" \/>\n\t<meta name=\"twitter:data2\" content=\"1 minuto\" \/>\n<script type=\"application\/ld+json\" class=\"yoast-schema-graph\">{\"@context\":\"https:\/\/schema.org\",\"@graph\":[{\"@type\":\"WebPage\",\"@id\":\"https:\/\/tremdavale.org\/pt\/maria-fumaca-de-volta-aos-trilhos\/\",\"url\":\"https:\/\/tremdavale.org\/pt\/maria-fumaca-de-volta-aos-trilhos\/\",\"name\":\"Maria-fuma\u00e7a de volta aos trilhos &#8212; Trem da Vale\",\"isPartOf\":{\"@id\":\"https:\/\/tremdavale.org\/pt\/#website\"},\"datePublished\":\"2011-09-12T01:03:00+00:00\",\"dateModified\":\"2025-10-10T11:57:00+00:00\",\"author\":{\"@id\":\"https:\/\/tremdavale.org\/pt\/#\/schema\/person\/50912137d47426d31329f246d02eaeca\"},\"breadcrumb\":{\"@id\":\"https:\/\/tremdavale.org\/pt\/maria-fumaca-de-volta-aos-trilhos\/#breadcrumb\"},\"inLanguage\":\"pt-PT\",\"potentialAction\":[{\"@type\":\"ReadAction\",\"target\":[\"https:\/\/tremdavale.org\/pt\/maria-fumaca-de-volta-aos-trilhos\/\"]}]},{\"@type\":\"BreadcrumbList\",\"@id\":\"https:\/\/tremdavale.org\/pt\/maria-fumaca-de-volta-aos-trilhos\/#breadcrumb\",\"itemListElement\":[{\"@type\":\"ListItem\",\"position\":1,\"name\":\"In\u00edcio\",\"item\":\"https:\/\/tremdavale.org\/pt\/\"},{\"@type\":\"ListItem\",\"position\":2,\"name\":\"Maria-fuma\u00e7a de volta aos trilhos\"}]},{\"@type\":\"WebSite\",\"@id\":\"https:\/\/tremdavale.org\/pt\/#website\",\"url\":\"https:\/\/tremdavale.org\/pt\/\",\"name\":\"Trem da Vale\",\"description\":\"Programa de Educa\u00e7\u00e3o Patrimonial\",\"potentialAction\":[{\"@type\":\"SearchAction\",\"target\":{\"@type\":\"EntryPoint\",\"urlTemplate\":\"https:\/\/tremdavale.org\/pt\/?s={search_term_string}\"},\"query-input\":{\"@type\":\"PropertyValueSpecification\",\"valueRequired\":true,\"valueName\":\"search_term_string\"}}],\"inLanguage\":\"pt-PT\"},{\"@type\":\"Person\",\"@id\":\"https:\/\/tremdavale.org\/pt\/#\/schema\/person\/50912137d47426d31329f246d02eaeca\",\"name\":\"admin\",\"image\":{\"@type\":\"ImageObject\",\"inLanguage\":\"pt-PT\",\"@id\":\"https:\/\/tremdavale.org\/pt\/#\/schema\/person\/image\/\",\"url\":\"https:\/\/secure.gravatar.com\/avatar\/b3564f0fda6ea47959fe96a4217203e79a167568a37409758659bc3ba443b452?s=96&d=mm&r=g\",\"contentUrl\":\"https:\/\/secure.gravatar.com\/avatar\/b3564f0fda6ea47959fe96a4217203e79a167568a37409758659bc3ba443b452?s=96&d=mm&r=g\",\"caption\":\"admin\"},\"sameAs\":[\"https:\/\/tremdavale.org\"],\"url\":\"https:\/\/tremdavale.org\/pt\/author\/admin\/\"}]}<\/script>\n<!-- \/ Yoast SEO plugin. -->","yoast_head_json":{"title":"Maria-fuma\u00e7a de volta aos trilhos &#8212; Trem da Vale","robots":{"index":"index","follow":"follow","max-snippet":"max-snippet:-1","max-image-preview":"max-image-preview:large","max-video-preview":"max-video-preview:-1"},"canonical":"https:\/\/tremdavale.org\/pt\/maria-fumaca-de-volta-aos-trilhos\/","og_locale":"pt_PT","og_type":"article","og_title":"Maria-fuma\u00e7a de volta aos trilhos &#8212; Trem da Vale","og_description":"Durante o feriado de 1\u00ba de maio, a maria-fuma\u00e7a retorna \u00e0s viagens do trecho Ouro Preto e Mariana. Nos dias 01, 02 e 03 de maio, as viagens acontecem em hor\u00e1rios extras visando atender ao aumento do fluxo de visitantes no per\u00edodo. Ser\u00e3o duas viagens saindo de Mariana, \u00e0s 8h30 &hellip;","og_url":"https:\/\/tremdavale.org\/pt\/maria-fumaca-de-volta-aos-trilhos\/","og_site_name":"Trem da Vale","article_published_time":"2011-09-12T01:03:00+00:00","article_modified_time":"2025-10-10T11:57:00+00:00","author":"admin","twitter_card":"summary_large_image","twitter_misc":{"Escrito por":"admin","Tempo estimado de leitura":"1 minuto"},"schema":{"@context":"https:\/\/schema.org","@graph":[{"@type":"WebPage","@id":"https:\/\/tremdavale.org\/pt\/maria-fumaca-de-volta-aos-trilhos\/","url":"https:\/\/tremdavale.org\/pt\/maria-fumaca-de-volta-aos-trilhos\/","name":"Maria-fuma\u00e7a de volta aos trilhos &#8212; Trem da Vale","isPartOf":{"@id":"https:\/\/tremdavale.org\/pt\/#website"},"datePublished":"2011-09-12T01:03:00+00:00","dateModified":"2025-10-10T11:57:00+00:00","author":{"@id":"https:\/\/tremdavale.org\/pt\/#\/schema\/person\/50912137d47426d31329f246d02eaeca"},"breadcrumb":{"@id":"https:\/\/tremdavale.org\/pt\/maria-fumaca-de-volta-aos-trilhos\/#breadcrumb"},"inLanguage":"pt-PT","potentialAction":[{"@type":"ReadAction","target":["https:\/\/tremdavale.org\/pt\/maria-fumaca-de-volta-aos-trilhos\/"]}]},{"@type":"BreadcrumbList","@id":"https:\/\/tremdavale.org\/pt\/maria-fumaca-de-volta-aos-trilhos\/#breadcrumb","itemListElement":[{"@type":"ListItem","position":1,"name":"In\u00edcio","item":"https:\/\/tremdavale.org\/pt\/"},{"@type":"ListItem","position":2,"name":"Maria-fuma\u00e7a de volta aos trilhos"}]},{"@type":"WebSite","@id":"https:\/\/tremdavale.org\/pt\/#website","url":"https:\/\/tremdavale.org\/pt\/","name":"Trem da Vale","description":"Programa de Educa\u00e7\u00e3o Patrimonial","potentialAction":[{"@type":"SearchAction","target":{"@type":"EntryPoint","urlTemplate":"https:\/\/tremdavale.org\/pt\/?s={search_term_string}"},"query-input":{"@type":"PropertyValueSpecification","valueRequired":true,"valueName":"search_term_string"}}],"inLanguage":"pt-PT"},{"@type":"Person","@id":"https:\/\/tremdavale.org\/pt\/#\/schema\/person\/50912137d47426d31329f246d02eaeca","name":"admin","image":{"@type":"ImageObject","inLanguage":"pt-PT","@id":"https:\/\/tremdavale.org\/pt\/#\/schema\/person\/image\/","url":"https:\/\/secure.gravatar.com\/avatar\/b3564f0fda6ea47959fe96a4217203e79a167568a37409758659bc3ba443b452?s=96&d=mm&r=g","contentUrl":"https:\/\/secure.gravatar.com\/avatar\/b3564f0fda6ea47959fe96a4217203e79a167568a37409758659bc3ba443b452?s=96&d=mm&r=g","caption":"admin"},"sameAs":["https:\/\/tremdavale.org"],"url":"https:\/\/tremdavale.org\/pt\/author\/admin\/"}]}},"_links":{"self":[{"href":"https:\/\/tremdavale.org\/pt\/wp-json\/wp\/v2\/posts\/188","targetHints":{"allow":["GET"]}}],"collection":[{"href":"https:\/\/tremdavale.org\/pt\/wp-json\/wp\/v2\/posts"}],"about":[{"href":"https:\/\/tremdavale.org\/pt\/wp-json\/wp\/v2\/types\/post"}],"author":[{"embeddable":true,"href":"https:\/\/tremdavale.org\/pt\/wp-json\/wp\/v2\/users\/1"}],"replies":[{"embeddable":true,"href":"https:\/\/tremdavale.org\/pt\/wp-json\/wp\/v2\/comments?post=188"}],"version-history":[{"count":0,"href":"https:\/\/tremdavale.org\/pt\/wp-json\/wp\/v2\/posts\/188\/revisions"}],"wp:attachment":[{"href":"https:\/\/tremdavale.org\/pt\/wp-json\/wp\/v2\/media?parent=188"}],"wp:term":[{"taxonomy":"category","embeddable":true,"href":"https:\/\/tremdavale.org\/pt\/wp-json\/wp\/v2\/categories?post=188"},{"taxonomy":"post_tag","embeddable":true,"href":"https:\/\/tremdavale.org\/pt\/wp-json\/wp\/v2\/tags?post=188"}],"curies":[{"name":"wp","href":"https:\/\/api.w.org\/{rel}","templated":true}]}}