{"id":190,"date":"2011-08-29T10:42:00","date_gmt":"2011-08-29T10:42:00","guid":{"rendered":"https:\/\/tremdavale.org\/?p=190"},"modified":"2025-10-10T11:57:00","modified_gmt":"2025-10-10T11:57:00","slug":"maria-fumacamaria-fumaca","status":"publish","type":"post","link":"https:\/\/tremdavale.org\/pt\/maria-fumacamaria-fumaca\/","title":{"rendered":"Maria-Fuma\u00e7a"},"content":{"rendered":"<p style=\"text-align: justify;\">\u201cA maria-fuma\u00e7a do Trem da Vale passa por manuten\u00e7\u00e3o nas oficinas da Ferrovia&nbsp;Centro-Atl\u00e2ntica (FCA), com previs\u00e3o de retorno para os pr\u00f3ximos meses. Os hor\u00e1rios&nbsp;do trem n\u00e3o ser\u00e3o alterados e as viagens ser\u00e3o feitas pela locomotiva a diesel G8.<\/p>\n<p style=\"text-align: justify;\">A locomotiva a vapor foi fabricada pela Skoda, da Rep\u00fablica Tcheca, em 1949. O&nbsp;modelo foi encomendado para a ferrovia Santa F\u00e9, nos Estados Unidos e comprada&nbsp;pela Ferrocarril, da Argentina. Em 1980, a Rede Ferrovi\u00e1ria Federal (RFF) comprou a locomotiva para trabalhar em Santa Catarina, de onde foi trazida para as viagens&nbsp;do Trem da Vale. Por se tratar de um equipamento hist\u00f3rico, a m\u00e1quina necessita&nbsp;de manuten\u00e7\u00f5es peri\u00f3dicas para garantir a seguran\u00e7a e conforto dos passageiros.<\/p>\n<p style=\"text-align: justify;\">Al\u00e9m disso, o trecho Mariana-Ouro Preto possui um desn\u00edvel de 300 metros, o que \u00e9&nbsp;considerado dif\u00edcil para a subida de uma locomotiva a vapor. Em fun\u00e7\u00e3o do&nbsp;desn\u00edvel, a maria-fuma\u00e7a, que originalmente se movimenta a velocidade m\u00e9dia de 60km\/h, circula a 25 km\/h no trecho entre as duas cidades do programa Trem da Vale.<\/p>\n<p style=\"text-align: justify;\">Em fun\u00e7\u00e3o dessas dificuldades, alguns problemas t\u00e9cnicos ocorrem com freq\u00fc\u00eancia, o&nbsp;que exige a observa\u00e7\u00e3o e manuten\u00e7\u00e3o constante dos equipamentos. \u201c<\/p>\n<p>&nbsp;<\/p>\n","protected":false},"excerpt":{"rendered":"<p>\u201cA maria-fuma\u00e7a do Trem da Vale passa por manuten\u00e7\u00e3o nas oficinas da Ferrovia&nbsp;Centro-Atl\u00e2ntica (FCA), com previs\u00e3o de retorno para os pr\u00f3ximos meses. Os hor\u00e1rios&nbsp;do trem n\u00e3o ser\u00e3o alterados e as viagens ser\u00e3o feitas pela locomotiva a diesel G8. A locomotiva a vapor foi fabricada pela Skoda, da Rep\u00fablica Tcheca, em &hellip;<\/p>\n","protected":false},"author":1,"featured_media":0,"comment_status":"open","ping_status":"closed","sticky":false,"template":"","format":"standard","meta":{"footnotes":""},"categories":[3],"tags":[],"class_list":["post-190","post","type-post","status-publish","format-standard","hentry","category-noticias"],"yoast_head":"<!-- This site is optimized with the Yoast SEO plugin v26.1.1 - https:\/\/yoast.com\/wordpress\/plugins\/seo\/ -->\n<title>Maria-Fuma\u00e7a &#8212; Trem da Vale<\/title>\n<meta name=\"robots\" content=\"index, follow, max-snippet:-1, max-image-preview:large, max-video-preview:-1\" \/>\n<link rel=\"canonical\" href=\"https:\/\/tremdavale.org\/pt\/maria-fumacamaria-fumaca\/\" \/>\n<meta property=\"og:locale\" content=\"pt_PT\" \/>\n<meta property=\"og:type\" content=\"article\" \/>\n<meta property=\"og:title\" content=\"Maria-Fuma\u00e7a &#8212; Trem da Vale\" \/>\n<meta property=\"og:description\" content=\"\u201cA maria-fuma\u00e7a do Trem da Vale passa por manuten\u00e7\u00e3o nas oficinas da Ferrovia&nbsp;Centro-Atl\u00e2ntica (FCA), com previs\u00e3o de retorno para os pr\u00f3ximos meses. Os hor\u00e1rios&nbsp;do trem n\u00e3o ser\u00e3o alterados e as viagens ser\u00e3o feitas pela locomotiva a diesel G8. A locomotiva a vapor foi fabricada pela Skoda, da Rep\u00fablica Tcheca, em &hellip;\" \/>\n<meta property=\"og:url\" content=\"https:\/\/tremdavale.org\/pt\/maria-fumacamaria-fumaca\/\" \/>\n<meta property=\"og:site_name\" content=\"Trem da Vale\" \/>\n<meta property=\"article:published_time\" content=\"2011-08-29T10:42:00+00:00\" \/>\n<meta property=\"article:modified_time\" content=\"2025-10-10T11:57:00+00:00\" \/>\n<meta name=\"author\" content=\"admin\" \/>\n<meta name=\"twitter:card\" content=\"summary_large_image\" \/>\n<meta name=\"twitter:label1\" content=\"Escrito por\" \/>\n\t<meta name=\"twitter:data1\" content=\"admin\" \/>\n\t<meta name=\"twitter:label2\" content=\"Tempo estimado de leitura\" \/>\n\t<meta name=\"twitter:data2\" content=\"1 minuto\" \/>\n<script type=\"application\/ld+json\" class=\"yoast-schema-graph\">{\"@context\":\"https:\/\/schema.org\",\"@graph\":[{\"@type\":\"WebPage\",\"@id\":\"https:\/\/tremdavale.org\/pt\/maria-fumacamaria-fumaca\/\",\"url\":\"https:\/\/tremdavale.org\/pt\/maria-fumacamaria-fumaca\/\",\"name\":\"Maria-Fuma\u00e7a &#8212; Trem da Vale\",\"isPartOf\":{\"@id\":\"https:\/\/tremdavale.org\/pt\/#website\"},\"datePublished\":\"2011-08-29T10:42:00+00:00\",\"dateModified\":\"2025-10-10T11:57:00+00:00\",\"author\":{\"@id\":\"https:\/\/tremdavale.org\/pt\/#\/schema\/person\/50912137d47426d31329f246d02eaeca\"},\"breadcrumb\":{\"@id\":\"https:\/\/tremdavale.org\/pt\/maria-fumacamaria-fumaca\/#breadcrumb\"},\"inLanguage\":\"pt-PT\",\"potentialAction\":[{\"@type\":\"ReadAction\",\"target\":[\"https:\/\/tremdavale.org\/pt\/maria-fumacamaria-fumaca\/\"]}]},{\"@type\":\"BreadcrumbList\",\"@id\":\"https:\/\/tremdavale.org\/pt\/maria-fumacamaria-fumaca\/#breadcrumb\",\"itemListElement\":[{\"@type\":\"ListItem\",\"position\":1,\"name\":\"In\u00edcio\",\"item\":\"https:\/\/tremdavale.org\/pt\/\"},{\"@type\":\"ListItem\",\"position\":2,\"name\":\"Maria-Fuma\u00e7a\"}]},{\"@type\":\"WebSite\",\"@id\":\"https:\/\/tremdavale.org\/pt\/#website\",\"url\":\"https:\/\/tremdavale.org\/pt\/\",\"name\":\"Trem da Vale\",\"description\":\"Programa de Educa\u00e7\u00e3o Patrimonial\",\"potentialAction\":[{\"@type\":\"SearchAction\",\"target\":{\"@type\":\"EntryPoint\",\"urlTemplate\":\"https:\/\/tremdavale.org\/pt\/?s={search_term_string}\"},\"query-input\":{\"@type\":\"PropertyValueSpecification\",\"valueRequired\":true,\"valueName\":\"search_term_string\"}}],\"inLanguage\":\"pt-PT\"},{\"@type\":\"Person\",\"@id\":\"https:\/\/tremdavale.org\/pt\/#\/schema\/person\/50912137d47426d31329f246d02eaeca\",\"name\":\"admin\",\"image\":{\"@type\":\"ImageObject\",\"inLanguage\":\"pt-PT\",\"@id\":\"https:\/\/tremdavale.org\/pt\/#\/schema\/person\/image\/\",\"url\":\"https:\/\/secure.gravatar.com\/avatar\/b3564f0fda6ea47959fe96a4217203e79a167568a37409758659bc3ba443b452?s=96&d=mm&r=g\",\"contentUrl\":\"https:\/\/secure.gravatar.com\/avatar\/b3564f0fda6ea47959fe96a4217203e79a167568a37409758659bc3ba443b452?s=96&d=mm&r=g\",\"caption\":\"admin\"},\"sameAs\":[\"https:\/\/tremdavale.org\"],\"url\":\"https:\/\/tremdavale.org\/pt\/author\/admin\/\"}]}<\/script>\n<!-- \/ Yoast SEO plugin. -->","yoast_head_json":{"title":"Maria-Fuma\u00e7a &#8212; Trem da Vale","robots":{"index":"index","follow":"follow","max-snippet":"max-snippet:-1","max-image-preview":"max-image-preview:large","max-video-preview":"max-video-preview:-1"},"canonical":"https:\/\/tremdavale.org\/pt\/maria-fumacamaria-fumaca\/","og_locale":"pt_PT","og_type":"article","og_title":"Maria-Fuma\u00e7a &#8212; Trem da Vale","og_description":"\u201cA maria-fuma\u00e7a do Trem da Vale passa por manuten\u00e7\u00e3o nas oficinas da Ferrovia&nbsp;Centro-Atl\u00e2ntica (FCA), com previs\u00e3o de retorno para os pr\u00f3ximos meses. Os hor\u00e1rios&nbsp;do trem n\u00e3o ser\u00e3o alterados e as viagens ser\u00e3o feitas pela locomotiva a diesel G8. A locomotiva a vapor foi fabricada pela Skoda, da Rep\u00fablica Tcheca, em &hellip;","og_url":"https:\/\/tremdavale.org\/pt\/maria-fumacamaria-fumaca\/","og_site_name":"Trem da Vale","article_published_time":"2011-08-29T10:42:00+00:00","article_modified_time":"2025-10-10T11:57:00+00:00","author":"admin","twitter_card":"summary_large_image","twitter_misc":{"Escrito por":"admin","Tempo estimado de leitura":"1 minuto"},"schema":{"@context":"https:\/\/schema.org","@graph":[{"@type":"WebPage","@id":"https:\/\/tremdavale.org\/pt\/maria-fumacamaria-fumaca\/","url":"https:\/\/tremdavale.org\/pt\/maria-fumacamaria-fumaca\/","name":"Maria-Fuma\u00e7a &#8212; Trem da Vale","isPartOf":{"@id":"https:\/\/tremdavale.org\/pt\/#website"},"datePublished":"2011-08-29T10:42:00+00:00","dateModified":"2025-10-10T11:57:00+00:00","author":{"@id":"https:\/\/tremdavale.org\/pt\/#\/schema\/person\/50912137d47426d31329f246d02eaeca"},"breadcrumb":{"@id":"https:\/\/tremdavale.org\/pt\/maria-fumacamaria-fumaca\/#breadcrumb"},"inLanguage":"pt-PT","potentialAction":[{"@type":"ReadAction","target":["https:\/\/tremdavale.org\/pt\/maria-fumacamaria-fumaca\/"]}]},{"@type":"BreadcrumbList","@id":"https:\/\/tremdavale.org\/pt\/maria-fumacamaria-fumaca\/#breadcrumb","itemListElement":[{"@type":"ListItem","position":1,"name":"In\u00edcio","item":"https:\/\/tremdavale.org\/pt\/"},{"@type":"ListItem","position":2,"name":"Maria-Fuma\u00e7a"}]},{"@type":"WebSite","@id":"https:\/\/tremdavale.org\/pt\/#website","url":"https:\/\/tremdavale.org\/pt\/","name":"Trem da Vale","description":"Programa de Educa\u00e7\u00e3o Patrimonial","potentialAction":[{"@type":"SearchAction","target":{"@type":"EntryPoint","urlTemplate":"https:\/\/tremdavale.org\/pt\/?s={search_term_string}"},"query-input":{"@type":"PropertyValueSpecification","valueRequired":true,"valueName":"search_term_string"}}],"inLanguage":"pt-PT"},{"@type":"Person","@id":"https:\/\/tremdavale.org\/pt\/#\/schema\/person\/50912137d47426d31329f246d02eaeca","name":"admin","image":{"@type":"ImageObject","inLanguage":"pt-PT","@id":"https:\/\/tremdavale.org\/pt\/#\/schema\/person\/image\/","url":"https:\/\/secure.gravatar.com\/avatar\/b3564f0fda6ea47959fe96a4217203e79a167568a37409758659bc3ba443b452?s=96&d=mm&r=g","contentUrl":"https:\/\/secure.gravatar.com\/avatar\/b3564f0fda6ea47959fe96a4217203e79a167568a37409758659bc3ba443b452?s=96&d=mm&r=g","caption":"admin"},"sameAs":["https:\/\/tremdavale.org"],"url":"https:\/\/tremdavale.org\/pt\/author\/admin\/"}]}},"_links":{"self":[{"href":"https:\/\/tremdavale.org\/pt\/wp-json\/wp\/v2\/posts\/190","targetHints":{"allow":["GET"]}}],"collection":[{"href":"https:\/\/tremdavale.org\/pt\/wp-json\/wp\/v2\/posts"}],"about":[{"href":"https:\/\/tremdavale.org\/pt\/wp-json\/wp\/v2\/types\/post"}],"author":[{"embeddable":true,"href":"https:\/\/tremdavale.org\/pt\/wp-json\/wp\/v2\/users\/1"}],"replies":[{"embeddable":true,"href":"https:\/\/tremdavale.org\/pt\/wp-json\/wp\/v2\/comments?post=190"}],"version-history":[{"count":0,"href":"https:\/\/tremdavale.org\/pt\/wp-json\/wp\/v2\/posts\/190\/revisions"}],"wp:attachment":[{"href":"https:\/\/tremdavale.org\/pt\/wp-json\/wp\/v2\/media?parent=190"}],"wp:term":[{"taxonomy":"category","embeddable":true,"href":"https:\/\/tremdavale.org\/pt\/wp-json\/wp\/v2\/categories?post=190"},{"taxonomy":"post_tag","embeddable":true,"href":"https:\/\/tremdavale.org\/pt\/wp-json\/wp\/v2\/tags?post=190"}],"curies":[{"name":"wp","href":"https:\/\/api.w.org\/{rel}","templated":true}]}}