{"id":192,"date":"2012-04-08T00:11:00","date_gmt":"2012-04-08T00:11:00","guid":{"rendered":"https:\/\/tremdavale.org\/?p=192"},"modified":"2025-10-10T11:57:00","modified_gmt":"2025-10-10T11:57:00","slug":"matine-de-carnaval-do-trem-da-vale","status":"publish","type":"post","link":"https:\/\/tremdavale.org\/pt\/matine-de-carnaval-do-trem-da-vale\/","title":{"rendered":"Matin\u00ea de Carnaval do Trem da Vale"},"content":{"rendered":"<p><span>O Programa Trem da Vale, realizou <span>na \u00faltima sexta feira um<\/span>a Matin\u00ea de Carnaval para <span>a<\/span> garotada com oficinas de decora\u00e7\u00e3o de m\u00e1scaras, pintura facial, confete<span>,<\/span> serpentina e muita folia.<\/span><\/p>\n<p>&nbsp;<\/p>\n<p><img loading=\"lazy\" decoding=\"async\" class=\"size-medium\" title=\"matine-carnaval-170212-foto-suelem-louzada-391\" src=\"\/wp-content\/uploads\/matine-carnaval-170212-foto-suelem-louzada-391-300x199.jpg\" alt=\"matine-carnaval-170212-foto-suelem-louzada-391\" width=\"300\" height=\"199\"><\/p>\n<p>Foto: Suelem Louzada.<\/p>\n<p>&nbsp;<\/p>\n<p><span>O evento <span>que<\/span> aconteceu na Tenda Culturalteve in\u00edcio com a interven\u00e7\u00e3o c\u00eanica \u201cO Pierr\u00f4 e a Colombina\u201d, comandada pela \u201cCia Teatral Trem que Pula\u201d. A parte musical da Matin\u00ea, que contemplou um repert\u00f3rio de marchinhas e sambas tradicionais, ficou a cargo <em>Banda Eira<\/em>, composta por jovens m\u00fasicos ouropretanos, integrantes da tradicional Bandalheira.<\/span><\/p>\n<p>&nbsp;<\/p>\n<p><img loading=\"lazy\" decoding=\"async\" class=\"size-medium\" title=\"matine-carnaval-170212-foto-suelem-louzada-45\" src=\"\/wp-content\/uploads\/matine-carnaval-170212-foto-suelem-louzada-45-300x199.jpg\" alt=\"matine-carnaval-170212-foto-suelem-louzada-45\" width=\"300\" height=\"199\"><\/p>\n<p>Foto: Suelem Louzada.<\/p>\n<p>&nbsp;<\/p>\n<p><span>Cerca de 80 pessoas estiveram presentes, em sua maioria crian\u00e7as. Dentre essas, alunos do 4\u00ba e 5\u00ba anos da E. M. Padre Carm\u00e9lio e as crian\u00e7as da Casa Lar de Ouro Preto.<\/span><\/p>\n<p>&nbsp;<\/p>\n","protected":false},"excerpt":{"rendered":"<p>O Programa Trem da Vale, realizou na \u00faltima sexta feira uma Matin\u00ea de Carnaval para a garotada com oficinas de decora\u00e7\u00e3o de m\u00e1scaras, pintura facial, confete, serpentina e muita folia. &nbsp; Foto: Suelem Louzada. &nbsp; O evento que aconteceu na Tenda Culturalteve in\u00edcio com a interven\u00e7\u00e3o c\u00eanica \u201cO Pierr\u00f4 e &hellip;<\/p>\n","protected":false},"author":1,"featured_media":456,"comment_status":"open","ping_status":"closed","sticky":false,"template":"","format":"standard","meta":{"footnotes":""},"categories":[2],"tags":[],"class_list":["post-192","post","type-post","status-publish","format-standard","has-post-thumbnail","hentry","category-destaques-home"],"yoast_head":"<!-- This site is optimized with the Yoast SEO plugin v26.1.1 - https:\/\/yoast.com\/wordpress\/plugins\/seo\/ -->\n<title>Matin\u00ea de Carnaval do Trem da Vale &#8212; Trem da Vale<\/title>\n<meta name=\"robots\" content=\"index, follow, max-snippet:-1, max-image-preview:large, max-video-preview:-1\" \/>\n<link rel=\"canonical\" href=\"https:\/\/tremdavale.org\/pt\/matine-de-carnaval-do-trem-da-vale\/\" \/>\n<meta property=\"og:locale\" content=\"pt_PT\" \/>\n<meta property=\"og:type\" content=\"article\" \/>\n<meta property=\"og:title\" content=\"Matin\u00ea de Carnaval do Trem da Vale &#8212; Trem da Vale\" \/>\n<meta property=\"og:description\" content=\"O Programa Trem da Vale, realizou na \u00faltima sexta feira uma Matin\u00ea de Carnaval para a garotada com oficinas de decora\u00e7\u00e3o de m\u00e1scaras, pintura facial, confete, serpentina e muita folia. &nbsp; Foto: Suelem Louzada. &nbsp; O evento que aconteceu na Tenda Culturalteve in\u00edcio com a interven\u00e7\u00e3o c\u00eanica \u201cO Pierr\u00f4 e &hellip;\" \/>\n<meta property=\"og:url\" content=\"https:\/\/tremdavale.org\/pt\/matine-de-carnaval-do-trem-da-vale\/\" \/>\n<meta property=\"og:site_name\" content=\"Trem da Vale\" \/>\n<meta property=\"article:published_time\" content=\"2012-04-08T00:11:00+00:00\" \/>\n<meta property=\"article:modified_time\" content=\"2025-10-10T11:57:00+00:00\" \/>\n<meta property=\"og:image\" content=\"https:\/\/tremdavale.org\/wp-content\/uploads\/matine-carnaval-170212-foto-suelem-louzada-391-300x199.jpg\" \/>\n\t<meta property=\"og:image:width\" content=\"300\" \/>\n\t<meta property=\"og:image:height\" content=\"199\" \/>\n\t<meta property=\"og:image:type\" content=\"image\/jpeg\" \/>\n<meta name=\"author\" content=\"admin\" \/>\n<meta name=\"twitter:card\" content=\"summary_large_image\" \/>\n<meta name=\"twitter:label1\" content=\"Escrito por\" \/>\n\t<meta name=\"twitter:data1\" content=\"admin\" \/>\n\t<meta name=\"twitter:label2\" content=\"Tempo estimado de leitura\" \/>\n\t<meta name=\"twitter:data2\" content=\"1 minuto\" \/>\n<script type=\"application\/ld+json\" class=\"yoast-schema-graph\">{\"@context\":\"https:\/\/schema.org\",\"@graph\":[{\"@type\":\"WebPage\",\"@id\":\"https:\/\/tremdavale.org\/pt\/matine-de-carnaval-do-trem-da-vale\/\",\"url\":\"https:\/\/tremdavale.org\/pt\/matine-de-carnaval-do-trem-da-vale\/\",\"name\":\"Matin\u00ea de Carnaval do Trem da Vale &#8212; Trem da Vale\",\"isPartOf\":{\"@id\":\"https:\/\/tremdavale.org\/pt\/#website\"},\"primaryImageOfPage\":{\"@id\":\"https:\/\/tremdavale.org\/pt\/matine-de-carnaval-do-trem-da-vale\/#primaryimage\"},\"image\":{\"@id\":\"https:\/\/tremdavale.org\/pt\/matine-de-carnaval-do-trem-da-vale\/#primaryimage\"},\"thumbnailUrl\":\"https:\/\/tremdavale.org\/wp-content\/uploads\/matine-carnaval-170212-foto-suelem-louzada-391-300x199.jpg\",\"datePublished\":\"2012-04-08T00:11:00+00:00\",\"dateModified\":\"2025-10-10T11:57:00+00:00\",\"author\":{\"@id\":\"https:\/\/tremdavale.org\/pt\/#\/schema\/person\/50912137d47426d31329f246d02eaeca\"},\"breadcrumb\":{\"@id\":\"https:\/\/tremdavale.org\/pt\/matine-de-carnaval-do-trem-da-vale\/#breadcrumb\"},\"inLanguage\":\"pt-PT\",\"potentialAction\":[{\"@type\":\"ReadAction\",\"target\":[\"https:\/\/tremdavale.org\/pt\/matine-de-carnaval-do-trem-da-vale\/\"]}]},{\"@type\":\"ImageObject\",\"inLanguage\":\"pt-PT\",\"@id\":\"https:\/\/tremdavale.org\/pt\/matine-de-carnaval-do-trem-da-vale\/#primaryimage\",\"url\":\"https:\/\/tremdavale.org\/wp-content\/uploads\/matine-carnaval-170212-foto-suelem-louzada-391-300x199.jpg\",\"contentUrl\":\"https:\/\/tremdavale.org\/wp-content\/uploads\/matine-carnaval-170212-foto-suelem-louzada-391-300x199.jpg\",\"width\":300,\"height\":199},{\"@type\":\"BreadcrumbList\",\"@id\":\"https:\/\/tremdavale.org\/pt\/matine-de-carnaval-do-trem-da-vale\/#breadcrumb\",\"itemListElement\":[{\"@type\":\"ListItem\",\"position\":1,\"name\":\"In\u00edcio\",\"item\":\"https:\/\/tremdavale.org\/pt\/\"},{\"@type\":\"ListItem\",\"position\":2,\"name\":\"Matin\u00ea de Carnaval do Trem da Vale\"}]},{\"@type\":\"WebSite\",\"@id\":\"https:\/\/tremdavale.org\/pt\/#website\",\"url\":\"https:\/\/tremdavale.org\/pt\/\",\"name\":\"Trem da Vale\",\"description\":\"Programa de Educa\u00e7\u00e3o Patrimonial\",\"potentialAction\":[{\"@type\":\"SearchAction\",\"target\":{\"@type\":\"EntryPoint\",\"urlTemplate\":\"https:\/\/tremdavale.org\/pt\/?s={search_term_string}\"},\"query-input\":{\"@type\":\"PropertyValueSpecification\",\"valueRequired\":true,\"valueName\":\"search_term_string\"}}],\"inLanguage\":\"pt-PT\"},{\"@type\":\"Person\",\"@id\":\"https:\/\/tremdavale.org\/pt\/#\/schema\/person\/50912137d47426d31329f246d02eaeca\",\"name\":\"admin\",\"image\":{\"@type\":\"ImageObject\",\"inLanguage\":\"pt-PT\",\"@id\":\"https:\/\/tremdavale.org\/pt\/#\/schema\/person\/image\/\",\"url\":\"https:\/\/secure.gravatar.com\/avatar\/b3564f0fda6ea47959fe96a4217203e79a167568a37409758659bc3ba443b452?s=96&d=mm&r=g\",\"contentUrl\":\"https:\/\/secure.gravatar.com\/avatar\/b3564f0fda6ea47959fe96a4217203e79a167568a37409758659bc3ba443b452?s=96&d=mm&r=g\",\"caption\":\"admin\"},\"sameAs\":[\"https:\/\/tremdavale.org\"],\"url\":\"https:\/\/tremdavale.org\/pt\/author\/admin\/\"}]}<\/script>\n<!-- \/ Yoast SEO plugin. -->","yoast_head_json":{"title":"Matin\u00ea de Carnaval do Trem da Vale &#8212; Trem da Vale","robots":{"index":"index","follow":"follow","max-snippet":"max-snippet:-1","max-image-preview":"max-image-preview:large","max-video-preview":"max-video-preview:-1"},"canonical":"https:\/\/tremdavale.org\/pt\/matine-de-carnaval-do-trem-da-vale\/","og_locale":"pt_PT","og_type":"article","og_title":"Matin\u00ea de Carnaval do Trem da Vale &#8212; Trem da Vale","og_description":"O Programa Trem da Vale, realizou na \u00faltima sexta feira uma Matin\u00ea de Carnaval para a garotada com oficinas de decora\u00e7\u00e3o de m\u00e1scaras, pintura facial, confete, serpentina e muita folia. &nbsp; Foto: Suelem Louzada. &nbsp; O evento que aconteceu na Tenda Culturalteve in\u00edcio com a interven\u00e7\u00e3o c\u00eanica \u201cO Pierr\u00f4 e &hellip;","og_url":"https:\/\/tremdavale.org\/pt\/matine-de-carnaval-do-trem-da-vale\/","og_site_name":"Trem da Vale","article_published_time":"2012-04-08T00:11:00+00:00","article_modified_time":"2025-10-10T11:57:00+00:00","og_image":[{"width":300,"height":199,"url":"https:\/\/tremdavale.org\/wp-content\/uploads\/matine-carnaval-170212-foto-suelem-louzada-391-300x199.jpg","type":"image\/jpeg"}],"author":"admin","twitter_card":"summary_large_image","twitter_misc":{"Escrito por":"admin","Tempo estimado de leitura":"1 minuto"},"schema":{"@context":"https:\/\/schema.org","@graph":[{"@type":"WebPage","@id":"https:\/\/tremdavale.org\/pt\/matine-de-carnaval-do-trem-da-vale\/","url":"https:\/\/tremdavale.org\/pt\/matine-de-carnaval-do-trem-da-vale\/","name":"Matin\u00ea de Carnaval do Trem da Vale &#8212; Trem da Vale","isPartOf":{"@id":"https:\/\/tremdavale.org\/pt\/#website"},"primaryImageOfPage":{"@id":"https:\/\/tremdavale.org\/pt\/matine-de-carnaval-do-trem-da-vale\/#primaryimage"},"image":{"@id":"https:\/\/tremdavale.org\/pt\/matine-de-carnaval-do-trem-da-vale\/#primaryimage"},"thumbnailUrl":"https:\/\/tremdavale.org\/wp-content\/uploads\/matine-carnaval-170212-foto-suelem-louzada-391-300x199.jpg","datePublished":"2012-04-08T00:11:00+00:00","dateModified":"2025-10-10T11:57:00+00:00","author":{"@id":"https:\/\/tremdavale.org\/pt\/#\/schema\/person\/50912137d47426d31329f246d02eaeca"},"breadcrumb":{"@id":"https:\/\/tremdavale.org\/pt\/matine-de-carnaval-do-trem-da-vale\/#breadcrumb"},"inLanguage":"pt-PT","potentialAction":[{"@type":"ReadAction","target":["https:\/\/tremdavale.org\/pt\/matine-de-carnaval-do-trem-da-vale\/"]}]},{"@type":"ImageObject","inLanguage":"pt-PT","@id":"https:\/\/tremdavale.org\/pt\/matine-de-carnaval-do-trem-da-vale\/#primaryimage","url":"https:\/\/tremdavale.org\/wp-content\/uploads\/matine-carnaval-170212-foto-suelem-louzada-391-300x199.jpg","contentUrl":"https:\/\/tremdavale.org\/wp-content\/uploads\/matine-carnaval-170212-foto-suelem-louzada-391-300x199.jpg","width":300,"height":199},{"@type":"BreadcrumbList","@id":"https:\/\/tremdavale.org\/pt\/matine-de-carnaval-do-trem-da-vale\/#breadcrumb","itemListElement":[{"@type":"ListItem","position":1,"name":"In\u00edcio","item":"https:\/\/tremdavale.org\/pt\/"},{"@type":"ListItem","position":2,"name":"Matin\u00ea de Carnaval do Trem da Vale"}]},{"@type":"WebSite","@id":"https:\/\/tremdavale.org\/pt\/#website","url":"https:\/\/tremdavale.org\/pt\/","name":"Trem da Vale","description":"Programa de Educa\u00e7\u00e3o Patrimonial","potentialAction":[{"@type":"SearchAction","target":{"@type":"EntryPoint","urlTemplate":"https:\/\/tremdavale.org\/pt\/?s={search_term_string}"},"query-input":{"@type":"PropertyValueSpecification","valueRequired":true,"valueName":"search_term_string"}}],"inLanguage":"pt-PT"},{"@type":"Person","@id":"https:\/\/tremdavale.org\/pt\/#\/schema\/person\/50912137d47426d31329f246d02eaeca","name":"admin","image":{"@type":"ImageObject","inLanguage":"pt-PT","@id":"https:\/\/tremdavale.org\/pt\/#\/schema\/person\/image\/","url":"https:\/\/secure.gravatar.com\/avatar\/b3564f0fda6ea47959fe96a4217203e79a167568a37409758659bc3ba443b452?s=96&d=mm&r=g","contentUrl":"https:\/\/secure.gravatar.com\/avatar\/b3564f0fda6ea47959fe96a4217203e79a167568a37409758659bc3ba443b452?s=96&d=mm&r=g","caption":"admin"},"sameAs":["https:\/\/tremdavale.org"],"url":"https:\/\/tremdavale.org\/pt\/author\/admin\/"}]}},"_links":{"self":[{"href":"https:\/\/tremdavale.org\/pt\/wp-json\/wp\/v2\/posts\/192","targetHints":{"allow":["GET"]}}],"collection":[{"href":"https:\/\/tremdavale.org\/pt\/wp-json\/wp\/v2\/posts"}],"about":[{"href":"https:\/\/tremdavale.org\/pt\/wp-json\/wp\/v2\/types\/post"}],"author":[{"embeddable":true,"href":"https:\/\/tremdavale.org\/pt\/wp-json\/wp\/v2\/users\/1"}],"replies":[{"embeddable":true,"href":"https:\/\/tremdavale.org\/pt\/wp-json\/wp\/v2\/comments?post=192"}],"version-history":[{"count":0,"href":"https:\/\/tremdavale.org\/pt\/wp-json\/wp\/v2\/posts\/192\/revisions"}],"wp:featuredmedia":[{"embeddable":true,"href":"https:\/\/tremdavale.org\/pt\/wp-json\/wp\/v2\/media\/456"}],"wp:attachment":[{"href":"https:\/\/tremdavale.org\/pt\/wp-json\/wp\/v2\/media?parent=192"}],"wp:term":[{"taxonomy":"category","embeddable":true,"href":"https:\/\/tremdavale.org\/pt\/wp-json\/wp\/v2\/categories?post=192"},{"taxonomy":"post_tag","embeddable":true,"href":"https:\/\/tremdavale.org\/pt\/wp-json\/wp\/v2\/tags?post=192"}],"curies":[{"name":"wp","href":"https:\/\/api.w.org\/{rel}","templated":true}]}}