{"id":194,"date":"2011-09-12T02:06:00","date_gmt":"2011-09-12T02:06:00","guid":{"rendered":"https:\/\/tremdavale.org\/?p=194"},"modified":"2025-10-10T11:57:00","modified_gmt":"2025-10-10T11:57:00","slug":"montanhas-de-historias","status":"publish","type":"post","link":"https:\/\/tremdavale.org\/pt\/montanhas-de-historias\/","title":{"rendered":"Trem da Vale recebe o Simp\u00f3sio Internacional de Contadores de Hist\u00f3rias"},"content":{"rendered":"<p><img loading=\"lazy\" decoding=\"async\" class=\"size-full\" title=\"simposio2\" src=\"\/wp-content\/uploads\/simposio2.jpg\" alt=\".\" width=\"283\" height=\"186\"><\/p>\n<p>.<\/p>\n<p>&nbsp;<\/p>\n<p>A partir de 30 de Julho, o Simp\u00f3sio Internacional de Contadores de Hist\u00f3rias chega \u00e0 cidade de Ouro Preto. O evento, que acontece todos os anos no Rio de Janeiro, ganha esse ano uma edi\u00e7\u00e3o especial na cidade hist\u00f3rica de Minas Gerais, com o tema \u201cMontanhas de Hist\u00f3rias\u201d.<!--more--><\/p>\n<p>O Simp\u00f3sio traz artistas de v\u00e1rios lugares do mundo, e inova\u00e7\u00f5es sobre a arte de contar hist\u00f3rias e seu papel na forma\u00e7\u00e3o do leitor, com foco na rela\u00e7\u00e3o entre oralidade e a literatura.<\/p>\n<p>O evento que acontece do dia 30 de julho a 08 de agosto, ter\u00e1 uma programa\u00e7\u00e3o especial nas Esta\u00e7\u00f5es do Programa de Educa\u00e7\u00e3o Patrimonial Trem da Vale com a participa\u00e7\u00e3o das escolas p\u00fablicas locais.<\/p>\n<p><strong>Confira abaixo a programa\u00e7\u00e3o do Simp\u00f3sio nas Esta\u00e7\u00f5es do Trem da Vale:<\/strong><\/p>\n<p><strong>03 de agosto (ter\u00e7a-feira)<\/strong><\/p>\n<p>Esta\u00e7\u00e3o de Mariana<\/p>\n<p>10h: \u201cTrupe Maria Farinha conta e canta hist\u00f3rias\u201d, com Sandra Bittencourt e Babu Xavier (MG).<\/p>\n<p>15h: \u201cCarro-c\u00e9u de hist\u00f3rias\u201d, com Jujuba e Ana Nogueira (RJ).<\/p>\n<p><strong>04 de agosto (quarta-feira)<\/strong><\/p>\n<p>Esta\u00e7\u00e3o de Ouro Preto<\/p>\n<p>10h: \u201cHist\u00f3rias africanas para ouvir e recontar\u201d, com Sandra Lane, Michele Carvalhais e Vilmar de Oliveira (MG).<\/p>\n<p>15h: \u201cCarro-c\u00e9u de hist\u00f3rias\u201d, com Jujuba e Ana Nogueira (RJ)<\/p>\n<p>A programa\u00e7\u00e3o completa pode ser acessada no site www.simposiodecontadores.com.br<\/p>\n<p>&nbsp;<\/p>\n","protected":false},"excerpt":{"rendered":"<p>. &nbsp; A partir de 30 de Julho, o Simp\u00f3sio Internacional de Contadores de Hist\u00f3rias chega \u00e0 cidade de Ouro Preto. O evento, que acontece todos os anos no Rio de Janeiro, ganha esse ano uma edi\u00e7\u00e3o especial na cidade hist\u00f3rica de Minas Gerais, com o tema \u201cMontanhas de Hist\u00f3rias\u201d.<\/p>\n","protected":false},"author":1,"featured_media":458,"comment_status":"open","ping_status":"closed","sticky":false,"template":"","format":"standard","meta":{"footnotes":""},"categories":[3],"tags":[],"class_list":["post-194","post","type-post","status-publish","format-standard","has-post-thumbnail","hentry","category-noticias"],"yoast_head":"<!-- This site is optimized with the Yoast SEO plugin v26.1.1 - https:\/\/yoast.com\/wordpress\/plugins\/seo\/ -->\n<title>Trem da Vale recebe o Simp\u00f3sio Internacional de Contadores de Hist\u00f3rias &#8212; Trem da Vale<\/title>\n<meta name=\"robots\" content=\"index, follow, max-snippet:-1, max-image-preview:large, max-video-preview:-1\" \/>\n<link rel=\"canonical\" href=\"https:\/\/tremdavale.org\/pt\/montanhas-de-historias\/\" \/>\n<meta property=\"og:locale\" content=\"pt_PT\" \/>\n<meta property=\"og:type\" content=\"article\" \/>\n<meta property=\"og:title\" content=\"Trem da Vale recebe o Simp\u00f3sio Internacional de Contadores de Hist\u00f3rias &#8212; Trem da Vale\" \/>\n<meta property=\"og:description\" content=\". &nbsp; A partir de 30 de Julho, o Simp\u00f3sio Internacional de Contadores de Hist\u00f3rias chega \u00e0 cidade de Ouro Preto. O evento, que acontece todos os anos no Rio de Janeiro, ganha esse ano uma edi\u00e7\u00e3o especial na cidade hist\u00f3rica de Minas Gerais, com o tema \u201cMontanhas de Hist\u00f3rias\u201d.\" \/>\n<meta property=\"og:url\" content=\"https:\/\/tremdavale.org\/pt\/montanhas-de-historias\/\" \/>\n<meta property=\"og:site_name\" content=\"Trem da Vale\" \/>\n<meta property=\"article:published_time\" content=\"2011-09-12T02:06:00+00:00\" \/>\n<meta property=\"article:modified_time\" content=\"2025-10-10T11:57:00+00:00\" \/>\n<meta property=\"og:image\" content=\"https:\/\/tremdavale.org\/wp-content\/uploads\/simposio2.jpg\" \/>\n\t<meta property=\"og:image:width\" content=\"283\" \/>\n\t<meta property=\"og:image:height\" content=\"186\" \/>\n\t<meta property=\"og:image:type\" content=\"image\/jpeg\" \/>\n<meta name=\"author\" content=\"admin\" \/>\n<meta name=\"twitter:card\" content=\"summary_large_image\" \/>\n<meta name=\"twitter:label1\" content=\"Escrito por\" \/>\n\t<meta name=\"twitter:data1\" content=\"admin\" \/>\n\t<meta name=\"twitter:label2\" content=\"Tempo estimado de leitura\" \/>\n\t<meta name=\"twitter:data2\" content=\"1 minuto\" \/>\n<script type=\"application\/ld+json\" class=\"yoast-schema-graph\">{\"@context\":\"https:\/\/schema.org\",\"@graph\":[{\"@type\":\"WebPage\",\"@id\":\"https:\/\/tremdavale.org\/pt\/montanhas-de-historias\/\",\"url\":\"https:\/\/tremdavale.org\/pt\/montanhas-de-historias\/\",\"name\":\"Trem da Vale recebe o Simp\u00f3sio Internacional de Contadores de Hist\u00f3rias &#8212; Trem da Vale\",\"isPartOf\":{\"@id\":\"https:\/\/tremdavale.org\/pt\/#website\"},\"primaryImageOfPage\":{\"@id\":\"https:\/\/tremdavale.org\/pt\/montanhas-de-historias\/#primaryimage\"},\"image\":{\"@id\":\"https:\/\/tremdavale.org\/pt\/montanhas-de-historias\/#primaryimage\"},\"thumbnailUrl\":\"https:\/\/tremdavale.org\/wp-content\/uploads\/simposio2.jpg\",\"datePublished\":\"2011-09-12T02:06:00+00:00\",\"dateModified\":\"2025-10-10T11:57:00+00:00\",\"author\":{\"@id\":\"https:\/\/tremdavale.org\/pt\/#\/schema\/person\/50912137d47426d31329f246d02eaeca\"},\"breadcrumb\":{\"@id\":\"https:\/\/tremdavale.org\/pt\/montanhas-de-historias\/#breadcrumb\"},\"inLanguage\":\"pt-PT\",\"potentialAction\":[{\"@type\":\"ReadAction\",\"target\":[\"https:\/\/tremdavale.org\/pt\/montanhas-de-historias\/\"]}]},{\"@type\":\"ImageObject\",\"inLanguage\":\"pt-PT\",\"@id\":\"https:\/\/tremdavale.org\/pt\/montanhas-de-historias\/#primaryimage\",\"url\":\"https:\/\/tremdavale.org\/wp-content\/uploads\/simposio2.jpg\",\"contentUrl\":\"https:\/\/tremdavale.org\/wp-content\/uploads\/simposio2.jpg\",\"width\":283,\"height\":186},{\"@type\":\"BreadcrumbList\",\"@id\":\"https:\/\/tremdavale.org\/pt\/montanhas-de-historias\/#breadcrumb\",\"itemListElement\":[{\"@type\":\"ListItem\",\"position\":1,\"name\":\"In\u00edcio\",\"item\":\"https:\/\/tremdavale.org\/pt\/\"},{\"@type\":\"ListItem\",\"position\":2,\"name\":\"Trem da Vale recebe o Simp\u00f3sio Internacional de Contadores de Hist\u00f3rias\"}]},{\"@type\":\"WebSite\",\"@id\":\"https:\/\/tremdavale.org\/pt\/#website\",\"url\":\"https:\/\/tremdavale.org\/pt\/\",\"name\":\"Trem da Vale\",\"description\":\"Programa de Educa\u00e7\u00e3o Patrimonial\",\"potentialAction\":[{\"@type\":\"SearchAction\",\"target\":{\"@type\":\"EntryPoint\",\"urlTemplate\":\"https:\/\/tremdavale.org\/pt\/?s={search_term_string}\"},\"query-input\":{\"@type\":\"PropertyValueSpecification\",\"valueRequired\":true,\"valueName\":\"search_term_string\"}}],\"inLanguage\":\"pt-PT\"},{\"@type\":\"Person\",\"@id\":\"https:\/\/tremdavale.org\/pt\/#\/schema\/person\/50912137d47426d31329f246d02eaeca\",\"name\":\"admin\",\"image\":{\"@type\":\"ImageObject\",\"inLanguage\":\"pt-PT\",\"@id\":\"https:\/\/tremdavale.org\/pt\/#\/schema\/person\/image\/\",\"url\":\"https:\/\/secure.gravatar.com\/avatar\/b3564f0fda6ea47959fe96a4217203e79a167568a37409758659bc3ba443b452?s=96&d=mm&r=g\",\"contentUrl\":\"https:\/\/secure.gravatar.com\/avatar\/b3564f0fda6ea47959fe96a4217203e79a167568a37409758659bc3ba443b452?s=96&d=mm&r=g\",\"caption\":\"admin\"},\"sameAs\":[\"https:\/\/tremdavale.org\"],\"url\":\"https:\/\/tremdavale.org\/pt\/author\/admin\/\"}]}<\/script>\n<!-- \/ Yoast SEO plugin. -->","yoast_head_json":{"title":"Trem da Vale recebe o Simp\u00f3sio Internacional de Contadores de Hist\u00f3rias &#8212; Trem da Vale","robots":{"index":"index","follow":"follow","max-snippet":"max-snippet:-1","max-image-preview":"max-image-preview:large","max-video-preview":"max-video-preview:-1"},"canonical":"https:\/\/tremdavale.org\/pt\/montanhas-de-historias\/","og_locale":"pt_PT","og_type":"article","og_title":"Trem da Vale recebe o Simp\u00f3sio Internacional de Contadores de Hist\u00f3rias &#8212; Trem da Vale","og_description":". &nbsp; A partir de 30 de Julho, o Simp\u00f3sio Internacional de Contadores de Hist\u00f3rias chega \u00e0 cidade de Ouro Preto. O evento, que acontece todos os anos no Rio de Janeiro, ganha esse ano uma edi\u00e7\u00e3o especial na cidade hist\u00f3rica de Minas Gerais, com o tema \u201cMontanhas de Hist\u00f3rias\u201d.","og_url":"https:\/\/tremdavale.org\/pt\/montanhas-de-historias\/","og_site_name":"Trem da Vale","article_published_time":"2011-09-12T02:06:00+00:00","article_modified_time":"2025-10-10T11:57:00+00:00","og_image":[{"width":283,"height":186,"url":"https:\/\/tremdavale.org\/wp-content\/uploads\/simposio2.jpg","type":"image\/jpeg"}],"author":"admin","twitter_card":"summary_large_image","twitter_misc":{"Escrito por":"admin","Tempo estimado de leitura":"1 minuto"},"schema":{"@context":"https:\/\/schema.org","@graph":[{"@type":"WebPage","@id":"https:\/\/tremdavale.org\/pt\/montanhas-de-historias\/","url":"https:\/\/tremdavale.org\/pt\/montanhas-de-historias\/","name":"Trem da Vale recebe o Simp\u00f3sio Internacional de Contadores de Hist\u00f3rias &#8212; Trem da Vale","isPartOf":{"@id":"https:\/\/tremdavale.org\/pt\/#website"},"primaryImageOfPage":{"@id":"https:\/\/tremdavale.org\/pt\/montanhas-de-historias\/#primaryimage"},"image":{"@id":"https:\/\/tremdavale.org\/pt\/montanhas-de-historias\/#primaryimage"},"thumbnailUrl":"https:\/\/tremdavale.org\/wp-content\/uploads\/simposio2.jpg","datePublished":"2011-09-12T02:06:00+00:00","dateModified":"2025-10-10T11:57:00+00:00","author":{"@id":"https:\/\/tremdavale.org\/pt\/#\/schema\/person\/50912137d47426d31329f246d02eaeca"},"breadcrumb":{"@id":"https:\/\/tremdavale.org\/pt\/montanhas-de-historias\/#breadcrumb"},"inLanguage":"pt-PT","potentialAction":[{"@type":"ReadAction","target":["https:\/\/tremdavale.org\/pt\/montanhas-de-historias\/"]}]},{"@type":"ImageObject","inLanguage":"pt-PT","@id":"https:\/\/tremdavale.org\/pt\/montanhas-de-historias\/#primaryimage","url":"https:\/\/tremdavale.org\/wp-content\/uploads\/simposio2.jpg","contentUrl":"https:\/\/tremdavale.org\/wp-content\/uploads\/simposio2.jpg","width":283,"height":186},{"@type":"BreadcrumbList","@id":"https:\/\/tremdavale.org\/pt\/montanhas-de-historias\/#breadcrumb","itemListElement":[{"@type":"ListItem","position":1,"name":"In\u00edcio","item":"https:\/\/tremdavale.org\/pt\/"},{"@type":"ListItem","position":2,"name":"Trem da Vale recebe o Simp\u00f3sio Internacional de Contadores de Hist\u00f3rias"}]},{"@type":"WebSite","@id":"https:\/\/tremdavale.org\/pt\/#website","url":"https:\/\/tremdavale.org\/pt\/","name":"Trem da Vale","description":"Programa de Educa\u00e7\u00e3o Patrimonial","potentialAction":[{"@type":"SearchAction","target":{"@type":"EntryPoint","urlTemplate":"https:\/\/tremdavale.org\/pt\/?s={search_term_string}"},"query-input":{"@type":"PropertyValueSpecification","valueRequired":true,"valueName":"search_term_string"}}],"inLanguage":"pt-PT"},{"@type":"Person","@id":"https:\/\/tremdavale.org\/pt\/#\/schema\/person\/50912137d47426d31329f246d02eaeca","name":"admin","image":{"@type":"ImageObject","inLanguage":"pt-PT","@id":"https:\/\/tremdavale.org\/pt\/#\/schema\/person\/image\/","url":"https:\/\/secure.gravatar.com\/avatar\/b3564f0fda6ea47959fe96a4217203e79a167568a37409758659bc3ba443b452?s=96&d=mm&r=g","contentUrl":"https:\/\/secure.gravatar.com\/avatar\/b3564f0fda6ea47959fe96a4217203e79a167568a37409758659bc3ba443b452?s=96&d=mm&r=g","caption":"admin"},"sameAs":["https:\/\/tremdavale.org"],"url":"https:\/\/tremdavale.org\/pt\/author\/admin\/"}]}},"_links":{"self":[{"href":"https:\/\/tremdavale.org\/pt\/wp-json\/wp\/v2\/posts\/194","targetHints":{"allow":["GET"]}}],"collection":[{"href":"https:\/\/tremdavale.org\/pt\/wp-json\/wp\/v2\/posts"}],"about":[{"href":"https:\/\/tremdavale.org\/pt\/wp-json\/wp\/v2\/types\/post"}],"author":[{"embeddable":true,"href":"https:\/\/tremdavale.org\/pt\/wp-json\/wp\/v2\/users\/1"}],"replies":[{"embeddable":true,"href":"https:\/\/tremdavale.org\/pt\/wp-json\/wp\/v2\/comments?post=194"}],"version-history":[{"count":0,"href":"https:\/\/tremdavale.org\/pt\/wp-json\/wp\/v2\/posts\/194\/revisions"}],"wp:featuredmedia":[{"embeddable":true,"href":"https:\/\/tremdavale.org\/pt\/wp-json\/wp\/v2\/media\/458"}],"wp:attachment":[{"href":"https:\/\/tremdavale.org\/pt\/wp-json\/wp\/v2\/media?parent=194"}],"wp:term":[{"taxonomy":"category","embeddable":true,"href":"https:\/\/tremdavale.org\/pt\/wp-json\/wp\/v2\/categories?post=194"},{"taxonomy":"post_tag","embeddable":true,"href":"https:\/\/tremdavale.org\/pt\/wp-json\/wp\/v2\/tags?post=194"}],"curies":[{"name":"wp","href":"https:\/\/api.w.org\/{rel}","templated":true}]}}