{"id":197,"date":"2014-04-30T00:54:00","date_gmt":"2014-04-30T00:54:00","guid":{"rendered":"https:\/\/tremdavale.org\/?p=197"},"modified":"2025-10-10T11:57:00","modified_gmt":"2025-10-10T11:57:00","slug":"mostra-de-videocabines-distrito-de-cachoeira-do-brumado-mariana","status":"publish","type":"post","link":"https:\/\/tremdavale.org\/pt\/mostra-de-videocabines-distrito-de-cachoeira-do-brumado-mariana\/","title":{"rendered":"Mostra de Videocabines &#8211; Distrito de Cachoeira do Brumado, Mariana"},"content":{"rendered":"<p>No domingo, dia 08 de dezembro de 2013, ocorreu a oitava apresenta\u00e7\u00e3o da Mostra de Videocabines, no Sal\u00e3o Paroquial da Igreja de Nossa Senhora da Concei\u00e7\u00e3o, no distrito de Cachoeira do Brumado &#8211; Mariana. &nbsp;A exibi\u00e7\u00e3o teve in\u00edcio por volta de 18h15 e fez parte das comemora\u00e7\u00f5es em homenagem \u00e0 Nossa Senhora da Concei\u00e7\u00e3o.<\/p>\n<p>Um p\u00fablico de 150 pessoas prestigiou a exibi\u00e7\u00e3o&nbsp;de um v\u00eddeo institucional da Vale, de 3 minutos de dura\u00e7\u00e3o, antes da edi\u00e7\u00e3o de videocabines com o tema \u201cFestas Populares II\u201d, que teve grava\u00e7\u00e3o realizada&nbsp;ali mesmo,&nbsp;no adro da Igreja de Nossa Senhora da Concei\u00e7\u00e3o, em dezembro de 2007, sobre a festa de Nossa Senhora da Concei\u00e7\u00e3o. Durante a apresenta\u00e7\u00e3o do v\u00eddeo de 28 minutos, foi not\u00e1vel a aprecia\u00e7\u00e3o demonstrada pelo p\u00fablico presente, ao reconhecerem algum depoente ou mesmo a pr\u00f3pria pessoa.<\/p>\n<p>Alguns depoimentos de moradores da comunidade foram gravados anteriormente e ap\u00f3s \u00e0 exibi\u00e7\u00e3o dos v\u00eddeos, conforme podemos observar:<\/p>\n<p>Ao serem indagados sobre a import\u00e2ncia do Trem da Vale retornar \u00e0 popula\u00e7\u00e3o para mostrar os v\u00eddeos produzidos para as videocabines, Fernando Pereira de Freitas responde:<\/p>\n<p>\u201cEnriquece sim, porque a gente pode at\u00e9 falar em patrim\u00f4nio imaterial, que s\u00e3o as tradic\u00f5es religiosas, os cortejos, as cerim\u00f4nias, a pr\u00f3pria m\u00fasica que a banda executa (\u2026) Essa grava\u00e7\u00e3o, essa filmagem do Trem da Vale, ela participa nesse sentido, de preservar o patrim\u00f4nio imaterial. \u00c9 muito v\u00e1lida a iniciativa, uma vez que, exp\u00f5e para a comunidade o que a pr\u00f3pria comunidade faz num olhar diferente.\u201d<\/p>\n<p>&nbsp;<\/p>\n<p>E Alex Paulo de Oliveira, completa: \u201cEu acho de extrema import\u00e2ncia, porque \u00e9 uma man<a name=\"_GoBack\" id=\"_GoBack\"><\/a>eira de divulgar a cultura do lugar. N\u00e3o s\u00f3 de Cachoeira do Brumado, mas de outros lugares: Bandeirantes, Monsenhor Horta, Padre Viegas\u2026<\/p>\n<p>Neste dia, foram encerradas as exibi\u00e7\u00f5es das Mostras de Videocabines do ano de 2013. Al\u00e9m deste distrito, percorremos mais tr\u00eas distritos de Mariana, e dois distritos e dois bairros de Ouro Preto exibindo os v\u00eddeos gravados em 6 anos do Programa.<\/p>\n<p>&nbsp;<\/p>\n<p><img loading=\"lazy\" decoding=\"async\" class=\"size-medium\" title=\"01exibic_a_o-8c2aa-mostravideoc-cachbrumadoma\" src=\"\/wp-content\/uploads\/01exibic_a_o-8c2aa-mostravideoc-cachbrumadoma-300x199.jpg\" alt=\"Rosilene Figueiredo, Gerente Operacional do Apoio T\u00e9cnico-Administrativo, fala aos participantes da 8\u00aa exibi\u00e7\u00e3o da Mostra de Videocabines \u2013 \u201cFestas Populares II\u201d, no Sal\u00e3o Paroquial da Igreja Nossa Senhora da Concei\u00e7\u00e3o, no distrito de Cachoeira do Brumado, em Mariana. Foto: Wesley Maur\u00edcio\" width=\"300\" height=\"199\"><\/p>\n<p>Rosilene Figueiredo, Gerente Operacional do Apoio T\u00e9cnico-Administrativo, fala aos participantes da 8\u00aa exibi\u00e7\u00e3o da Mostra de Videocabines \u2013 \u201cFestas Populares II\u201d, no Sal\u00e3o Paroquial da Igreja Nossa Senhora da Concei\u00e7\u00e3o, no distrito de Cachoeira do Brumado, em Mariana. Foto: Wesley Maur\u00edcio<\/p>\n<p>&nbsp;<\/p>\n<p><img loading=\"lazy\" decoding=\"async\" class=\"size-medium\" title=\"02exibic_a_o-8c2aa-mostravideoc-cachbrumadoma\" src=\"\/wp-content\/uploads\/02exibic_a_o-8c2aa-mostravideoc-cachbrumadoma-300x200.jpg\" alt=\"Participantes das festividades de Nossa Senhora da Concei\u00e7\u00e3o assistem \u00e0s apresenta\u00e7\u00f5es das videocabines, algumas delas gravadas no distrito, durante a 8\u00aa exibi\u00e7\u00e3o da Mostra de Videocabines \u2013 \u201cFestas Populares II\u201d, no Sal\u00e3o Paroquial da Igreja de Nossa Senhora da Concei\u00e7\u00e3o, no distrito de Cachoeira do Brumado, em Mariana. Foto: Wesley Maur\u00edcio\" width=\"300\" height=\"200\"><\/p>\n<p>Participantes das festividades de Nossa Senhora da Concei\u00e7\u00e3o assistem \u00e0s apresenta\u00e7\u00f5es das videocabines, algumas delas gravadas no distrito, durante a 8\u00aa exibi\u00e7\u00e3o da Mostra de Videocabines \u2013 \u201cFestas Populares II\u201d, no Sal\u00e3o Paroquial da Igreja de Nossa Senhora da Concei\u00e7\u00e3o, no distrito de Cachoeira do Brumado, em Mariana. Foto: Wesley Maur\u00edcio<\/p>\n<p>&nbsp;<\/p>\n<p><img loading=\"lazy\" decoding=\"async\" class=\"size-medium\" title=\"03exibic_a_o-8c2aa-mostravideoc-cachbrumadoma\" src=\"\/wp-content\/uploads\/03exibic_a_o-8c2aa-mostravideoc-cachbrumadoma-300x199.jpg\" alt=\"O estagi\u00e1rio do Apoio T\u00e9cnico-Administrativo do Vale Registrar, Andr\u00e9 Sousa, preenche o Termo de Autoriza\u00e7\u00e3o para Uso de Imagem da depoente Marina de Freitas Oliveira, ap\u00f3s a 8\u00aa exibi\u00e7\u00e3o da Mostra de Videocabines \u2013 \u201cFestas Populares II\u201d, no distrito de Cachoeira do Brumado, em Mariana. Foto: Isadora Bruzzi\" width=\"300\" height=\"199\"><\/p>\n<p>O estagi\u00e1rio do Apoio T\u00e9cnico-Administrativo do Vale Registrar, Andr\u00e9 Sousa, preenche o Termo de Autoriza\u00e7\u00e3o para Uso de Imagem da depoente Marina de Freitas Oliveira, ap\u00f3s a 8\u00aa exibi\u00e7\u00e3o da Mostra de Videocabines \u2013 \u201cFestas Populares II\u201d, no distrito de Cachoeira do Brumado, em Mariana. Foto: Isadora Bruzzi<\/p>\n<p>&nbsp;<\/p>\n","protected":false},"excerpt":{"rendered":"<p>No domingo, dia 08 de dezembro de 2013, ocorreu a oitava apresenta\u00e7\u00e3o da Mostra de Videocabines, no Sal\u00e3o Paroquial da Igreja de Nossa Senhora da Concei\u00e7\u00e3o, no distrito de Cachoeira do Brumado &#8211; Mariana. &nbsp;A exibi\u00e7\u00e3o teve in\u00edcio por volta de 18h15 e fez parte das comemora\u00e7\u00f5es em homenagem \u00e0 &hellip;<\/p>\n","protected":false},"author":1,"featured_media":459,"comment_status":"open","ping_status":"closed","sticky":false,"template":"","format":"standard","meta":{"footnotes":""},"categories":[2],"tags":[],"class_list":["post-197","post","type-post","status-publish","format-standard","has-post-thumbnail","hentry","category-destaques-home"],"yoast_head":"<!-- This site is optimized with the Yoast SEO plugin v26.1.1 - https:\/\/yoast.com\/wordpress\/plugins\/seo\/ -->\n<title>Mostra de Videocabines - Distrito de Cachoeira do Brumado, Mariana &#8212; Trem da Vale<\/title>\n<meta name=\"robots\" content=\"index, follow, max-snippet:-1, max-image-preview:large, max-video-preview:-1\" \/>\n<link rel=\"canonical\" href=\"https:\/\/tremdavale.org\/pt\/mostra-de-videocabines-distrito-de-cachoeira-do-brumado-mariana\/\" \/>\n<meta property=\"og:locale\" content=\"pt_PT\" \/>\n<meta property=\"og:type\" content=\"article\" \/>\n<meta property=\"og:title\" content=\"Mostra de Videocabines - Distrito de Cachoeira do Brumado, Mariana &#8212; Trem da Vale\" \/>\n<meta property=\"og:description\" content=\"No domingo, dia 08 de dezembro de 2013, ocorreu a oitava apresenta\u00e7\u00e3o da Mostra de Videocabines, no Sal\u00e3o Paroquial da Igreja de Nossa Senhora da Concei\u00e7\u00e3o, no distrito de Cachoeira do Brumado &#8211; Mariana. &nbsp;A exibi\u00e7\u00e3o teve in\u00edcio por volta de 18h15 e fez parte das comemora\u00e7\u00f5es em homenagem \u00e0 &hellip;\" \/>\n<meta property=\"og:url\" content=\"https:\/\/tremdavale.org\/pt\/mostra-de-videocabines-distrito-de-cachoeira-do-brumado-mariana\/\" \/>\n<meta property=\"og:site_name\" content=\"Trem da Vale\" \/>\n<meta property=\"article:published_time\" content=\"2014-04-30T00:54:00+00:00\" \/>\n<meta property=\"article:modified_time\" content=\"2025-10-10T11:57:00+00:00\" \/>\n<meta property=\"og:image\" content=\"https:\/\/tremdavale.org\/wp-content\/uploads\/01exibic_a_o-8c2aa-mostravideoc-cachbrumadoma-300x199.jpg\" \/>\n\t<meta property=\"og:image:width\" content=\"300\" \/>\n\t<meta property=\"og:image:height\" content=\"199\" \/>\n\t<meta property=\"og:image:type\" content=\"image\/jpeg\" \/>\n<meta name=\"author\" content=\"admin\" \/>\n<meta name=\"twitter:card\" content=\"summary_large_image\" \/>\n<meta name=\"twitter:label1\" content=\"Escrito por\" \/>\n\t<meta name=\"twitter:data1\" content=\"admin\" \/>\n\t<meta name=\"twitter:label2\" content=\"Tempo estimado de leitura\" \/>\n\t<meta name=\"twitter:data2\" content=\"3 minutos\" \/>\n<script type=\"application\/ld+json\" class=\"yoast-schema-graph\">{\"@context\":\"https:\/\/schema.org\",\"@graph\":[{\"@type\":\"WebPage\",\"@id\":\"https:\/\/tremdavale.org\/pt\/mostra-de-videocabines-distrito-de-cachoeira-do-brumado-mariana\/\",\"url\":\"https:\/\/tremdavale.org\/pt\/mostra-de-videocabines-distrito-de-cachoeira-do-brumado-mariana\/\",\"name\":\"Mostra de Videocabines - Distrito de Cachoeira do Brumado, Mariana &#8212; Trem da Vale\",\"isPartOf\":{\"@id\":\"https:\/\/tremdavale.org\/pt\/#website\"},\"primaryImageOfPage\":{\"@id\":\"https:\/\/tremdavale.org\/pt\/mostra-de-videocabines-distrito-de-cachoeira-do-brumado-mariana\/#primaryimage\"},\"image\":{\"@id\":\"https:\/\/tremdavale.org\/pt\/mostra-de-videocabines-distrito-de-cachoeira-do-brumado-mariana\/#primaryimage\"},\"thumbnailUrl\":\"https:\/\/tremdavale.org\/wp-content\/uploads\/01exibic_a_o-8c2aa-mostravideoc-cachbrumadoma-300x199.jpg\",\"datePublished\":\"2014-04-30T00:54:00+00:00\",\"dateModified\":\"2025-10-10T11:57:00+00:00\",\"author\":{\"@id\":\"https:\/\/tremdavale.org\/pt\/#\/schema\/person\/50912137d47426d31329f246d02eaeca\"},\"breadcrumb\":{\"@id\":\"https:\/\/tremdavale.org\/pt\/mostra-de-videocabines-distrito-de-cachoeira-do-brumado-mariana\/#breadcrumb\"},\"inLanguage\":\"pt-PT\",\"potentialAction\":[{\"@type\":\"ReadAction\",\"target\":[\"https:\/\/tremdavale.org\/pt\/mostra-de-videocabines-distrito-de-cachoeira-do-brumado-mariana\/\"]}]},{\"@type\":\"ImageObject\",\"inLanguage\":\"pt-PT\",\"@id\":\"https:\/\/tremdavale.org\/pt\/mostra-de-videocabines-distrito-de-cachoeira-do-brumado-mariana\/#primaryimage\",\"url\":\"https:\/\/tremdavale.org\/wp-content\/uploads\/01exibic_a_o-8c2aa-mostravideoc-cachbrumadoma-300x199.jpg\",\"contentUrl\":\"https:\/\/tremdavale.org\/wp-content\/uploads\/01exibic_a_o-8c2aa-mostravideoc-cachbrumadoma-300x199.jpg\",\"width\":300,\"height\":199},{\"@type\":\"BreadcrumbList\",\"@id\":\"https:\/\/tremdavale.org\/pt\/mostra-de-videocabines-distrito-de-cachoeira-do-brumado-mariana\/#breadcrumb\",\"itemListElement\":[{\"@type\":\"ListItem\",\"position\":1,\"name\":\"In\u00edcio\",\"item\":\"https:\/\/tremdavale.org\/pt\/\"},{\"@type\":\"ListItem\",\"position\":2,\"name\":\"Mostra de Videocabines &#8211; Distrito de Cachoeira do Brumado, Mariana\"}]},{\"@type\":\"WebSite\",\"@id\":\"https:\/\/tremdavale.org\/pt\/#website\",\"url\":\"https:\/\/tremdavale.org\/pt\/\",\"name\":\"Trem da Vale\",\"description\":\"Programa de Educa\u00e7\u00e3o Patrimonial\",\"potentialAction\":[{\"@type\":\"SearchAction\",\"target\":{\"@type\":\"EntryPoint\",\"urlTemplate\":\"https:\/\/tremdavale.org\/pt\/?s={search_term_string}\"},\"query-input\":{\"@type\":\"PropertyValueSpecification\",\"valueRequired\":true,\"valueName\":\"search_term_string\"}}],\"inLanguage\":\"pt-PT\"},{\"@type\":\"Person\",\"@id\":\"https:\/\/tremdavale.org\/pt\/#\/schema\/person\/50912137d47426d31329f246d02eaeca\",\"name\":\"admin\",\"image\":{\"@type\":\"ImageObject\",\"inLanguage\":\"pt-PT\",\"@id\":\"https:\/\/tremdavale.org\/pt\/#\/schema\/person\/image\/\",\"url\":\"https:\/\/secure.gravatar.com\/avatar\/b3564f0fda6ea47959fe96a4217203e79a167568a37409758659bc3ba443b452?s=96&d=mm&r=g\",\"contentUrl\":\"https:\/\/secure.gravatar.com\/avatar\/b3564f0fda6ea47959fe96a4217203e79a167568a37409758659bc3ba443b452?s=96&d=mm&r=g\",\"caption\":\"admin\"},\"sameAs\":[\"https:\/\/tremdavale.org\"],\"url\":\"https:\/\/tremdavale.org\/pt\/author\/admin\/\"}]}<\/script>\n<!-- \/ Yoast SEO plugin. -->","yoast_head_json":{"title":"Mostra de Videocabines - Distrito de Cachoeira do Brumado, Mariana &#8212; Trem da Vale","robots":{"index":"index","follow":"follow","max-snippet":"max-snippet:-1","max-image-preview":"max-image-preview:large","max-video-preview":"max-video-preview:-1"},"canonical":"https:\/\/tremdavale.org\/pt\/mostra-de-videocabines-distrito-de-cachoeira-do-brumado-mariana\/","og_locale":"pt_PT","og_type":"article","og_title":"Mostra de Videocabines - Distrito de Cachoeira do Brumado, Mariana &#8212; Trem da Vale","og_description":"No domingo, dia 08 de dezembro de 2013, ocorreu a oitava apresenta\u00e7\u00e3o da Mostra de Videocabines, no Sal\u00e3o Paroquial da Igreja de Nossa Senhora da Concei\u00e7\u00e3o, no distrito de Cachoeira do Brumado &#8211; Mariana. &nbsp;A exibi\u00e7\u00e3o teve in\u00edcio por volta de 18h15 e fez parte das comemora\u00e7\u00f5es em homenagem \u00e0 &hellip;","og_url":"https:\/\/tremdavale.org\/pt\/mostra-de-videocabines-distrito-de-cachoeira-do-brumado-mariana\/","og_site_name":"Trem da Vale","article_published_time":"2014-04-30T00:54:00+00:00","article_modified_time":"2025-10-10T11:57:00+00:00","og_image":[{"width":300,"height":199,"url":"https:\/\/tremdavale.org\/wp-content\/uploads\/01exibic_a_o-8c2aa-mostravideoc-cachbrumadoma-300x199.jpg","type":"image\/jpeg"}],"author":"admin","twitter_card":"summary_large_image","twitter_misc":{"Escrito por":"admin","Tempo estimado de leitura":"3 minutos"},"schema":{"@context":"https:\/\/schema.org","@graph":[{"@type":"WebPage","@id":"https:\/\/tremdavale.org\/pt\/mostra-de-videocabines-distrito-de-cachoeira-do-brumado-mariana\/","url":"https:\/\/tremdavale.org\/pt\/mostra-de-videocabines-distrito-de-cachoeira-do-brumado-mariana\/","name":"Mostra de Videocabines - Distrito de Cachoeira do Brumado, Mariana &#8212; Trem da Vale","isPartOf":{"@id":"https:\/\/tremdavale.org\/pt\/#website"},"primaryImageOfPage":{"@id":"https:\/\/tremdavale.org\/pt\/mostra-de-videocabines-distrito-de-cachoeira-do-brumado-mariana\/#primaryimage"},"image":{"@id":"https:\/\/tremdavale.org\/pt\/mostra-de-videocabines-distrito-de-cachoeira-do-brumado-mariana\/#primaryimage"},"thumbnailUrl":"https:\/\/tremdavale.org\/wp-content\/uploads\/01exibic_a_o-8c2aa-mostravideoc-cachbrumadoma-300x199.jpg","datePublished":"2014-04-30T00:54:00+00:00","dateModified":"2025-10-10T11:57:00+00:00","author":{"@id":"https:\/\/tremdavale.org\/pt\/#\/schema\/person\/50912137d47426d31329f246d02eaeca"},"breadcrumb":{"@id":"https:\/\/tremdavale.org\/pt\/mostra-de-videocabines-distrito-de-cachoeira-do-brumado-mariana\/#breadcrumb"},"inLanguage":"pt-PT","potentialAction":[{"@type":"ReadAction","target":["https:\/\/tremdavale.org\/pt\/mostra-de-videocabines-distrito-de-cachoeira-do-brumado-mariana\/"]}]},{"@type":"ImageObject","inLanguage":"pt-PT","@id":"https:\/\/tremdavale.org\/pt\/mostra-de-videocabines-distrito-de-cachoeira-do-brumado-mariana\/#primaryimage","url":"https:\/\/tremdavale.org\/wp-content\/uploads\/01exibic_a_o-8c2aa-mostravideoc-cachbrumadoma-300x199.jpg","contentUrl":"https:\/\/tremdavale.org\/wp-content\/uploads\/01exibic_a_o-8c2aa-mostravideoc-cachbrumadoma-300x199.jpg","width":300,"height":199},{"@type":"BreadcrumbList","@id":"https:\/\/tremdavale.org\/pt\/mostra-de-videocabines-distrito-de-cachoeira-do-brumado-mariana\/#breadcrumb","itemListElement":[{"@type":"ListItem","position":1,"name":"In\u00edcio","item":"https:\/\/tremdavale.org\/pt\/"},{"@type":"ListItem","position":2,"name":"Mostra de Videocabines &#8211; Distrito de Cachoeira do Brumado, Mariana"}]},{"@type":"WebSite","@id":"https:\/\/tremdavale.org\/pt\/#website","url":"https:\/\/tremdavale.org\/pt\/","name":"Trem da Vale","description":"Programa de Educa\u00e7\u00e3o Patrimonial","potentialAction":[{"@type":"SearchAction","target":{"@type":"EntryPoint","urlTemplate":"https:\/\/tremdavale.org\/pt\/?s={search_term_string}"},"query-input":{"@type":"PropertyValueSpecification","valueRequired":true,"valueName":"search_term_string"}}],"inLanguage":"pt-PT"},{"@type":"Person","@id":"https:\/\/tremdavale.org\/pt\/#\/schema\/person\/50912137d47426d31329f246d02eaeca","name":"admin","image":{"@type":"ImageObject","inLanguage":"pt-PT","@id":"https:\/\/tremdavale.org\/pt\/#\/schema\/person\/image\/","url":"https:\/\/secure.gravatar.com\/avatar\/b3564f0fda6ea47959fe96a4217203e79a167568a37409758659bc3ba443b452?s=96&d=mm&r=g","contentUrl":"https:\/\/secure.gravatar.com\/avatar\/b3564f0fda6ea47959fe96a4217203e79a167568a37409758659bc3ba443b452?s=96&d=mm&r=g","caption":"admin"},"sameAs":["https:\/\/tremdavale.org"],"url":"https:\/\/tremdavale.org\/pt\/author\/admin\/"}]}},"_links":{"self":[{"href":"https:\/\/tremdavale.org\/pt\/wp-json\/wp\/v2\/posts\/197","targetHints":{"allow":["GET"]}}],"collection":[{"href":"https:\/\/tremdavale.org\/pt\/wp-json\/wp\/v2\/posts"}],"about":[{"href":"https:\/\/tremdavale.org\/pt\/wp-json\/wp\/v2\/types\/post"}],"author":[{"embeddable":true,"href":"https:\/\/tremdavale.org\/pt\/wp-json\/wp\/v2\/users\/1"}],"replies":[{"embeddable":true,"href":"https:\/\/tremdavale.org\/pt\/wp-json\/wp\/v2\/comments?post=197"}],"version-history":[{"count":0,"href":"https:\/\/tremdavale.org\/pt\/wp-json\/wp\/v2\/posts\/197\/revisions"}],"wp:featuredmedia":[{"embeddable":true,"href":"https:\/\/tremdavale.org\/pt\/wp-json\/wp\/v2\/media\/459"}],"wp:attachment":[{"href":"https:\/\/tremdavale.org\/pt\/wp-json\/wp\/v2\/media?parent=197"}],"wp:term":[{"taxonomy":"category","embeddable":true,"href":"https:\/\/tremdavale.org\/pt\/wp-json\/wp\/v2\/categories?post=197"},{"taxonomy":"post_tag","embeddable":true,"href":"https:\/\/tremdavale.org\/pt\/wp-json\/wp\/v2\/tags?post=197"}],"curies":[{"name":"wp","href":"https:\/\/api.w.org\/{rel}","templated":true}]}}