{"id":198,"date":"2013-08-25T05:12:00","date_gmt":"2013-08-25T05:12:00","guid":{"rendered":"https:\/\/tremdavale.org\/?p=198"},"modified":"2025-10-10T11:57:00","modified_gmt":"2025-10-10T11:57:00","slug":"mostra-de-videocabines-em-monsenhor-horta","status":"publish","type":"post","link":"https:\/\/tremdavale.org\/pt\/mostra-de-videocabines-em-monsenhor-horta\/","title":{"rendered":"Mostra de Videocabines em Monsenhor Horta"},"content":{"rendered":"<p style=\"text-align: justify;\"><span style=\"font-size: 13px; line-height: 19px;\">No domingo, dia 04 de agosto de 2013,<\/span><span style=\"font-size: 13px; line-height: 19px;\">aconteceu a primeira apresenta\u00e7\u00e3o da<\/span><span style=\"font-size: 13px; line-height: 19px;\">Mostra de Videocabines, no distrito de Monsenhor Horta, em Mariana.<\/span><a name=\"1405b00649bf0811__GoBack\" id=\"1405b00649bf0811__GoBack\"><\/a><span style=\"font-size: 13px; line-height: 19px;\">O evento come\u00e7ou por volta de 21 horas, logo ap\u00f3s a celebra\u00e7\u00e3o da missa, no adro da<\/span><span style=\"font-size: 13px; line-height: 19px;\">Igreja<\/span><span style=\"font-size: 13px; line-height: 19px;\">Matriz de S\u00e3o Caetano. As 170 pessoas presentes<\/span><span style=\"font-size: 13px; line-height: 19px;\">prestigiaram<\/span><span style=\"font-size: 13px; line-height: 19px;\">a exibi\u00e7\u00e3o<\/span><span style=\"font-size: 13px; line-height: 19px;\">das edi\u00e7\u00f5es de dois temas<\/span><span style=\"font-size: 13px; line-height: 19px;\">das videocabines: \u201cLendas, Casos e Mitos I\u201d, que teve grava\u00e7\u00e3o feita em Monsenhor Horta,<\/span><span style=\"font-size: 13px; line-height: 19px;\">em 2008; e \u201cCulin\u00e1ria I\u201d,<\/span><span style=\"font-size: 13px; line-height: 19px;\">gravada,<\/span><span style=\"font-size: 13px; line-height: 19px;\">em 2007,<\/span><span style=\"font-size: 13px; line-height: 19px;\">em outros distritos pr\u00f3ximos; tais<\/span><span style=\"font-size: 13px; line-height: 19px;\">como Bandeirantes<\/span><span style=\"font-size: 13px; line-height: 19px;\">e<\/span><span style=\"font-size: 13px; line-height: 19px;\">Padre Viegas.<\/span><span style=\"font-size: 13px; line-height: 19px;\">A exibi\u00e7\u00e3o da Mostra durou, aproximadamente, trinta minutos.<\/span><\/p>\n<p><span style=\"font-size: 13px; line-height: 19px;\">S\u00e3o quase 100 grava\u00e7\u00f5es diferentes feitas durante sete anos, que foram editadas em v\u00eddeos tem\u00e1ticos, de curta dura\u00e7\u00e3o, os quais s\u00e3o permanentemente exibidos nas esta\u00e7\u00f5es do Trem da Vale, nas duas cidades.<\/span><\/p>\n<p><span style=\"font-size: 13px; line-height: 19px;\">Ao sair das esta\u00e7\u00f5es, a Videocabine buscou aproximar o Programa das comunidades locais, indo ao encontro de moradores e visitantes, documentando a diversidade e a espontaneidade de rostos e falas da popula\u00e7\u00e3o e suas impress\u00f5es, compondo um retrato<\/span><span style=\"font-size: 13px; line-height: 19px;\">m\u00faltiplo e contempor\u00e2neo das hist\u00f3ricas Mariana e Ouro Preto.<\/span><\/p>\n<p>&nbsp;<\/p>\n<p><span>Durante a sess\u00e3o, foi muito gratificante perceber a alegria do p\u00fablico em assistir aos v\u00eddeos. E em certos momentos, algumas pessoas se reconheciam ou identificavam algum amigo, familiar ou vizinho ! A plateia se animava e se divertia mais quando eram contadas as lendas, os casos e os mitos da regi\u00e3o.<\/span><\/p>\n<p><span style=\"font-size: 13px; line-height: 19px;\">De 2006 a 2012, o Programa de Educa\u00e7\u00e3o Patrimonial Trem da Vale,<\/span> <span style=\"font-size: 13px; line-height: 19px;\">por meio<\/span> <span style=\"font-size: 13px; line-height: 19px;\">do subprograma Vale Registrar, gravou mais de 1.500 depoimentos breves numa cabine m\u00f3vel que percorreu v\u00e1rios bairros e distritos de Mariana e Ouro Preto, sobre diversos temas referentes ao Patrim\u00f4nio Cultural da regi\u00e3o, abordando a culin\u00e1ria, a religi\u00e3o, as festas populares, as lendas, casos e mitos, as paisagens e lugares especiais, os bairros e as datas comemorativas.<\/span><\/p>\n<p><span style=\"font-size: 13px; line-height: 19px;\"><span style=\"font-size: 13px; line-height: 19px;\">A pr\u00f3xima Mostra de Videocabine ser\u00e1 realizada<\/span><span style=\"font-size: 13px; line-height: 19px;\">no dia 18 de agosto, domingo,<\/span><span style=\"font-size: 13px; line-height: 19px;\">no distrito de Santo Ant\u00f4nio do Salto,<\/span><span style=\"font-size: 13px; line-height: 19px;\">em Ouro Preto, quando estar\u00e1 acontecendo o tradicional<\/span><span style=\"font-size: 13px; line-height: 19px;\">Festival de Culin\u00e1ria.<\/span><\/span><\/p>\n<p>&nbsp;<\/p>\n<p><img loading=\"lazy\" decoding=\"async\" class=\"size-medium\" title=\"01-mostravideoc-monshorta-0408133\" src=\"\/wp-content\/uploads\/01-mostravideoc-monshorta-0408133-300x200.jpg\" alt=\"01-mostravideoc-monshorta-0408133\" width=\"300\" height=\"200\"><\/p>\n<p>Rafael Bou\u00e7as (Gerente do N\u00facleo de Audiovisual) auxilia Leonardo Penna (Assistente Administrativo) no registro audiovisual da Prociss\u00e3o de S\u00e3o Caetano, no adro da Igreja de S\u00e3o Caetano, em Monsenhor Horta, distrito de Mariana. Foto: Wesley Maur\u00edcio<\/p>\n<p>&nbsp;<\/p>\n<p><img loading=\"lazy\" decoding=\"async\" class=\"size-medium\" title=\"02-mostravideoc-monshorta-0408131\" src=\"\/wp-content\/uploads\/02-mostravideoc-monshorta-0408131-300x200.jpg\" alt=\"02-mostravideoc-monshorta-0408131\" width=\"300\" height=\"200\"><\/p>\n<p>Ap\u00f3s o encerramento da missa em honra a S\u00e3o Caetano, os moradores do distrito de Monsenhor Horta assistem \u00e0 exibi\u00e7\u00e3o das videocabines \u201cLendas, Casos e Mitos I\u201d e \u201cCulin\u00e1ria I\u201d, no adro da Igreja de S\u00e3o Caetano em Monsenhor Horta, distrito de Mariana. Foto: Wesley Maur\u00edcio<\/p>\n<p>&nbsp;<\/p>\n<p><img loading=\"lazy\" decoding=\"async\" class=\"size-medium\" title=\"03-mostravideoc-monshorta-040813\" src=\"\/wp-content\/uploads\/03-mostravideoc-monshorta-040813-300x200.jpg\" alt=\"03-mostravideoc-monshorta-040813\" width=\"300\" height=\"200\"><\/p>\n<p>Os moradores do distrito de Monsenhor Horta assistem \u00e0 exibi\u00e7\u00e3o das videocabines \u201cLendas, Casos e Mitos I\u201d e \u201cCulin\u00e1ria I\u201d, que foram produzidos no Distrito e arredores, no adro da Igreja de S\u00e3o Caetano em Monsenhor Horta, distrito de Mariana. Foto: Wesley Maur\u00edcio<\/p>\n<p>&nbsp;<\/p>\n<p><img loading=\"lazy\" decoding=\"async\" class=\"size-medium\" title=\"04-mostravideoc-monshorta-040813\" src=\"\/wp-content\/uploads\/04-mostravideoc-monshorta-040813-300x200.jpg\" alt=\"04-mostravideoc-monshorta-040813\" width=\"300\" height=\"200\"><\/p>\n<p>Moradores assistem \u00e0 exibi\u00e7\u00e3o das videocabines \u201cLendas, Casos e Mitos I\u201d e Culin\u00e1ria I, no adro da Igreja de S\u00e3o Caetano, no distrito de Monsenhor Horta em Mariana. Foto: Wesley Maur\u00edcio<\/p>\n<p>&nbsp;<\/p>\n","protected":false},"excerpt":{"rendered":"<p>No domingo, dia 04 de agosto de 2013,aconteceu a primeira apresenta\u00e7\u00e3o daMostra de Videocabines, no distrito de Monsenhor Horta, em Mariana.O evento come\u00e7ou por volta de 21 horas, logo ap\u00f3s a celebra\u00e7\u00e3o da missa, no adro daIgrejaMatriz de S\u00e3o Caetano. As 170 pessoas presentesprestigiarama exibi\u00e7\u00e3odas edi\u00e7\u00f5es de dois temasdas videocabines: &hellip;<\/p>\n","protected":false},"author":1,"featured_media":460,"comment_status":"open","ping_status":"closed","sticky":false,"template":"","format":"standard","meta":{"footnotes":""},"categories":[4],"tags":[],"class_list":["post-198","post","type-post","status-publish","format-standard","has-post-thumbnail","hentry","category-materia-news"],"yoast_head":"<!-- This site is optimized with the Yoast SEO plugin v26.1.1 - https:\/\/yoast.com\/wordpress\/plugins\/seo\/ -->\n<title>Mostra de Videocabines em Monsenhor Horta &#8212; Trem da Vale<\/title>\n<meta name=\"robots\" content=\"index, follow, max-snippet:-1, max-image-preview:large, max-video-preview:-1\" \/>\n<link rel=\"canonical\" href=\"https:\/\/tremdavale.org\/pt\/mostra-de-videocabines-em-monsenhor-horta\/\" \/>\n<meta property=\"og:locale\" content=\"pt_PT\" \/>\n<meta property=\"og:type\" content=\"article\" \/>\n<meta property=\"og:title\" content=\"Mostra de Videocabines em Monsenhor Horta &#8212; Trem da Vale\" \/>\n<meta property=\"og:description\" content=\"No domingo, dia 04 de agosto de 2013,aconteceu a primeira apresenta\u00e7\u00e3o daMostra de Videocabines, no distrito de Monsenhor Horta, em Mariana.O evento come\u00e7ou por volta de 21 horas, logo ap\u00f3s a celebra\u00e7\u00e3o da missa, no adro daIgrejaMatriz de S\u00e3o Caetano. As 170 pessoas presentesprestigiarama exibi\u00e7\u00e3odas edi\u00e7\u00f5es de dois temasdas videocabines: &hellip;\" \/>\n<meta property=\"og:url\" content=\"https:\/\/tremdavale.org\/pt\/mostra-de-videocabines-em-monsenhor-horta\/\" \/>\n<meta property=\"og:site_name\" content=\"Trem da Vale\" \/>\n<meta property=\"article:published_time\" content=\"2013-08-25T05:12:00+00:00\" \/>\n<meta property=\"article:modified_time\" content=\"2025-10-10T11:57:00+00:00\" \/>\n<meta property=\"og:image\" content=\"https:\/\/tremdavale.org\/wp-content\/uploads\/01-mostravideoc-monshorta-0408133-300x200.jpg\" \/>\n\t<meta property=\"og:image:width\" content=\"300\" \/>\n\t<meta property=\"og:image:height\" content=\"200\" \/>\n\t<meta property=\"og:image:type\" content=\"image\/jpeg\" \/>\n<meta name=\"author\" content=\"admin\" \/>\n<meta name=\"twitter:card\" content=\"summary_large_image\" \/>\n<meta name=\"twitter:label1\" content=\"Escrito por\" \/>\n\t<meta name=\"twitter:data1\" content=\"admin\" \/>\n\t<meta name=\"twitter:label2\" content=\"Tempo estimado de leitura\" \/>\n\t<meta name=\"twitter:data2\" content=\"3 minutos\" \/>\n<script type=\"application\/ld+json\" class=\"yoast-schema-graph\">{\"@context\":\"https:\/\/schema.org\",\"@graph\":[{\"@type\":\"WebPage\",\"@id\":\"https:\/\/tremdavale.org\/pt\/mostra-de-videocabines-em-monsenhor-horta\/\",\"url\":\"https:\/\/tremdavale.org\/pt\/mostra-de-videocabines-em-monsenhor-horta\/\",\"name\":\"Mostra de Videocabines em Monsenhor Horta &#8212; Trem da Vale\",\"isPartOf\":{\"@id\":\"https:\/\/tremdavale.org\/pt\/#website\"},\"primaryImageOfPage\":{\"@id\":\"https:\/\/tremdavale.org\/pt\/mostra-de-videocabines-em-monsenhor-horta\/#primaryimage\"},\"image\":{\"@id\":\"https:\/\/tremdavale.org\/pt\/mostra-de-videocabines-em-monsenhor-horta\/#primaryimage\"},\"thumbnailUrl\":\"https:\/\/tremdavale.org\/wp-content\/uploads\/01-mostravideoc-monshorta-0408133-300x200.jpg\",\"datePublished\":\"2013-08-25T05:12:00+00:00\",\"dateModified\":\"2025-10-10T11:57:00+00:00\",\"author\":{\"@id\":\"https:\/\/tremdavale.org\/pt\/#\/schema\/person\/50912137d47426d31329f246d02eaeca\"},\"breadcrumb\":{\"@id\":\"https:\/\/tremdavale.org\/pt\/mostra-de-videocabines-em-monsenhor-horta\/#breadcrumb\"},\"inLanguage\":\"pt-PT\",\"potentialAction\":[{\"@type\":\"ReadAction\",\"target\":[\"https:\/\/tremdavale.org\/pt\/mostra-de-videocabines-em-monsenhor-horta\/\"]}]},{\"@type\":\"ImageObject\",\"inLanguage\":\"pt-PT\",\"@id\":\"https:\/\/tremdavale.org\/pt\/mostra-de-videocabines-em-monsenhor-horta\/#primaryimage\",\"url\":\"https:\/\/tremdavale.org\/wp-content\/uploads\/01-mostravideoc-monshorta-0408133-300x200.jpg\",\"contentUrl\":\"https:\/\/tremdavale.org\/wp-content\/uploads\/01-mostravideoc-monshorta-0408133-300x200.jpg\",\"width\":300,\"height\":200},{\"@type\":\"BreadcrumbList\",\"@id\":\"https:\/\/tremdavale.org\/pt\/mostra-de-videocabines-em-monsenhor-horta\/#breadcrumb\",\"itemListElement\":[{\"@type\":\"ListItem\",\"position\":1,\"name\":\"In\u00edcio\",\"item\":\"https:\/\/tremdavale.org\/pt\/\"},{\"@type\":\"ListItem\",\"position\":2,\"name\":\"Mostra de Videocabines em Monsenhor Horta\"}]},{\"@type\":\"WebSite\",\"@id\":\"https:\/\/tremdavale.org\/pt\/#website\",\"url\":\"https:\/\/tremdavale.org\/pt\/\",\"name\":\"Trem da Vale\",\"description\":\"Programa de Educa\u00e7\u00e3o Patrimonial\",\"potentialAction\":[{\"@type\":\"SearchAction\",\"target\":{\"@type\":\"EntryPoint\",\"urlTemplate\":\"https:\/\/tremdavale.org\/pt\/?s={search_term_string}\"},\"query-input\":{\"@type\":\"PropertyValueSpecification\",\"valueRequired\":true,\"valueName\":\"search_term_string\"}}],\"inLanguage\":\"pt-PT\"},{\"@type\":\"Person\",\"@id\":\"https:\/\/tremdavale.org\/pt\/#\/schema\/person\/50912137d47426d31329f246d02eaeca\",\"name\":\"admin\",\"image\":{\"@type\":\"ImageObject\",\"inLanguage\":\"pt-PT\",\"@id\":\"https:\/\/tremdavale.org\/pt\/#\/schema\/person\/image\/\",\"url\":\"https:\/\/secure.gravatar.com\/avatar\/b3564f0fda6ea47959fe96a4217203e79a167568a37409758659bc3ba443b452?s=96&d=mm&r=g\",\"contentUrl\":\"https:\/\/secure.gravatar.com\/avatar\/b3564f0fda6ea47959fe96a4217203e79a167568a37409758659bc3ba443b452?s=96&d=mm&r=g\",\"caption\":\"admin\"},\"sameAs\":[\"https:\/\/tremdavale.org\"],\"url\":\"https:\/\/tremdavale.org\/pt\/author\/admin\/\"}]}<\/script>\n<!-- \/ Yoast SEO plugin. -->","yoast_head_json":{"title":"Mostra de Videocabines em Monsenhor Horta &#8212; Trem da Vale","robots":{"index":"index","follow":"follow","max-snippet":"max-snippet:-1","max-image-preview":"max-image-preview:large","max-video-preview":"max-video-preview:-1"},"canonical":"https:\/\/tremdavale.org\/pt\/mostra-de-videocabines-em-monsenhor-horta\/","og_locale":"pt_PT","og_type":"article","og_title":"Mostra de Videocabines em Monsenhor Horta &#8212; Trem da Vale","og_description":"No domingo, dia 04 de agosto de 2013,aconteceu a primeira apresenta\u00e7\u00e3o daMostra de Videocabines, no distrito de Monsenhor Horta, em Mariana.O evento come\u00e7ou por volta de 21 horas, logo ap\u00f3s a celebra\u00e7\u00e3o da missa, no adro daIgrejaMatriz de S\u00e3o Caetano. As 170 pessoas presentesprestigiarama exibi\u00e7\u00e3odas edi\u00e7\u00f5es de dois temasdas videocabines: &hellip;","og_url":"https:\/\/tremdavale.org\/pt\/mostra-de-videocabines-em-monsenhor-horta\/","og_site_name":"Trem da Vale","article_published_time":"2013-08-25T05:12:00+00:00","article_modified_time":"2025-10-10T11:57:00+00:00","og_image":[{"width":300,"height":200,"url":"https:\/\/tremdavale.org\/wp-content\/uploads\/01-mostravideoc-monshorta-0408133-300x200.jpg","type":"image\/jpeg"}],"author":"admin","twitter_card":"summary_large_image","twitter_misc":{"Escrito por":"admin","Tempo estimado de leitura":"3 minutos"},"schema":{"@context":"https:\/\/schema.org","@graph":[{"@type":"WebPage","@id":"https:\/\/tremdavale.org\/pt\/mostra-de-videocabines-em-monsenhor-horta\/","url":"https:\/\/tremdavale.org\/pt\/mostra-de-videocabines-em-monsenhor-horta\/","name":"Mostra de Videocabines em Monsenhor Horta &#8212; Trem da Vale","isPartOf":{"@id":"https:\/\/tremdavale.org\/pt\/#website"},"primaryImageOfPage":{"@id":"https:\/\/tremdavale.org\/pt\/mostra-de-videocabines-em-monsenhor-horta\/#primaryimage"},"image":{"@id":"https:\/\/tremdavale.org\/pt\/mostra-de-videocabines-em-monsenhor-horta\/#primaryimage"},"thumbnailUrl":"https:\/\/tremdavale.org\/wp-content\/uploads\/01-mostravideoc-monshorta-0408133-300x200.jpg","datePublished":"2013-08-25T05:12:00+00:00","dateModified":"2025-10-10T11:57:00+00:00","author":{"@id":"https:\/\/tremdavale.org\/pt\/#\/schema\/person\/50912137d47426d31329f246d02eaeca"},"breadcrumb":{"@id":"https:\/\/tremdavale.org\/pt\/mostra-de-videocabines-em-monsenhor-horta\/#breadcrumb"},"inLanguage":"pt-PT","potentialAction":[{"@type":"ReadAction","target":["https:\/\/tremdavale.org\/pt\/mostra-de-videocabines-em-monsenhor-horta\/"]}]},{"@type":"ImageObject","inLanguage":"pt-PT","@id":"https:\/\/tremdavale.org\/pt\/mostra-de-videocabines-em-monsenhor-horta\/#primaryimage","url":"https:\/\/tremdavale.org\/wp-content\/uploads\/01-mostravideoc-monshorta-0408133-300x200.jpg","contentUrl":"https:\/\/tremdavale.org\/wp-content\/uploads\/01-mostravideoc-monshorta-0408133-300x200.jpg","width":300,"height":200},{"@type":"BreadcrumbList","@id":"https:\/\/tremdavale.org\/pt\/mostra-de-videocabines-em-monsenhor-horta\/#breadcrumb","itemListElement":[{"@type":"ListItem","position":1,"name":"In\u00edcio","item":"https:\/\/tremdavale.org\/pt\/"},{"@type":"ListItem","position":2,"name":"Mostra de Videocabines em Monsenhor Horta"}]},{"@type":"WebSite","@id":"https:\/\/tremdavale.org\/pt\/#website","url":"https:\/\/tremdavale.org\/pt\/","name":"Trem da Vale","description":"Programa de Educa\u00e7\u00e3o Patrimonial","potentialAction":[{"@type":"SearchAction","target":{"@type":"EntryPoint","urlTemplate":"https:\/\/tremdavale.org\/pt\/?s={search_term_string}"},"query-input":{"@type":"PropertyValueSpecification","valueRequired":true,"valueName":"search_term_string"}}],"inLanguage":"pt-PT"},{"@type":"Person","@id":"https:\/\/tremdavale.org\/pt\/#\/schema\/person\/50912137d47426d31329f246d02eaeca","name":"admin","image":{"@type":"ImageObject","inLanguage":"pt-PT","@id":"https:\/\/tremdavale.org\/pt\/#\/schema\/person\/image\/","url":"https:\/\/secure.gravatar.com\/avatar\/b3564f0fda6ea47959fe96a4217203e79a167568a37409758659bc3ba443b452?s=96&d=mm&r=g","contentUrl":"https:\/\/secure.gravatar.com\/avatar\/b3564f0fda6ea47959fe96a4217203e79a167568a37409758659bc3ba443b452?s=96&d=mm&r=g","caption":"admin"},"sameAs":["https:\/\/tremdavale.org"],"url":"https:\/\/tremdavale.org\/pt\/author\/admin\/"}]}},"_links":{"self":[{"href":"https:\/\/tremdavale.org\/pt\/wp-json\/wp\/v2\/posts\/198","targetHints":{"allow":["GET"]}}],"collection":[{"href":"https:\/\/tremdavale.org\/pt\/wp-json\/wp\/v2\/posts"}],"about":[{"href":"https:\/\/tremdavale.org\/pt\/wp-json\/wp\/v2\/types\/post"}],"author":[{"embeddable":true,"href":"https:\/\/tremdavale.org\/pt\/wp-json\/wp\/v2\/users\/1"}],"replies":[{"embeddable":true,"href":"https:\/\/tremdavale.org\/pt\/wp-json\/wp\/v2\/comments?post=198"}],"version-history":[{"count":0,"href":"https:\/\/tremdavale.org\/pt\/wp-json\/wp\/v2\/posts\/198\/revisions"}],"wp:featuredmedia":[{"embeddable":true,"href":"https:\/\/tremdavale.org\/pt\/wp-json\/wp\/v2\/media\/460"}],"wp:attachment":[{"href":"https:\/\/tremdavale.org\/pt\/wp-json\/wp\/v2\/media?parent=198"}],"wp:term":[{"taxonomy":"category","embeddable":true,"href":"https:\/\/tremdavale.org\/pt\/wp-json\/wp\/v2\/categories?post=198"},{"taxonomy":"post_tag","embeddable":true,"href":"https:\/\/tremdavale.org\/pt\/wp-json\/wp\/v2\/tags?post=198"}],"curies":[{"name":"wp","href":"https:\/\/api.w.org\/{rel}","templated":true}]}}