{"id":199,"date":"2014-04-29T23:42:00","date_gmt":"2014-04-29T23:42:00","guid":{"rendered":"https:\/\/tremdavale.org\/?p=199"},"modified":"2025-10-10T11:57:00","modified_gmt":"2025-10-10T11:57:00","slug":"mostra-de-videocabines-em-santo-antonio-do-salto","status":"publish","type":"post","link":"https:\/\/tremdavale.org\/pt\/mostra-de-videocabines-em-santo-antonio-do-salto\/","title":{"rendered":"Mostra de Videocabines em Santo Ant\u00f4nio do Salto"},"content":{"rendered":"<p><span style=\"font-size: 13px;\">No domingo, dia 18 de agosto de 2013, ocorreu a segunda apresenta\u00e7\u00e3o da Mostra de Videocabines, desta vez no distrito de Santo Ant\u00f4nio do Salto, em Ouro Preto.<\/span><a name=\"1405b00649bf0811__GoBack\" id=\"1405b00649bf0811__GoBack\"><\/a> <span style=\"font-size: 13px;\">A apresenta\u00e7\u00e3o come\u00e7ou por volta de 19 horas, na pra\u00e7a principal, local onde acontecia o Festival de Culin\u00e1ria T\u00edpica.<\/span><\/p>\n<p><span style=\"font-size: 13px;\">Um \u00f3timo p\u00fablico compareceu durante o evento, e cerca de 250 pessoas prestigiaram a exibi\u00e7\u00e3o da edi\u00e7\u00e3o da videocabine \u201cCulin\u00e1ria II\u201d; cuja grava\u00e7\u00e3o original foi realizada ali mesmo, no distrito, em 2007, pelo Vale Registrar, do Programa de Educa\u00e7\u00e3o Patrimonial Trem da Vale.<\/span><\/p>\n<p><span style=\"font-size: 13px;\">Durante a sess\u00e3o da Mostra, que durou aproximadamente vinte minutos, era not\u00e1vel a aten\u00e7\u00e3o com que todos os presentes assistiam ao v\u00eddeo. Em certos momentos, algumas pessoas se reconheciam ou identificavam algum conhecido.<\/span><\/p>\n<p><span style=\"font-size: 13px;\">Ao final da exibi\u00e7\u00e3o, v\u00e1rios moradores parabenizaram e agradeceram a equipe do Programa pela iniciativa e promo\u00e7\u00e3o da atividade, conforme registrado pelos depoimentos gravados:<\/span><\/p>\n<p>\u201c\u2026 <em>\u00e9 muito importante essa participa\u00e7\u00e3o e essa divulga\u00e7\u00e3o, para que isso possa ser um promovedor do nosso Festival e da nossa gastronomia.\u201d<\/em>; disse Wesley Ant\u00f4nio Moutinho.<\/p>\n<p>\u201c<em>O pessoal passa a valorizar mais. V\u00ea que as pessoas de fora est\u00e3o valorizando a localidade, est\u00e3o valorizando aquilo que est\u00e1 acontecendo dentro da localidade, n\u00e9<\/em> ?\u201d; relatou Eliane Aparecida Martins Mota, uma das coordenadoras do evento.<\/p>\n<p><span style=\"font-size: 13px;\">A pr\u00f3xima Mostra de Videocabines ser\u00e1 realizada no dia 7 de setembro, s\u00e1bado, no subdistrito de Chapada, em Ouro Preto; quando estar\u00e1 acontecendo o Festival Gastroarte.<\/span><\/p>\n<p><img loading=\"lazy\" decoding=\"async\" class=\"size-medium\" title=\"01-2c2aa-exibicao-mostravideoc-sto-antonio-do-salto1\" src=\"\/wp-content\/uploads\/01-2c2aa-exibicao-mostravideoc-sto-antonio-do-salto1-300x200.jpg\" alt=\"01-2c2aa-exibicao-mostravideoc-sto-antonio-do-salto1\" width=\"300\" height=\"200\"><\/p>\n<p>&nbsp;<\/p>\n<p><img loading=\"lazy\" decoding=\"async\" class=\"size-medium\" title=\"02-2c2aa-exibicao-mostravideoc-sto-antonio-do-salto\" src=\"\/wp-content\/uploads\/02-2c2aa-exibicao-mostravideoc-sto-antonio-do-salto-300x200.jpg\" alt=\"02-2c2aa-exibicao-mostravideoc-sto-antonio-do-salto\" width=\"300\" height=\"200\"><\/p>\n<p>Durante o XI Festival de Cultura e Culin\u00e1ria T\u00edpica de Santo Ant\u00f4nio do Salto, distrito de Ouro Preto, moradores assistem \u00e0 exibi\u00e7\u00e3o da 2\u00aa Mostra de Videocabines, na pra\u00e7a Santo Ant\u00f4nio. Foto: Wesley Maur\u00edcio<\/p>\n<p>&nbsp;<\/p>\n<p><img loading=\"lazy\" decoding=\"async\" class=\"size-medium\" title=\"03-2c2aa-exibicao-mostravideoc-sto-antonio-do-salto\" src=\"\/wp-content\/uploads\/03-2c2aa-exibicao-mostravideoc-sto-antonio-do-salto-300x200.jpg\" alt=\"03-2c2aa-exibicao-mostravideoc-sto-antonio-do-salto\" width=\"300\" height=\"200\"><\/p>\n<p>Cristiane Evangelista, Agente Administrativo do N\u00facleo de Apoio T\u00e9cnico-Administrativo, preenche o termo de autoriza\u00e7\u00e3o da depoente Helo\u00edsa de F\u00e1tima Moutinho, no XI Festival de Cultura e Culin\u00e1ria T\u00edpica de Santo Ant\u00f4nio do Salto, ap\u00f3s a exibi\u00e7\u00e3o da 2\u00aa Mostra de Videocabines, na pra\u00e7a Santo Ant\u00f4nio. Foto: Wesley Maur\u00edcio<\/p>\n<p>&nbsp;<\/p>\n","protected":false},"excerpt":{"rendered":"<p>No domingo, dia 18 de agosto de 2013, ocorreu a segunda apresenta\u00e7\u00e3o da Mostra de Videocabines, desta vez no distrito de Santo Ant\u00f4nio do Salto, em Ouro Preto. A apresenta\u00e7\u00e3o come\u00e7ou por volta de 19 horas, na pra\u00e7a principal, local onde acontecia o Festival de Culin\u00e1ria T\u00edpica. Um \u00f3timo p\u00fablico &hellip;<\/p>\n","protected":false},"author":1,"featured_media":461,"comment_status":"open","ping_status":"closed","sticky":false,"template":"","format":"standard","meta":{"footnotes":""},"categories":[2],"tags":[],"class_list":["post-199","post","type-post","status-publish","format-standard","has-post-thumbnail","hentry","category-destaques-home"],"yoast_head":"<!-- This site is optimized with the Yoast SEO plugin v26.1.1 - https:\/\/yoast.com\/wordpress\/plugins\/seo\/ -->\n<title>Mostra de Videocabines em Santo Ant\u00f4nio do Salto &#8212; Trem da Vale<\/title>\n<meta name=\"robots\" content=\"index, follow, max-snippet:-1, max-image-preview:large, max-video-preview:-1\" \/>\n<link rel=\"canonical\" href=\"https:\/\/tremdavale.org\/pt\/mostra-de-videocabines-em-santo-antonio-do-salto\/\" \/>\n<meta property=\"og:locale\" content=\"pt_PT\" \/>\n<meta property=\"og:type\" content=\"article\" \/>\n<meta property=\"og:title\" content=\"Mostra de Videocabines em Santo Ant\u00f4nio do Salto &#8212; Trem da Vale\" \/>\n<meta property=\"og:description\" content=\"No domingo, dia 18 de agosto de 2013, ocorreu a segunda apresenta\u00e7\u00e3o da Mostra de Videocabines, desta vez no distrito de Santo Ant\u00f4nio do Salto, em Ouro Preto. A apresenta\u00e7\u00e3o come\u00e7ou por volta de 19 horas, na pra\u00e7a principal, local onde acontecia o Festival de Culin\u00e1ria T\u00edpica. Um \u00f3timo p\u00fablico &hellip;\" \/>\n<meta property=\"og:url\" content=\"https:\/\/tremdavale.org\/pt\/mostra-de-videocabines-em-santo-antonio-do-salto\/\" \/>\n<meta property=\"og:site_name\" content=\"Trem da Vale\" \/>\n<meta property=\"article:published_time\" content=\"2014-04-29T23:42:00+00:00\" \/>\n<meta property=\"article:modified_time\" content=\"2025-10-10T11:57:00+00:00\" \/>\n<meta property=\"og:image\" content=\"https:\/\/tremdavale.org\/wp-content\/uploads\/01-2c2aa-exibicao-mostravideoc-sto-antonio-do-salto1-300x200.jpg\" \/>\n\t<meta property=\"og:image:width\" content=\"300\" \/>\n\t<meta property=\"og:image:height\" content=\"200\" \/>\n\t<meta property=\"og:image:type\" content=\"image\/jpeg\" \/>\n<meta name=\"author\" content=\"admin\" \/>\n<meta name=\"twitter:card\" content=\"summary_large_image\" \/>\n<meta name=\"twitter:label1\" content=\"Escrito por\" \/>\n\t<meta name=\"twitter:data1\" content=\"admin\" \/>\n\t<meta name=\"twitter:label2\" content=\"Tempo estimado de leitura\" \/>\n\t<meta name=\"twitter:data2\" content=\"2 minutos\" \/>\n<script type=\"application\/ld+json\" class=\"yoast-schema-graph\">{\"@context\":\"https:\/\/schema.org\",\"@graph\":[{\"@type\":\"WebPage\",\"@id\":\"https:\/\/tremdavale.org\/pt\/mostra-de-videocabines-em-santo-antonio-do-salto\/\",\"url\":\"https:\/\/tremdavale.org\/pt\/mostra-de-videocabines-em-santo-antonio-do-salto\/\",\"name\":\"Mostra de Videocabines em Santo Ant\u00f4nio do Salto &#8212; Trem da Vale\",\"isPartOf\":{\"@id\":\"https:\/\/tremdavale.org\/pt\/#website\"},\"primaryImageOfPage\":{\"@id\":\"https:\/\/tremdavale.org\/pt\/mostra-de-videocabines-em-santo-antonio-do-salto\/#primaryimage\"},\"image\":{\"@id\":\"https:\/\/tremdavale.org\/pt\/mostra-de-videocabines-em-santo-antonio-do-salto\/#primaryimage\"},\"thumbnailUrl\":\"https:\/\/tremdavale.org\/wp-content\/uploads\/01-2c2aa-exibicao-mostravideoc-sto-antonio-do-salto1-300x200.jpg\",\"datePublished\":\"2014-04-29T23:42:00+00:00\",\"dateModified\":\"2025-10-10T11:57:00+00:00\",\"author\":{\"@id\":\"https:\/\/tremdavale.org\/pt\/#\/schema\/person\/50912137d47426d31329f246d02eaeca\"},\"breadcrumb\":{\"@id\":\"https:\/\/tremdavale.org\/pt\/mostra-de-videocabines-em-santo-antonio-do-salto\/#breadcrumb\"},\"inLanguage\":\"pt-PT\",\"potentialAction\":[{\"@type\":\"ReadAction\",\"target\":[\"https:\/\/tremdavale.org\/pt\/mostra-de-videocabines-em-santo-antonio-do-salto\/\"]}]},{\"@type\":\"ImageObject\",\"inLanguage\":\"pt-PT\",\"@id\":\"https:\/\/tremdavale.org\/pt\/mostra-de-videocabines-em-santo-antonio-do-salto\/#primaryimage\",\"url\":\"https:\/\/tremdavale.org\/wp-content\/uploads\/01-2c2aa-exibicao-mostravideoc-sto-antonio-do-salto1-300x200.jpg\",\"contentUrl\":\"https:\/\/tremdavale.org\/wp-content\/uploads\/01-2c2aa-exibicao-mostravideoc-sto-antonio-do-salto1-300x200.jpg\",\"width\":300,\"height\":200},{\"@type\":\"BreadcrumbList\",\"@id\":\"https:\/\/tremdavale.org\/pt\/mostra-de-videocabines-em-santo-antonio-do-salto\/#breadcrumb\",\"itemListElement\":[{\"@type\":\"ListItem\",\"position\":1,\"name\":\"In\u00edcio\",\"item\":\"https:\/\/tremdavale.org\/pt\/\"},{\"@type\":\"ListItem\",\"position\":2,\"name\":\"Mostra de Videocabines em Santo Ant\u00f4nio do Salto\"}]},{\"@type\":\"WebSite\",\"@id\":\"https:\/\/tremdavale.org\/pt\/#website\",\"url\":\"https:\/\/tremdavale.org\/pt\/\",\"name\":\"Trem da Vale\",\"description\":\"Programa de Educa\u00e7\u00e3o Patrimonial\",\"potentialAction\":[{\"@type\":\"SearchAction\",\"target\":{\"@type\":\"EntryPoint\",\"urlTemplate\":\"https:\/\/tremdavale.org\/pt\/?s={search_term_string}\"},\"query-input\":{\"@type\":\"PropertyValueSpecification\",\"valueRequired\":true,\"valueName\":\"search_term_string\"}}],\"inLanguage\":\"pt-PT\"},{\"@type\":\"Person\",\"@id\":\"https:\/\/tremdavale.org\/pt\/#\/schema\/person\/50912137d47426d31329f246d02eaeca\",\"name\":\"admin\",\"image\":{\"@type\":\"ImageObject\",\"inLanguage\":\"pt-PT\",\"@id\":\"https:\/\/tremdavale.org\/pt\/#\/schema\/person\/image\/\",\"url\":\"https:\/\/secure.gravatar.com\/avatar\/b3564f0fda6ea47959fe96a4217203e79a167568a37409758659bc3ba443b452?s=96&d=mm&r=g\",\"contentUrl\":\"https:\/\/secure.gravatar.com\/avatar\/b3564f0fda6ea47959fe96a4217203e79a167568a37409758659bc3ba443b452?s=96&d=mm&r=g\",\"caption\":\"admin\"},\"sameAs\":[\"https:\/\/tremdavale.org\"],\"url\":\"https:\/\/tremdavale.org\/pt\/author\/admin\/\"}]}<\/script>\n<!-- \/ Yoast SEO plugin. -->","yoast_head_json":{"title":"Mostra de Videocabines em Santo Ant\u00f4nio do Salto &#8212; Trem da Vale","robots":{"index":"index","follow":"follow","max-snippet":"max-snippet:-1","max-image-preview":"max-image-preview:large","max-video-preview":"max-video-preview:-1"},"canonical":"https:\/\/tremdavale.org\/pt\/mostra-de-videocabines-em-santo-antonio-do-salto\/","og_locale":"pt_PT","og_type":"article","og_title":"Mostra de Videocabines em Santo Ant\u00f4nio do Salto &#8212; Trem da Vale","og_description":"No domingo, dia 18 de agosto de 2013, ocorreu a segunda apresenta\u00e7\u00e3o da Mostra de Videocabines, desta vez no distrito de Santo Ant\u00f4nio do Salto, em Ouro Preto. A apresenta\u00e7\u00e3o come\u00e7ou por volta de 19 horas, na pra\u00e7a principal, local onde acontecia o Festival de Culin\u00e1ria T\u00edpica. Um \u00f3timo p\u00fablico &hellip;","og_url":"https:\/\/tremdavale.org\/pt\/mostra-de-videocabines-em-santo-antonio-do-salto\/","og_site_name":"Trem da Vale","article_published_time":"2014-04-29T23:42:00+00:00","article_modified_time":"2025-10-10T11:57:00+00:00","og_image":[{"width":300,"height":200,"url":"https:\/\/tremdavale.org\/wp-content\/uploads\/01-2c2aa-exibicao-mostravideoc-sto-antonio-do-salto1-300x200.jpg","type":"image\/jpeg"}],"author":"admin","twitter_card":"summary_large_image","twitter_misc":{"Escrito por":"admin","Tempo estimado de leitura":"2 minutos"},"schema":{"@context":"https:\/\/schema.org","@graph":[{"@type":"WebPage","@id":"https:\/\/tremdavale.org\/pt\/mostra-de-videocabines-em-santo-antonio-do-salto\/","url":"https:\/\/tremdavale.org\/pt\/mostra-de-videocabines-em-santo-antonio-do-salto\/","name":"Mostra de Videocabines em Santo Ant\u00f4nio do Salto &#8212; Trem da Vale","isPartOf":{"@id":"https:\/\/tremdavale.org\/pt\/#website"},"primaryImageOfPage":{"@id":"https:\/\/tremdavale.org\/pt\/mostra-de-videocabines-em-santo-antonio-do-salto\/#primaryimage"},"image":{"@id":"https:\/\/tremdavale.org\/pt\/mostra-de-videocabines-em-santo-antonio-do-salto\/#primaryimage"},"thumbnailUrl":"https:\/\/tremdavale.org\/wp-content\/uploads\/01-2c2aa-exibicao-mostravideoc-sto-antonio-do-salto1-300x200.jpg","datePublished":"2014-04-29T23:42:00+00:00","dateModified":"2025-10-10T11:57:00+00:00","author":{"@id":"https:\/\/tremdavale.org\/pt\/#\/schema\/person\/50912137d47426d31329f246d02eaeca"},"breadcrumb":{"@id":"https:\/\/tremdavale.org\/pt\/mostra-de-videocabines-em-santo-antonio-do-salto\/#breadcrumb"},"inLanguage":"pt-PT","potentialAction":[{"@type":"ReadAction","target":["https:\/\/tremdavale.org\/pt\/mostra-de-videocabines-em-santo-antonio-do-salto\/"]}]},{"@type":"ImageObject","inLanguage":"pt-PT","@id":"https:\/\/tremdavale.org\/pt\/mostra-de-videocabines-em-santo-antonio-do-salto\/#primaryimage","url":"https:\/\/tremdavale.org\/wp-content\/uploads\/01-2c2aa-exibicao-mostravideoc-sto-antonio-do-salto1-300x200.jpg","contentUrl":"https:\/\/tremdavale.org\/wp-content\/uploads\/01-2c2aa-exibicao-mostravideoc-sto-antonio-do-salto1-300x200.jpg","width":300,"height":200},{"@type":"BreadcrumbList","@id":"https:\/\/tremdavale.org\/pt\/mostra-de-videocabines-em-santo-antonio-do-salto\/#breadcrumb","itemListElement":[{"@type":"ListItem","position":1,"name":"In\u00edcio","item":"https:\/\/tremdavale.org\/pt\/"},{"@type":"ListItem","position":2,"name":"Mostra de Videocabines em Santo Ant\u00f4nio do Salto"}]},{"@type":"WebSite","@id":"https:\/\/tremdavale.org\/pt\/#website","url":"https:\/\/tremdavale.org\/pt\/","name":"Trem da Vale","description":"Programa de Educa\u00e7\u00e3o Patrimonial","potentialAction":[{"@type":"SearchAction","target":{"@type":"EntryPoint","urlTemplate":"https:\/\/tremdavale.org\/pt\/?s={search_term_string}"},"query-input":{"@type":"PropertyValueSpecification","valueRequired":true,"valueName":"search_term_string"}}],"inLanguage":"pt-PT"},{"@type":"Person","@id":"https:\/\/tremdavale.org\/pt\/#\/schema\/person\/50912137d47426d31329f246d02eaeca","name":"admin","image":{"@type":"ImageObject","inLanguage":"pt-PT","@id":"https:\/\/tremdavale.org\/pt\/#\/schema\/person\/image\/","url":"https:\/\/secure.gravatar.com\/avatar\/b3564f0fda6ea47959fe96a4217203e79a167568a37409758659bc3ba443b452?s=96&d=mm&r=g","contentUrl":"https:\/\/secure.gravatar.com\/avatar\/b3564f0fda6ea47959fe96a4217203e79a167568a37409758659bc3ba443b452?s=96&d=mm&r=g","caption":"admin"},"sameAs":["https:\/\/tremdavale.org"],"url":"https:\/\/tremdavale.org\/pt\/author\/admin\/"}]}},"_links":{"self":[{"href":"https:\/\/tremdavale.org\/pt\/wp-json\/wp\/v2\/posts\/199","targetHints":{"allow":["GET"]}}],"collection":[{"href":"https:\/\/tremdavale.org\/pt\/wp-json\/wp\/v2\/posts"}],"about":[{"href":"https:\/\/tremdavale.org\/pt\/wp-json\/wp\/v2\/types\/post"}],"author":[{"embeddable":true,"href":"https:\/\/tremdavale.org\/pt\/wp-json\/wp\/v2\/users\/1"}],"replies":[{"embeddable":true,"href":"https:\/\/tremdavale.org\/pt\/wp-json\/wp\/v2\/comments?post=199"}],"version-history":[{"count":0,"href":"https:\/\/tremdavale.org\/pt\/wp-json\/wp\/v2\/posts\/199\/revisions"}],"wp:featuredmedia":[{"embeddable":true,"href":"https:\/\/tremdavale.org\/pt\/wp-json\/wp\/v2\/media\/461"}],"wp:attachment":[{"href":"https:\/\/tremdavale.org\/pt\/wp-json\/wp\/v2\/media?parent=199"}],"wp:term":[{"taxonomy":"category","embeddable":true,"href":"https:\/\/tremdavale.org\/pt\/wp-json\/wp\/v2\/categories?post=199"},{"taxonomy":"post_tag","embeddable":true,"href":"https:\/\/tremdavale.org\/pt\/wp-json\/wp\/v2\/tags?post=199"}],"curies":[{"name":"wp","href":"https:\/\/api.w.org\/{rel}","templated":true}]}}