{"id":200,"date":"2013-12-19T17:02:00","date_gmt":"2013-12-19T17:02:00","guid":{"rendered":"https:\/\/tremdavale.org\/?p=200"},"modified":"2025-10-10T11:57:00","modified_gmt":"2025-10-10T11:57:00","slug":"mostra-de-videocabines-padre-viegas-mariana","status":"publish","type":"post","link":"https:\/\/tremdavale.org\/pt\/mostra-de-videocabines-padre-viegas-mariana\/","title":{"rendered":"Mostra de Videocabines &#8211; Padre Viegas, Mariana"},"content":{"rendered":"<p>No s\u00e1bado, dia 12 de outubro de 2013, ocorreu a quinta apresenta\u00e7\u00e3o da Mostra de Videocabines, no distrito de Padre Viegas, em Mariana. A exibi\u00e7\u00e3o teve in\u00edcio por volta de 18h30 e foi feita na Pra\u00e7a do Ros\u00e1rio, onde&nbsp;estava acontecendo o tradicional Festival de Cuscuz.<\/p>\n<p>Um p\u00fablico de 350 pessoas prestigiou a exibi\u00e7\u00e3o de um v\u00eddeo institucional da Vale, de 3 minutos de dura\u00e7\u00e3o; e da edi\u00e7\u00e3o das videocabines \u201cCulin\u00e1ria I\u201d e \u201cLendas, Casos e Mitos II\u201d, ambas gravadas ali mesmo, no distrito de Padre Viegas, em 2007 e 2008 respectivamente. O tempo da exibi\u00e7\u00e3o das videocabines foi de aproximadamente 35 minutos.<\/p>\n<p>Ao final da exibi\u00e7\u00e3o, pessoas ali presentes parabenizaram e agradeceram a equipe do Programa pela iniciativa e promo\u00e7\u00e3o da atividade. Alguns depoimentos de moradores da comunidade foram gravados.<\/p>\n<p>Pedro de Alc\u00e2ntara Gomes, disse: <em>\u201cIsso tem que ser divulgado, tem que mostrar pras pessoas as nossas tradi\u00e7\u00f5es, nossas lendas do passado, pra isso n\u00e3o cair no esquecimento e\u2026 continuar viva isso a\u00ed, porque isso \u00e9\u2026 o resgate do nosso passado\u201d<\/em>.<\/p>\n<p>Margarida Ang\u00e9lica Gon\u00e7alves Moreira, diretora da Escola Estadual Padre Viegas, acrescentou: \u201c\u00c9 uma oportunidade excelente pra nossa comunidade,\u2026 porque as pessoas que n\u00e3o tem oportunidade de estar indo a Ouro Preto ou Mariana,\u2026 ou seja, eles n\u00e3o v\u00e3o pra l\u00e1, mas voc\u00eas v\u00eam at\u00e9 aqui. Isso \u00e9 uma excelente oportunidade,\u2026 pra comunidade e tamb\u00e9m uma divulga\u00e7\u00e3o,\u2026 uma maneira diferente de divulgar o trabalho de voc\u00eas aqui na comunidade, porque nem todas as pessoas sabem que voc\u00eas j\u00e1 fizeram esse trabalho aqui\u201d.&nbsp; <a name=\"_GoBack\" id=\"_GoBack\"><\/a><\/p>\n<p>E Guilherme Henrique de Lima, morador do distrito, acrescenta: <em>\u201cAh, eu gostei muito n\u00e9, porque o Trem da Vale est\u00e1 trazendo a oportunidade da gente rever as pessoas que j\u00e1 partiram, ver\u2026 eu inclusive me vi no v\u00eddeo, gostei pra caramba, eu era pequeninho, estava at\u00e9 bonitinho. \u00c9\u2026 vi meu av\u00f4 que j\u00e1 faleceu, voltou pra matar bastante saudades\u2026 Alguns amigos nossos que\u2026 tamb\u00e9m j\u00e1 faleceram. \u00c9 um momento bem particular mesmo, eu cheguei a me emocionar bastante com o v\u00eddeo\u201d<\/em>.<\/p>\n<p>&nbsp;<\/p>\n<p><img loading=\"lazy\" decoding=\"async\" class=\"size-medium\" title=\"01exibic_a_o-5c2aa-mostravideoc-padre-viegasma1\" src=\"\/wp-content\/uploads\/01exibic_a_o-5c2aa-mostravideoc-padre-viegasma1-300x200.jpg\" alt=\"01 \u2013 Rosilene Figueiredo, Gerente Operacional do Apoio T\u00e9cnico-Administrativo, fala aos participantes da 5\u00aa exibi\u00e7\u00e3o da Mostra de Videocabines \u2013 \u201cCulin\u00e1ria I\u201d e \u201cLendas, Casos e Mitos II\u201d, na Pra\u00e7a do Ros\u00e1rio, no distrito de Padre Viegas, em Mariana. Foto: Wesley Maur\u00edcio\" width=\"300\" height=\"200\"><\/p>\n<p>Rosilene Figueiredo, Gerente Operacional do Apoio T\u00e9cnico-Administrativo, fala aos participantes da 5\u00aa exibi\u00e7\u00e3o da Mostra de Videocabines \u2013 \u201cCulin\u00e1ria I\u201d e \u201cLendas, Casos e Mitos II\u201d, na Pra\u00e7a do Ros\u00e1rio, no distrito de Padre Viegas, em Mariana. Foto: Wesley Maur\u00edcio<\/p>\n<p>&nbsp;<\/p>\n<p><img loading=\"lazy\" decoding=\"async\" class=\"size-medium\" title=\"02exibic_a_o-5c2aa-mostravideoc-padre-viegasma\" src=\"\/wp-content\/uploads\/02exibic_a_o-5c2aa-mostravideoc-padre-viegasma-300x200.jpg\" alt=\"A equipe do Vale Registrar \u2013 Leonardo Penna (Gerente Operacional do N\u00facleo de Audiovisual) e Andr\u00e9 Sousa (estagi\u00e1rio do Apoio T\u00e9cnico-Administrativo) \u2013 gravam depoimento de Margarida Ang\u00e9lica Gon\u00e7alves Moreira, ao lado da Igreja Nossa Senhora do Ros\u00e1rio, momentos antes da 5\u00aa exibi\u00e7\u00e3o da Mostra de Videocabines, no distrito de Padre Viegas, em Mariana. Foto: Wesley Maur\u00edcio\" width=\"300\" height=\"200\"><\/p>\n<p>A equipe do Vale Registrar \u2013 Leonardo Penna (Gerente Operacional do N\u00facleo de Audiovisual) e Andr\u00e9 Sousa (estagi\u00e1rio do Apoio T\u00e9cnico-Administrativo) \u2013 gravam depoimento de Margarida Ang\u00e9lica Gon\u00e7alves Moreira, ao lado da Igreja Nossa Senhora do Ros\u00e1rio, momentos antes da 5\u00aa exibi\u00e7\u00e3o da Mostra de Videocabines, no distrito de Padre Viegas, em Mariana. Foto: Wesley Maur\u00edcio<\/p>\n<p>&nbsp;<\/p>\n<p><img loading=\"lazy\" decoding=\"async\" class=\"size-medium\" title=\"03exibic_a_o-5c2aa-mostravideoc-padre-viegasma\" src=\"\/wp-content\/uploads\/03exibic_a_o-5c2aa-mostravideoc-padre-viegasma-300x200.jpg\" alt=\"Participantes do 10\u00ba Festival de Cuscuz de Sumidouro acompanham a 5\u00aa exibi\u00e7\u00e3o da Mostra de Videocabines, na Pra\u00e7a do Ros\u00e1rio, no distrito de Padre Viegas, em Mariana. Foto: Wesley Maur\u00edcio\" width=\"300\" height=\"200\"><\/p>\n<p>Participantes do 10\u00ba Festival de Cuscuz de Sumidouro acompanham a 5\u00aa exibi\u00e7\u00e3o da Mostra de Videocabines, na Pra\u00e7a do Ros\u00e1rio, no distrito de Padre Viegas, em Mariana. Foto: Wesley Maur\u00edcio<\/p>\n<p>&nbsp;<\/p>\n<p><img loading=\"lazy\" decoding=\"async\" class=\"size-medium\" title=\"04exibic_a_o-5c2aa-mostravideoc-padre-viegasma\" src=\"\/wp-content\/uploads\/04exibic_a_o-5c2aa-mostravideoc-padre-viegasma-300x200.jpg\" alt=\"Participantes acompanham a 5\u00aa exibi\u00e7\u00e3o da Mostra de Videocabines \u2013 \u201cCulin\u00e1ria I\u201d e \u201cLendas, Casos e Mitos II\u201d, na Pra\u00e7a do Ros\u00e1rio, no distrito de Padre Viegas, em Mariana. Foto: Wesley Maur\u00edcio\" width=\"300\" height=\"200\"><\/p>\n<p>Participantes acompanham a 5\u00aa exibi\u00e7\u00e3o da Mostra de Videocabines \u2013 \u201cCulin\u00e1ria I\u201d e \u201cLendas, Casos e Mitos II\u201d, na Pra\u00e7a do Ros\u00e1rio, no distrito de Padre Viegas, em Mariana. Foto: Wesley Maur\u00edcio<\/p>\n<p>&nbsp;<\/p>\n","protected":false},"excerpt":{"rendered":"<p>No s\u00e1bado, dia 12 de outubro de 2013, ocorreu a quinta apresenta\u00e7\u00e3o da Mostra de Videocabines, no distrito de Padre Viegas, em Mariana. A exibi\u00e7\u00e3o teve in\u00edcio por volta de 18h30 e foi feita na Pra\u00e7a do Ros\u00e1rio, onde&nbsp;estava acontecendo o tradicional Festival de Cuscuz. Um p\u00fablico de 350 pessoas &hellip;<\/p>\n","protected":false},"author":1,"featured_media":462,"comment_status":"open","ping_status":"closed","sticky":false,"template":"","format":"standard","meta":{"footnotes":""},"categories":[2],"tags":[],"class_list":["post-200","post","type-post","status-publish","format-standard","has-post-thumbnail","hentry","category-destaques-home"],"yoast_head":"<!-- This site is optimized with the Yoast SEO plugin v26.1.1 - https:\/\/yoast.com\/wordpress\/plugins\/seo\/ -->\n<title>Mostra de Videocabines - Padre Viegas, Mariana &#8212; Trem da Vale<\/title>\n<meta name=\"robots\" content=\"index, follow, max-snippet:-1, max-image-preview:large, max-video-preview:-1\" \/>\n<link rel=\"canonical\" href=\"https:\/\/tremdavale.org\/pt\/mostra-de-videocabines-padre-viegas-mariana\/\" \/>\n<meta property=\"og:locale\" content=\"pt_PT\" \/>\n<meta property=\"og:type\" content=\"article\" \/>\n<meta property=\"og:title\" content=\"Mostra de Videocabines - Padre Viegas, Mariana &#8212; Trem da Vale\" \/>\n<meta property=\"og:description\" content=\"No s\u00e1bado, dia 12 de outubro de 2013, ocorreu a quinta apresenta\u00e7\u00e3o da Mostra de Videocabines, no distrito de Padre Viegas, em Mariana. A exibi\u00e7\u00e3o teve in\u00edcio por volta de 18h30 e foi feita na Pra\u00e7a do Ros\u00e1rio, onde&nbsp;estava acontecendo o tradicional Festival de Cuscuz. Um p\u00fablico de 350 pessoas &hellip;\" \/>\n<meta property=\"og:url\" content=\"https:\/\/tremdavale.org\/pt\/mostra-de-videocabines-padre-viegas-mariana\/\" \/>\n<meta property=\"og:site_name\" content=\"Trem da Vale\" \/>\n<meta property=\"article:published_time\" content=\"2013-12-19T17:02:00+00:00\" \/>\n<meta property=\"article:modified_time\" content=\"2025-10-10T11:57:00+00:00\" \/>\n<meta property=\"og:image\" content=\"https:\/\/tremdavale.org\/wp-content\/uploads\/01exibic_a_o-5c2aa-mostravideoc-padre-viegasma1-300x200.jpg\" \/>\n\t<meta property=\"og:image:width\" content=\"300\" \/>\n\t<meta property=\"og:image:height\" content=\"200\" \/>\n\t<meta property=\"og:image:type\" content=\"image\/jpeg\" \/>\n<meta name=\"author\" content=\"admin\" \/>\n<meta name=\"twitter:card\" content=\"summary_large_image\" \/>\n<meta name=\"twitter:label1\" content=\"Escrito por\" \/>\n\t<meta name=\"twitter:data1\" content=\"admin\" \/>\n\t<meta name=\"twitter:label2\" content=\"Tempo estimado de leitura\" \/>\n\t<meta name=\"twitter:data2\" content=\"3 minutos\" \/>\n<script type=\"application\/ld+json\" class=\"yoast-schema-graph\">{\"@context\":\"https:\/\/schema.org\",\"@graph\":[{\"@type\":\"WebPage\",\"@id\":\"https:\/\/tremdavale.org\/pt\/mostra-de-videocabines-padre-viegas-mariana\/\",\"url\":\"https:\/\/tremdavale.org\/pt\/mostra-de-videocabines-padre-viegas-mariana\/\",\"name\":\"Mostra de Videocabines - Padre Viegas, Mariana &#8212; Trem da Vale\",\"isPartOf\":{\"@id\":\"https:\/\/tremdavale.org\/pt\/#website\"},\"primaryImageOfPage\":{\"@id\":\"https:\/\/tremdavale.org\/pt\/mostra-de-videocabines-padre-viegas-mariana\/#primaryimage\"},\"image\":{\"@id\":\"https:\/\/tremdavale.org\/pt\/mostra-de-videocabines-padre-viegas-mariana\/#primaryimage\"},\"thumbnailUrl\":\"https:\/\/tremdavale.org\/wp-content\/uploads\/01exibic_a_o-5c2aa-mostravideoc-padre-viegasma1-300x200.jpg\",\"datePublished\":\"2013-12-19T17:02:00+00:00\",\"dateModified\":\"2025-10-10T11:57:00+00:00\",\"author\":{\"@id\":\"https:\/\/tremdavale.org\/pt\/#\/schema\/person\/50912137d47426d31329f246d02eaeca\"},\"breadcrumb\":{\"@id\":\"https:\/\/tremdavale.org\/pt\/mostra-de-videocabines-padre-viegas-mariana\/#breadcrumb\"},\"inLanguage\":\"pt-PT\",\"potentialAction\":[{\"@type\":\"ReadAction\",\"target\":[\"https:\/\/tremdavale.org\/pt\/mostra-de-videocabines-padre-viegas-mariana\/\"]}]},{\"@type\":\"ImageObject\",\"inLanguage\":\"pt-PT\",\"@id\":\"https:\/\/tremdavale.org\/pt\/mostra-de-videocabines-padre-viegas-mariana\/#primaryimage\",\"url\":\"https:\/\/tremdavale.org\/wp-content\/uploads\/01exibic_a_o-5c2aa-mostravideoc-padre-viegasma1-300x200.jpg\",\"contentUrl\":\"https:\/\/tremdavale.org\/wp-content\/uploads\/01exibic_a_o-5c2aa-mostravideoc-padre-viegasma1-300x200.jpg\",\"width\":300,\"height\":200},{\"@type\":\"BreadcrumbList\",\"@id\":\"https:\/\/tremdavale.org\/pt\/mostra-de-videocabines-padre-viegas-mariana\/#breadcrumb\",\"itemListElement\":[{\"@type\":\"ListItem\",\"position\":1,\"name\":\"In\u00edcio\",\"item\":\"https:\/\/tremdavale.org\/pt\/\"},{\"@type\":\"ListItem\",\"position\":2,\"name\":\"Mostra de Videocabines &#8211; Padre Viegas, Mariana\"}]},{\"@type\":\"WebSite\",\"@id\":\"https:\/\/tremdavale.org\/pt\/#website\",\"url\":\"https:\/\/tremdavale.org\/pt\/\",\"name\":\"Trem da Vale\",\"description\":\"Programa de Educa\u00e7\u00e3o Patrimonial\",\"potentialAction\":[{\"@type\":\"SearchAction\",\"target\":{\"@type\":\"EntryPoint\",\"urlTemplate\":\"https:\/\/tremdavale.org\/pt\/?s={search_term_string}\"},\"query-input\":{\"@type\":\"PropertyValueSpecification\",\"valueRequired\":true,\"valueName\":\"search_term_string\"}}],\"inLanguage\":\"pt-PT\"},{\"@type\":\"Person\",\"@id\":\"https:\/\/tremdavale.org\/pt\/#\/schema\/person\/50912137d47426d31329f246d02eaeca\",\"name\":\"admin\",\"image\":{\"@type\":\"ImageObject\",\"inLanguage\":\"pt-PT\",\"@id\":\"https:\/\/tremdavale.org\/pt\/#\/schema\/person\/image\/\",\"url\":\"https:\/\/secure.gravatar.com\/avatar\/b3564f0fda6ea47959fe96a4217203e79a167568a37409758659bc3ba443b452?s=96&d=mm&r=g\",\"contentUrl\":\"https:\/\/secure.gravatar.com\/avatar\/b3564f0fda6ea47959fe96a4217203e79a167568a37409758659bc3ba443b452?s=96&d=mm&r=g\",\"caption\":\"admin\"},\"sameAs\":[\"https:\/\/tremdavale.org\"],\"url\":\"https:\/\/tremdavale.org\/pt\/author\/admin\/\"}]}<\/script>\n<!-- \/ Yoast SEO plugin. -->","yoast_head_json":{"title":"Mostra de Videocabines - Padre Viegas, Mariana &#8212; Trem da Vale","robots":{"index":"index","follow":"follow","max-snippet":"max-snippet:-1","max-image-preview":"max-image-preview:large","max-video-preview":"max-video-preview:-1"},"canonical":"https:\/\/tremdavale.org\/pt\/mostra-de-videocabines-padre-viegas-mariana\/","og_locale":"pt_PT","og_type":"article","og_title":"Mostra de Videocabines - Padre Viegas, Mariana &#8212; Trem da Vale","og_description":"No s\u00e1bado, dia 12 de outubro de 2013, ocorreu a quinta apresenta\u00e7\u00e3o da Mostra de Videocabines, no distrito de Padre Viegas, em Mariana. A exibi\u00e7\u00e3o teve in\u00edcio por volta de 18h30 e foi feita na Pra\u00e7a do Ros\u00e1rio, onde&nbsp;estava acontecendo o tradicional Festival de Cuscuz. Um p\u00fablico de 350 pessoas &hellip;","og_url":"https:\/\/tremdavale.org\/pt\/mostra-de-videocabines-padre-viegas-mariana\/","og_site_name":"Trem da Vale","article_published_time":"2013-12-19T17:02:00+00:00","article_modified_time":"2025-10-10T11:57:00+00:00","og_image":[{"width":300,"height":200,"url":"https:\/\/tremdavale.org\/wp-content\/uploads\/01exibic_a_o-5c2aa-mostravideoc-padre-viegasma1-300x200.jpg","type":"image\/jpeg"}],"author":"admin","twitter_card":"summary_large_image","twitter_misc":{"Escrito por":"admin","Tempo estimado de leitura":"3 minutos"},"schema":{"@context":"https:\/\/schema.org","@graph":[{"@type":"WebPage","@id":"https:\/\/tremdavale.org\/pt\/mostra-de-videocabines-padre-viegas-mariana\/","url":"https:\/\/tremdavale.org\/pt\/mostra-de-videocabines-padre-viegas-mariana\/","name":"Mostra de Videocabines - Padre Viegas, Mariana &#8212; Trem da Vale","isPartOf":{"@id":"https:\/\/tremdavale.org\/pt\/#website"},"primaryImageOfPage":{"@id":"https:\/\/tremdavale.org\/pt\/mostra-de-videocabines-padre-viegas-mariana\/#primaryimage"},"image":{"@id":"https:\/\/tremdavale.org\/pt\/mostra-de-videocabines-padre-viegas-mariana\/#primaryimage"},"thumbnailUrl":"https:\/\/tremdavale.org\/wp-content\/uploads\/01exibic_a_o-5c2aa-mostravideoc-padre-viegasma1-300x200.jpg","datePublished":"2013-12-19T17:02:00+00:00","dateModified":"2025-10-10T11:57:00+00:00","author":{"@id":"https:\/\/tremdavale.org\/pt\/#\/schema\/person\/50912137d47426d31329f246d02eaeca"},"breadcrumb":{"@id":"https:\/\/tremdavale.org\/pt\/mostra-de-videocabines-padre-viegas-mariana\/#breadcrumb"},"inLanguage":"pt-PT","potentialAction":[{"@type":"ReadAction","target":["https:\/\/tremdavale.org\/pt\/mostra-de-videocabines-padre-viegas-mariana\/"]}]},{"@type":"ImageObject","inLanguage":"pt-PT","@id":"https:\/\/tremdavale.org\/pt\/mostra-de-videocabines-padre-viegas-mariana\/#primaryimage","url":"https:\/\/tremdavale.org\/wp-content\/uploads\/01exibic_a_o-5c2aa-mostravideoc-padre-viegasma1-300x200.jpg","contentUrl":"https:\/\/tremdavale.org\/wp-content\/uploads\/01exibic_a_o-5c2aa-mostravideoc-padre-viegasma1-300x200.jpg","width":300,"height":200},{"@type":"BreadcrumbList","@id":"https:\/\/tremdavale.org\/pt\/mostra-de-videocabines-padre-viegas-mariana\/#breadcrumb","itemListElement":[{"@type":"ListItem","position":1,"name":"In\u00edcio","item":"https:\/\/tremdavale.org\/pt\/"},{"@type":"ListItem","position":2,"name":"Mostra de Videocabines &#8211; Padre Viegas, Mariana"}]},{"@type":"WebSite","@id":"https:\/\/tremdavale.org\/pt\/#website","url":"https:\/\/tremdavale.org\/pt\/","name":"Trem da Vale","description":"Programa de Educa\u00e7\u00e3o Patrimonial","potentialAction":[{"@type":"SearchAction","target":{"@type":"EntryPoint","urlTemplate":"https:\/\/tremdavale.org\/pt\/?s={search_term_string}"},"query-input":{"@type":"PropertyValueSpecification","valueRequired":true,"valueName":"search_term_string"}}],"inLanguage":"pt-PT"},{"@type":"Person","@id":"https:\/\/tremdavale.org\/pt\/#\/schema\/person\/50912137d47426d31329f246d02eaeca","name":"admin","image":{"@type":"ImageObject","inLanguage":"pt-PT","@id":"https:\/\/tremdavale.org\/pt\/#\/schema\/person\/image\/","url":"https:\/\/secure.gravatar.com\/avatar\/b3564f0fda6ea47959fe96a4217203e79a167568a37409758659bc3ba443b452?s=96&d=mm&r=g","contentUrl":"https:\/\/secure.gravatar.com\/avatar\/b3564f0fda6ea47959fe96a4217203e79a167568a37409758659bc3ba443b452?s=96&d=mm&r=g","caption":"admin"},"sameAs":["https:\/\/tremdavale.org"],"url":"https:\/\/tremdavale.org\/pt\/author\/admin\/"}]}},"_links":{"self":[{"href":"https:\/\/tremdavale.org\/pt\/wp-json\/wp\/v2\/posts\/200","targetHints":{"allow":["GET"]}}],"collection":[{"href":"https:\/\/tremdavale.org\/pt\/wp-json\/wp\/v2\/posts"}],"about":[{"href":"https:\/\/tremdavale.org\/pt\/wp-json\/wp\/v2\/types\/post"}],"author":[{"embeddable":true,"href":"https:\/\/tremdavale.org\/pt\/wp-json\/wp\/v2\/users\/1"}],"replies":[{"embeddable":true,"href":"https:\/\/tremdavale.org\/pt\/wp-json\/wp\/v2\/comments?post=200"}],"version-history":[{"count":0,"href":"https:\/\/tremdavale.org\/pt\/wp-json\/wp\/v2\/posts\/200\/revisions"}],"wp:featuredmedia":[{"embeddable":true,"href":"https:\/\/tremdavale.org\/pt\/wp-json\/wp\/v2\/media\/462"}],"wp:attachment":[{"href":"https:\/\/tremdavale.org\/pt\/wp-json\/wp\/v2\/media?parent=200"}],"wp:term":[{"taxonomy":"category","embeddable":true,"href":"https:\/\/tremdavale.org\/pt\/wp-json\/wp\/v2\/categories?post=200"},{"taxonomy":"post_tag","embeddable":true,"href":"https:\/\/tremdavale.org\/pt\/wp-json\/wp\/v2\/tags?post=200"}],"curies":[{"name":"wp","href":"https:\/\/api.w.org\/{rel}","templated":true}]}}