{"id":201,"date":"2013-12-19T17:49:00","date_gmt":"2013-12-19T17:49:00","guid":{"rendered":"https:\/\/tremdavale.org\/?p=201"},"modified":"2025-10-10T11:57:00","modified_gmt":"2025-10-10T11:57:00","slug":"mostra-de-videocabines-adro-da-igreja-sao-francisco-de-assis-ouro-preto","status":"publish","type":"post","link":"https:\/\/tremdavale.org\/pt\/mostra-de-videocabines-adro-da-igreja-sao-francisco-de-assis-ouro-preto\/","title":{"rendered":"Mostra de Videocabines \u2013 Adro da Igreja S\u00e3o Francisco de Assis, Ouro Preto"},"content":{"rendered":"<p>No s\u00e1bado, dia 16 de novembro de 2013, ocorreu a sexta apresenta\u00e7\u00e3o da Mostra de Videocabines, no Adro da Igreja S\u00e3o Francisco de Assis, em Ouro Preto. A exibi\u00e7\u00e3o teve in\u00edcio por volta de 21h30 e fez parte das comemora\u00e7\u00f5es da 36\u00aa Semana de Aleijadinho.<\/p>\n<p>Um p\u00fablico de 130 pessoas prestigiou a exibi\u00e7\u00e3o de um v\u00eddeo institucional da Vale, de 3 minutos de dura\u00e7\u00e3o; e da edi\u00e7\u00e3o de videocabines com o tema \u201cDatas Comemorativas I\u201d, que tiveram grava\u00e7\u00f5es realizadas ali mesmo, no adro da Igreja de S\u00e3o Francisco de Assis, em novembro de 2011, sobre Aleijadinho e grava\u00e7\u00f5es, tamb\u00e9m, no Sal\u00e3o Paroquial do Santu\u00e1rio de Nossa Senhora da Concei\u00e7\u00e3o, no bairro Ant\u00f4nio Dias, no dia de Nossa Senhora da Concei\u00e7\u00e3o, em dezembro de 2012. O tempo da exibi\u00e7\u00e3o das videocabines foi de aproximadamente 30 minutos.<\/p>\n<p>Ao final da exibi\u00e7\u00e3o, algumas pessoas parabenizaram e agradeceram a equipe do Programa pela iniciativa e promo\u00e7\u00e3o da atividade, inclusive alguns turistas do Rio de Janeiro e S\u00e3o Paulo que estavam presentes disseram ter gostado muito da atividade. &nbsp;Alguns depoimentos de moradores da comunidade foram gravados, bem como de um ex-depoente de videocabine, conforme podemos observar:<\/p>\n<p>Ao ser indagado sobre a import\u00e2ncia do Trem da Vale retornar \u00e0 popula\u00e7\u00e3o para mostrar os v\u00eddeos produzidos para as videocabines, Evaldo Izidoro de Oliveira disse: \u201c<em>Estou achando muito bacana o Trem da Vale estar vindo aqui novamente para as pessoas poderem estar assistindo a Orquestra, poder saber mais um pouquinho sobre o Aleijadinho atrav\u00e9s dos depoimentos dos moradores da cidade, eu acho que est\u00e1 de parab\u00e9ns\u2026muito bom e espero que continuem fazendo isso para que isso se transmita para as pessoas que est\u00e3o em busca do conhecimento, saber quem \u00e9 o Aleijadinho e saber sobre a hist\u00f3ria da nossa cidade. Estou achando interessante.<\/em>\u201d<\/p>\n<p>E Sydn\u00e9a Santos, coordenadora do Museu Aleijadinho, completa: \u201c<em>Bom, contar com a parceria do Trem da Vale em mais uma semana do Aleijadinho \u00e9 sempre muito gratificante\u2026 Em nome de toda equipe do Museu Aleijadinho a gente agradece mais uma vez. E falar de Aleijadinho \u00e9 falar desse \u00edcone\u2026 barroco e rococ\u00f3 mineiro, barroco e rococ\u00f3 brasileiro n\u00e3o existem sem falar de Aleijadinho, sem falar de Minas Gerais, principalmente de Ouro Preto, aqui na Igreja de S\u00e3o Francisco que \u00e9 considerada uma das obras primas dele, a gente tem a chance de observar toda essa efus\u00e3o e profus\u00e3o do que foi a obra monumental que ele construiu.<\/em>\u201d<\/p>\n<p>&nbsp;<\/p>\n<p>A pr\u00f3xima Mostra de Videocabines ser\u00e1 realizada no dia 22 de novembro, sexta-feira, no distrito de Passagem de Mariana, em Mariana, onde acontecer\u00e3o festividades em homenagem \u00e0 Santa Cec\u00edlia.<\/p>\n<p>&nbsp;<\/p>\n","protected":false},"excerpt":{"rendered":"<p>No s\u00e1bado, dia 16 de novembro de 2013, ocorreu a sexta apresenta\u00e7\u00e3o da Mostra de Videocabines, no Adro da Igreja S\u00e3o Francisco de Assis, em Ouro Preto. A exibi\u00e7\u00e3o teve in\u00edcio por volta de 21h30 e fez parte das comemora\u00e7\u00f5es da 36\u00aa Semana de Aleijadinho. Um p\u00fablico de 130 pessoas &hellip;<\/p>\n","protected":false},"author":1,"featured_media":0,"comment_status":"open","ping_status":"closed","sticky":false,"template":"","format":"standard","meta":{"footnotes":""},"categories":[2],"tags":[],"class_list":["post-201","post","type-post","status-publish","format-standard","hentry","category-destaques-home"],"yoast_head":"<!-- This site is optimized with the Yoast SEO plugin v26.1.1 - https:\/\/yoast.com\/wordpress\/plugins\/seo\/ -->\n<title>Mostra de Videocabines \u2013 Adro da Igreja S\u00e3o Francisco de Assis, Ouro Preto &#8212; Trem da Vale<\/title>\n<meta name=\"robots\" content=\"index, follow, max-snippet:-1, max-image-preview:large, max-video-preview:-1\" \/>\n<link rel=\"canonical\" href=\"https:\/\/tremdavale.org\/pt\/mostra-de-videocabines-adro-da-igreja-sao-francisco-de-assis-ouro-preto\/\" \/>\n<meta property=\"og:locale\" content=\"pt_PT\" \/>\n<meta property=\"og:type\" content=\"article\" \/>\n<meta property=\"og:title\" content=\"Mostra de Videocabines \u2013 Adro da Igreja S\u00e3o Francisco de Assis, Ouro Preto &#8212; Trem da Vale\" \/>\n<meta property=\"og:description\" content=\"No s\u00e1bado, dia 16 de novembro de 2013, ocorreu a sexta apresenta\u00e7\u00e3o da Mostra de Videocabines, no Adro da Igreja S\u00e3o Francisco de Assis, em Ouro Preto. A exibi\u00e7\u00e3o teve in\u00edcio por volta de 21h30 e fez parte das comemora\u00e7\u00f5es da 36\u00aa Semana de Aleijadinho. Um p\u00fablico de 130 pessoas &hellip;\" \/>\n<meta property=\"og:url\" content=\"https:\/\/tremdavale.org\/pt\/mostra-de-videocabines-adro-da-igreja-sao-francisco-de-assis-ouro-preto\/\" \/>\n<meta property=\"og:site_name\" content=\"Trem da Vale\" \/>\n<meta property=\"article:published_time\" content=\"2013-12-19T17:49:00+00:00\" \/>\n<meta property=\"article:modified_time\" content=\"2025-10-10T11:57:00+00:00\" \/>\n<meta name=\"author\" content=\"admin\" \/>\n<meta name=\"twitter:card\" content=\"summary_large_image\" \/>\n<meta name=\"twitter:label1\" content=\"Escrito por\" \/>\n\t<meta name=\"twitter:data1\" content=\"admin\" \/>\n\t<meta name=\"twitter:label2\" content=\"Tempo estimado de leitura\" \/>\n\t<meta name=\"twitter:data2\" content=\"2 minutos\" \/>\n<script type=\"application\/ld+json\" class=\"yoast-schema-graph\">{\"@context\":\"https:\/\/schema.org\",\"@graph\":[{\"@type\":\"WebPage\",\"@id\":\"https:\/\/tremdavale.org\/pt\/mostra-de-videocabines-adro-da-igreja-sao-francisco-de-assis-ouro-preto\/\",\"url\":\"https:\/\/tremdavale.org\/pt\/mostra-de-videocabines-adro-da-igreja-sao-francisco-de-assis-ouro-preto\/\",\"name\":\"Mostra de Videocabines \u2013 Adro da Igreja S\u00e3o Francisco de Assis, Ouro Preto &#8212; Trem da Vale\",\"isPartOf\":{\"@id\":\"https:\/\/tremdavale.org\/pt\/#website\"},\"datePublished\":\"2013-12-19T17:49:00+00:00\",\"dateModified\":\"2025-10-10T11:57:00+00:00\",\"author\":{\"@id\":\"https:\/\/tremdavale.org\/pt\/#\/schema\/person\/50912137d47426d31329f246d02eaeca\"},\"breadcrumb\":{\"@id\":\"https:\/\/tremdavale.org\/pt\/mostra-de-videocabines-adro-da-igreja-sao-francisco-de-assis-ouro-preto\/#breadcrumb\"},\"inLanguage\":\"pt-PT\",\"potentialAction\":[{\"@type\":\"ReadAction\",\"target\":[\"https:\/\/tremdavale.org\/pt\/mostra-de-videocabines-adro-da-igreja-sao-francisco-de-assis-ouro-preto\/\"]}]},{\"@type\":\"BreadcrumbList\",\"@id\":\"https:\/\/tremdavale.org\/pt\/mostra-de-videocabines-adro-da-igreja-sao-francisco-de-assis-ouro-preto\/#breadcrumb\",\"itemListElement\":[{\"@type\":\"ListItem\",\"position\":1,\"name\":\"In\u00edcio\",\"item\":\"https:\/\/tremdavale.org\/pt\/\"},{\"@type\":\"ListItem\",\"position\":2,\"name\":\"Mostra de Videocabines \u2013 Adro da Igreja S\u00e3o Francisco de Assis, Ouro Preto\"}]},{\"@type\":\"WebSite\",\"@id\":\"https:\/\/tremdavale.org\/pt\/#website\",\"url\":\"https:\/\/tremdavale.org\/pt\/\",\"name\":\"Trem da Vale\",\"description\":\"Programa de Educa\u00e7\u00e3o Patrimonial\",\"potentialAction\":[{\"@type\":\"SearchAction\",\"target\":{\"@type\":\"EntryPoint\",\"urlTemplate\":\"https:\/\/tremdavale.org\/pt\/?s={search_term_string}\"},\"query-input\":{\"@type\":\"PropertyValueSpecification\",\"valueRequired\":true,\"valueName\":\"search_term_string\"}}],\"inLanguage\":\"pt-PT\"},{\"@type\":\"Person\",\"@id\":\"https:\/\/tremdavale.org\/pt\/#\/schema\/person\/50912137d47426d31329f246d02eaeca\",\"name\":\"admin\",\"image\":{\"@type\":\"ImageObject\",\"inLanguage\":\"pt-PT\",\"@id\":\"https:\/\/tremdavale.org\/pt\/#\/schema\/person\/image\/\",\"url\":\"https:\/\/secure.gravatar.com\/avatar\/b3564f0fda6ea47959fe96a4217203e79a167568a37409758659bc3ba443b452?s=96&d=mm&r=g\",\"contentUrl\":\"https:\/\/secure.gravatar.com\/avatar\/b3564f0fda6ea47959fe96a4217203e79a167568a37409758659bc3ba443b452?s=96&d=mm&r=g\",\"caption\":\"admin\"},\"sameAs\":[\"https:\/\/tremdavale.org\"],\"url\":\"https:\/\/tremdavale.org\/pt\/author\/admin\/\"}]}<\/script>\n<!-- \/ Yoast SEO plugin. -->","yoast_head_json":{"title":"Mostra de Videocabines \u2013 Adro da Igreja S\u00e3o Francisco de Assis, Ouro Preto &#8212; Trem da Vale","robots":{"index":"index","follow":"follow","max-snippet":"max-snippet:-1","max-image-preview":"max-image-preview:large","max-video-preview":"max-video-preview:-1"},"canonical":"https:\/\/tremdavale.org\/pt\/mostra-de-videocabines-adro-da-igreja-sao-francisco-de-assis-ouro-preto\/","og_locale":"pt_PT","og_type":"article","og_title":"Mostra de Videocabines \u2013 Adro da Igreja S\u00e3o Francisco de Assis, Ouro Preto &#8212; Trem da Vale","og_description":"No s\u00e1bado, dia 16 de novembro de 2013, ocorreu a sexta apresenta\u00e7\u00e3o da Mostra de Videocabines, no Adro da Igreja S\u00e3o Francisco de Assis, em Ouro Preto. A exibi\u00e7\u00e3o teve in\u00edcio por volta de 21h30 e fez parte das comemora\u00e7\u00f5es da 36\u00aa Semana de Aleijadinho. Um p\u00fablico de 130 pessoas &hellip;","og_url":"https:\/\/tremdavale.org\/pt\/mostra-de-videocabines-adro-da-igreja-sao-francisco-de-assis-ouro-preto\/","og_site_name":"Trem da Vale","article_published_time":"2013-12-19T17:49:00+00:00","article_modified_time":"2025-10-10T11:57:00+00:00","author":"admin","twitter_card":"summary_large_image","twitter_misc":{"Escrito por":"admin","Tempo estimado de leitura":"2 minutos"},"schema":{"@context":"https:\/\/schema.org","@graph":[{"@type":"WebPage","@id":"https:\/\/tremdavale.org\/pt\/mostra-de-videocabines-adro-da-igreja-sao-francisco-de-assis-ouro-preto\/","url":"https:\/\/tremdavale.org\/pt\/mostra-de-videocabines-adro-da-igreja-sao-francisco-de-assis-ouro-preto\/","name":"Mostra de Videocabines \u2013 Adro da Igreja S\u00e3o Francisco de Assis, Ouro Preto &#8212; Trem da Vale","isPartOf":{"@id":"https:\/\/tremdavale.org\/pt\/#website"},"datePublished":"2013-12-19T17:49:00+00:00","dateModified":"2025-10-10T11:57:00+00:00","author":{"@id":"https:\/\/tremdavale.org\/pt\/#\/schema\/person\/50912137d47426d31329f246d02eaeca"},"breadcrumb":{"@id":"https:\/\/tremdavale.org\/pt\/mostra-de-videocabines-adro-da-igreja-sao-francisco-de-assis-ouro-preto\/#breadcrumb"},"inLanguage":"pt-PT","potentialAction":[{"@type":"ReadAction","target":["https:\/\/tremdavale.org\/pt\/mostra-de-videocabines-adro-da-igreja-sao-francisco-de-assis-ouro-preto\/"]}]},{"@type":"BreadcrumbList","@id":"https:\/\/tremdavale.org\/pt\/mostra-de-videocabines-adro-da-igreja-sao-francisco-de-assis-ouro-preto\/#breadcrumb","itemListElement":[{"@type":"ListItem","position":1,"name":"In\u00edcio","item":"https:\/\/tremdavale.org\/pt\/"},{"@type":"ListItem","position":2,"name":"Mostra de Videocabines \u2013 Adro da Igreja S\u00e3o Francisco de Assis, Ouro Preto"}]},{"@type":"WebSite","@id":"https:\/\/tremdavale.org\/pt\/#website","url":"https:\/\/tremdavale.org\/pt\/","name":"Trem da Vale","description":"Programa de Educa\u00e7\u00e3o Patrimonial","potentialAction":[{"@type":"SearchAction","target":{"@type":"EntryPoint","urlTemplate":"https:\/\/tremdavale.org\/pt\/?s={search_term_string}"},"query-input":{"@type":"PropertyValueSpecification","valueRequired":true,"valueName":"search_term_string"}}],"inLanguage":"pt-PT"},{"@type":"Person","@id":"https:\/\/tremdavale.org\/pt\/#\/schema\/person\/50912137d47426d31329f246d02eaeca","name":"admin","image":{"@type":"ImageObject","inLanguage":"pt-PT","@id":"https:\/\/tremdavale.org\/pt\/#\/schema\/person\/image\/","url":"https:\/\/secure.gravatar.com\/avatar\/b3564f0fda6ea47959fe96a4217203e79a167568a37409758659bc3ba443b452?s=96&d=mm&r=g","contentUrl":"https:\/\/secure.gravatar.com\/avatar\/b3564f0fda6ea47959fe96a4217203e79a167568a37409758659bc3ba443b452?s=96&d=mm&r=g","caption":"admin"},"sameAs":["https:\/\/tremdavale.org"],"url":"https:\/\/tremdavale.org\/pt\/author\/admin\/"}]}},"_links":{"self":[{"href":"https:\/\/tremdavale.org\/pt\/wp-json\/wp\/v2\/posts\/201","targetHints":{"allow":["GET"]}}],"collection":[{"href":"https:\/\/tremdavale.org\/pt\/wp-json\/wp\/v2\/posts"}],"about":[{"href":"https:\/\/tremdavale.org\/pt\/wp-json\/wp\/v2\/types\/post"}],"author":[{"embeddable":true,"href":"https:\/\/tremdavale.org\/pt\/wp-json\/wp\/v2\/users\/1"}],"replies":[{"embeddable":true,"href":"https:\/\/tremdavale.org\/pt\/wp-json\/wp\/v2\/comments?post=201"}],"version-history":[{"count":0,"href":"https:\/\/tremdavale.org\/pt\/wp-json\/wp\/v2\/posts\/201\/revisions"}],"wp:attachment":[{"href":"https:\/\/tremdavale.org\/pt\/wp-json\/wp\/v2\/media?parent=201"}],"wp:term":[{"taxonomy":"category","embeddable":true,"href":"https:\/\/tremdavale.org\/pt\/wp-json\/wp\/v2\/categories?post=201"},{"taxonomy":"post_tag","embeddable":true,"href":"https:\/\/tremdavale.org\/pt\/wp-json\/wp\/v2\/tags?post=201"}],"curies":[{"name":"wp","href":"https:\/\/api.w.org\/{rel}","templated":true}]}}