{"id":202,"date":"2014-04-30T00:01:00","date_gmt":"2014-04-30T00:01:00","guid":{"rendered":"https:\/\/tremdavale.org\/?p=202"},"modified":"2025-10-10T11:57:00","modified_gmt":"2025-10-10T11:57:00","slug":"mostra-de-videocabines-padre-faria-ouro-preto","status":"publish","type":"post","link":"https:\/\/tremdavale.org\/pt\/mostra-de-videocabines-padre-faria-ouro-preto\/","title":{"rendered":"Mostra de Videocabines \u2013 Padre Faria, Ouro Preto"},"content":{"rendered":"<p>Na sexta, dia 04 de outubro de 2013, ocorreu a quarta apresenta\u00e7\u00e3o da Mostra de Videocabines, no bairro Padre Faria, em Ouro Preto.<a name=\"1405b00649bf0811__GoBack\" id=\"1405b00649bf0811__GoBack\"><\/a> A apresenta\u00e7\u00e3o come\u00e7ou por volta de 18h30, na Casa de Cultura do Padre Faria.<\/p>\n<p>Um p\u00fablico de 13 pessoas participou da exibi\u00e7\u00e3o da edi\u00e7\u00e3o das videocabines \u201cLendas, Casos e Mitos I\u201d e \u201cBairros de Ouro Preto II\u201d, ambas gravadas ali mesmo, no bairro Padre Faria, em 2008 e 2010 respectivamente. O tempo da exibi\u00e7\u00e3o das videocabines foi de aproximadamente 40 minutos.<\/p>\n<p>Infelizmente, talvez o tempo chuvoso dificultou a comunidade sair de casa e prestigiar o evento, mas quem esteve presente, agradeceu a iniciativa e parabenizou o Programa pela atividade.<\/p>\n<p>Ao perguntarmos para o coordenador do espa\u00e7o cultural, Paulo Tom\u00e9 Eleot\u00e9rio, sobre a&nbsp; import\u00e2ncia da&nbsp;realiza\u00e7\u00e3o&nbsp;da Mostra de Videocabines, ele&nbsp;disse: \u201c\u2026<em>As pessoas participaram, pois nem todo mundo tem a oportunidade, por exemplo, de estar indo l\u00e1 na Esta\u00e7\u00e3o, onde est\u00e1 sendo exibido essas imagens. Ent\u00e3o, uma vez que, esse Programa<a name=\"1419464ee477ef5b__GoBack\" id=\"1419464ee477ef5b__GoBack\"><\/a> vem at\u00e9 o cidad\u00e3o que deu a entrevista, ele vai se sentir, com certeza, mais motivado por saber que a imagem dele est\u00e1 sendo bem vista dentro da cidade, por todos os visitantes da cidade\u2026\u201d<\/em><\/p>\n<p>Outra Mostra de Videocabines foi realizada no dia 12 de outubro, s\u00e1bado, no distrito de Padre Viegas, em Mariana, onde aconteceu tamb\u00e9m o tradicional Festival de Cuscuz.<\/p>\n<p>&nbsp;<\/p>\n<p><img loading=\"lazy\" decoding=\"async\" class=\"size-medium\" title=\"01-4c2aa-exibiccca7acc83o-mostravideoc-padre_fariaop1\" src=\"\/wp-content\/uploads\/01-4c2aa-exibiccca7acc83o-mostravideoc-padre_fariaop1-300x200.jpg\" alt=\"Rosilene Figueiredo, Gerente Operacional do Apoio T\u00e9cnico-Administrativo, fala aos participantes da 4\u00aa exibi\u00e7\u00e3o da Mostra de Videocabines \u2013 \u201cLendas, Casos e Mitos I\u201de \u201cBairros II \u2013 Ouro Preto\u201d, na Casa de Cultura do Padre Faria, no bairro Padre Faria, em Ouro Preto. Foto: Wesley Maur\u00edcio\" width=\"300\" height=\"200\"><\/p>\n<p>Rosilene Figueiredo, Gerente Operacional do Apoio T\u00e9cnico-Administrativo, fala aos participantes da 4\u00aa exibi\u00e7\u00e3o da Mostra de Videocabines \u2013 \u201cLendas, Casos e Mitos I\u201de \u201cBairros II \u2013 Ouro Preto\u201d, na Casa de Cultura do Padre Faria, no bairro Padre Faria, em Ouro Preto. Foto: Wesley Maur\u00edcio<\/p>\n<p>&nbsp;<\/p>\n<p><img loading=\"lazy\" decoding=\"async\" class=\"size-medium\" title=\"02-4c2aa-exibiccca7acc83o-mostravideoc-padre_fariaop\" src=\"\/wp-content\/uploads\/02-4c2aa-exibiccca7acc83o-mostravideoc-padre_fariaop-300x203.jpg\" alt=\"Moradores do bairro Padre Faria assistem \u00e0s apresenta\u00e7\u00f5es das videocabines, algumas delas gravadas no bairro, durante a 4\u00aa exibi\u00e7\u00e3o da Mostra de Videocabines, na Casa de Cultura do Padre Faria, em Ouro Preto. Foto: Wesley Maur\u00edcio\" width=\"300\" height=\"203\"><\/p>\n<p>Moradores do bairro Padre Faria assistem \u00e0s apresenta\u00e7\u00f5es das videocabines, algumas delas gravadas no bairro, durante a 4\u00aa exibi\u00e7\u00e3o da Mostra de Videocabines, na Casa de Cultura do Padre Faria, em Ouro Preto. Foto: Wesley Maur\u00edcio<\/p>\n<p>&nbsp;<\/p>\n<p><img loading=\"lazy\" decoding=\"async\" class=\"size-medium\" title=\"03-4c2aa-exibiccca7acc83o-mostravideoc-padre_fariaop\" src=\"\/wp-content\/uploads\/03-4c2aa-exibiccca7acc83o-mostravideoc-padre_fariaop-300x200.jpg\" alt=\"A equipe do N\u00facleo de Audiovisual do Vale Registrar \u2013 Leonardo Penna (Gerente Operacional) e Isadora Bruzzi (estagi\u00e1ria) \u2013 gravam depoimento de Aldo Mac\u00e1rio de Paula, morador do bairro Padre Faria, momentos antes da 4\u00aa exibi\u00e7\u00e3o da Mostra de Videocabines, no Bairro Padre Faria, em Ouro Preto. Foto: Cristiane Evangelista\" width=\"300\" height=\"200\"><\/p>\n<p>A equipe do N\u00facleo de Audiovisual do Vale Registrar \u2013 Leonardo Penna (Gerente Operacional) e Isadora Bruzzi (estagi\u00e1ria) \u2013 gravam depoimento de Aldo Mac\u00e1rio de Paula, morador do bairro Padre Faria, momentos antes da 4\u00aa exibi\u00e7\u00e3o da Mostra de Videocabines, no Bairro Padre Faria, em Ouro Preto. Foto: Cristiane Evangelista<\/p>\n<p>&nbsp;<\/p>\n<p><img loading=\"lazy\" decoding=\"async\" class=\"size-medium\" title=\"04-4c2aa-exibiccca7acc83o-mostravideoc-padre_fariaop\" src=\"\/wp-content\/uploads\/04-4c2aa-exibiccca7acc83o-mostravideoc-padre_fariaop-300x199.jpg\" alt=\"A equipe do Vale Registrar, momentos antes da 4\u00aa exibi\u00e7\u00e3o da Mostra de Videocabines, na Casa de Cultura do Padre Faria, no bairro Padre Faria, em Ouro Preto. Foto: Programada \" width=\"300\" height=\"199\"><\/p>\n<p>A equipe do Vale Registrar, momentos antes da 4\u00aa exibi\u00e7\u00e3o da Mostra de Videocabines, na Casa de Cultura do Padre Faria, no bairro Padre Faria, em Ouro Preto. Foto: Programada<\/p>\n<p>&nbsp;<\/p>\n","protected":false},"excerpt":{"rendered":"<p>Na sexta, dia 04 de outubro de 2013, ocorreu a quarta apresenta\u00e7\u00e3o da Mostra de Videocabines, no bairro Padre Faria, em Ouro Preto. A apresenta\u00e7\u00e3o come\u00e7ou por volta de 18h30, na Casa de Cultura do Padre Faria. Um p\u00fablico de 13 pessoas participou da exibi\u00e7\u00e3o da edi\u00e7\u00e3o das videocabines \u201cLendas, &hellip;<\/p>\n","protected":false},"author":1,"featured_media":463,"comment_status":"open","ping_status":"closed","sticky":false,"template":"","format":"standard","meta":{"footnotes":""},"categories":[2],"tags":[],"class_list":["post-202","post","type-post","status-publish","format-standard","has-post-thumbnail","hentry","category-destaques-home"],"yoast_head":"<!-- This site is optimized with the Yoast SEO plugin v26.1.1 - https:\/\/yoast.com\/wordpress\/plugins\/seo\/ -->\n<title>Mostra de Videocabines \u2013 Padre Faria, Ouro Preto &#8212; Trem da Vale<\/title>\n<meta name=\"robots\" content=\"index, follow, max-snippet:-1, max-image-preview:large, max-video-preview:-1\" \/>\n<link rel=\"canonical\" href=\"https:\/\/tremdavale.org\/pt\/mostra-de-videocabines-padre-faria-ouro-preto\/\" \/>\n<meta property=\"og:locale\" content=\"pt_PT\" \/>\n<meta property=\"og:type\" content=\"article\" \/>\n<meta property=\"og:title\" content=\"Mostra de Videocabines \u2013 Padre Faria, Ouro Preto &#8212; Trem da Vale\" \/>\n<meta property=\"og:description\" content=\"Na sexta, dia 04 de outubro de 2013, ocorreu a quarta apresenta\u00e7\u00e3o da Mostra de Videocabines, no bairro Padre Faria, em Ouro Preto. A apresenta\u00e7\u00e3o come\u00e7ou por volta de 18h30, na Casa de Cultura do Padre Faria. Um p\u00fablico de 13 pessoas participou da exibi\u00e7\u00e3o da edi\u00e7\u00e3o das videocabines \u201cLendas, &hellip;\" \/>\n<meta property=\"og:url\" content=\"https:\/\/tremdavale.org\/pt\/mostra-de-videocabines-padre-faria-ouro-preto\/\" \/>\n<meta property=\"og:site_name\" content=\"Trem da Vale\" \/>\n<meta property=\"article:published_time\" content=\"2014-04-30T00:01:00+00:00\" \/>\n<meta property=\"article:modified_time\" content=\"2025-10-10T11:57:00+00:00\" \/>\n<meta property=\"og:image\" content=\"https:\/\/tremdavale.org\/wp-content\/uploads\/01-4c2aa-exibiccca7acc83o-mostravideoc-padre_fariaop1-300x200.jpg\" \/>\n\t<meta property=\"og:image:width\" content=\"300\" \/>\n\t<meta property=\"og:image:height\" content=\"200\" \/>\n\t<meta property=\"og:image:type\" content=\"image\/jpeg\" \/>\n<meta name=\"author\" content=\"admin\" \/>\n<meta name=\"twitter:card\" content=\"summary_large_image\" \/>\n<meta name=\"twitter:label1\" content=\"Escrito por\" \/>\n\t<meta name=\"twitter:data1\" content=\"admin\" \/>\n\t<meta name=\"twitter:label2\" content=\"Tempo estimado de leitura\" \/>\n\t<meta name=\"twitter:data2\" content=\"2 minutos\" \/>\n<script type=\"application\/ld+json\" class=\"yoast-schema-graph\">{\"@context\":\"https:\/\/schema.org\",\"@graph\":[{\"@type\":\"WebPage\",\"@id\":\"https:\/\/tremdavale.org\/pt\/mostra-de-videocabines-padre-faria-ouro-preto\/\",\"url\":\"https:\/\/tremdavale.org\/pt\/mostra-de-videocabines-padre-faria-ouro-preto\/\",\"name\":\"Mostra de Videocabines \u2013 Padre Faria, Ouro Preto &#8212; Trem da Vale\",\"isPartOf\":{\"@id\":\"https:\/\/tremdavale.org\/pt\/#website\"},\"primaryImageOfPage\":{\"@id\":\"https:\/\/tremdavale.org\/pt\/mostra-de-videocabines-padre-faria-ouro-preto\/#primaryimage\"},\"image\":{\"@id\":\"https:\/\/tremdavale.org\/pt\/mostra-de-videocabines-padre-faria-ouro-preto\/#primaryimage\"},\"thumbnailUrl\":\"https:\/\/tremdavale.org\/wp-content\/uploads\/01-4c2aa-exibiccca7acc83o-mostravideoc-padre_fariaop1-300x200.jpg\",\"datePublished\":\"2014-04-30T00:01:00+00:00\",\"dateModified\":\"2025-10-10T11:57:00+00:00\",\"author\":{\"@id\":\"https:\/\/tremdavale.org\/pt\/#\/schema\/person\/50912137d47426d31329f246d02eaeca\"},\"breadcrumb\":{\"@id\":\"https:\/\/tremdavale.org\/pt\/mostra-de-videocabines-padre-faria-ouro-preto\/#breadcrumb\"},\"inLanguage\":\"pt-PT\",\"potentialAction\":[{\"@type\":\"ReadAction\",\"target\":[\"https:\/\/tremdavale.org\/pt\/mostra-de-videocabines-padre-faria-ouro-preto\/\"]}]},{\"@type\":\"ImageObject\",\"inLanguage\":\"pt-PT\",\"@id\":\"https:\/\/tremdavale.org\/pt\/mostra-de-videocabines-padre-faria-ouro-preto\/#primaryimage\",\"url\":\"https:\/\/tremdavale.org\/wp-content\/uploads\/01-4c2aa-exibiccca7acc83o-mostravideoc-padre_fariaop1-300x200.jpg\",\"contentUrl\":\"https:\/\/tremdavale.org\/wp-content\/uploads\/01-4c2aa-exibiccca7acc83o-mostravideoc-padre_fariaop1-300x200.jpg\",\"width\":300,\"height\":200},{\"@type\":\"BreadcrumbList\",\"@id\":\"https:\/\/tremdavale.org\/pt\/mostra-de-videocabines-padre-faria-ouro-preto\/#breadcrumb\",\"itemListElement\":[{\"@type\":\"ListItem\",\"position\":1,\"name\":\"In\u00edcio\",\"item\":\"https:\/\/tremdavale.org\/pt\/\"},{\"@type\":\"ListItem\",\"position\":2,\"name\":\"Mostra de Videocabines \u2013 Padre Faria, Ouro Preto\"}]},{\"@type\":\"WebSite\",\"@id\":\"https:\/\/tremdavale.org\/pt\/#website\",\"url\":\"https:\/\/tremdavale.org\/pt\/\",\"name\":\"Trem da Vale\",\"description\":\"Programa de Educa\u00e7\u00e3o Patrimonial\",\"potentialAction\":[{\"@type\":\"SearchAction\",\"target\":{\"@type\":\"EntryPoint\",\"urlTemplate\":\"https:\/\/tremdavale.org\/pt\/?s={search_term_string}\"},\"query-input\":{\"@type\":\"PropertyValueSpecification\",\"valueRequired\":true,\"valueName\":\"search_term_string\"}}],\"inLanguage\":\"pt-PT\"},{\"@type\":\"Person\",\"@id\":\"https:\/\/tremdavale.org\/pt\/#\/schema\/person\/50912137d47426d31329f246d02eaeca\",\"name\":\"admin\",\"image\":{\"@type\":\"ImageObject\",\"inLanguage\":\"pt-PT\",\"@id\":\"https:\/\/tremdavale.org\/pt\/#\/schema\/person\/image\/\",\"url\":\"https:\/\/secure.gravatar.com\/avatar\/b3564f0fda6ea47959fe96a4217203e79a167568a37409758659bc3ba443b452?s=96&d=mm&r=g\",\"contentUrl\":\"https:\/\/secure.gravatar.com\/avatar\/b3564f0fda6ea47959fe96a4217203e79a167568a37409758659bc3ba443b452?s=96&d=mm&r=g\",\"caption\":\"admin\"},\"sameAs\":[\"https:\/\/tremdavale.org\"],\"url\":\"https:\/\/tremdavale.org\/pt\/author\/admin\/\"}]}<\/script>\n<!-- \/ Yoast SEO plugin. -->","yoast_head_json":{"title":"Mostra de Videocabines \u2013 Padre Faria, Ouro Preto &#8212; Trem da Vale","robots":{"index":"index","follow":"follow","max-snippet":"max-snippet:-1","max-image-preview":"max-image-preview:large","max-video-preview":"max-video-preview:-1"},"canonical":"https:\/\/tremdavale.org\/pt\/mostra-de-videocabines-padre-faria-ouro-preto\/","og_locale":"pt_PT","og_type":"article","og_title":"Mostra de Videocabines \u2013 Padre Faria, Ouro Preto &#8212; Trem da Vale","og_description":"Na sexta, dia 04 de outubro de 2013, ocorreu a quarta apresenta\u00e7\u00e3o da Mostra de Videocabines, no bairro Padre Faria, em Ouro Preto. A apresenta\u00e7\u00e3o come\u00e7ou por volta de 18h30, na Casa de Cultura do Padre Faria. Um p\u00fablico de 13 pessoas participou da exibi\u00e7\u00e3o da edi\u00e7\u00e3o das videocabines \u201cLendas, &hellip;","og_url":"https:\/\/tremdavale.org\/pt\/mostra-de-videocabines-padre-faria-ouro-preto\/","og_site_name":"Trem da Vale","article_published_time":"2014-04-30T00:01:00+00:00","article_modified_time":"2025-10-10T11:57:00+00:00","og_image":[{"width":300,"height":200,"url":"https:\/\/tremdavale.org\/wp-content\/uploads\/01-4c2aa-exibiccca7acc83o-mostravideoc-padre_fariaop1-300x200.jpg","type":"image\/jpeg"}],"author":"admin","twitter_card":"summary_large_image","twitter_misc":{"Escrito por":"admin","Tempo estimado de leitura":"2 minutos"},"schema":{"@context":"https:\/\/schema.org","@graph":[{"@type":"WebPage","@id":"https:\/\/tremdavale.org\/pt\/mostra-de-videocabines-padre-faria-ouro-preto\/","url":"https:\/\/tremdavale.org\/pt\/mostra-de-videocabines-padre-faria-ouro-preto\/","name":"Mostra de Videocabines \u2013 Padre Faria, Ouro Preto &#8212; Trem da Vale","isPartOf":{"@id":"https:\/\/tremdavale.org\/pt\/#website"},"primaryImageOfPage":{"@id":"https:\/\/tremdavale.org\/pt\/mostra-de-videocabines-padre-faria-ouro-preto\/#primaryimage"},"image":{"@id":"https:\/\/tremdavale.org\/pt\/mostra-de-videocabines-padre-faria-ouro-preto\/#primaryimage"},"thumbnailUrl":"https:\/\/tremdavale.org\/wp-content\/uploads\/01-4c2aa-exibiccca7acc83o-mostravideoc-padre_fariaop1-300x200.jpg","datePublished":"2014-04-30T00:01:00+00:00","dateModified":"2025-10-10T11:57:00+00:00","author":{"@id":"https:\/\/tremdavale.org\/pt\/#\/schema\/person\/50912137d47426d31329f246d02eaeca"},"breadcrumb":{"@id":"https:\/\/tremdavale.org\/pt\/mostra-de-videocabines-padre-faria-ouro-preto\/#breadcrumb"},"inLanguage":"pt-PT","potentialAction":[{"@type":"ReadAction","target":["https:\/\/tremdavale.org\/pt\/mostra-de-videocabines-padre-faria-ouro-preto\/"]}]},{"@type":"ImageObject","inLanguage":"pt-PT","@id":"https:\/\/tremdavale.org\/pt\/mostra-de-videocabines-padre-faria-ouro-preto\/#primaryimage","url":"https:\/\/tremdavale.org\/wp-content\/uploads\/01-4c2aa-exibiccca7acc83o-mostravideoc-padre_fariaop1-300x200.jpg","contentUrl":"https:\/\/tremdavale.org\/wp-content\/uploads\/01-4c2aa-exibiccca7acc83o-mostravideoc-padre_fariaop1-300x200.jpg","width":300,"height":200},{"@type":"BreadcrumbList","@id":"https:\/\/tremdavale.org\/pt\/mostra-de-videocabines-padre-faria-ouro-preto\/#breadcrumb","itemListElement":[{"@type":"ListItem","position":1,"name":"In\u00edcio","item":"https:\/\/tremdavale.org\/pt\/"},{"@type":"ListItem","position":2,"name":"Mostra de Videocabines \u2013 Padre Faria, Ouro Preto"}]},{"@type":"WebSite","@id":"https:\/\/tremdavale.org\/pt\/#website","url":"https:\/\/tremdavale.org\/pt\/","name":"Trem da Vale","description":"Programa de Educa\u00e7\u00e3o Patrimonial","potentialAction":[{"@type":"SearchAction","target":{"@type":"EntryPoint","urlTemplate":"https:\/\/tremdavale.org\/pt\/?s={search_term_string}"},"query-input":{"@type":"PropertyValueSpecification","valueRequired":true,"valueName":"search_term_string"}}],"inLanguage":"pt-PT"},{"@type":"Person","@id":"https:\/\/tremdavale.org\/pt\/#\/schema\/person\/50912137d47426d31329f246d02eaeca","name":"admin","image":{"@type":"ImageObject","inLanguage":"pt-PT","@id":"https:\/\/tremdavale.org\/pt\/#\/schema\/person\/image\/","url":"https:\/\/secure.gravatar.com\/avatar\/b3564f0fda6ea47959fe96a4217203e79a167568a37409758659bc3ba443b452?s=96&d=mm&r=g","contentUrl":"https:\/\/secure.gravatar.com\/avatar\/b3564f0fda6ea47959fe96a4217203e79a167568a37409758659bc3ba443b452?s=96&d=mm&r=g","caption":"admin"},"sameAs":["https:\/\/tremdavale.org"],"url":"https:\/\/tremdavale.org\/pt\/author\/admin\/"}]}},"_links":{"self":[{"href":"https:\/\/tremdavale.org\/pt\/wp-json\/wp\/v2\/posts\/202","targetHints":{"allow":["GET"]}}],"collection":[{"href":"https:\/\/tremdavale.org\/pt\/wp-json\/wp\/v2\/posts"}],"about":[{"href":"https:\/\/tremdavale.org\/pt\/wp-json\/wp\/v2\/types\/post"}],"author":[{"embeddable":true,"href":"https:\/\/tremdavale.org\/pt\/wp-json\/wp\/v2\/users\/1"}],"replies":[{"embeddable":true,"href":"https:\/\/tremdavale.org\/pt\/wp-json\/wp\/v2\/comments?post=202"}],"version-history":[{"count":0,"href":"https:\/\/tremdavale.org\/pt\/wp-json\/wp\/v2\/posts\/202\/revisions"}],"wp:featuredmedia":[{"embeddable":true,"href":"https:\/\/tremdavale.org\/pt\/wp-json\/wp\/v2\/media\/463"}],"wp:attachment":[{"href":"https:\/\/tremdavale.org\/pt\/wp-json\/wp\/v2\/media?parent=202"}],"wp:term":[{"taxonomy":"category","embeddable":true,"href":"https:\/\/tremdavale.org\/pt\/wp-json\/wp\/v2\/categories?post=202"},{"taxonomy":"post_tag","embeddable":true,"href":"https:\/\/tremdavale.org\/pt\/wp-json\/wp\/v2\/tags?post=202"}],"curies":[{"name":"wp","href":"https:\/\/api.w.org\/{rel}","templated":true}]}}