{"id":203,"date":"2014-04-29T23:42:00","date_gmt":"2014-04-29T23:42:00","guid":{"rendered":"https:\/\/tremdavale.org\/?p=203"},"modified":"2025-10-10T11:57:00","modified_gmt":"2025-10-10T11:57:00","slug":"mostra-de-videocabines-passagem-de-mariana","status":"publish","type":"post","link":"https:\/\/tremdavale.org\/pt\/mostra-de-videocabines-passagem-de-mariana\/","title":{"rendered":"Mostra de Videocabines \u2013 Passagem de Mariana"},"content":{"rendered":"<p>Na sexta-feira, dia 22 de novembro de 2013, ocorreu a s\u00e9tima apresenta\u00e7\u00e3o da Mostra de Videocabines, no Adro da Igreja de Nossa Senhora da Gl\u00f3ria, no distrito de Passagem de Mariana &#8211; Mariana. A exibi\u00e7\u00e3o teve in\u00edcio por volta de 20h30 e fez parte das comemora\u00e7\u00f5es em homenagem \u00e0 Santa Cec\u00edlia.<\/p>\n<p>Um p\u00fablico de 180 pessoas prestigiou a exibi\u00e7\u00e3o&nbsp;de um v\u00eddeo institucional da Vale, de 3 minutos de dura\u00e7\u00e3o, antes da edi\u00e7\u00e3o de videocabines com o tema \u201cFestas Populares II\u201d, que teve grava\u00e7\u00e3o realizada&nbsp;ali mesmo,&nbsp;no adro da Igreja deNossa Senhora da Gl\u00f3ria, em novembro de 2007, sobre a festa de Santa Cec\u00edlia. Durante a apresenta\u00e7\u00e3o do v\u00eddeo de 28 minutos, foi not\u00e1vel a aprecia\u00e7\u00e3o demonstrada pelo p\u00fablico presente.<\/p>\n<p>Alguns depoimentos de moradores da comunidade foram gravados anteriormente \u00e0 exibi\u00e7\u00e3o dos v\u00eddeos, conforme podemos observar:<\/p>\n<p>Ao ser indagado sobre a import\u00e2ncia do Trem da Vale retornar \u00e0 popula\u00e7\u00e3o para mostrar os v\u00eddeos produzidos para as videocabines, Vicente Evangelista de Oliveira disse: \u201c<em>Isso \u00e9 muito importante. Esse \u00e9 um projeto muito bem aceito, voc\u00eas est\u00e3o de parab\u00e9ns por essa iniciativa de apresentar essa filmagem logo no dia da Santa Cec\u00edlia, que \u00e9 o dia 22 de novembro.\u201d<\/em><\/p>\n<p>E, Pablo Borges Papa, completa: <em>\u201cA reapresenta\u00e7\u00e3o de v\u00eddeos que trazem a hist\u00f3ria \u00e9 sempre muito importante porque faz com que a hist\u00f3ria n\u00e3o se perca. E isso \u00e9 sempre importante porque a hist\u00f3ria faz parte do nosso passado, e \u00e9 atrav\u00e9s dela que a gente constr\u00f3i o presente e o futuro.\u201d<\/em><\/p>\n<p>A pr\u00f3xima Mostra de Videocabines ser\u00e1 realizada no dia 08 de dezembro, domingo, no distrito de Cachoeira do Brumado, em Mariana, onde acontecer\u00e3o festividades em homenagem \u00e0 Nossa Senhora da Concei\u00e7\u00e3o.<\/p>\n<p>&nbsp;<\/p>\n<p><img loading=\"lazy\" decoding=\"async\" class=\"size-medium\" title=\"015\" src=\"\/wp-content\/uploads\/015-300x199.jpg\" alt=\"Andr\u00e9 Saimon, estagi\u00e1rio do Apoio T\u00e9cnico-Administrativo do Vale Registrar, preenche o Termo de Autoriza\u00e7\u00e3o para Uso de Imagem do depoente Ely Roberto, m\u00fasico da Banda Sociedade Musical Santa Cec\u00edlia, em frente \u00e0 Igreja de Nossa Senhora da Gl\u00f3ria, no distrito de Passagem de Mariana, em Mariana. Foto: Isadora Bruzzi\" width=\"300\" height=\"199\"><\/p>\n<p>Andr\u00e9 Saimon, estagi\u00e1rio do Apoio T\u00e9cnico-Administrativo do Vale Registrar, preenche o Termo de Autoriza\u00e7\u00e3o para Uso de Imagem do depoente Ely Roberto, m\u00fasico da Banda Sociedade Musical Santa Cec\u00edlia, em frente \u00e0 Igreja de Nossa Senhora da Gl\u00f3ria, no distrito de Passagem de Mariana, em Mariana. Foto: Isadora Bruzzi<\/p>\n<p>&nbsp;<\/p>\n<p><img loading=\"lazy\" decoding=\"async\" class=\"size-medium\" title=\"026\" src=\"\/wp-content\/uploads\/026-300x199.jpg\" alt=\"Rosilene Figueiredo, Gerente Operacional do Apoio T\u00e9cnico- Administrativo do Vale Registrar, fala sobre o Programa de Educa\u00e7\u00e3o Patrimonial Trem da Vale ao p\u00fablico presente da abertura da 7\u00aa exibi\u00e7\u00e3o da Mostra de Videocabines, no adro da Igreja de Nossa Senhora da Gl\u00f3ria, no distrito de Passagem de Mariana, em Mariana.\" width=\"300\" height=\"199\"><\/p>\n<p>Rosilene Figueiredo, Gerente Operacional do Apoio T\u00e9cnico- Administrativo do Vale Registrar, fala sobre o Programa de Educa\u00e7\u00e3o Patrimonial Trem da Vale ao p\u00fablico presente da abertura da 7\u00aa exibi\u00e7\u00e3o da Mostra de Videocabines, no adro da Igreja de Nossa Senhora da Gl\u00f3ria, no distrito de Passagem de Mariana, em Mariana.<\/p>\n<p>&nbsp;<\/p>\n<p><img loading=\"lazy\" decoding=\"async\" class=\"size-medium\" title=\"036\" src=\"\/wp-content\/uploads\/036-300x199.jpg\" alt=\"Moradores do distrito de Passagem de Mariana, em Mariana, assistem ao v\u00eddeo \u201cFestas Populares II\u201d, na 7\u00aa exibi\u00e7\u00e3o da Mostra de Videocabines, no adro da Igreja de Nossa Senhora da Gl\u00f3ria\" width=\"300\" height=\"199\"><\/p>\n<p>Moradores do distrito de Passagem de Mariana, em Mariana, assistem ao v\u00eddeo \u201cFestas Populares II\u201d, na 7\u00aa exibi\u00e7\u00e3o da Mostra de Videocabines, no adro da Igreja de Nossa Senhora da Gl\u00f3ria<\/p>\n<p>&nbsp;<\/p>\n","protected":false},"excerpt":{"rendered":"<p>Na sexta-feira, dia 22 de novembro de 2013, ocorreu a s\u00e9tima apresenta\u00e7\u00e3o da Mostra de Videocabines, no Adro da Igreja de Nossa Senhora da Gl\u00f3ria, no distrito de Passagem de Mariana &#8211; Mariana. A exibi\u00e7\u00e3o teve in\u00edcio por volta de 20h30 e fez parte das comemora\u00e7\u00f5es em homenagem \u00e0 Santa &hellip;<\/p>\n","protected":false},"author":1,"featured_media":464,"comment_status":"open","ping_status":"closed","sticky":false,"template":"","format":"standard","meta":{"footnotes":""},"categories":[2],"tags":[],"class_list":["post-203","post","type-post","status-publish","format-standard","has-post-thumbnail","hentry","category-destaques-home"],"yoast_head":"<!-- This site is optimized with the Yoast SEO plugin v26.1.1 - https:\/\/yoast.com\/wordpress\/plugins\/seo\/ -->\n<title>Mostra de Videocabines \u2013 Passagem de Mariana &#8212; Trem da Vale<\/title>\n<meta name=\"robots\" content=\"index, follow, max-snippet:-1, max-image-preview:large, max-video-preview:-1\" \/>\n<link rel=\"canonical\" href=\"https:\/\/tremdavale.org\/pt\/mostra-de-videocabines-passagem-de-mariana\/\" \/>\n<meta property=\"og:locale\" content=\"pt_PT\" \/>\n<meta property=\"og:type\" content=\"article\" \/>\n<meta property=\"og:title\" content=\"Mostra de Videocabines \u2013 Passagem de Mariana &#8212; Trem da Vale\" \/>\n<meta property=\"og:description\" content=\"Na sexta-feira, dia 22 de novembro de 2013, ocorreu a s\u00e9tima apresenta\u00e7\u00e3o da Mostra de Videocabines, no Adro da Igreja de Nossa Senhora da Gl\u00f3ria, no distrito de Passagem de Mariana &#8211; Mariana. A exibi\u00e7\u00e3o teve in\u00edcio por volta de 20h30 e fez parte das comemora\u00e7\u00f5es em homenagem \u00e0 Santa &hellip;\" \/>\n<meta property=\"og:url\" content=\"https:\/\/tremdavale.org\/pt\/mostra-de-videocabines-passagem-de-mariana\/\" \/>\n<meta property=\"og:site_name\" content=\"Trem da Vale\" \/>\n<meta property=\"article:published_time\" content=\"2014-04-29T23:42:00+00:00\" \/>\n<meta property=\"article:modified_time\" content=\"2025-10-10T11:57:00+00:00\" \/>\n<meta property=\"og:image\" content=\"https:\/\/tremdavale.org\/wp-content\/uploads\/015-300x199.jpg\" \/>\n\t<meta property=\"og:image:width\" content=\"300\" \/>\n\t<meta property=\"og:image:height\" content=\"199\" \/>\n\t<meta property=\"og:image:type\" content=\"image\/jpeg\" \/>\n<meta name=\"author\" content=\"admin\" \/>\n<meta name=\"twitter:card\" content=\"summary_large_image\" \/>\n<meta name=\"twitter:label1\" content=\"Escrito por\" \/>\n\t<meta name=\"twitter:data1\" content=\"admin\" \/>\n\t<meta name=\"twitter:label2\" content=\"Tempo estimado de leitura\" \/>\n\t<meta name=\"twitter:data2\" content=\"2 minutos\" \/>\n<script type=\"application\/ld+json\" class=\"yoast-schema-graph\">{\"@context\":\"https:\/\/schema.org\",\"@graph\":[{\"@type\":\"WebPage\",\"@id\":\"https:\/\/tremdavale.org\/pt\/mostra-de-videocabines-passagem-de-mariana\/\",\"url\":\"https:\/\/tremdavale.org\/pt\/mostra-de-videocabines-passagem-de-mariana\/\",\"name\":\"Mostra de Videocabines \u2013 Passagem de Mariana &#8212; Trem da Vale\",\"isPartOf\":{\"@id\":\"https:\/\/tremdavale.org\/pt\/#website\"},\"primaryImageOfPage\":{\"@id\":\"https:\/\/tremdavale.org\/pt\/mostra-de-videocabines-passagem-de-mariana\/#primaryimage\"},\"image\":{\"@id\":\"https:\/\/tremdavale.org\/pt\/mostra-de-videocabines-passagem-de-mariana\/#primaryimage\"},\"thumbnailUrl\":\"https:\/\/tremdavale.org\/wp-content\/uploads\/015-300x199.jpg\",\"datePublished\":\"2014-04-29T23:42:00+00:00\",\"dateModified\":\"2025-10-10T11:57:00+00:00\",\"author\":{\"@id\":\"https:\/\/tremdavale.org\/pt\/#\/schema\/person\/50912137d47426d31329f246d02eaeca\"},\"breadcrumb\":{\"@id\":\"https:\/\/tremdavale.org\/pt\/mostra-de-videocabines-passagem-de-mariana\/#breadcrumb\"},\"inLanguage\":\"pt-PT\",\"potentialAction\":[{\"@type\":\"ReadAction\",\"target\":[\"https:\/\/tremdavale.org\/pt\/mostra-de-videocabines-passagem-de-mariana\/\"]}]},{\"@type\":\"ImageObject\",\"inLanguage\":\"pt-PT\",\"@id\":\"https:\/\/tremdavale.org\/pt\/mostra-de-videocabines-passagem-de-mariana\/#primaryimage\",\"url\":\"https:\/\/tremdavale.org\/wp-content\/uploads\/015-300x199.jpg\",\"contentUrl\":\"https:\/\/tremdavale.org\/wp-content\/uploads\/015-300x199.jpg\",\"width\":300,\"height\":199},{\"@type\":\"BreadcrumbList\",\"@id\":\"https:\/\/tremdavale.org\/pt\/mostra-de-videocabines-passagem-de-mariana\/#breadcrumb\",\"itemListElement\":[{\"@type\":\"ListItem\",\"position\":1,\"name\":\"In\u00edcio\",\"item\":\"https:\/\/tremdavale.org\/pt\/\"},{\"@type\":\"ListItem\",\"position\":2,\"name\":\"Mostra de Videocabines \u2013 Passagem de Mariana\"}]},{\"@type\":\"WebSite\",\"@id\":\"https:\/\/tremdavale.org\/pt\/#website\",\"url\":\"https:\/\/tremdavale.org\/pt\/\",\"name\":\"Trem da Vale\",\"description\":\"Programa de Educa\u00e7\u00e3o Patrimonial\",\"potentialAction\":[{\"@type\":\"SearchAction\",\"target\":{\"@type\":\"EntryPoint\",\"urlTemplate\":\"https:\/\/tremdavale.org\/pt\/?s={search_term_string}\"},\"query-input\":{\"@type\":\"PropertyValueSpecification\",\"valueRequired\":true,\"valueName\":\"search_term_string\"}}],\"inLanguage\":\"pt-PT\"},{\"@type\":\"Person\",\"@id\":\"https:\/\/tremdavale.org\/pt\/#\/schema\/person\/50912137d47426d31329f246d02eaeca\",\"name\":\"admin\",\"image\":{\"@type\":\"ImageObject\",\"inLanguage\":\"pt-PT\",\"@id\":\"https:\/\/tremdavale.org\/pt\/#\/schema\/person\/image\/\",\"url\":\"https:\/\/secure.gravatar.com\/avatar\/b3564f0fda6ea47959fe96a4217203e79a167568a37409758659bc3ba443b452?s=96&d=mm&r=g\",\"contentUrl\":\"https:\/\/secure.gravatar.com\/avatar\/b3564f0fda6ea47959fe96a4217203e79a167568a37409758659bc3ba443b452?s=96&d=mm&r=g\",\"caption\":\"admin\"},\"sameAs\":[\"https:\/\/tremdavale.org\"],\"url\":\"https:\/\/tremdavale.org\/pt\/author\/admin\/\"}]}<\/script>\n<!-- \/ Yoast SEO plugin. -->","yoast_head_json":{"title":"Mostra de Videocabines \u2013 Passagem de Mariana &#8212; Trem da Vale","robots":{"index":"index","follow":"follow","max-snippet":"max-snippet:-1","max-image-preview":"max-image-preview:large","max-video-preview":"max-video-preview:-1"},"canonical":"https:\/\/tremdavale.org\/pt\/mostra-de-videocabines-passagem-de-mariana\/","og_locale":"pt_PT","og_type":"article","og_title":"Mostra de Videocabines \u2013 Passagem de Mariana &#8212; Trem da Vale","og_description":"Na sexta-feira, dia 22 de novembro de 2013, ocorreu a s\u00e9tima apresenta\u00e7\u00e3o da Mostra de Videocabines, no Adro da Igreja de Nossa Senhora da Gl\u00f3ria, no distrito de Passagem de Mariana &#8211; Mariana. A exibi\u00e7\u00e3o teve in\u00edcio por volta de 20h30 e fez parte das comemora\u00e7\u00f5es em homenagem \u00e0 Santa &hellip;","og_url":"https:\/\/tremdavale.org\/pt\/mostra-de-videocabines-passagem-de-mariana\/","og_site_name":"Trem da Vale","article_published_time":"2014-04-29T23:42:00+00:00","article_modified_time":"2025-10-10T11:57:00+00:00","og_image":[{"width":300,"height":199,"url":"https:\/\/tremdavale.org\/wp-content\/uploads\/015-300x199.jpg","type":"image\/jpeg"}],"author":"admin","twitter_card":"summary_large_image","twitter_misc":{"Escrito por":"admin","Tempo estimado de leitura":"2 minutos"},"schema":{"@context":"https:\/\/schema.org","@graph":[{"@type":"WebPage","@id":"https:\/\/tremdavale.org\/pt\/mostra-de-videocabines-passagem-de-mariana\/","url":"https:\/\/tremdavale.org\/pt\/mostra-de-videocabines-passagem-de-mariana\/","name":"Mostra de Videocabines \u2013 Passagem de Mariana &#8212; Trem da Vale","isPartOf":{"@id":"https:\/\/tremdavale.org\/pt\/#website"},"primaryImageOfPage":{"@id":"https:\/\/tremdavale.org\/pt\/mostra-de-videocabines-passagem-de-mariana\/#primaryimage"},"image":{"@id":"https:\/\/tremdavale.org\/pt\/mostra-de-videocabines-passagem-de-mariana\/#primaryimage"},"thumbnailUrl":"https:\/\/tremdavale.org\/wp-content\/uploads\/015-300x199.jpg","datePublished":"2014-04-29T23:42:00+00:00","dateModified":"2025-10-10T11:57:00+00:00","author":{"@id":"https:\/\/tremdavale.org\/pt\/#\/schema\/person\/50912137d47426d31329f246d02eaeca"},"breadcrumb":{"@id":"https:\/\/tremdavale.org\/pt\/mostra-de-videocabines-passagem-de-mariana\/#breadcrumb"},"inLanguage":"pt-PT","potentialAction":[{"@type":"ReadAction","target":["https:\/\/tremdavale.org\/pt\/mostra-de-videocabines-passagem-de-mariana\/"]}]},{"@type":"ImageObject","inLanguage":"pt-PT","@id":"https:\/\/tremdavale.org\/pt\/mostra-de-videocabines-passagem-de-mariana\/#primaryimage","url":"https:\/\/tremdavale.org\/wp-content\/uploads\/015-300x199.jpg","contentUrl":"https:\/\/tremdavale.org\/wp-content\/uploads\/015-300x199.jpg","width":300,"height":199},{"@type":"BreadcrumbList","@id":"https:\/\/tremdavale.org\/pt\/mostra-de-videocabines-passagem-de-mariana\/#breadcrumb","itemListElement":[{"@type":"ListItem","position":1,"name":"In\u00edcio","item":"https:\/\/tremdavale.org\/pt\/"},{"@type":"ListItem","position":2,"name":"Mostra de Videocabines \u2013 Passagem de Mariana"}]},{"@type":"WebSite","@id":"https:\/\/tremdavale.org\/pt\/#website","url":"https:\/\/tremdavale.org\/pt\/","name":"Trem da Vale","description":"Programa de Educa\u00e7\u00e3o Patrimonial","potentialAction":[{"@type":"SearchAction","target":{"@type":"EntryPoint","urlTemplate":"https:\/\/tremdavale.org\/pt\/?s={search_term_string}"},"query-input":{"@type":"PropertyValueSpecification","valueRequired":true,"valueName":"search_term_string"}}],"inLanguage":"pt-PT"},{"@type":"Person","@id":"https:\/\/tremdavale.org\/pt\/#\/schema\/person\/50912137d47426d31329f246d02eaeca","name":"admin","image":{"@type":"ImageObject","inLanguage":"pt-PT","@id":"https:\/\/tremdavale.org\/pt\/#\/schema\/person\/image\/","url":"https:\/\/secure.gravatar.com\/avatar\/b3564f0fda6ea47959fe96a4217203e79a167568a37409758659bc3ba443b452?s=96&d=mm&r=g","contentUrl":"https:\/\/secure.gravatar.com\/avatar\/b3564f0fda6ea47959fe96a4217203e79a167568a37409758659bc3ba443b452?s=96&d=mm&r=g","caption":"admin"},"sameAs":["https:\/\/tremdavale.org"],"url":"https:\/\/tremdavale.org\/pt\/author\/admin\/"}]}},"_links":{"self":[{"href":"https:\/\/tremdavale.org\/pt\/wp-json\/wp\/v2\/posts\/203","targetHints":{"allow":["GET"]}}],"collection":[{"href":"https:\/\/tremdavale.org\/pt\/wp-json\/wp\/v2\/posts"}],"about":[{"href":"https:\/\/tremdavale.org\/pt\/wp-json\/wp\/v2\/types\/post"}],"author":[{"embeddable":true,"href":"https:\/\/tremdavale.org\/pt\/wp-json\/wp\/v2\/users\/1"}],"replies":[{"embeddable":true,"href":"https:\/\/tremdavale.org\/pt\/wp-json\/wp\/v2\/comments?post=203"}],"version-history":[{"count":0,"href":"https:\/\/tremdavale.org\/pt\/wp-json\/wp\/v2\/posts\/203\/revisions"}],"wp:featuredmedia":[{"embeddable":true,"href":"https:\/\/tremdavale.org\/pt\/wp-json\/wp\/v2\/media\/464"}],"wp:attachment":[{"href":"https:\/\/tremdavale.org\/pt\/wp-json\/wp\/v2\/media?parent=203"}],"wp:term":[{"taxonomy":"category","embeddable":true,"href":"https:\/\/tremdavale.org\/pt\/wp-json\/wp\/v2\/categories?post=203"},{"taxonomy":"post_tag","embeddable":true,"href":"https:\/\/tremdavale.org\/pt\/wp-json\/wp\/v2\/tags?post=203"}],"curies":[{"name":"wp","href":"https:\/\/api.w.org\/{rel}","templated":true}]}}